{"id":20292,"date":"2026-09-04T15:08:35","date_gmt":"2026-09-04T15:08:35","guid":{"rendered":"https:\/\/www.sklep.demarco.pl\/blog\/?p=20292"},"modified":"2026-09-04T15:08:39","modified_gmt":"2026-09-04T15:08:39","slug":"luksusowa-marka-odziezowa-de-marco-sztuka-elegancji-autorstwa-wladyslawy-fraczek","status":"publish","type":"post","link":"https:\/\/www.sklep.demarco.pl\/blog\/luksusowa-marka-odziezowa-de-marco-sztuka-elegancji-autorstwa-wladyslawy-fraczek\/","title":{"rendered":"Luksusowa marka odzie\u017cowa De Marco \u2013 sztuka elegancji autorstwa W\u0142adys\u0142awy Fr\u0105czek"},"content":{"rendered":"\n<div class=\"wp-block-media-text is-stacked-on-mobile\"><figure class=\"wp-block-media-text__media\"><a href=\"https:\/\/www.sklep.demarco.pl\/blog\/wp-content\/uploads\/2025\/02\/De_marco_najlepsza_pracownia_krawiecka_3.jpg\"><img loading=\"lazy\" decoding=\"async\" width=\"682\" height=\"1024\" src=\"https:\/\/www.sklep.demarco.pl\/blog\/wp-content\/uploads\/2025\/02\/De_marco_najlepsza_pracownia_krawiecka_3-682x1024.jpg\" alt=\"Najlepsi polscy kreatorzy mody. Niepowtarzalne ekskluzywne stylizacje W\u0142adys\u0142awy Fr\u0105czek\" class=\"wp-image-18889 size-full\" srcset=\"https:\/\/www.sklep.demarco.pl\/blog\/wp-content\/uploads\/2025\/02\/De_marco_najlepsza_pracownia_krawiecka_3-682x1024.jpg 682w, https:\/\/www.sklep.demarco.pl\/blog\/wp-content\/uploads\/2025\/02\/De_marco_najlepsza_pracownia_krawiecka_3-200x300.jpg 200w, https:\/\/www.sklep.demarco.pl\/blog\/wp-content\/uploads\/2025\/02\/De_marco_najlepsza_pracownia_krawiecka_3-768x1153.jpg 768w, https:\/\/www.sklep.demarco.pl\/blog\/wp-content\/uploads\/2025\/02\/De_marco_najlepsza_pracownia_krawiecka_3-1023x1536.jpg 1023w, https:\/\/www.sklep.demarco.pl\/blog\/wp-content\/uploads\/2025\/02\/De_marco_najlepsza_pracownia_krawiecka_3.jpg 1200w\" sizes=\"auto, (max-width: 682px) 100vw, 682px\" \/><\/a><\/figure><div class=\"wp-block-media-text__content\">\n<p class=\"wp-block-paragraph\">Szanowni Pa\u0144stwo,<\/p>\n\n\n\n<p class=\"wp-block-paragraph\">Prawdziwy luksus nie rodzi si\u0119 z nadmiaru ozd\u00f3b ani z pogoni za chwilow\u0105 mod\u0105. Powstaje tam, gdzie spotykaj\u0105 si\u0119 talent artystyczny, mistrzowskie rzemios\u0142o i wieloletnie do\u015bwiadczenie. Tak\u0105 filozofi\u0119 od ponad dw\u00f3ch dekad realizuje luksusowa polska marka De Marco, kt\u00f3rej w\u0142a\u015bcicielk\u0105 i g\u0142\u00f3wn\u0105 projektantk\u0105 jest artystka W\u0142adys\u0142awa Fr\u0105czek.<\/p>\n\n\n\n<p class=\"wp-block-paragraph\">Najnowsza kolekcja na sezon jesienny to ho\u0142d z\u0142o\u017cony kobiecej elegancji \u2013 subtelnej, wyrafinowanej i ponadczasowej.<\/p>\n<\/div><\/div>\n\n\n\n<p class=\"wp-block-paragraph\">Czytaj r\u00f3wnie\u017c: <a href=\"https:\/\/www.sklep.demarco.pl\/blog\/najpiekniejsze-komplety-ze-spodnica-na-jesien-2026\/\">Najpi\u0119kniejsze komplety ze sp\u00f3dnic\u0105 na jesie\u0144 2026<\/a><\/p>\n\n\n\n<div class=\"wp-block-media-text is-stacked-on-mobile\"><figure class=\"wp-block-media-text__media\"><a href=\"https:\/\/www.sklep.demarco.pl\/wizytowa-sukienka-arina\" target=\"_blank\" rel=\" noreferrer noopener\"><img loading=\"lazy\" decoding=\"async\" width=\"676\" height=\"1024\" src=\"https:\/\/www.sklep.demarco.pl\/blog\/wp-content\/uploads\/2026\/09\/NOWA_KOLEKCJA_DE_MARCO_1-676x1024.jpg\" alt=\"Nowa kolekcja jesiennych sukienek \" class=\"wp-image-20293 size-full\" srcset=\"https:\/\/www.sklep.demarco.pl\/blog\/wp-content\/uploads\/2026\/09\/NOWA_KOLEKCJA_DE_MARCO_1-676x1024.jpg 676w, https:\/\/www.sklep.demarco.pl\/blog\/wp-content\/uploads\/2026\/09\/NOWA_KOLEKCJA_DE_MARCO_1-198x300.jpg 198w, https:\/\/www.sklep.demarco.pl\/blog\/wp-content\/uploads\/2026\/09\/NOWA_KOLEKCJA_DE_MARCO_1-768x1164.jpg 768w, https:\/\/www.sklep.demarco.pl\/blog\/wp-content\/uploads\/2026\/09\/NOWA_KOLEKCJA_DE_MARCO_1.jpg 832w\" sizes=\"auto, (max-width: 676px) 100vw, 676px\" \/><\/a><\/figure><div class=\"wp-block-media-text__content\">\n<h2 class=\"wp-block-heading\">Sukienki wizytowe z r\u0119kawami \u2013 pi\u0119kno codziennej elegancji<\/h2>\n\n\n\n<p class=\"wp-block-paragraph\">Nowa kolekcja De Marco zachwyca pow\u015bci\u0105gliw\u0105 form\u0105 oraz niezwyk\u0142\u0105 uniwersalno\u015bci\u0105. Eleganckie sukienki wizytowe z r\u0119kawami zosta\u0142y zaprojektowane tak, aby z powodzeniem towarzyszy\u0107 kobietom podczas wielu r\u00f3\u017cnych okazji \u2013 od uroczysto\u015bci rodzinnych, przez spotkania biznesowe, a\u017c po codzienn\u0105 prac\u0119 zawodow\u0105.<\/p>\n\n\n\n<p class=\"wp-block-paragraph\">Ich najwi\u0119kszym atutem jest ponadczasowy kr\u00f3j, kt\u00f3ry nie poddaje si\u0119 sezonowym trendom. Szlachetne jesienne barwy \u2013 g\u0142\u0119boki granat, burgund, butelkowa ziele\u0144, \u015bliwka czy ciep\u0142e odcienie be\u017cu \u2013 sprawiaj\u0105, \u017ce kreacje pozostaj\u0105 eleganckie i niezwykle twarzowe.<\/p>\n\n\n\n<p class=\"wp-block-paragraph\">To sukienki stworzone dla kobiet, kt\u00f3re ceni\u0105 klas\u0119 ka\u017cdego dnia.<\/p>\n<\/div><\/div>\n\n\n\n<p class=\"wp-block-paragraph\">Czytaj r\u00f3wnie\u017c: <a href=\"https:\/\/www.sklep.demarco.pl\/blog\/nowa-kolekcja-luksusowych-sukienek-na-slub-syna-lub-corki-de-marco\/\">Nowa kolekcja luksusowych sukienek na \u015blub syna lub c\u00f3rki \u2013 De Marco<\/a><\/p>\n\n\n\n<div class=\"wp-block-media-text is-stacked-on-mobile\"><figure class=\"wp-block-media-text__media\"><a href=\"https:\/\/www.sklep.demarco.pl\/elegancka-sukienka-arina-ii\" target=\"_blank\" rel=\" noreferrer noopener\"><img loading=\"lazy\" decoding=\"async\" width=\"690\" height=\"1024\" src=\"https:\/\/www.sklep.demarco.pl\/blog\/wp-content\/uploads\/2026\/09\/NOWA_KOLEKCJA_DE_MARCO_2-690x1024.jpg\" alt=\"Unikatowa odzie\u017c wizytowa dla kobiet eleganckich. Miodowa sukienka z r\u0119kawem De Marco\" class=\"wp-image-20295 size-full\" srcset=\"https:\/\/www.sklep.demarco.pl\/blog\/wp-content\/uploads\/2026\/09\/NOWA_KOLEKCJA_DE_MARCO_2-690x1024.jpg 690w, https:\/\/www.sklep.demarco.pl\/blog\/wp-content\/uploads\/2026\/09\/NOWA_KOLEKCJA_DE_MARCO_2-202x300.jpg 202w, https:\/\/www.sklep.demarco.pl\/blog\/wp-content\/uploads\/2026\/09\/NOWA_KOLEKCJA_DE_MARCO_2-768x1140.jpg 768w, https:\/\/www.sklep.demarco.pl\/blog\/wp-content\/uploads\/2026\/09\/NOWA_KOLEKCJA_DE_MARCO_2.jpg 848w\" sizes=\"auto, (max-width: 690px) 100vw, 690px\" \/><\/a><\/figure><div class=\"wp-block-media-text__content\">\n<h2 class=\"wp-block-heading\">Mistrzowskie przeszycia zamiast przypadkowych ozd\u00f3b<\/h2>\n\n\n\n<p class=\"wp-block-paragraph\">Szanowni Pa\u0144stwo, wyj\u0105tkowo\u015b\u0107 projekt\u00f3w De Marco nie wynika z ilo\u015bci dekoracji, lecz z kunsztu konstrukcji. Charakterystycznym elementem najnowszej kolekcji s\u0105 autorskie formy plisowania oraz efektowne struktury tkaniny uzyskane nie przez gotowe materia\u0142y, lecz dzi\u0119ki precyzyjnym przeszyciom.<\/p>\n\n\n\n<p class=\"wp-block-paragraph\">To w\u0142a\u015bnie r\u0119czna praca z tkanin\u0105 pozwala tworzy\u0107 tr\u00f3jwymiarowe formy, subtelne za\u0142amania i eleganckie linie, kt\u00f3re nadaj\u0105 sukienkom niepowtarzalny charakter. Ka\u017cde ci\u0119cie konstrukcyjne ma swoje uzasadnienie \u2013 modeluje sylwetk\u0119, wydobywa proporcje i buduje niezwykle szlachetn\u0105 form\u0119.<\/p>\n\n\n\n<p class=\"wp-block-paragraph\">To krawiectwo traktowane jak sztuka.<\/p>\n<\/div><\/div>\n\n\n\n<p class=\"wp-block-paragraph\">Czytaj r\u00f3wnie\u017c: <a href=\"https:\/\/www.sklep.demarco.pl\/blog\/ekskluzywne-sukienki-na-wesele-dla-mamy-najpiekniejsze-kreacje-szyte-na-miare-de-marco\/\">Ekskluzywne sukienki na wesele dla mamy \u2013 najpi\u0119kniejsze kreacje szyte na miar\u0119 De Marco<\/a><\/p>\n\n\n\n<div class=\"wp-block-media-text is-stacked-on-mobile\"><figure class=\"wp-block-media-text__media\"><a href=\"https:\/\/www.sklep.demarco.pl\/kostium-damski-sumi\" target=\"_blank\" rel=\" noreferrer noopener\"><img loading=\"lazy\" decoding=\"async\" width=\"1024\" height=\"1024\" src=\"https:\/\/www.sklep.demarco.pl\/blog\/wp-content\/uploads\/2026\/09\/026-Artboard16-1024x1024.jpg\" alt=\"Garsonki i kostiumy damskie szyte na miar\u0119 w De Marco\n\" class=\"wp-image-20296 size-full\" srcset=\"https:\/\/www.sklep.demarco.pl\/blog\/wp-content\/uploads\/2026\/09\/026-Artboard16-1024x1024.jpg 1024w, https:\/\/www.sklep.demarco.pl\/blog\/wp-content\/uploads\/2026\/09\/026-Artboard16-300x300.jpg 300w, https:\/\/www.sklep.demarco.pl\/blog\/wp-content\/uploads\/2026\/09\/026-Artboard16-150x150.jpg 150w, https:\/\/www.sklep.demarco.pl\/blog\/wp-content\/uploads\/2026\/09\/026-Artboard16-768x769.jpg 768w, https:\/\/www.sklep.demarco.pl\/blog\/wp-content\/uploads\/2026\/09\/026-Artboard16.jpg 1440w\" sizes=\"auto, (max-width: 1024px) 100vw, 1024px\" \/><\/a><\/figure><div class=\"wp-block-media-text__content\">\n<h2 class=\"wp-block-heading\">Garsonki, kostiumy i garnitury z kobiec\u0105 lini\u0105<\/h2>\n\n\n\n<p class=\"wp-block-paragraph\">Ta sama filozofia projektowania obecna jest r\u00f3wnie\u017c w jesiennych garsonkach oraz garniturach damskich De Marco. Taliowane \u017cakiety, perfekcyjnie poprowadzone linie ramion i wysmuklaj\u0105ce proporcje sprawiaj\u0105, \u017ce kobieta wygl\u0105da profesjonalnie, elegancko i niezwykle kobieco.<\/p>\n\n\n\n<p class=\"wp-block-paragraph\">S\u0105 to stylizacje stworzone z my\u015bl\u0105 o kobietach \u015bwiata biznesu, kultury, nauki i sztuki \u2013 dla Pa\u0144, kt\u00f3re pragn\u0105 budowa\u0107 sw\u00f3j autorytet bez rezygnacji z w\u0142asnej delikatno\u015bci i indywidualnego stylu.<\/p>\n<\/div><\/div>\n\n\n\n<p class=\"wp-block-paragraph\">Czytaj r\u00f3wnie\u017c: <a href=\"https:\/\/www.sklep.demarco.pl\/blog\/ekskluzywne-sukienki-na-jesienne-wesele-unikaty-szyte-na-miare-de-marco\/\">Ekskluzywne sukienki na jesienne wesele \u2013 unikaty szyte na miar\u0119 De Marco<\/a><\/p>\n\n\n\n<div class=\"wp-block-media-text is-stacked-on-mobile\"><figure class=\"wp-block-media-text__media\"><a href=\"https:\/\/www.sklep.demarco.pl\/suknia-wieczorowa-wiktoria-ii\" target=\"_blank\" rel=\" noreferrer noopener\"><img loading=\"lazy\" decoding=\"async\" width=\"516\" height=\"1024\" src=\"https:\/\/www.sklep.demarco.pl\/blog\/wp-content\/uploads\/2026\/09\/Ekskluyzwna_sukienka_de_marco_1-516x1024.jpg\" alt=\"Najpi\u0119kniejsza ekskluzywna sukienka na wesele dla mamy i te\u015bciowej szyte na miar\u0119 w De Marco\" class=\"wp-image-20276 size-full\" srcset=\"https:\/\/www.sklep.demarco.pl\/blog\/wp-content\/uploads\/2026\/09\/Ekskluyzwna_sukienka_de_marco_1-516x1024.jpg 516w, https:\/\/www.sklep.demarco.pl\/blog\/wp-content\/uploads\/2026\/09\/Ekskluyzwna_sukienka_de_marco_1-151x300.jpg 151w, https:\/\/www.sklep.demarco.pl\/blog\/wp-content\/uploads\/2026\/09\/Ekskluyzwna_sukienka_de_marco_1.jpg 734w\" sizes=\"auto, (max-width: 516px) 100vw, 516px\" \/><\/a><\/figure><div class=\"wp-block-media-text__content\">\n<h2 class=\"wp-block-heading\">R\u0119cznie tworzone kwiaty \u2013 znak rozpoznawczy Atelier<\/h2>\n\n\n\n<p class=\"wp-block-paragraph\">Kulminacj\u0105 najnowszej kolekcji s\u0105 luksusowe suknie wieczorowe ozdobione autorskimi aplikacjami kwiatowymi. Ka\u017cdy kwiat powstaje r\u0119cznie i jest indywidualnie komponowany, dzi\u0119ki czemu \u017cadna kreacja nie jest identyczna.<\/p>\n\n\n\n<p class=\"wp-block-paragraph\">To w\u0142a\u015bnie te dopracowane detale sta\u0142y si\u0119 jednym z najbardziej rozpoznawalnych element\u00f3w tw\u00f3rczo\u015bci W\u0142adys\u0142awy Fr\u0105czek. R\u0119czne modelowanie tkaniny, hafty i przestrzenne kompozycje nadaj\u0105 sukniom niezwyk\u0142ej lekko\u015bci i artystycznego charakteru.<\/p>\n<\/div><\/div>\n\n\n\n<p class=\"wp-block-paragraph\">Czytaj r\u00f3wnie\u017c: <a href=\"https:\/\/www.demarco.pl\/najpiekniejsze-sukienki-dla-mamy-i-tesciowej-wesela-de-marco\/\">Najpi\u0119kniejsze sukienki dla mamy i te\u015bciowej wesela \u2013 De Marco<\/a><\/p>\n\n\n\n<div class=\"wp-block-media-text is-stacked-on-mobile\"><figure class=\"wp-block-media-text__media\"><a href=\"https:\/\/www.sklep.demarco.pl\/ekskluzywna-suknia-wieczorowa-wiktoria-iv\" target=\"_blank\" rel=\" noreferrer noopener\"><img loading=\"lazy\" decoding=\"async\" width=\"1024\" height=\"682\" src=\"https:\/\/www.sklep.demarco.pl\/blog\/wp-content\/uploads\/2026\/01\/IMG_8794-1024x682.jpg\" alt=\"Projektowanie i szycie na miar\u0119 ekskluzywnej odzie\u017cy damskiej De Marco Atelier W. Fr\u0105czek\" class=\"wp-image-19040 size-full\" srcset=\"https:\/\/www.sklep.demarco.pl\/blog\/wp-content\/uploads\/2026\/01\/IMG_8794-1024x682.jpg 1024w, https:\/\/www.sklep.demarco.pl\/blog\/wp-content\/uploads\/2026\/01\/IMG_8794-300x200.jpg 300w, https:\/\/www.sklep.demarco.pl\/blog\/wp-content\/uploads\/2026\/01\/IMG_8794-768x512.jpg 768w, https:\/\/www.sklep.demarco.pl\/blog\/wp-content\/uploads\/2026\/01\/IMG_8794-1536x1024.jpg 1536w, https:\/\/www.sklep.demarco.pl\/blog\/wp-content\/uploads\/2026\/01\/IMG_8794.jpg 2000w\" sizes=\"auto, (max-width: 1024px) 100vw, 1024px\" \/><\/a><\/figure><div class=\"wp-block-media-text__content\">\n<h2 class=\"wp-block-heading\">De Marco \u2013 polska marka luksusowej elegancji<\/h2>\n\n\n\n<p class=\"wp-block-paragraph\">Szanowni Pa\u0144stwo, De Marco to nie tylko marka odzie\u017cowa, lecz przede wszystkim autorska pracownia projektowo-krawiecka, w kt\u00f3rej ka\u017cda kreacja powstaje z pasji do pi\u0119kna i szacunku dla kobiecej sylwetki. Projekty W\u0142adys\u0142awy Fr\u0105czek s\u0105 wyrazem przekonania, \u017ce elegancja powinna by\u0107 ponadczasowa, a ubranie ma opowiada\u0107 histori\u0119 swojej w\u0142a\u015bcicielki.<\/p>\n\n\n\n<p class=\"wp-block-paragraph\">Serdecznie zapraszamy do odkrycia najnowszej kolekcji na stronie internetowej De Marco, gdzie mog\u0105 Pa\u0144stwo obejrze\u0107 wyj\u0105tkowe sukienki wizytowe, garsonki, garnitury oraz suknie wieczorowe \u2013 wszystkie projektowane i szyte w Polsce z najwy\u017csz\u0105 dba\u0142o\u015bci\u0105 o ka\u017cdy detal.<\/p>\n<\/div><\/div>\n\n\n\n<p class=\"wp-block-paragraph\">Czytaj r\u00f3wnie\u017c: <a href=\"https:\/\/www.demarco.pl\/piec-bledow-ktorych-uniknac-w-stylizacjach-wizytowych-i-wyjsciowych\/\">Pi\u0119\u0107 b\u0142\u0119d\u00f3w, kt\u00f3rych warto unikn\u0105\u0107 w stylizacjach wizytowych i wyj\u015bciowych<\/a><\/p>\n\n\n\n<figure class=\"wp-block-embed is-type-wp-embed is-provider-de-marco wp-block-embed-de-marco\"><div class=\"wp-block-embed__wrapper\">\n<blockquote class=\"wp-embedded-content\" data-secret=\"oI7lWQDTTo\"><a href=\"https:\/\/www.sklep.demarco.pl\/blog\/nowa-kolekcja-luksusowych-sukienek-na-slub-syna-lub-corki-de-marco\/\">Nowa kolekcja luksusowych sukienek na \u015blub syna lub c\u00f3rki \u2013 De Marco<\/a><\/blockquote><iframe loading=\"lazy\" class=\"wp-embedded-content\" sandbox=\"allow-scripts\" security=\"restricted\" style=\"position: absolute; visibility: hidden;\" title=\"\u201eNowa kolekcja luksusowych sukienek na \u015blub syna lub c\u00f3rki \u2013 De Marco\u201d \u2014 De Marco\" src=\"https:\/\/www.sklep.demarco.pl\/blog\/nowa-kolekcja-luksusowych-sukienek-na-slub-syna-lub-corki-de-marco\/embed\/#?secret=Bo1o6vqvpY#?secret=oI7lWQDTTo\" data-secret=\"oI7lWQDTTo\" width=\"500\" height=\"282\" frameborder=\"0\" marginwidth=\"0\" marginheight=\"0\" scrolling=\"no\"><\/iframe>\n<\/div><\/figure>\n\n\n\n<hr class=\"wp-block-separator has-alpha-channel-opacity\"\/>\n\n\n\n<div class=\"wp-block-media-text is-stacked-on-mobile\"><figure class=\"wp-block-media-text__media\"><a href=\"https:\/\/www.sklep.demarco.pl\/blog\/wp-content\/uploads\/2026\/08\/AI-LABELS_3x2_AI_black-50.png\"><img loading=\"lazy\" decoding=\"async\" width=\"50\" height=\"33\" src=\"https:\/\/www.sklep.demarco.pl\/blog\/wp-content\/uploads\/2026\/08\/AI-LABELS_3x2_AI_black-50.png\" alt=\"Nota informacyjna Artyku\u0142 powsta\u0142 na podstawie autorskich tekst\u00f3w Atelier De Marco, tworzonych zgodnie z nasz\u0105 misj\u0105 edukacyjn\u0105 i informacyjn\u0105, a nast\u0119pnie zosta\u0142 zredagowany z wykorzystaniem technologii AI. Cz\u0119\u015b\u0107 zdj\u0119\u0107, przedstawia modelk\u0119 w naszych autorskich projektach, uszytych w atelier De Marco i zosta\u0142y one poddana kreatywnej obr\u00f3bce AI. Wszystkie materia\u0142y s\u0105 przez nas starannie redagowane i weryfikowane. Pozosta\u0142e zdj\u0119cia s\u0105 nades\u0142ane przez klientki lub wykonane w Salonie Mody De Marco. Serdecznie dzi\u0119kujemy naszym Klientkom za zaufanie i zgod\u0119 na wykorzystanie ich fotografii. \u017byczymy Pa\u0144stwu wielu dalszych sukces\u00f3w!\" class=\"wp-image-20056 size-full\"\/><\/a><\/figure><div class=\"wp-block-media-text__content\">\n<p class=\"wp-block-paragraph\">Nota informacyjna <\/p>\n\n\n\n<p class=\"wp-block-paragraph\">Artyku\u0142 powsta\u0142 na podstawie autorskich tekst\u00f3w Atelier De Marco, tworzonych zgodnie z nasz\u0105 misj\u0105 edukacyjn\u0105 i informacyjn\u0105, a nast\u0119pnie zosta\u0142 zredagowany z wykorzystaniem technologii AI. <\/p>\n\n\n\n<p class=\"wp-block-paragraph\">Cz\u0119\u015b\u0107 zdj\u0119\u0107, przedstawia modelk\u0119 w naszych autorskich projektach, uszytych w atelier De Marco i zosta\u0142y one poddana kreatywnej obr\u00f3bce AI. Wszystkie materia\u0142y s\u0105 przez nas starannie redagowane i weryfikowane. Pozosta\u0142e zdj\u0119cia s\u0105 nades\u0142ane przez klientki lub wykonane w Salonie Mody De Marco. Serdecznie dzi\u0119kujemy naszym Klientkom za zaufanie i zgod\u0119 na wykorzystanie ich fotografii. \u017byczymy Pa\u0144stwu wielu dalszych sukces\u00f3w!<\/p>\n<\/div><\/div>\n\n\n<!-- wp:themify-builder\/canvas \/-->","protected":false},"excerpt":{"rendered":"<p>Szanowni Pa\u0144stwo, Prawdziwy luksus nie rodzi si\u0119 z nadmiaru ozd\u00f3b ani z pogoni za chwilow\u0105 mod\u0105. Powstaje tam, gdzie spotykaj\u0105 si\u0119 talent artystyczny, mistrzowskie rzemios\u0142o i wieloletnie do\u015bwiadczenie. Tak\u0105 filozofi\u0119 od ponad dw\u00f3ch dekad realizuje luksusowa polska marka De Marco, kt\u00f3rej w\u0142a\u015bcicielk\u0105 i g\u0142\u00f3wn\u0105 projektantk\u0105 jest artystka W\u0142adys\u0142awa Fr\u0105czek. Najnowsza kolekcja na sezon jesienny to [&hellip;]<\/p>\n","protected":false},"author":1,"featured_media":18901,"comment_status":"closed","ping_status":"closed","sticky":false,"template":"","format":"standard","meta":{"_jetpack_newsletter_access":"","_jetpack_dont_email_post_to_subs":false,"_jetpack_newsletter_tier_id":0,"_jetpack_memberships_contains_paywalled_content":false,"_jetpack_memberships_contains_paid_content":false,"footnotes":"","_links_to":"","_links_to_target":""},"categories":[15],"tags":[469,135,171,3339,255,478,4316,3814,387,3780,4304,43,4532,4542,103,4189,116,4534,236,487,4408],"class_list":["post-20292","post","type-post","status-publish","format-standard","has-post-thumbnail","hentry","category-metamorfoza","tag-de-marco-ekskluzywna-marka","tag-de-marco-frydrychowice","tag-ekskluzywna-odziez-damska","tag-elegancka-odziez-damska-sklep-internetowy","tag-luksusowa-odziez-damska","tag-markowa-odziez-damska","tag-odziez-biurowa","tag-odziez-dobrej-jakosci","tag-odziez-dyplomatyczna","tag-odziez-ekskluzywna","tag-odziez-premium-quality","tag-poland","tag-polscy-projektanci","tag-polscy-znani-projektanci","tag-polska-firma","tag-polska-odziez-damska-sklep-internetowy","tag-polska-prezydentowa","tag-polska-projektantka","tag-polska-projektantka-mody","tag-polskie-marki","tag-polskie-sukienki-eleganckie"],"yoast_head":"<!-- This site is optimized with the Yoast SEO plugin v28.4 - https:\/\/yoast.com\/product\/yoast-seo-wordpress\/ -->\n<title>Luksusowa marka odzie\u017cowa De Marco \u2013 sztuka elegancji autorstwa W\u0142adys\u0142awy Fr\u0105czek - De Marco<\/title>\n<meta name=\"robots\" content=\"index, follow, max-snippet:-1, max-image-preview:large, max-video-preview:-1\" \/>\n<link rel=\"canonical\" href=\"https:\/\/www.sklep.demarco.pl\/blog\/luksusowa-marka-odziezowa-de-marco-sztuka-elegancji-autorstwa-wladyslawy-fraczek\/\" \/>\n<meta property=\"og:locale\" content=\"pl_PL\" \/>\n<meta property=\"og:type\" content=\"article\" \/>\n<meta property=\"og:title\" content=\"Luksusowa marka odzie\u017cowa De Marco \u2013 sztuka elegancji autorstwa W\u0142adys\u0142awy Fr\u0105czek - De Marco\" \/>\n<meta property=\"og:description\" content=\"Szanowni Pa\u0144stwo, Prawdziwy luksus nie rodzi si\u0119 z nadmiaru ozd\u00f3b ani z pogoni za chwilow\u0105 mod\u0105. Powstaje tam, gdzie spotykaj\u0105 si\u0119 talent artystyczny, mistrzowskie rzemios\u0142o i wieloletnie do\u015bwiadczenie. Tak\u0105 filozofi\u0119 od ponad dw\u00f3ch dekad realizuje luksusowa polska marka De Marco, kt\u00f3rej w\u0142a\u015bcicielk\u0105 i g\u0142\u00f3wn\u0105 projektantk\u0105 jest artystka W\u0142adys\u0142awa Fr\u0105czek. Najnowsza kolekcja na sezon jesienny to [&hellip;]\" \/>\n<meta property=\"og:url\" content=\"https:\/\/www.sklep.demarco.pl\/blog\/luksusowa-marka-odziezowa-de-marco-sztuka-elegancji-autorstwa-wladyslawy-fraczek\/\" \/>\n<meta property=\"og:site_name\" content=\"De Marco\" \/>\n<meta property=\"article:publisher\" content=\"https:\/\/www.facebook.com\/DeMarco.Styl\" \/>\n<meta property=\"article:published_time\" content=\"2026-09-04T15:08:35+00:00\" \/>\n<meta property=\"article:modified_time\" content=\"2026-09-04T15:08:39+00:00\" \/>\n<meta property=\"og:image\" content=\"https:\/\/www.sklep.demarco.pl\/blog\/wp-content\/uploads\/2025\/12\/De_marco_najlepsza_pracownia_krawiecka_7.jpg\" \/>\n\t<meta property=\"og:image:width\" content=\"1200\" \/>\n\t<meta property=\"og:image:height\" content=\"1802\" \/>\n\t<meta property=\"og:image:type\" content=\"image\/jpeg\" \/>\n<meta name=\"author\" content=\"de marco\" \/>\n<meta name=\"twitter:label1\" content=\"Napisane przez\" \/>\n\t<meta name=\"twitter:data1\" content=\"de marco\" \/>\n\t<meta name=\"twitter:label2\" content=\"Szacowany czas czytania\" \/>\n\t<meta name=\"twitter:data2\" content=\"6 minut\" \/>\n<script type=\"application\/ld+json\" class=\"yoast-schema-graph\">{\"@context\":\"https:\\\/\\\/schema.org\",\"@graph\":[{\"@type\":\"Article\",\"@id\":\"https:\\\/\\\/www.sklep.demarco.pl\\\/blog\\\/luksusowa-marka-odziezowa-de-marco-sztuka-elegancji-autorstwa-wladyslawy-fraczek\\\/#article\",\"isPartOf\":{\"@id\":\"https:\\\/\\\/www.sklep.demarco.pl\\\/blog\\\/luksusowa-marka-odziezowa-de-marco-sztuka-elegancji-autorstwa-wladyslawy-fraczek\\\/\"},\"author\":{\"name\":\"de marco\",\"@id\":\"https:\\\/\\\/www.sklep.demarco.pl\\\/blog\\\/#\\\/schema\\\/person\\\/38456e8269588abfbbdda5bc04dad142\"},\"headline\":\"Luksusowa marka odzie\u017cowa De Marco \u2013 sztuka elegancji autorstwa W\u0142adys\u0142awy Fr\u0105czek\",\"datePublished\":\"2026-09-04T15:08:35+00:00\",\"dateModified\":\"2026-09-04T15:08:39+00:00\",\"mainEntityOfPage\":{\"@id\":\"https:\\\/\\\/www.sklep.demarco.pl\\\/blog\\\/luksusowa-marka-odziezowa-de-marco-sztuka-elegancji-autorstwa-wladyslawy-fraczek\\\/\"},\"wordCount\":743,\"image\":{\"@id\":\"https:\\\/\\\/www.sklep.demarco.pl\\\/blog\\\/luksusowa-marka-odziezowa-de-marco-sztuka-elegancji-autorstwa-wladyslawy-fraczek\\\/#primaryimage\"},\"thumbnailUrl\":\"https:\\\/\\\/www.sklep.demarco.pl\\\/blog\\\/wp-content\\\/uploads\\\/2025\\\/12\\\/De_marco_najlepsza_pracownia_krawiecka_7.jpg\",\"keywords\":[\"De Marco ekskluzywna marka\",\"De Marco Frydrychowice\",\"Ekskluzywna odzie\u017c damska\",\"Elegancka odzie\u017c damska sklep internetowy\",\"luksusowa odzie\u017c damska\",\"markowa odzie\u017c damska\",\"odzie\u017c biurowa\",\"odzie\u017c dobrej jako\u015bci\",\"odzie\u017c dyplomatyczna\",\"odzie\u017c ekskluzywna\",\"Odzie\u017c Premium Quality\",\"Poland\",\"polscy projektanci\",\"Polscy znani projektanci\",\"polska firma\",\"Polska odzie\u017c damska sklep internetowy\",\"polska prezydentowa\",\"polska projektantka\",\"polska projektantka mody\",\"polskie marki\",\"Polskie sukienki eleganckie\"],\"articleSection\":[\"METAMORFOZA\"],\"inLanguage\":\"pl-PL\"},{\"@type\":\"WebPage\",\"@id\":\"https:\\\/\\\/www.sklep.demarco.pl\\\/blog\\\/luksusowa-marka-odziezowa-de-marco-sztuka-elegancji-autorstwa-wladyslawy-fraczek\\\/\",\"url\":\"https:\\\/\\\/www.sklep.demarco.pl\\\/blog\\\/luksusowa-marka-odziezowa-de-marco-sztuka-elegancji-autorstwa-wladyslawy-fraczek\\\/\",\"name\":\"Luksusowa marka odzie\u017cowa De Marco \u2013 sztuka elegancji autorstwa W\u0142adys\u0142awy Fr\u0105czek - De Marco\",\"isPartOf\":{\"@id\":\"https:\\\/\\\/www.sklep.demarco.pl\\\/blog\\\/#website\"},\"primaryImageOfPage\":{\"@id\":\"https:\\\/\\\/www.sklep.demarco.pl\\\/blog\\\/luksusowa-marka-odziezowa-de-marco-sztuka-elegancji-autorstwa-wladyslawy-fraczek\\\/#primaryimage\"},\"image\":{\"@id\":\"https:\\\/\\\/www.sklep.demarco.pl\\\/blog\\\/luksusowa-marka-odziezowa-de-marco-sztuka-elegancji-autorstwa-wladyslawy-fraczek\\\/#primaryimage\"},\"thumbnailUrl\":\"https:\\\/\\\/www.sklep.demarco.pl\\\/blog\\\/wp-content\\\/uploads\\\/2025\\\/12\\\/De_marco_najlepsza_pracownia_krawiecka_7.jpg\",\"datePublished\":\"2026-09-04T15:08:35+00:00\",\"dateModified\":\"2026-09-04T15:08:39+00:00\",\"author\":{\"@id\":\"https:\\\/\\\/www.sklep.demarco.pl\\\/blog\\\/#\\\/schema\\\/person\\\/38456e8269588abfbbdda5bc04dad142\"},\"breadcrumb\":{\"@id\":\"https:\\\/\\\/www.sklep.demarco.pl\\\/blog\\\/luksusowa-marka-odziezowa-de-marco-sztuka-elegancji-autorstwa-wladyslawy-fraczek\\\/#breadcrumb\"},\"inLanguage\":\"pl-PL\",\"potentialAction\":[{\"@type\":\"ReadAction\",\"target\":[\"https:\\\/\\\/www.sklep.demarco.pl\\\/blog\\\/luksusowa-marka-odziezowa-de-marco-sztuka-elegancji-autorstwa-wladyslawy-fraczek\\\/\"]}]},{\"@type\":\"ImageObject\",\"inLanguage\":\"pl-PL\",\"@id\":\"https:\\\/\\\/www.sklep.demarco.pl\\\/blog\\\/luksusowa-marka-odziezowa-de-marco-sztuka-elegancji-autorstwa-wladyslawy-fraczek\\\/#primaryimage\",\"url\":\"https:\\\/\\\/www.sklep.demarco.pl\\\/blog\\\/wp-content\\\/uploads\\\/2025\\\/12\\\/De_marco_najlepsza_pracownia_krawiecka_7.jpg\",\"contentUrl\":\"https:\\\/\\\/www.sklep.demarco.pl\\\/blog\\\/wp-content\\\/uploads\\\/2025\\\/12\\\/De_marco_najlepsza_pracownia_krawiecka_7.jpg\",\"width\":1200,\"height\":1802,\"caption\":\"Popularna polska projektantka ekskluzywnej odzie\u017cy damskiej W\u0142adys\u0142awa Fraczek w\u0142a\u015bcicielka marki De Marco\"},{\"@type\":\"BreadcrumbList\",\"@id\":\"https:\\\/\\\/www.sklep.demarco.pl\\\/blog\\\/luksusowa-marka-odziezowa-de-marco-sztuka-elegancji-autorstwa-wladyslawy-fraczek\\\/#breadcrumb\",\"itemListElement\":[{\"@type\":\"ListItem\",\"position\":1,\"name\":\"Strona g\u0142\u00f3wna\",\"item\":\"https:\\\/\\\/www.sklep.demarco.pl\\\/blog\\\/\"},{\"@type\":\"ListItem\",\"position\":2,\"name\":\"Luksusowa marka odzie\u017cowa De Marco \u2013 sztuka elegancji autorstwa W\u0142adys\u0142awy Fr\u0105czek\"}]},{\"@type\":\"WebSite\",\"@id\":\"https:\\\/\\\/www.sklep.demarco.pl\\\/blog\\\/#website\",\"url\":\"https:\\\/\\\/www.sklep.demarco.pl\\\/blog\\\/\",\"name\":\"De Marco\",\"description\":\"The finest women&#039;s clothing manufacturer\",\"potentialAction\":[{\"@type\":\"SearchAction\",\"target\":{\"@type\":\"EntryPoint\",\"urlTemplate\":\"https:\\\/\\\/www.sklep.demarco.pl\\\/blog\\\/?s={search_term_string}\"},\"query-input\":{\"@type\":\"PropertyValueSpecification\",\"valueRequired\":true,\"valueName\":\"search_term_string\"}}],\"inLanguage\":\"pl-PL\"},{\"@type\":\"Person\",\"@id\":\"https:\\\/\\\/www.sklep.demarco.pl\\\/blog\\\/#\\\/schema\\\/person\\\/38456e8269588abfbbdda5bc04dad142\",\"name\":\"de marco\",\"image\":{\"@type\":\"ImageObject\",\"inLanguage\":\"pl-PL\",\"@id\":\"https:\\\/\\\/secure.gravatar.com\\\/avatar\\\/1d03f06a246921ea2531e9b59fe2dcd5a125b6b3339bedd531ae0d7e4bb25f99?s=96&d=mm&r=g\",\"url\":\"https:\\\/\\\/secure.gravatar.com\\\/avatar\\\/1d03f06a246921ea2531e9b59fe2dcd5a125b6b3339bedd531ae0d7e4bb25f99?s=96&d=mm&r=g\",\"contentUrl\":\"https:\\\/\\\/secure.gravatar.com\\\/avatar\\\/1d03f06a246921ea2531e9b59fe2dcd5a125b6b3339bedd531ae0d7e4bb25f99?s=96&d=mm&r=g\",\"caption\":\"de marco\"},\"url\":\"https:\\\/\\\/www.sklep.demarco.pl\\\/blog\\\/author\\\/de-marco\\\/\"}]}<\/script>\n<!-- \/ Yoast SEO plugin. -->","yoast_head_json":{"title":"Luksusowa marka odzie\u017cowa De Marco \u2013 sztuka elegancji autorstwa W\u0142adys\u0142awy Fr\u0105czek - De Marco","robots":{"index":"index","follow":"follow","max-snippet":"max-snippet:-1","max-image-preview":"max-image-preview:large","max-video-preview":"max-video-preview:-1"},"canonical":"https:\/\/www.sklep.demarco.pl\/blog\/luksusowa-marka-odziezowa-de-marco-sztuka-elegancji-autorstwa-wladyslawy-fraczek\/","og_locale":"pl_PL","og_type":"article","og_title":"Luksusowa marka odzie\u017cowa De Marco \u2013 sztuka elegancji autorstwa W\u0142adys\u0142awy Fr\u0105czek - De Marco","og_description":"Szanowni Pa\u0144stwo, Prawdziwy luksus nie rodzi si\u0119 z nadmiaru ozd\u00f3b ani z pogoni za chwilow\u0105 mod\u0105. Powstaje tam, gdzie spotykaj\u0105 si\u0119 talent artystyczny, mistrzowskie rzemios\u0142o i wieloletnie do\u015bwiadczenie. Tak\u0105 filozofi\u0119 od ponad dw\u00f3ch dekad realizuje luksusowa polska marka De Marco, kt\u00f3rej w\u0142a\u015bcicielk\u0105 i g\u0142\u00f3wn\u0105 projektantk\u0105 jest artystka W\u0142adys\u0142awa Fr\u0105czek. Najnowsza kolekcja na sezon jesienny to [&hellip;]","og_url":"https:\/\/www.sklep.demarco.pl\/blog\/luksusowa-marka-odziezowa-de-marco-sztuka-elegancji-autorstwa-wladyslawy-fraczek\/","og_site_name":"De Marco","article_publisher":"https:\/\/www.facebook.com\/DeMarco.Styl","article_published_time":"2026-09-04T15:08:35+00:00","article_modified_time":"2026-09-04T15:08:39+00:00","og_image":[{"width":1200,"height":1802,"url":"https:\/\/www.sklep.demarco.pl\/blog\/wp-content\/uploads\/2025\/12\/De_marco_najlepsza_pracownia_krawiecka_7.jpg","type":"image\/jpeg"}],"author":"de marco","twitter_misc":{"Napisane przez":"de marco","Szacowany czas czytania":"6 minut"},"schema":{"@context":"https:\/\/schema.org","@graph":[{"@type":"Article","@id":"https:\/\/www.sklep.demarco.pl\/blog\/luksusowa-marka-odziezowa-de-marco-sztuka-elegancji-autorstwa-wladyslawy-fraczek\/#article","isPartOf":{"@id":"https:\/\/www.sklep.demarco.pl\/blog\/luksusowa-marka-odziezowa-de-marco-sztuka-elegancji-autorstwa-wladyslawy-fraczek\/"},"author":{"name":"de marco","@id":"https:\/\/www.sklep.demarco.pl\/blog\/#\/schema\/person\/38456e8269588abfbbdda5bc04dad142"},"headline":"Luksusowa marka odzie\u017cowa De Marco \u2013 sztuka elegancji autorstwa W\u0142adys\u0142awy Fr\u0105czek","datePublished":"2026-09-04T15:08:35+00:00","dateModified":"2026-09-04T15:08:39+00:00","mainEntityOfPage":{"@id":"https:\/\/www.sklep.demarco.pl\/blog\/luksusowa-marka-odziezowa-de-marco-sztuka-elegancji-autorstwa-wladyslawy-fraczek\/"},"wordCount":743,"image":{"@id":"https:\/\/www.sklep.demarco.pl\/blog\/luksusowa-marka-odziezowa-de-marco-sztuka-elegancji-autorstwa-wladyslawy-fraczek\/#primaryimage"},"thumbnailUrl":"https:\/\/www.sklep.demarco.pl\/blog\/wp-content\/uploads\/2025\/12\/De_marco_najlepsza_pracownia_krawiecka_7.jpg","keywords":["De Marco ekskluzywna marka","De Marco Frydrychowice","Ekskluzywna odzie\u017c damska","Elegancka odzie\u017c damska sklep internetowy","luksusowa odzie\u017c damska","markowa odzie\u017c damska","odzie\u017c biurowa","odzie\u017c dobrej jako\u015bci","odzie\u017c dyplomatyczna","odzie\u017c ekskluzywna","Odzie\u017c Premium Quality","Poland","polscy projektanci","Polscy znani projektanci","polska firma","Polska odzie\u017c damska sklep internetowy","polska prezydentowa","polska projektantka","polska projektantka mody","polskie marki","Polskie sukienki eleganckie"],"articleSection":["METAMORFOZA"],"inLanguage":"pl-PL"},{"@type":"WebPage","@id":"https:\/\/www.sklep.demarco.pl\/blog\/luksusowa-marka-odziezowa-de-marco-sztuka-elegancji-autorstwa-wladyslawy-fraczek\/","url":"https:\/\/www.sklep.demarco.pl\/blog\/luksusowa-marka-odziezowa-de-marco-sztuka-elegancji-autorstwa-wladyslawy-fraczek\/","name":"Luksusowa marka odzie\u017cowa De Marco \u2013 sztuka elegancji autorstwa W\u0142adys\u0142awy Fr\u0105czek - De Marco","isPartOf":{"@id":"https:\/\/www.sklep.demarco.pl\/blog\/#website"},"primaryImageOfPage":{"@id":"https:\/\/www.sklep.demarco.pl\/blog\/luksusowa-marka-odziezowa-de-marco-sztuka-elegancji-autorstwa-wladyslawy-fraczek\/#primaryimage"},"image":{"@id":"https:\/\/www.sklep.demarco.pl\/blog\/luksusowa-marka-odziezowa-de-marco-sztuka-elegancji-autorstwa-wladyslawy-fraczek\/#primaryimage"},"thumbnailUrl":"https:\/\/www.sklep.demarco.pl\/blog\/wp-content\/uploads\/2025\/12\/De_marco_najlepsza_pracownia_krawiecka_7.jpg","datePublished":"2026-09-04T15:08:35+00:00","dateModified":"2026-09-04T15:08:39+00:00","author":{"@id":"https:\/\/www.sklep.demarco.pl\/blog\/#\/schema\/person\/38456e8269588abfbbdda5bc04dad142"},"breadcrumb":{"@id":"https:\/\/www.sklep.demarco.pl\/blog\/luksusowa-marka-odziezowa-de-marco-sztuka-elegancji-autorstwa-wladyslawy-fraczek\/#breadcrumb"},"inLanguage":"pl-PL","potentialAction":[{"@type":"ReadAction","target":["https:\/\/www.sklep.demarco.pl\/blog\/luksusowa-marka-odziezowa-de-marco-sztuka-elegancji-autorstwa-wladyslawy-fraczek\/"]}]},{"@type":"ImageObject","inLanguage":"pl-PL","@id":"https:\/\/www.sklep.demarco.pl\/blog\/luksusowa-marka-odziezowa-de-marco-sztuka-elegancji-autorstwa-wladyslawy-fraczek\/#primaryimage","url":"https:\/\/www.sklep.demarco.pl\/blog\/wp-content\/uploads\/2025\/12\/De_marco_najlepsza_pracownia_krawiecka_7.jpg","contentUrl":"https:\/\/www.sklep.demarco.pl\/blog\/wp-content\/uploads\/2025\/12\/De_marco_najlepsza_pracownia_krawiecka_7.jpg","width":1200,"height":1802,"caption":"Popularna polska projektantka ekskluzywnej odzie\u017cy damskiej W\u0142adys\u0142awa Fraczek w\u0142a\u015bcicielka marki De Marco"},{"@type":"BreadcrumbList","@id":"https:\/\/www.sklep.demarco.pl\/blog\/luksusowa-marka-odziezowa-de-marco-sztuka-elegancji-autorstwa-wladyslawy-fraczek\/#breadcrumb","itemListElement":[{"@type":"ListItem","position":1,"name":"Strona g\u0142\u00f3wna","item":"https:\/\/www.sklep.demarco.pl\/blog\/"},{"@type":"ListItem","position":2,"name":"Luksusowa marka odzie\u017cowa De Marco \u2013 sztuka elegancji autorstwa W\u0142adys\u0142awy Fr\u0105czek"}]},{"@type":"WebSite","@id":"https:\/\/www.sklep.demarco.pl\/blog\/#website","url":"https:\/\/www.sklep.demarco.pl\/blog\/","name":"De Marco","description":"The finest women&#039;s clothing manufacturer","potentialAction":[{"@type":"SearchAction","target":{"@type":"EntryPoint","urlTemplate":"https:\/\/www.sklep.demarco.pl\/blog\/?s={search_term_string}"},"query-input":{"@type":"PropertyValueSpecification","valueRequired":true,"valueName":"search_term_string"}}],"inLanguage":"pl-PL"},{"@type":"Person","@id":"https:\/\/www.sklep.demarco.pl\/blog\/#\/schema\/person\/38456e8269588abfbbdda5bc04dad142","name":"de marco","image":{"@type":"ImageObject","inLanguage":"pl-PL","@id":"https:\/\/secure.gravatar.com\/avatar\/1d03f06a246921ea2531e9b59fe2dcd5a125b6b3339bedd531ae0d7e4bb25f99?s=96&d=mm&r=g","url":"https:\/\/secure.gravatar.com\/avatar\/1d03f06a246921ea2531e9b59fe2dcd5a125b6b3339bedd531ae0d7e4bb25f99?s=96&d=mm&r=g","contentUrl":"https:\/\/secure.gravatar.com\/avatar\/1d03f06a246921ea2531e9b59fe2dcd5a125b6b3339bedd531ae0d7e4bb25f99?s=96&d=mm&r=g","caption":"de marco"},"url":"https:\/\/www.sklep.demarco.pl\/blog\/author\/de-marco\/"}]}},"jetpack_sharing_enabled":true,"builder_content":"","jetpack_featured_media_url":"https:\/\/www.sklep.demarco.pl\/blog\/wp-content\/uploads\/2025\/12\/De_marco_najlepsza_pracownia_krawiecka_7.jpg","_links":{"self":[{"href":"https:\/\/www.sklep.demarco.pl\/blog\/wp-json\/wp\/v2\/posts\/20292","targetHints":{"allow":["GET"]}}],"collection":[{"href":"https:\/\/www.sklep.demarco.pl\/blog\/wp-json\/wp\/v2\/posts"}],"about":[{"href":"https:\/\/www.sklep.demarco.pl\/blog\/wp-json\/wp\/v2\/types\/post"}],"author":[{"embeddable":true,"href":"https:\/\/www.sklep.demarco.pl\/blog\/wp-json\/wp\/v2\/users\/1"}],"replies":[{"embeddable":true,"href":"https:\/\/www.sklep.demarco.pl\/blog\/wp-json\/wp\/v2\/comments?post=20292"}],"version-history":[{"count":1,"href":"https:\/\/www.sklep.demarco.pl\/blog\/wp-json\/wp\/v2\/posts\/20292\/revisions"}],"predecessor-version":[{"id":20297,"href":"https:\/\/www.sklep.demarco.pl\/blog\/wp-json\/wp\/v2\/posts\/20292\/revisions\/20297"}],"wp:featuredmedia":[{"embeddable":true,"href":"https:\/\/www.sklep.demarco.pl\/blog\/wp-json\/wp\/v2\/media\/18901"}],"wp:attachment":[{"href":"https:\/\/www.sklep.demarco.pl\/blog\/wp-json\/wp\/v2\/media?parent=20292"}],"wp:term":[{"taxonomy":"category","embeddable":true,"href":"https:\/\/www.sklep.demarco.pl\/blog\/wp-json\/wp\/v2\/categories?post=20292"},{"taxonomy":"post_tag","embeddable":true,"href":"https:\/\/www.sklep.demarco.pl\/blog\/wp-json\/wp\/v2\/tags?post=20292"}],"curies":[{"name":"wp","href":"https:\/\/api.w.org\/{rel}","templated":true}]}}