{"id":20288,"date":"2026-09-04T13:06:03","date_gmt":"2026-09-04T13:06:03","guid":{"rendered":"https:\/\/www.sklep.demarco.pl\/blog\/?p=20288"},"modified":"2026-09-04T13:06:07","modified_gmt":"2026-09-04T13:06:07","slug":"najpiekniejsze-komplety-ze-spodnica-na-jesien-2026","status":"publish","type":"post","link":"https:\/\/www.sklep.demarco.pl\/blog\/najpiekniejsze-komplety-ze-spodnica-na-jesien-2026\/","title":{"rendered":"Najpi\u0119kniejsze komplety ze sp\u00f3dnic\u0105 na jesie\u0144 2026"},"content":{"rendered":"\n<h2 class=\"wp-block-heading\">Ekskluzywna odzie\u017c damska szyta na miar\u0119 w De Marco<\/h2>\n\n\n\n<div class=\"wp-block-media-text is-stacked-on-mobile\"><figure class=\"wp-block-media-text__media\"><a href=\"https:\/\/www.sklep.demarco.pl\/elegancka-jedwabna-spodnica-maxi-clea\" target=\"_blank\" rel=\" noreferrer noopener\"><img loading=\"lazy\" decoding=\"async\" width=\"1024\" height=\"1024\" src=\"https:\/\/www.sklep.demarco.pl\/blog\/wp-content\/uploads\/2025\/06\/elegancka-kobieta-15-1024x1024.jpg\" alt=\"Ekskluzywne sp\u00f3dnice z jedwabiu naturalnego szyte na miar\u0119 w De Marco\" class=\"wp-image-18006 size-full\" srcset=\"https:\/\/www.sklep.demarco.pl\/blog\/wp-content\/uploads\/2025\/06\/elegancka-kobieta-15-1024x1024.jpg 1024w, https:\/\/www.sklep.demarco.pl\/blog\/wp-content\/uploads\/2025\/06\/elegancka-kobieta-15-300x300.jpg 300w, https:\/\/www.sklep.demarco.pl\/blog\/wp-content\/uploads\/2025\/06\/elegancka-kobieta-15-150x150.jpg 150w, https:\/\/www.sklep.demarco.pl\/blog\/wp-content\/uploads\/2025\/06\/elegancka-kobieta-15-768x767.jpg 768w, https:\/\/www.sklep.demarco.pl\/blog\/wp-content\/uploads\/2025\/06\/elegancka-kobieta-15.jpg 1081w\" sizes=\"auto, (max-width: 1024px) 100vw, 1024px\" \/><\/a><\/figure><div class=\"wp-block-media-text__content\">\n<p class=\"wp-block-paragraph\">Szanowni Pa\u0144stwo,<\/p>\n\n\n\n<p class=\"wp-block-paragraph\">Jesie\u0144 2026 zapowiada powr\u00f3t do prawdziwej elegancji \u2013 mody, kt\u00f3ra nie ulega chwilowym trendom, lecz opiera si\u0119 na doskona\u0142ym kroju, szlachetnych tkaninach i kobiecych proporcjach. To sezon, w kt\u00f3rym komplety ze sp\u00f3dnic\u0105 ponownie zajmuj\u0105 nale\u017cne im miejsce w garderobie kobiet ceni\u0105cych klas\u0119, wygod\u0119 i ponadczasowy styl.<\/p>\n\n\n\n<p class=\"wp-block-paragraph\">W Atelier De Marco we Frydrychowicach ko\u0142o Wadowic projektujemy i szyjemy na miar\u0119 luksusowe komplety damskie, tworzone indywidualnie z my\u015bl\u0105 o sylwetce, charakterze oraz stylu \u017cycia ka\u017cdej Klientki.<\/p>\n<\/div><\/div>\n\n\n\n<p class=\"wp-block-paragraph\">Czytaj r\u00f3wnie\u017c: <a href=\"https:\/\/www.sklep.demarco.pl\/blog\/polskie-eleganckie-ubrania-dla-60-latki-kiedy-jak-nie-teraz\/\">Polskie eleganckie ubrania dla 60-latki. Kiedy, jak nie teraz?<\/a><\/p>\n\n\n\n<div class=\"wp-block-media-text is-stacked-on-mobile\"><figure class=\"wp-block-media-text__media\"><a href=\"https:\/\/www.sklep.demarco.pl\/garsonka-biznesowa-noelia-ii-w-pepitke\" target=\"_blank\" rel=\" noreferrer noopener\"><img loading=\"lazy\" decoding=\"async\" width=\"1024\" height=\"1024\" src=\"https:\/\/www.sklep.demarco.pl\/blog\/wp-content\/uploads\/2026\/08\/elegancka_garsonka-1024x1024.jpg\" alt=\"\" class=\"wp-image-20164 size-full\" srcset=\"https:\/\/www.sklep.demarco.pl\/blog\/wp-content\/uploads\/2026\/08\/elegancka_garsonka-1024x1024.jpg 1024w, https:\/\/www.sklep.demarco.pl\/blog\/wp-content\/uploads\/2026\/08\/elegancka_garsonka-300x300.jpg 300w, https:\/\/www.sklep.demarco.pl\/blog\/wp-content\/uploads\/2026\/08\/elegancka_garsonka-150x150.jpg 150w, https:\/\/www.sklep.demarco.pl\/blog\/wp-content\/uploads\/2026\/08\/elegancka_garsonka-768x768.jpg 768w, https:\/\/www.sklep.demarco.pl\/blog\/wp-content\/uploads\/2026\/08\/elegancka_garsonka.jpg 1441w\" sizes=\"auto, (max-width: 1024px) 100vw, 1024px\" \/><\/a><\/figure><div class=\"wp-block-media-text__content\">\n<h2 class=\"wp-block-heading\">Sp\u00f3dnica o\u0142\u00f3wkowa \u2013 ikona kobiecej elegancji<\/h2>\n\n\n\n<p class=\"wp-block-paragraph\">Nie bez powodu o\u0142\u00f3wkowa sp\u00f3dnica od dziesi\u0119cioleci pozostaje symbolem profesjonalizmu i dobrego gustu. W zestawieniu z taliowanym \u017cakietem tworzy stylizacj\u0119 idealn\u0105 do pracy, na konferencj\u0119, spotkania biznesowe oraz uroczysto\u015bci rodzinne.<\/p>\n\n\n\n<p class=\"wp-block-paragraph\">Perfekcyjnie skrojona o\u0142\u00f3wkowa sp\u00f3dnica pi\u0119knie podkre\u015bla tali\u0119, wyd\u0142u\u017ca sylwetk\u0119 i nadaje jej harmonijnych proporcji. To klasyka, kt\u00f3ra nigdy nie wychodzi z mody.<\/p>\n<\/div><\/div>\n\n\n\n<p class=\"wp-block-paragraph\">Czytaj r\u00f3wnie\u017c: <a href=\"https:\/\/www.sklep.demarco.pl\/blog\/najmodniejsze-stylizacje-na-jesien-dla-eleganckiej-kobiety-luksusowa-moda-z-charakterem\/\">Najmodniejsze stylizacje na jesie\u0144 dla eleganckiej kobiety \u2013 luksusowa moda z charakterem<\/a><\/p>\n\n\n\n<div class=\"wp-block-media-text is-stacked-on-mobile\"><figure class=\"wp-block-media-text__media\"><a href=\"https:\/\/www.sklep.demarco.pl\/nowoczesna-garsonka-mila-perla-iii\" target=\"_blank\" rel=\" noreferrer noopener\"><img loading=\"lazy\" decoding=\"async\" width=\"623\" height=\"1024\" src=\"https:\/\/www.sklep.demarco.pl\/blog\/wp-content\/uploads\/2026\/05\/garsonka_de_marco_1-623x1024.jpg\" alt=\"Ekskluzywna garsonka od najlepszej polskiej firmy szyj\u0105cej luksusowa odzie\u017c damsk\u0105 w Polsce\" class=\"wp-image-19379 size-full\" srcset=\"https:\/\/www.sklep.demarco.pl\/blog\/wp-content\/uploads\/2026\/05\/garsonka_de_marco_1-623x1024.jpg 623w, https:\/\/www.sklep.demarco.pl\/blog\/wp-content\/uploads\/2026\/05\/garsonka_de_marco_1-183x300.jpg 183w, https:\/\/www.sklep.demarco.pl\/blog\/wp-content\/uploads\/2026\/05\/garsonka_de_marco_1-768x1261.jpg 768w, https:\/\/www.sklep.demarco.pl\/blog\/wp-content\/uploads\/2026\/05\/garsonka_de_marco_1.jpg 800w\" sizes=\"auto, (max-width: 623px) 100vw, 623px\" \/><\/a><\/figure><div class=\"wp-block-media-text__content\">\n<h2 class=\"wp-block-heading\">Kolumnowe sp\u00f3dnice maxi z rozci\u0119ciem<\/h2>\n\n\n\n<p class=\"wp-block-paragraph\">Jesie\u0144 2026 to r\u00f3wnie\u017c czas niezwykle eleganckich sp\u00f3dnic maxi o prostym, kolumnowym kroju. Delikatne rozci\u0119cie z przodu dodaje sylwetce lekko\u015bci i zapewnia swobod\u0119 poruszania si\u0119, jednocze\u015bnie zachowuj\u0105c niezwykle wyrafinowany charakter.<\/p>\n\n\n\n<p class=\"wp-block-paragraph\">Takie komplety doskonale sprawdzaj\u0105 si\u0119 podczas wydarze\u0144 kulturalnych, jubileuszy, wieczornych przyj\u0119\u0107 oraz eleganckich spotka\u0144 zawodowych. To propozycja dla kobiet, kt\u00f3re ceni\u0105 nowoczesn\u0105 elegancj\u0119 w luksusowym wydaniu.<\/p>\n<\/div><\/div>\n\n\n\n<p class=\"wp-block-paragraph\">Czytaj r\u00f3wnie\u017c: <a href=\"https:\/\/www.sklep.demarco.pl\/blog\/eleganckie-ubrania-damskie-na-targi-branzowe-jak-profesjonalnie-prezentowac-swoja-firme\/\">Eleganckie ubrania damskie na targi bran\u017cowe \u2013 jak profesjonalnie prezentowa\u0107 swoj\u0105 firm\u0119?<\/a><\/p>\n\n\n\n<div class=\"wp-block-media-text is-stacked-on-mobile\"><figure class=\"wp-block-media-text__media\"><a href=\"https:\/\/www.sklep.demarco.pl\/spodnica\" target=\"_blank\" rel=\" noreferrer noopener\"><img loading=\"lazy\" decoding=\"async\" width=\"1024\" height=\"1024\" src=\"https:\/\/www.sklep.demarco.pl\/blog\/wp-content\/uploads\/2025\/06\/eleganca-dluga-spodnica-maxi-1024x1024.jpg\" alt=\"Moda damska De Marco ekskluzywna odzie\u017c damska szyta na miar\u0119 we Frydrychowicach\" class=\"wp-image-18009 size-full\" srcset=\"https:\/\/www.sklep.demarco.pl\/blog\/wp-content\/uploads\/2025\/06\/eleganca-dluga-spodnica-maxi-1024x1024.jpg 1024w, https:\/\/www.sklep.demarco.pl\/blog\/wp-content\/uploads\/2025\/06\/eleganca-dluga-spodnica-maxi-300x300.jpg 300w, https:\/\/www.sklep.demarco.pl\/blog\/wp-content\/uploads\/2025\/06\/eleganca-dluga-spodnica-maxi-150x150.jpg 150w, https:\/\/www.sklep.demarco.pl\/blog\/wp-content\/uploads\/2025\/06\/eleganca-dluga-spodnica-maxi-768x767.jpg 768w, https:\/\/www.sklep.demarco.pl\/blog\/wp-content\/uploads\/2025\/06\/eleganca-dluga-spodnica-maxi.jpg 1081w\" sizes=\"auto, (max-width: 1024px) 100vw, 1024px\" \/><\/a><\/figure><div class=\"wp-block-media-text__content\">\n<h2 class=\"wp-block-heading\">Zwiewne sp\u00f3dnice z g\u0142\u0119bokimi zak\u0142adkami<\/h2>\n\n\n\n<p class=\"wp-block-paragraph\">Dla Pa\u0144 kochaj\u0105cych romantyczny styl przygotowali\u015bmy komplety z poszerzanymi, lekkimi sp\u00f3dnicami o g\u0142\u0119bokich zak\u0142adkach. Ich pi\u0119kny ruch podczas chodzenia sprawia, \u017ce ca\u0142a sylwetka nabiera niezwyk\u0142ej subtelno\u015bci i kobiecego wdzi\u0119ku.<\/p>\n\n\n\n<p class=\"wp-block-paragraph\">Zwiewne fasony znakomicie prezentuj\u0105 si\u0119 zar\u00f3wno z kr\u00f3tszym taliowanym \u017cakietem, jak i eleganck\u0105 jedwabn\u0105 bluzk\u0105 czy bezr\u0119kawnikiem. To uniwersalne stylizacje odpowiednie na wesele, komuni\u0119, spotkania rodzinne oraz codzienn\u0105 elegancj\u0119.<\/p>\n<\/div><\/div>\n\n\n\n<p class=\"wp-block-paragraph\">Czytaj r\u00f3wnie\u017c: <a href=\"https:\/\/www.demarco.pl\/elegancja-w-blekicie-jak-kreowac-profesjonalny-wizerunek-z-de-marco\/\">Elegancja w b\u0142\u0119kicie. Jak kreowa\u0107 profesjonalny wizerunek z De Marco<\/a><\/p>\n\n\n\n<div class=\"wp-block-media-text is-stacked-on-mobile\"><figure class=\"wp-block-media-text__media\"><a href=\"https:\/\/www.sklep.demarco.pl\/spodnica\" target=\"_blank\" rel=\" noreferrer noopener\"><img loading=\"lazy\" decoding=\"async\" width=\"838\" height=\"1024\" src=\"https:\/\/www.sklep.demarco.pl\/blog\/wp-content\/uploads\/2026\/07\/mama_wesela_1-838x1024.jpg\" alt=\"Ekskluzywna garsonka od projektantki z De Marco\" class=\"wp-image-19794 size-full\" srcset=\"https:\/\/www.sklep.demarco.pl\/blog\/wp-content\/uploads\/2026\/07\/mama_wesela_1-838x1024.jpg 838w, https:\/\/www.sklep.demarco.pl\/blog\/wp-content\/uploads\/2026\/07\/mama_wesela_1-245x300.jpg 245w, https:\/\/www.sklep.demarco.pl\/blog\/wp-content\/uploads\/2026\/07\/mama_wesela_1-768x939.jpg 768w, https:\/\/www.sklep.demarco.pl\/blog\/wp-content\/uploads\/2026\/07\/mama_wesela_1-1256x1536.jpg 1256w, https:\/\/www.sklep.demarco.pl\/blog\/wp-content\/uploads\/2026\/07\/mama_wesela_1-1675x2048.jpg 1675w\" sizes=\"auto, (max-width: 838px) 100vw, 838px\" \/><\/a><\/figure><div class=\"wp-block-media-text__content\">\n<h2 class=\"wp-block-heading\">luksus<\/h2>\n\n\n\n<p class=\"wp-block-paragraph\">Szanowni Pa\u0144stwo, prawdziwa warto\u015b\u0107 eleganckiego kompletu zaczyna si\u0119 od jako\u015bci materia\u0142u. W naszej pracowni wykorzystujemy starannie wyselekcjonowane tkaniny, kt\u00f3re zachwycaj\u0105 nie tylko wygl\u0105dem, ale r\u00f3wnie\u017c komfortem noszenia.<\/p>\n\n\n\n<p class=\"wp-block-paragraph\">Projektujemy kreacje z:<\/p>\n\n\n\n<ul class=\"wp-block-list\">\n<li>naturalnej wiskozy,<\/li>\n\n\n\n<li>luksusowych jedwabi,<\/li>\n\n\n\n<li>bawe\u0142nianych \u017cakard\u00f3w,<\/li>\n\n\n\n<li>wysokogatunkowych tkanin wizytowych o wyj\u0105tkowej strukturze.<\/li>\n<\/ul>\n\n\n\n<p class=\"wp-block-paragraph\">Dzi\u0119ki temu nasze komplety zachowuj\u0105 pi\u0119kny wygl\u0105d przez wiele sezon\u00f3w i doskonale uk\u0142adaj\u0105 si\u0119 na sylwetce.<\/p>\n<\/div><\/div>\n\n\n\n<p class=\"wp-block-paragraph\">Czytaj r\u00f3wnie\u017c: <a href=\"https:\/\/www.demarco.pl\/najmodniejsze-stylizacje-na-jesien-moda-dla-eleganckich-dojrzalych-kobiet\/\">Najmodniejsze stylizacje na jesie\u0144 \u2013 moda dla eleganckich dojrza\u0142ych kobiet<\/a><\/p>\n\n\n\n<div class=\"wp-block-media-text is-stacked-on-mobile\"><figure class=\"wp-block-media-text__media\"><a href=\"https:\/\/www.sklep.demarco.pl\/elegancka-jedwabna-spodnica-clea-ii\" target=\"_blank\" rel=\" noreferrer noopener\"><img loading=\"lazy\" decoding=\"async\" width=\"683\" height=\"1024\" src=\"https:\/\/www.sklep.demarco.pl\/blog\/wp-content\/uploads\/2026\/04\/zabytkowe_auto_2-683x1024.jpg\" alt=\"Jedwabna sp\u00f3dnica maxi z jedwabn\u0105 bluzk\u0105 De Marco\" class=\"wp-image-19236 size-full\" srcset=\"https:\/\/www.sklep.demarco.pl\/blog\/wp-content\/uploads\/2026\/04\/zabytkowe_auto_2-683x1024.jpg 683w, https:\/\/www.sklep.demarco.pl\/blog\/wp-content\/uploads\/2026\/04\/zabytkowe_auto_2-200x300.jpg 200w, https:\/\/www.sklep.demarco.pl\/blog\/wp-content\/uploads\/2026\/04\/zabytkowe_auto_2-768x1152.jpg 768w, https:\/\/www.sklep.demarco.pl\/blog\/wp-content\/uploads\/2026\/04\/zabytkowe_auto_2.jpg 832w\" sizes=\"auto, (max-width: 683px) 100vw, 683px\" \/><\/a><\/figure><div class=\"wp-block-media-text__content\">\n<h2 class=\"wp-block-heading\">Szycie na miar\u0119 \u2013 ubranie stworzone dla jednej Kobiety<\/h2>\n\n\n\n<p class=\"wp-block-paragraph\">Nie istnieje jedna idealna sp\u00f3dnica ani jeden uniwersalny \u017cakiet. Ka\u017cda figura wymaga indywidualnego opracowania proporcji, d\u0142ugo\u015bci oraz konstrukcji kroju. W\u0142a\u015bnie dlatego wszystkie komplety De Marco powstaj\u0105 w procesie szycia miarowego, uwzgl\u0119dniaj\u0105c wzrost, typ sylwetki, kolorystyk\u0119 urody oraz charakter przysz\u0142ej w\u0142a\u015bcicielki.<\/p>\n\n\n\n<p class=\"wp-block-paragraph\">To odzie\u017c tworzona nie wed\u0142ug rozmiaru z metki, lecz wed\u0142ug pi\u0119kna konkretnej Kobiety.<\/p>\n<\/div><\/div>\n\n\n\n<p class=\"wp-block-paragraph\">Czytaj r\u00f3wnie\u017c: <a href=\"https:\/\/www.demarco.pl\/elegancka-nowoczesna-kobieta-jak-stworzyc-styl-pelen-klasy-bez-nudy-i-przesady\/\">Eleganckie jesienne kreacje dla dojrza\u0142ej kobiety \u2013 modne i luksusowe<\/a><\/p>\n\n\n\n<div class=\"wp-block-media-text is-stacked-on-mobile\"><figure class=\"wp-block-media-text__media\"><a href=\"https:\/\/www.sklep.demarco.pl\/kleo-komplet-damski-ze-spodnica\" target=\"_blank\" rel=\" noreferrer noopener\"><img loading=\"lazy\" decoding=\"async\" width=\"1024\" height=\"1024\" src=\"https:\/\/www.sklep.demarco.pl\/blog\/wp-content\/uploads\/2024\/01\/05.10.2023-Artboard4-4770p-1-1024x1024.jpg\" alt=\"Unikatowe kreacje na jesie\u0144 De Marco Polska luksusowa moda damska\" class=\"wp-image-15830 size-full\" srcset=\"https:\/\/www.sklep.demarco.pl\/blog\/wp-content\/uploads\/2024\/01\/05.10.2023-Artboard4-4770p-1-1024x1024.jpg 1024w, https:\/\/www.sklep.demarco.pl\/blog\/wp-content\/uploads\/2024\/01\/05.10.2023-Artboard4-4770p-1-300x300.jpg 300w, https:\/\/www.sklep.demarco.pl\/blog\/wp-content\/uploads\/2024\/01\/05.10.2023-Artboard4-4770p-1-150x150.jpg 150w, https:\/\/www.sklep.demarco.pl\/blog\/wp-content\/uploads\/2024\/01\/05.10.2023-Artboard4-4770p-1-768x767.jpg 768w, https:\/\/www.sklep.demarco.pl\/blog\/wp-content\/uploads\/2024\/01\/05.10.2023-Artboard4-4770p-1.jpg 1441w\" sizes=\"auto, (max-width: 1024px) 100vw, 1024px\" \/><\/a><\/figure><div class=\"wp-block-media-text__content\">\n<h2 class=\"wp-block-heading\">De Marco \u2013 polska elegancja z Frydrychowic<\/h2>\n\n\n\n<p class=\"wp-block-paragraph\">Szanowni Pa\u0144stwo, od ponad dw\u00f3ch dekad Atelier De Marco tworzy ekskluzywn\u0105 odzie\u017c damsk\u0105 szyt\u0105 na miar\u0119 we Frydrychowicach ko\u0142o Wadowic. Nasze garsonki, komplety, sukienki i p\u0142aszcze powstaj\u0105 z pasji do tradycyjnego polskiego krawiectwa oraz mi\u0142o\u015bci do ponadczasowej elegancji.<\/p>\n\n\n\n<p class=\"wp-block-paragraph\">Serdecznie zapraszamy do odwiedzenia naszego sklepu internetowego, gdzie mog\u0105 Pa\u0144stwo obejrze\u0107 przyk\u0142adowe realizacje i przekona\u0107 si\u0119, jak wiele mo\u017cliwo\u015bci daje profesjonalne projektowanie oraz szycie na miar\u0119. Wierzymy, \u017ce najpi\u0119kniejszy komplet to ten, kt\u00f3ry zosta\u0142 stworzony w\u0142a\u015bnie dla Pa\u0144.<\/p>\n<\/div><\/div>\n\n\n\n<p class=\"wp-block-paragraph\">Czytaj r\u00f3wnie\u017c: <a href=\"https:\/\/www.sklep.demarco.pl\/blog\/elegancka-sukienka-wizytowa-na-jesien-de-marco-luksusowa-polska-marka-szyjaca-na-miare\/\">Elegancka sukienka wizytowa na jesie\u0144 \u2013 De Marco. Luksusowa polska marka szyj\u0105ca na miar\u0119<\/a><\/p>\n\n\n\n<hr class=\"wp-block-separator has-alpha-channel-opacity\"\/>\n\n\n\n<div class=\"wp-block-media-text is-stacked-on-mobile\"><figure class=\"wp-block-media-text__media\"><a href=\"https:\/\/www.sklep.demarco.pl\/blog\/wp-content\/uploads\/2026\/08\/AI-LABELS_3x2_AI_black-50.png\"><img loading=\"lazy\" decoding=\"async\" width=\"50\" height=\"33\" src=\"https:\/\/www.sklep.demarco.pl\/blog\/wp-content\/uploads\/2026\/08\/AI-LABELS_3x2_AI_black-50.png\" alt=\"Nota informacyjna Artyku\u0142 powsta\u0142 na podstawie autorskich tekst\u00f3w Atelier De Marco, tworzonych zgodnie z nasz\u0105 misj\u0105 edukacyjn\u0105 i informacyjn\u0105, a nast\u0119pnie zosta\u0142 zredagowany z wykorzystaniem technologii AI. Cz\u0119\u015b\u0107 zdj\u0119\u0107, przedstawia modelk\u0119 w naszych autorskich projektach, uszytych w atelier De Marco i zosta\u0142y one poddana kreatywnej obr\u00f3bce AI. Wszystkie materia\u0142y s\u0105 przez nas starannie redagowane i weryfikowane. Pozosta\u0142e zdj\u0119cia s\u0105 nades\u0142ane przez klientki lub wykonane w Salonie Mody De Marco. Serdecznie dzi\u0119kujemy naszym Klientkom za zaufanie i zgod\u0119 na wykorzystanie ich fotografii. \u017byczymy Pa\u0144stwu wielu dalszych sukces\u00f3w!\" class=\"wp-image-20056 size-full\"\/><\/a><\/figure><div class=\"wp-block-media-text__content\">\n<p class=\"wp-block-paragraph\">Nota informacyjna <\/p>\n\n\n\n<p class=\"wp-block-paragraph\">Artyku\u0142 powsta\u0142 na podstawie autorskich tekst\u00f3w Atelier De Marco, tworzonych zgodnie z nasz\u0105 misj\u0105 edukacyjn\u0105 i informacyjn\u0105, a nast\u0119pnie zosta\u0142 zredagowany z wykorzystaniem technologii AI. <\/p>\n\n\n\n<p class=\"wp-block-paragraph\">Cz\u0119\u015b\u0107 zdj\u0119\u0107, przedstawia modelk\u0119 w naszych autorskich projektach, uszytych w atelier De Marco i zosta\u0142y one poddana kreatywnej obr\u00f3bce AI. Wszystkie materia\u0142y s\u0105 przez nas starannie redagowane i weryfikowane. Pozosta\u0142e zdj\u0119cia s\u0105 nades\u0142ane przez klientki lub wykonane w Salonie Mody De Marco. Serdecznie dzi\u0119kujemy naszym Klientkom za zaufanie i zgod\u0119 na wykorzystanie ich fotografii. \u017byczymy Pa\u0144stwu wielu dalszych sukces\u00f3w!<\/p>\n<\/div><\/div>\n\n\n<!-- wp:themify-builder\/canvas \/-->","protected":false},"excerpt":{"rendered":"<p>Ekskluzywna odzie\u017c damska szyta na miar\u0119 w De Marco Szanowni Pa\u0144stwo, Jesie\u0144 2026 zapowiada powr\u00f3t do prawdziwej elegancji \u2013 mody, kt\u00f3ra nie ulega chwilowym trendom, lecz opiera si\u0119 na doskona\u0142ym kroju, szlachetnych tkaninach i kobiecych proporcjach. To sezon, w kt\u00f3rym komplety ze sp\u00f3dnic\u0105 ponownie zajmuj\u0105 nale\u017cne im miejsce w garderobie kobiet ceni\u0105cych klas\u0119, wygod\u0119 i [&hellip;]<\/p>\n","protected":false},"author":1,"featured_media":20289,"comment_status":"closed","ping_status":"closed","sticky":false,"template":"","format":"standard","meta":{"_jetpack_newsletter_access":"","_jetpack_dont_email_post_to_subs":false,"_jetpack_newsletter_tier_id":0,"_jetpack_memberships_contains_paywalled_content":false,"_jetpack_memberships_contains_paid_content":false,"footnotes":"","_links_to":"","_links_to_target":""},"categories":[15],"tags":[3501,339,341,330,479,4570,264,468,4193,250,332,53,334,333,3503,32,405],"class_list":["post-20288","post","type-post","status-publish","format-standard","has-post-thumbnail","hentry","category-metamorfoza","tag-ciekawe-spodnice-damskie","tag-dluga-spodnica","tag-ekskluzywna-spodnica","tag-elegancka-spodnica","tag-elegancki-komplet-ze-spodnica","tag-jak-ubrac-sie-na-przyjecie-weselne-komplety-ze-spodnica","tag-komplet-biznesowy-damski","tag-komplet-ze-spodnica","tag-modna-spodnica","tag-musztardowa-spodnica","tag-rozkloszowana-spodnica","tag-spodnica","tag-spodnica-maxi","tag-spodnica-midi","tag-spodnice-damskie-eleganckie","tag-zakiet-ze-spodnica","tag-zarna-garsonka-ze-spodnica"],"yoast_head":"<!-- This site is optimized with the Yoast SEO plugin v28.4 - https:\/\/yoast.com\/product\/yoast-seo-wordpress\/ -->\n<title>Najpi\u0119kniejsze komplety ze sp\u00f3dnic\u0105 na jesie\u0144 2026 - De Marco<\/title>\n<meta name=\"robots\" content=\"index, follow, max-snippet:-1, max-image-preview:large, max-video-preview:-1\" \/>\n<link rel=\"canonical\" href=\"https:\/\/www.sklep.demarco.pl\/blog\/najpiekniejsze-komplety-ze-spodnica-na-jesien-2026\/\" \/>\n<meta property=\"og:locale\" content=\"pl_PL\" \/>\n<meta property=\"og:type\" content=\"article\" \/>\n<meta property=\"og:title\" content=\"Najpi\u0119kniejsze komplety ze sp\u00f3dnic\u0105 na jesie\u0144 2026 - De Marco\" \/>\n<meta property=\"og:description\" content=\"Ekskluzywna odzie\u017c damska szyta na miar\u0119 w De Marco Szanowni Pa\u0144stwo, Jesie\u0144 2026 zapowiada powr\u00f3t do prawdziwej elegancji \u2013 mody, kt\u00f3ra nie ulega chwilowym trendom, lecz opiera si\u0119 na doskona\u0142ym kroju, szlachetnych tkaninach i kobiecych proporcjach. To sezon, w kt\u00f3rym komplety ze sp\u00f3dnic\u0105 ponownie zajmuj\u0105 nale\u017cne im miejsce w garderobie kobiet ceni\u0105cych klas\u0119, wygod\u0119 i [&hellip;]\" \/>\n<meta property=\"og:url\" content=\"https:\/\/www.sklep.demarco.pl\/blog\/najpiekniejsze-komplety-ze-spodnica-na-jesien-2026\/\" \/>\n<meta property=\"og:site_name\" content=\"De Marco\" \/>\n<meta property=\"article:publisher\" content=\"https:\/\/www.facebook.com\/DeMarco.Styl\" \/>\n<meta property=\"article:published_time\" content=\"2026-09-04T13:06:03+00:00\" \/>\n<meta property=\"article:modified_time\" content=\"2026-09-04T13:06:07+00:00\" \/>\n<meta property=\"og:image\" content=\"https:\/\/www.sklep.demarco.pl\/blog\/wp-content\/uploads\/2026\/09\/jedwabna-spodnica-_3.webp\" \/>\n\t<meta property=\"og:image:width\" content=\"1024\" \/>\n\t<meta property=\"og:image:height\" content=\"1024\" \/>\n\t<meta property=\"og:image:type\" content=\"image\/webp\" \/>\n<meta name=\"author\" content=\"de marco\" \/>\n<meta name=\"twitter:label1\" content=\"Napisane przez\" \/>\n\t<meta name=\"twitter:data1\" content=\"de marco\" \/>\n\t<meta name=\"twitter:label2\" content=\"Szacowany czas czytania\" \/>\n\t<meta name=\"twitter:data2\" content=\"6 minut\" \/>\n<script type=\"application\/ld+json\" class=\"yoast-schema-graph\">{\"@context\":\"https:\\\/\\\/schema.org\",\"@graph\":[{\"@type\":\"Article\",\"@id\":\"https:\\\/\\\/www.sklep.demarco.pl\\\/blog\\\/najpiekniejsze-komplety-ze-spodnica-na-jesien-2026\\\/#article\",\"isPartOf\":{\"@id\":\"https:\\\/\\\/www.sklep.demarco.pl\\\/blog\\\/najpiekniejsze-komplety-ze-spodnica-na-jesien-2026\\\/\"},\"author\":{\"name\":\"de marco\",\"@id\":\"https:\\\/\\\/www.sklep.demarco.pl\\\/blog\\\/#\\\/schema\\\/person\\\/38456e8269588abfbbdda5bc04dad142\"},\"headline\":\"Najpi\u0119kniejsze komplety ze sp\u00f3dnic\u0105 na jesie\u0144 2026\",\"datePublished\":\"2026-09-04T13:06:03+00:00\",\"dateModified\":\"2026-09-04T13:06:07+00:00\",\"mainEntityOfPage\":{\"@id\":\"https:\\\/\\\/www.sklep.demarco.pl\\\/blog\\\/najpiekniejsze-komplety-ze-spodnica-na-jesien-2026\\\/\"},\"wordCount\":759,\"image\":{\"@id\":\"https:\\\/\\\/www.sklep.demarco.pl\\\/blog\\\/najpiekniejsze-komplety-ze-spodnica-na-jesien-2026\\\/#primaryimage\"},\"thumbnailUrl\":\"https:\\\/\\\/www.sklep.demarco.pl\\\/blog\\\/wp-content\\\/uploads\\\/2026\\\/09\\\/jedwabna-spodnica-_3.webp\",\"keywords\":[\"Ciekawe sp\u00f3dnice damskie\",\"d\u0142uga sp\u00f3dnica\",\"ekskluzywna sp\u00f3dnica\",\"Elegancka sp\u00f3dnica\",\"Elegancki komplet ze sp\u00f3dnic\u0105\",\"Jak ubra\u0107 si\u0119 na przyj\u0119cie weselne- komplety ze sp\u00f3dnic\u0105\",\"komplet biznesowy damski\",\"komplet ze sp\u00f3dnic\u0105\",\"modna sp\u00f3dnica\",\"musztardowa sp\u00f3dnica\",\"rozkloszowana sp\u00f3dnica\",\"Sp\u00f3dnica\",\"sp\u00f3dnica maxi\",\"sp\u00f3dnica midi\",\"Sp\u00f3dnice damskie eleganckie\",\"\u017cakiet ze sp\u00f3dnic\u0105\",\"zarna garsonka ze sp\u00f3dnic\u0105\"],\"articleSection\":[\"METAMORFOZA\"],\"inLanguage\":\"pl-PL\"},{\"@type\":\"WebPage\",\"@id\":\"https:\\\/\\\/www.sklep.demarco.pl\\\/blog\\\/najpiekniejsze-komplety-ze-spodnica-na-jesien-2026\\\/\",\"url\":\"https:\\\/\\\/www.sklep.demarco.pl\\\/blog\\\/najpiekniejsze-komplety-ze-spodnica-na-jesien-2026\\\/\",\"name\":\"Najpi\u0119kniejsze komplety ze sp\u00f3dnic\u0105 na jesie\u0144 2026 - De Marco\",\"isPartOf\":{\"@id\":\"https:\\\/\\\/www.sklep.demarco.pl\\\/blog\\\/#website\"},\"primaryImageOfPage\":{\"@id\":\"https:\\\/\\\/www.sklep.demarco.pl\\\/blog\\\/najpiekniejsze-komplety-ze-spodnica-na-jesien-2026\\\/#primaryimage\"},\"image\":{\"@id\":\"https:\\\/\\\/www.sklep.demarco.pl\\\/blog\\\/najpiekniejsze-komplety-ze-spodnica-na-jesien-2026\\\/#primaryimage\"},\"thumbnailUrl\":\"https:\\\/\\\/www.sklep.demarco.pl\\\/blog\\\/wp-content\\\/uploads\\\/2026\\\/09\\\/jedwabna-spodnica-_3.webp\",\"datePublished\":\"2026-09-04T13:06:03+00:00\",\"dateModified\":\"2026-09-04T13:06:07+00:00\",\"author\":{\"@id\":\"https:\\\/\\\/www.sklep.demarco.pl\\\/blog\\\/#\\\/schema\\\/person\\\/38456e8269588abfbbdda5bc04dad142\"},\"breadcrumb\":{\"@id\":\"https:\\\/\\\/www.sklep.demarco.pl\\\/blog\\\/najpiekniejsze-komplety-ze-spodnica-na-jesien-2026\\\/#breadcrumb\"},\"inLanguage\":\"pl-PL\",\"potentialAction\":[{\"@type\":\"ReadAction\",\"target\":[\"https:\\\/\\\/www.sklep.demarco.pl\\\/blog\\\/najpiekniejsze-komplety-ze-spodnica-na-jesien-2026\\\/\"]}]},{\"@type\":\"ImageObject\",\"inLanguage\":\"pl-PL\",\"@id\":\"https:\\\/\\\/www.sklep.demarco.pl\\\/blog\\\/najpiekniejsze-komplety-ze-spodnica-na-jesien-2026\\\/#primaryimage\",\"url\":\"https:\\\/\\\/www.sklep.demarco.pl\\\/blog\\\/wp-content\\\/uploads\\\/2026\\\/09\\\/jedwabna-spodnica-_3.webp\",\"contentUrl\":\"https:\\\/\\\/www.sklep.demarco.pl\\\/blog\\\/wp-content\\\/uploads\\\/2026\\\/09\\\/jedwabna-spodnica-_3.webp\",\"width\":1024,\"height\":1024,\"caption\":\"W\u0142adys\u0142awa Fr\u0105czek projektantka ekskluzywnej odzie\u017cy damskiej polskiej marki De Marco - nowa kolekcja\"},{\"@type\":\"BreadcrumbList\",\"@id\":\"https:\\\/\\\/www.sklep.demarco.pl\\\/blog\\\/najpiekniejsze-komplety-ze-spodnica-na-jesien-2026\\\/#breadcrumb\",\"itemListElement\":[{\"@type\":\"ListItem\",\"position\":1,\"name\":\"Strona g\u0142\u00f3wna\",\"item\":\"https:\\\/\\\/www.sklep.demarco.pl\\\/blog\\\/\"},{\"@type\":\"ListItem\",\"position\":2,\"name\":\"Najpi\u0119kniejsze komplety ze sp\u00f3dnic\u0105 na jesie\u0144 2026\"}]},{\"@type\":\"WebSite\",\"@id\":\"https:\\\/\\\/www.sklep.demarco.pl\\\/blog\\\/#website\",\"url\":\"https:\\\/\\\/www.sklep.demarco.pl\\\/blog\\\/\",\"name\":\"De Marco\",\"description\":\"The finest women&#039;s clothing manufacturer\",\"potentialAction\":[{\"@type\":\"SearchAction\",\"target\":{\"@type\":\"EntryPoint\",\"urlTemplate\":\"https:\\\/\\\/www.sklep.demarco.pl\\\/blog\\\/?s={search_term_string}\"},\"query-input\":{\"@type\":\"PropertyValueSpecification\",\"valueRequired\":true,\"valueName\":\"search_term_string\"}}],\"inLanguage\":\"pl-PL\"},{\"@type\":\"Person\",\"@id\":\"https:\\\/\\\/www.sklep.demarco.pl\\\/blog\\\/#\\\/schema\\\/person\\\/38456e8269588abfbbdda5bc04dad142\",\"name\":\"de marco\",\"image\":{\"@type\":\"ImageObject\",\"inLanguage\":\"pl-PL\",\"@id\":\"https:\\\/\\\/secure.gravatar.com\\\/avatar\\\/1d03f06a246921ea2531e9b59fe2dcd5a125b6b3339bedd531ae0d7e4bb25f99?s=96&d=mm&r=g\",\"url\":\"https:\\\/\\\/secure.gravatar.com\\\/avatar\\\/1d03f06a246921ea2531e9b59fe2dcd5a125b6b3339bedd531ae0d7e4bb25f99?s=96&d=mm&r=g\",\"contentUrl\":\"https:\\\/\\\/secure.gravatar.com\\\/avatar\\\/1d03f06a246921ea2531e9b59fe2dcd5a125b6b3339bedd531ae0d7e4bb25f99?s=96&d=mm&r=g\",\"caption\":\"de marco\"},\"url\":\"https:\\\/\\\/www.sklep.demarco.pl\\\/blog\\\/author\\\/de-marco\\\/\"}]}<\/script>\n<!-- \/ Yoast SEO plugin. -->","yoast_head_json":{"title":"Najpi\u0119kniejsze komplety ze sp\u00f3dnic\u0105 na jesie\u0144 2026 - De Marco","robots":{"index":"index","follow":"follow","max-snippet":"max-snippet:-1","max-image-preview":"max-image-preview:large","max-video-preview":"max-video-preview:-1"},"canonical":"https:\/\/www.sklep.demarco.pl\/blog\/najpiekniejsze-komplety-ze-spodnica-na-jesien-2026\/","og_locale":"pl_PL","og_type":"article","og_title":"Najpi\u0119kniejsze komplety ze sp\u00f3dnic\u0105 na jesie\u0144 2026 - De Marco","og_description":"Ekskluzywna odzie\u017c damska szyta na miar\u0119 w De Marco Szanowni Pa\u0144stwo, Jesie\u0144 2026 zapowiada powr\u00f3t do prawdziwej elegancji \u2013 mody, kt\u00f3ra nie ulega chwilowym trendom, lecz opiera si\u0119 na doskona\u0142ym kroju, szlachetnych tkaninach i kobiecych proporcjach. To sezon, w kt\u00f3rym komplety ze sp\u00f3dnic\u0105 ponownie zajmuj\u0105 nale\u017cne im miejsce w garderobie kobiet ceni\u0105cych klas\u0119, wygod\u0119 i [&hellip;]","og_url":"https:\/\/www.sklep.demarco.pl\/blog\/najpiekniejsze-komplety-ze-spodnica-na-jesien-2026\/","og_site_name":"De Marco","article_publisher":"https:\/\/www.facebook.com\/DeMarco.Styl","article_published_time":"2026-09-04T13:06:03+00:00","article_modified_time":"2026-09-04T13:06:07+00:00","og_image":[{"width":1024,"height":1024,"url":"https:\/\/www.sklep.demarco.pl\/blog\/wp-content\/uploads\/2026\/09\/jedwabna-spodnica-_3.webp","type":"image\/webp"}],"author":"de marco","twitter_misc":{"Napisane przez":"de marco","Szacowany czas czytania":"6 minut"},"schema":{"@context":"https:\/\/schema.org","@graph":[{"@type":"Article","@id":"https:\/\/www.sklep.demarco.pl\/blog\/najpiekniejsze-komplety-ze-spodnica-na-jesien-2026\/#article","isPartOf":{"@id":"https:\/\/www.sklep.demarco.pl\/blog\/najpiekniejsze-komplety-ze-spodnica-na-jesien-2026\/"},"author":{"name":"de marco","@id":"https:\/\/www.sklep.demarco.pl\/blog\/#\/schema\/person\/38456e8269588abfbbdda5bc04dad142"},"headline":"Najpi\u0119kniejsze komplety ze sp\u00f3dnic\u0105 na jesie\u0144 2026","datePublished":"2026-09-04T13:06:03+00:00","dateModified":"2026-09-04T13:06:07+00:00","mainEntityOfPage":{"@id":"https:\/\/www.sklep.demarco.pl\/blog\/najpiekniejsze-komplety-ze-spodnica-na-jesien-2026\/"},"wordCount":759,"image":{"@id":"https:\/\/www.sklep.demarco.pl\/blog\/najpiekniejsze-komplety-ze-spodnica-na-jesien-2026\/#primaryimage"},"thumbnailUrl":"https:\/\/www.sklep.demarco.pl\/blog\/wp-content\/uploads\/2026\/09\/jedwabna-spodnica-_3.webp","keywords":["Ciekawe sp\u00f3dnice damskie","d\u0142uga sp\u00f3dnica","ekskluzywna sp\u00f3dnica","Elegancka sp\u00f3dnica","Elegancki komplet ze sp\u00f3dnic\u0105","Jak ubra\u0107 si\u0119 na przyj\u0119cie weselne- komplety ze sp\u00f3dnic\u0105","komplet biznesowy damski","komplet ze sp\u00f3dnic\u0105","modna sp\u00f3dnica","musztardowa sp\u00f3dnica","rozkloszowana sp\u00f3dnica","Sp\u00f3dnica","sp\u00f3dnica maxi","sp\u00f3dnica midi","Sp\u00f3dnice damskie eleganckie","\u017cakiet ze sp\u00f3dnic\u0105","zarna garsonka ze sp\u00f3dnic\u0105"],"articleSection":["METAMORFOZA"],"inLanguage":"pl-PL"},{"@type":"WebPage","@id":"https:\/\/www.sklep.demarco.pl\/blog\/najpiekniejsze-komplety-ze-spodnica-na-jesien-2026\/","url":"https:\/\/www.sklep.demarco.pl\/blog\/najpiekniejsze-komplety-ze-spodnica-na-jesien-2026\/","name":"Najpi\u0119kniejsze komplety ze sp\u00f3dnic\u0105 na jesie\u0144 2026 - De Marco","isPartOf":{"@id":"https:\/\/www.sklep.demarco.pl\/blog\/#website"},"primaryImageOfPage":{"@id":"https:\/\/www.sklep.demarco.pl\/blog\/najpiekniejsze-komplety-ze-spodnica-na-jesien-2026\/#primaryimage"},"image":{"@id":"https:\/\/www.sklep.demarco.pl\/blog\/najpiekniejsze-komplety-ze-spodnica-na-jesien-2026\/#primaryimage"},"thumbnailUrl":"https:\/\/www.sklep.demarco.pl\/blog\/wp-content\/uploads\/2026\/09\/jedwabna-spodnica-_3.webp","datePublished":"2026-09-04T13:06:03+00:00","dateModified":"2026-09-04T13:06:07+00:00","author":{"@id":"https:\/\/www.sklep.demarco.pl\/blog\/#\/schema\/person\/38456e8269588abfbbdda5bc04dad142"},"breadcrumb":{"@id":"https:\/\/www.sklep.demarco.pl\/blog\/najpiekniejsze-komplety-ze-spodnica-na-jesien-2026\/#breadcrumb"},"inLanguage":"pl-PL","potentialAction":[{"@type":"ReadAction","target":["https:\/\/www.sklep.demarco.pl\/blog\/najpiekniejsze-komplety-ze-spodnica-na-jesien-2026\/"]}]},{"@type":"ImageObject","inLanguage":"pl-PL","@id":"https:\/\/www.sklep.demarco.pl\/blog\/najpiekniejsze-komplety-ze-spodnica-na-jesien-2026\/#primaryimage","url":"https:\/\/www.sklep.demarco.pl\/blog\/wp-content\/uploads\/2026\/09\/jedwabna-spodnica-_3.webp","contentUrl":"https:\/\/www.sklep.demarco.pl\/blog\/wp-content\/uploads\/2026\/09\/jedwabna-spodnica-_3.webp","width":1024,"height":1024,"caption":"W\u0142adys\u0142awa Fr\u0105czek projektantka ekskluzywnej odzie\u017cy damskiej polskiej marki De Marco - nowa kolekcja"},{"@type":"BreadcrumbList","@id":"https:\/\/www.sklep.demarco.pl\/blog\/najpiekniejsze-komplety-ze-spodnica-na-jesien-2026\/#breadcrumb","itemListElement":[{"@type":"ListItem","position":1,"name":"Strona g\u0142\u00f3wna","item":"https:\/\/www.sklep.demarco.pl\/blog\/"},{"@type":"ListItem","position":2,"name":"Najpi\u0119kniejsze komplety ze sp\u00f3dnic\u0105 na jesie\u0144 2026"}]},{"@type":"WebSite","@id":"https:\/\/www.sklep.demarco.pl\/blog\/#website","url":"https:\/\/www.sklep.demarco.pl\/blog\/","name":"De Marco","description":"The finest women&#039;s clothing manufacturer","potentialAction":[{"@type":"SearchAction","target":{"@type":"EntryPoint","urlTemplate":"https:\/\/www.sklep.demarco.pl\/blog\/?s={search_term_string}"},"query-input":{"@type":"PropertyValueSpecification","valueRequired":true,"valueName":"search_term_string"}}],"inLanguage":"pl-PL"},{"@type":"Person","@id":"https:\/\/www.sklep.demarco.pl\/blog\/#\/schema\/person\/38456e8269588abfbbdda5bc04dad142","name":"de marco","image":{"@type":"ImageObject","inLanguage":"pl-PL","@id":"https:\/\/secure.gravatar.com\/avatar\/1d03f06a246921ea2531e9b59fe2dcd5a125b6b3339bedd531ae0d7e4bb25f99?s=96&d=mm&r=g","url":"https:\/\/secure.gravatar.com\/avatar\/1d03f06a246921ea2531e9b59fe2dcd5a125b6b3339bedd531ae0d7e4bb25f99?s=96&d=mm&r=g","contentUrl":"https:\/\/secure.gravatar.com\/avatar\/1d03f06a246921ea2531e9b59fe2dcd5a125b6b3339bedd531ae0d7e4bb25f99?s=96&d=mm&r=g","caption":"de marco"},"url":"https:\/\/www.sklep.demarco.pl\/blog\/author\/de-marco\/"}]}},"jetpack_sharing_enabled":true,"builder_content":"","jetpack_featured_media_url":"https:\/\/www.sklep.demarco.pl\/blog\/wp-content\/uploads\/2026\/09\/jedwabna-spodnica-_3.webp","_links":{"self":[{"href":"https:\/\/www.sklep.demarco.pl\/blog\/wp-json\/wp\/v2\/posts\/20288","targetHints":{"allow":["GET"]}}],"collection":[{"href":"https:\/\/www.sklep.demarco.pl\/blog\/wp-json\/wp\/v2\/posts"}],"about":[{"href":"https:\/\/www.sklep.demarco.pl\/blog\/wp-json\/wp\/v2\/types\/post"}],"author":[{"embeddable":true,"href":"https:\/\/www.sklep.demarco.pl\/blog\/wp-json\/wp\/v2\/users\/1"}],"replies":[{"embeddable":true,"href":"https:\/\/www.sklep.demarco.pl\/blog\/wp-json\/wp\/v2\/comments?post=20288"}],"version-history":[{"count":1,"href":"https:\/\/www.sklep.demarco.pl\/blog\/wp-json\/wp\/v2\/posts\/20288\/revisions"}],"predecessor-version":[{"id":20291,"href":"https:\/\/www.sklep.demarco.pl\/blog\/wp-json\/wp\/v2\/posts\/20288\/revisions\/20291"}],"wp:featuredmedia":[{"embeddable":true,"href":"https:\/\/www.sklep.demarco.pl\/blog\/wp-json\/wp\/v2\/media\/20289"}],"wp:attachment":[{"href":"https:\/\/www.sklep.demarco.pl\/blog\/wp-json\/wp\/v2\/media?parent=20288"}],"wp:term":[{"taxonomy":"category","embeddable":true,"href":"https:\/\/www.sklep.demarco.pl\/blog\/wp-json\/wp\/v2\/categories?post=20288"},{"taxonomy":"post_tag","embeddable":true,"href":"https:\/\/www.sklep.demarco.pl\/blog\/wp-json\/wp\/v2\/tags?post=20288"}],"curies":[{"name":"wp","href":"https:\/\/api.w.org\/{rel}","templated":true}]}}