{"id":20283,"date":"2026-09-03T17:30:39","date_gmt":"2026-09-03T17:30:39","guid":{"rendered":"https:\/\/www.sklep.demarco.pl\/blog\/?p=20283"},"modified":"2026-09-03T17:30:43","modified_gmt":"2026-09-03T17:30:43","slug":"nowa-kolekcja-luksusowych-sukienek-na-slub-syna-lub-corki-de-marco","status":"publish","type":"post","link":"https:\/\/www.sklep.demarco.pl\/blog\/nowa-kolekcja-luksusowych-sukienek-na-slub-syna-lub-corki-de-marco\/","title":{"rendered":"Nowa kolekcja luksusowych sukienek na \u015blub syna lub c\u00f3rki \u2013 De Marco"},"content":{"rendered":"\n<h2 class=\"wp-block-heading\">Od pocz\u0105tku do ko\u0144ca szyte w Polsce<\/h2>\n\n\n\n<div class=\"wp-block-media-text is-stacked-on-mobile\"><figure class=\"wp-block-media-text__media\"><a href=\"https:\/\/www.sklep.demarco.pl\/elegancka-sukienka-wieczorowa-wiktoria-iii\" target=\"_blank\" rel=\" noreferrer noopener\"><img loading=\"lazy\" decoding=\"async\" width=\"681\" height=\"1024\" src=\"https:\/\/www.sklep.demarco.pl\/blog\/wp-content\/uploads\/2026\/09\/De_marco_suknia_max_3-681x1024.jpg\" alt=\"Nowa kolekcja luksusowych sukienek na \u015blub syna lub c\u00f3rki\" class=\"wp-image-20286 size-full\" srcset=\"https:\/\/www.sklep.demarco.pl\/blog\/wp-content\/uploads\/2026\/09\/De_marco_suknia_max_3-681x1024.jpg 681w, https:\/\/www.sklep.demarco.pl\/blog\/wp-content\/uploads\/2026\/09\/De_marco_suknia_max_3-200x300.jpg 200w, https:\/\/www.sklep.demarco.pl\/blog\/wp-content\/uploads\/2026\/09\/De_marco_suknia_max_3-768x1154.jpg 768w, https:\/\/www.sklep.demarco.pl\/blog\/wp-content\/uploads\/2026\/09\/De_marco_suknia_max_3.jpg 841w\" sizes=\"auto, (max-width: 681px) 100vw, 681px\" \/><\/a><\/figure><div class=\"wp-block-media-text__content\">\n<p class=\"wp-block-paragraph\">Luksusowe sukienki na \u015blub syna lub c\u00f3rki &#8211; De Marco Atelier W\u0142adys\u0142awy Fr\u0105czek Polskiej projektantki luksusowej odzie\u017cy damskiej<\/p>\n\n\n\n<p class=\"wp-block-paragraph\">Szanowni Pa\u0144stwo,<\/p>\n\n\n\n<p class=\"wp-block-paragraph\">\u015alub dziecka jest wydarzeniem, kt\u00f3rego nie spos\u00f3b por\u00f3wna\u0107 z \u017cadn\u0105 inn\u0105 uroczysto\u015bci\u0105. To dzie\u0144 pe\u0142en wzrusze\u0144, dumy i wdzi\u0119czno\u015bci za lata wsp\u00f3lnie prze\u017cytych chwil. Dla mamy panny m\u0142odej oraz mamy pana m\u0142odego jest to r\u00f3wnie\u017c moment symboliczny \u2013 pi\u0119kne zwie\u0144czenie najwa\u017cniejszej roli, jak\u0105 przysz\u0142o jej pe\u0142ni\u0107 w \u017cyciu.<\/p>\n\n\n\n<p class=\"wp-block-paragraph\">Tak wyj\u0105tkowa chwila zas\u0142uguje na kreacj\u0119 r\u00f3wnie niezwyk\u0142\u0105.<\/p>\n\n\n\n<p class=\"wp-block-paragraph\">W Atelier De Marco z dum\u0105 prezentujemy now\u0105 kolekcj\u0119 luksusowych sukienek na \u015blub syna lub c\u00f3rki \u2013 projektowanych i szytych od pocz\u0105tku do ko\u0144ca w Polsce, z najwy\u017cszym szacunkiem dla tradycji polskiego krawiectwa miarowego.<\/p>\n<\/div><\/div>\n\n\n\n<p class=\"wp-block-paragraph\">Czytaj r\u00f3wnie\u017c: <a href=\"https:\/\/www.sklep.demarco.pl\/blog\/ekskluzywne-sukienki-na-jesienne-wesele-unikaty-szyte-na-miare-de-marco\/\">Ekskluzywne sukienki na jesienne wesele \u2013 unikaty szyte na miar\u0119 De Marco<\/a><\/p>\n\n\n\n<div class=\"wp-block-media-text is-stacked-on-mobile\"><figure class=\"wp-block-media-text__media\"><a href=\"https:\/\/www.sklep.demarco.pl\/suknia-wieczorowa-wiktoria-ii\" target=\"_blank\" rel=\" noreferrer noopener\"><img loading=\"lazy\" decoding=\"async\" width=\"1024\" height=\"1024\" src=\"https:\/\/www.sklep.demarco.pl\/blog\/wp-content\/uploads\/2026\/09\/suknia_z_rozami_1.jpg\" alt=\"Najpi\u0119kniejsza sukienka dla 60 latki projektowana i szyta na miar\u0119 w De Marco \" class=\"wp-image-20275 size-full\" srcset=\"https:\/\/www.sklep.demarco.pl\/blog\/wp-content\/uploads\/2026\/09\/suknia_z_rozami_1.jpg 1024w, https:\/\/www.sklep.demarco.pl\/blog\/wp-content\/uploads\/2026\/09\/suknia_z_rozami_1-300x300.jpg 300w, https:\/\/www.sklep.demarco.pl\/blog\/wp-content\/uploads\/2026\/09\/suknia_z_rozami_1-150x150.jpg 150w, https:\/\/www.sklep.demarco.pl\/blog\/wp-content\/uploads\/2026\/09\/suknia_z_rozami_1-768x768.jpg 768w\" sizes=\"auto, (max-width: 1024px) 100vw, 1024px\" \/><\/a><\/figure><div class=\"wp-block-media-text__content\">\n<h2 class=\"wp-block-heading\">Sukienka godna najwa\u017cniejszego dnia<\/h2>\n\n\n\n<p class=\"wp-block-paragraph\">Kreacja dla mamy wesela powinna by\u0107 elegancka, szlachetna i ponadczasowa. Nie ma potrzeby rywalizowa\u0107 z pann\u0105 m\u0142od\u0105 ani ulega\u0107 chwilowym modom. Najwi\u0119ksze wra\u017cenie robi kobieta, kt\u00f3ra emanuje spokojem, klas\u0105 i naturaln\u0105 pewno\u015bci\u0105 siebie.<\/p>\n\n\n\n<p class=\"wp-block-paragraph\">Dlatego nasze projekty powstaj\u0105 z my\u015bl\u0105 o dojrza\u0142ych kobietach, kt\u00f3re pragn\u0105 podkre\u015bli\u0107 swoje pi\u0119kno poprzez doskona\u0142y kr\u00f3j, wyrafinowane tkaniny i subtelne detale.<\/p>\n\n\n\n<p class=\"wp-block-paragraph\">To luksus oparty na harmonii, nie na przesadzie.<\/p>\n<\/div><\/div>\n\n\n\n<p class=\"wp-block-paragraph\">Czytaj r\u00f3wnie\u017c: <a href=\"https:\/\/www.sklep.demarco.pl\/blog\/polskie-eleganckie-ubrania-dla-60-latki-kiedy-jak-nie-teraz\/\">Polskie eleganckie ubrania dla 60-latki. Kiedy, jak nie teraz?<\/a><\/p>\n\n\n\n<div class=\"wp-block-media-text is-stacked-on-mobile\"><figure class=\"wp-block-media-text__media\"><a href=\"https:\/\/www.sklep.demarco.pl\/dla-mamy-wesela\" target=\"_blank\" rel=\" noreferrer noopener\"><img loading=\"lazy\" decoding=\"async\" width=\"1024\" height=\"682\" src=\"https:\/\/www.sklep.demarco.pl\/blog\/wp-content\/uploads\/2026\/08\/poslkie_sukienki_2-1024x682.jpg\" alt=\"Projektowanie i szycie na miar\u0119 w profesjonalnej pracowni krawieckiej De Marco to tu szyj\u0105 elity Europy\" class=\"wp-image-20180 size-full\" srcset=\"https:\/\/www.sklep.demarco.pl\/blog\/wp-content\/uploads\/2026\/08\/poslkie_sukienki_2-1024x682.jpg 1024w, https:\/\/www.sklep.demarco.pl\/blog\/wp-content\/uploads\/2026\/08\/poslkie_sukienki_2-300x200.jpg 300w, https:\/\/www.sklep.demarco.pl\/blog\/wp-content\/uploads\/2026\/08\/poslkie_sukienki_2-768x512.jpg 768w, https:\/\/www.sklep.demarco.pl\/blog\/wp-content\/uploads\/2026\/08\/poslkie_sukienki_2-1536x1024.jpg 1536w, https:\/\/www.sklep.demarco.pl\/blog\/wp-content\/uploads\/2026\/08\/poslkie_sukienki_2.jpg 2000w\" sizes=\"auto, (max-width: 1024px) 100vw, 1024px\" \/><\/a><\/figure><div class=\"wp-block-media-text__content\">\n<h2 class=\"wp-block-heading\">Polskie rzemios\u0142o od projektu po ostatni \u015bcieg<\/h2>\n\n\n\n<p class=\"wp-block-paragraph\">Szanowni Pa\u0144stwo, w czasach masowej produkcji coraz wi\u0119ksz\u0105 warto\u015b\u0107 maj\u0105 rzeczy tworzone lokalnie, z pasj\u0105 i odpowiedzialno\u015bci\u0105. Wszystkie sukienki De Marco powstaj\u0105 w Polsce \u2013 od pierwszego szkicu projektowego, przez konstrukcj\u0119 formy, dob\u00f3r tkanin i r\u0119czne wyko\u0144czenia, a\u017c po ostatni \u015bcieg wykonany w naszym atelier.<\/p>\n\n\n\n<p class=\"wp-block-paragraph\">Ka\u017cda kreacja jest efektem pracy do\u015bwiadczonych projektantek i krawcowych, dla kt\u00f3rych jako\u015b\u0107 wykonania stanowi najwy\u017csz\u0105 warto\u015b\u0107. To w\u0142a\u015bnie dzi\u0119ki temu nasze sukienki zachwycaj\u0105 nie tylko wygl\u0105dem, lecz tak\u017ce perfekcyjnym uk\u0142adaniem si\u0119 na sylwetce.<\/p>\n<\/div><\/div>\n\n\n\n<p class=\"wp-block-paragraph\">Czytaj r\u00f3wnie\u017c: <a href=\"https:\/\/www.demarco.pl\/elegancja-w-blekicie-jak-kreowac-profesjonalny-wizerunek-z-de-marco\/\">Elegancja w b\u0142\u0119kicie. Jak kreowa\u0107 profesjonalny wizerunek z De Marco<\/a><\/p>\n\n\n\n<div class=\"wp-block-media-text is-stacked-on-mobile\"><figure class=\"wp-block-media-text__media\"><a href=\"https:\/\/www.sklep.demarco.pl\/wizytowy-zakiet-z-sukienka-gizela-ii\" target=\"_blank\" rel=\" noreferrer noopener\"><img loading=\"lazy\" decoding=\"async\" width=\"1024\" height=\"683\" src=\"https:\/\/www.sklep.demarco.pl\/blog\/wp-content\/uploads\/2026\/06\/115-1024x683.jpg\" alt=\"\u015amietanowo granatowy komplet na wesele dla mamy i te\u015bciowej wesela\" class=\"wp-image-19609 size-full\" srcset=\"https:\/\/www.sklep.demarco.pl\/blog\/wp-content\/uploads\/2026\/06\/115-1024x683.jpg 1024w, https:\/\/www.sklep.demarco.pl\/blog\/wp-content\/uploads\/2026\/06\/115-300x200.jpg 300w, https:\/\/www.sklep.demarco.pl\/blog\/wp-content\/uploads\/2026\/06\/115-768x512.jpg 768w, https:\/\/www.sklep.demarco.pl\/blog\/wp-content\/uploads\/2026\/06\/115-1536x1024.jpg 1536w, https:\/\/www.sklep.demarco.pl\/blog\/wp-content\/uploads\/2026\/06\/115-2048x1365.jpg 2048w\" sizes=\"auto, (max-width: 1024px) 100vw, 1024px\" \/><\/a><\/figure><div class=\"wp-block-media-text__content\">\n<h2 class=\"wp-block-heading\">Indywidualne szycie na miar\u0119<\/h2>\n\n\n\n<p class=\"wp-block-paragraph\">Nie istniej\u0105 dwie identyczne kobiety, dlatego nie powinny istnie\u0107 dwie identyczne kreacje na tak wyj\u0105tkow\u0105 uroczysto\u015b\u0107. W De Marco ka\u017cda sukienka jest dopasowywana do proporcji figury, typu urody oraz charakteru przysz\u0142ej w\u0142a\u015bcicielki.<\/p>\n\n\n\n<p class=\"wp-block-paragraph\">Projekt uwzgl\u0119dnia mi\u0119dzy innymi:<\/p>\n\n\n\n<ul class=\"wp-block-list\">\n<li>lini\u0119 talii i ramion,<\/li>\n\n\n\n<li>d\u0142ugo\u015b\u0107 odpowiedni\u0105 do wzrostu,<\/li>\n\n\n\n<li>kolor harmonizuj\u0105cy z cer\u0105 i w\u0142osami,<\/li>\n\n\n\n<li>styl uroczysto\u015bci oraz indywidualne preferencje Klientki.<\/li>\n<\/ul>\n\n\n\n<p class=\"wp-block-paragraph\">Efektem jest kreacja, kt\u00f3ra nie tylko pi\u0119knie wygl\u0105da, ale r\u00f3wnie\u017c zapewnia komfort podczas ca\u0142ego dnia weselnego.<\/p>\n<\/div><\/div>\n\n\n\n<p class=\"wp-block-paragraph\">Czytaj r\u00f3wnie\u017c: <a href=\"https:\/\/www.sklep.demarco.pl\/blog\/elegancka-sukienka-wizytowa-na-jesien-de-marco-luksusowa-polska-marka-szyjaca-na-miare\/\">Elegancka sukienka wizytowa na jesie\u0144 \u2013 De Marco. Luksusowa polska marka szyj\u0105ca na miar\u0119<\/a><\/p>\n\n\n\n<div class=\"wp-block-media-text is-stacked-on-mobile\"><figure class=\"wp-block-media-text__media\"><a href=\"https:\/\/www.sklep.demarco.pl\/dla-mamy-wesela\" target=\"_blank\" rel=\" noreferrer noopener\"><img loading=\"lazy\" decoding=\"async\" width=\"424\" height=\"466\" src=\"https:\/\/www.sklep.demarco.pl\/blog\/wp-content\/uploads\/2026\/01\/unikatowe-stylizacje-szyte-na-miare.jpg\" alt=\"Niepowtarzalne i najpi\u0119kniejsze sukienki na wesele dla mamy Panny m\u0142odej lub Pana m\u0142odego. Unikatowe stylizacje od krawca z De Marco Atelier W\u0142adys\u0142awy Fr\u0105czek\" class=\"wp-image-19036 size-full\" srcset=\"https:\/\/www.sklep.demarco.pl\/blog\/wp-content\/uploads\/2026\/01\/unikatowe-stylizacje-szyte-na-miare.jpg 424w, https:\/\/www.sklep.demarco.pl\/blog\/wp-content\/uploads\/2026\/01\/unikatowe-stylizacje-szyte-na-miare-273x300.jpg 273w\" sizes=\"auto, (max-width: 424px) 100vw, 424px\" \/><\/a><\/figure><div class=\"wp-block-media-text__content\">\n<h2 class=\"wp-block-heading\">Luksusowe detale tworz\u0105 niepowtarzalno\u015b\u0107<\/h2>\n\n\n\n<p class=\"wp-block-paragraph\">Nowa kolekcja wyr\u00f3\u017cnia si\u0119 autorskimi fasonami oraz r\u0119cznie wykonywanymi zdobieniami. Delikatne aplikacje kwiatowe, subtelne hafty, koralikowe wyko\u0144czenia i przestrzenne elementy dekoracyjne powstaj\u0105 indywidualnie dla ka\u017cdej realizacji.<\/p>\n\n\n\n<p class=\"wp-block-paragraph\">To w\u0142a\u015bnie te detale sprawiaj\u0105, \u017ce ka\u017cda sukienka staje si\u0119 ma\u0142ym dzie\u0142em sztuki u\u017cytkowej \u2013 eleganckim, niepowtarzalnym i ponadczasowym.<\/p>\n<\/div><\/div>\n\n\n\n<p class=\"wp-block-paragraph\">Czytaj r\u00f3wnie\u017c: <a href=\"https:\/\/www.demarco.pl\/najmodniejsze-stylizacje-na-jesien-moda-dla-eleganckich-dojrzalych-kobiet\/\">Najmodniejsze stylizacje na jesie\u0144 \u2013 moda dla eleganckich dojrza\u0142ych kobiet<\/a><\/p>\n\n\n\n<div class=\"wp-block-media-text is-stacked-on-mobile\"><figure class=\"wp-block-media-text__media\"><a href=\"https:\/\/www.sklep.demarco.pl\/dla-mamy-wesela\" target=\"_blank\" rel=\" noreferrer noopener\"><img loading=\"lazy\" decoding=\"async\" width=\"288\" height=\"640\" src=\"https:\/\/www.sklep.demarco.pl\/blog\/wp-content\/uploads\/2026\/08\/signal-2023-07-06-093440_002.jpeg\" alt=\"Najpi\u0119kniejsze suknie dla mamy i te\u015bciowej wesela. Gdzie warto uszy\u0107 sukienk\u0119 na wesele? Gdzie kupi\u0107 niepowtarzaln\u0105 suknie na \u015blub syna lub c\u00f3rki \" class=\"wp-image-20189 size-full\" srcset=\"https:\/\/www.sklep.demarco.pl\/blog\/wp-content\/uploads\/2026\/08\/signal-2023-07-06-093440_002.jpeg 288w, https:\/\/www.sklep.demarco.pl\/blog\/wp-content\/uploads\/2026\/08\/signal-2023-07-06-093440_002-135x300.jpeg 135w\" sizes=\"auto, (max-width: 288px) 100vw, 288px\" \/><\/a><\/figure><div class=\"wp-block-media-text__content\">\n<h2 class=\"wp-block-heading\">De Marco \u2013 polska marka dla wyj\u0105tkowych kobiet<\/h2>\n\n\n\n<p class=\"wp-block-paragraph\">Szanowni Pa\u0144stwo, od ponad dw\u00f3ch dekad tworzymy luksusow\u0105 odzie\u017c damsk\u0105 dla kobiet, kt\u00f3re ceni\u0105 najwy\u017csz\u0105 jako\u015b\u0107, indywidualne podej\u015bcie i pi\u0119kno tradycyjnego krawiectwa. Nasze sukienki na \u015blub syna lub c\u00f3rki powstaj\u0105 z my\u015bl\u0105 o mamach, kt\u00f3re pragn\u0105 prze\u017cy\u0107 ten niezwyk\u0142y dzie\u0144 w kreacji odzwierciedlaj\u0105cej ich godno\u015b\u0107, kobieco\u015b\u0107 i elegancj\u0119.<\/p>\n\n\n\n<p class=\"wp-block-paragraph\">Serdecznie zapraszamy do odkrycia nowej kolekcji De Marco oraz do \u015bwiata sukienek szytych w Polsce \u2013 od pierwszej idei a\u017c po ostatni, perfekcyjnie wykonany detal.<\/p>\n<\/div><\/div>\n\n\n\n<p class=\"wp-block-paragraph\">Czytaj r\u00f3wnie\u017c: <a href=\"https:\/\/www.sklep.demarco.pl\/blog\/najpiekniejsze-sukienki-na-wesele-dla-mamy-i-tesciowej-de-marco-szycie-na-miare\/\">Najpi\u0119kniejsze sukienki na wesele dla mamy i te\u015bciowej \u2013 De Marco szycie na miar\u0119<\/a><\/p>\n\n\n\n<figure class=\"wp-block-embed is-type-wp-embed is-provider-de-marco wp-block-embed-de-marco\"><div class=\"wp-block-embed__wrapper\">\n<blockquote class=\"wp-embedded-content\" data-secret=\"IIdkX0cNob\"><a href=\"https:\/\/www.sklep.demarco.pl\/blog\/ekskluzywne-sukienki-na-wesele-dla-mamy-najpiekniejsze-kreacje-szyte-na-miare-de-marco\/\">Ekskluzywne sukienki na wesele dla mamy \u2013 najpi\u0119kniejsze kreacje szyte na miar\u0119 De Marco<\/a><\/blockquote><iframe loading=\"lazy\" class=\"wp-embedded-content\" sandbox=\"allow-scripts\" security=\"restricted\" style=\"position: absolute; visibility: hidden;\" title=\"\u201eEkskluzywne sukienki na wesele dla mamy \u2013 najpi\u0119kniejsze kreacje szyte na miar\u0119 De Marco\u201d \u2014 De Marco\" src=\"https:\/\/www.sklep.demarco.pl\/blog\/ekskluzywne-sukienki-na-wesele-dla-mamy-najpiekniejsze-kreacje-szyte-na-miare-de-marco\/embed\/#?secret=yboFmZWiNO#?secret=IIdkX0cNob\" data-secret=\"IIdkX0cNob\" width=\"500\" height=\"282\" frameborder=\"0\" marginwidth=\"0\" marginheight=\"0\" scrolling=\"no\"><\/iframe>\n<\/div><\/figure>\n\n\n\n<hr class=\"wp-block-separator has-alpha-channel-opacity\"\/>\n\n\n\n<div class=\"wp-block-media-text is-stacked-on-mobile\"><figure class=\"wp-block-media-text__media\"><a href=\"https:\/\/www.sklep.demarco.pl\/blog\/wp-content\/uploads\/2026\/08\/AI-LABELS_3x2_AI_black-50.png\"><img loading=\"lazy\" decoding=\"async\" width=\"50\" height=\"33\" src=\"https:\/\/www.sklep.demarco.pl\/blog\/wp-content\/uploads\/2026\/08\/AI-LABELS_3x2_AI_black-50.png\" alt=\"Nota informacyjna Artyku\u0142 powsta\u0142 na podstawie autorskich tekst\u00f3w Atelier De Marco, tworzonych zgodnie z nasz\u0105 misj\u0105 edukacyjn\u0105 i informacyjn\u0105, a nast\u0119pnie zosta\u0142 zredagowany z wykorzystaniem technologii AI. Cz\u0119\u015b\u0107 zdj\u0119\u0107, przedstawia modelk\u0119 w naszych autorskich projektach, uszytych w atelier De Marco i zosta\u0142y one poddana kreatywnej obr\u00f3bce AI. Wszystkie materia\u0142y s\u0105 przez nas starannie redagowane i weryfikowane. Pozosta\u0142e zdj\u0119cia s\u0105 nades\u0142ane przez klientki lub wykonane w Salonie Mody De Marco. Serdecznie dzi\u0119kujemy naszym Klientkom za zaufanie i zgod\u0119 na wykorzystanie ich fotografii. \u017byczymy Pa\u0144stwu wielu dalszych sukces\u00f3w!\" class=\"wp-image-20056 size-full\"\/><\/a><\/figure><div class=\"wp-block-media-text__content\">\n<p class=\"wp-block-paragraph\">Nota informacyjna <\/p>\n\n\n\n<p class=\"wp-block-paragraph\">Artyku\u0142 powsta\u0142 na podstawie autorskich tekst\u00f3w Atelier De Marco, tworzonych zgodnie z nasz\u0105 misj\u0105 edukacyjn\u0105 i informacyjn\u0105, a nast\u0119pnie zosta\u0142 zredagowany z wykorzystaniem technologii AI. <\/p>\n\n\n\n<p class=\"wp-block-paragraph\">Cz\u0119\u015b\u0107 zdj\u0119\u0107, przedstawia modelk\u0119 w naszych autorskich projektach, uszytych w atelier De Marco i zosta\u0142y one poddana kreatywnej obr\u00f3bce AI. Wszystkie materia\u0142y s\u0105 przez nas starannie redagowane i weryfikowane. Pozosta\u0142e zdj\u0119cia s\u0105 nades\u0142ane przez klientki lub wykonane w Salonie Mody De Marco. Serdecznie dzi\u0119kujemy naszym Klientkom za zaufanie i zgod\u0119 na wykorzystanie ich fotografii. \u017byczymy Pa\u0144stwu wielu dalszych sukces\u00f3w!<\/p>\n<\/div><\/div>\n\n\n<!-- wp:themify-builder\/canvas \/-->","protected":false},"excerpt":{"rendered":"<p>Od pocz\u0105tku do ko\u0144ca szyte w Polsce Luksusowe sukienki na \u015blub syna lub c\u00f3rki &#8211; De Marco Atelier W\u0142adys\u0142awy Fr\u0105czek Polskiej projektantki luksusowej odzie\u017cy damskiej Szanowni Pa\u0144stwo, \u015alub dziecka jest wydarzeniem, kt\u00f3rego nie spos\u00f3b por\u00f3wna\u0107 z \u017cadn\u0105 inn\u0105 uroczysto\u015bci\u0105. To dzie\u0144 pe\u0142en wzrusze\u0144, dumy i wdzi\u0119czno\u015bci za lata wsp\u00f3lnie prze\u017cytych chwil. Dla mamy panny m\u0142odej [&hellip;]<\/p>\n","protected":false},"author":1,"featured_media":20285,"comment_status":"closed","ping_status":"closed","sticky":false,"template":"","format":"standard","meta":{"_jetpack_newsletter_access":"","_jetpack_dont_email_post_to_subs":false,"_jetpack_newsletter_tier_id":0,"_jetpack_memberships_contains_paywalled_content":false,"_jetpack_memberships_contains_paid_content":false,"footnotes":"","_links_to":"","_links_to_target":""},"categories":[15],"tags":[82,469,135,169,3491,4436,3339,316,515,516,417,478,4434,197,231,234,4420,4422,4432,4424,4430,4426,176,217,224,470,518,522],"class_list":["post-20283","post","type-post","status-publish","format-standard","has-post-thumbnail","hentry","category-metamorfoza","tag-de-marco","tag-de-marco-ekskluzywna-marka","tag-de-marco-frydrychowice","tag-de-marco-kolekcja","tag-ekskluzywna-odziez-damska-polskich-producentow","tag-ekskluzywny-salon-slubny","tag-elegancka-odziez-damska-sklep-internetowy","tag-elegancka-rozkloszoawna-sukienka","tag-eleganckie-sukienki-na-wesele-dla-mamy-puszystej","tag-eleganckie-sukienki-na-wesele-dla-mamy-sklep-warszawa","tag-garnitur-damski-dla-mamy-wesela","tag-markowa-odziez-damska","tag-najlepszy-salon-slubny","tag-najmodniejsze-sukienki-dla-mamy","tag-oryginalna-sukienka-dla-mamy-wesela","tag-salon-mody-de-marco","tag-salon-slubny","tag-salon-slubny-bielsko-biala","tag-salon-slubny-katowice","tag-salon-slubny-krakow","tag-salon-sukien-slubnych-katowice","tag-salon-sukien-slubnych-krakow","tag-sklep-de-marco","tag-sklep-internetowy","tag-sukienka-dla-mamy-wesela","tag-sukienki-dla-mamy-i-tesciowej","tag-sukienki-na-wesele-dla-mamy-i-tesciowej","tag-suknie-dla-mamy-weselnej"],"yoast_head":"<!-- This site is optimized with the Yoast SEO plugin v28.4 - https:\/\/yoast.com\/product\/yoast-seo-wordpress\/ -->\n<title>Nowa kolekcja luksusowych sukienek na \u015blub syna lub c\u00f3rki \u2013 De Marco - De Marco<\/title>\n<meta name=\"robots\" content=\"index, follow, max-snippet:-1, max-image-preview:large, max-video-preview:-1\" \/>\n<link rel=\"canonical\" href=\"https:\/\/www.sklep.demarco.pl\/blog\/nowa-kolekcja-luksusowych-sukienek-na-slub-syna-lub-corki-de-marco\/\" \/>\n<meta property=\"og:locale\" content=\"pl_PL\" \/>\n<meta property=\"og:type\" content=\"article\" \/>\n<meta property=\"og:title\" content=\"Nowa kolekcja luksusowych sukienek na \u015blub syna lub c\u00f3rki \u2013 De Marco - De Marco\" \/>\n<meta property=\"og:description\" content=\"Od pocz\u0105tku do ko\u0144ca szyte w Polsce Luksusowe sukienki na \u015blub syna lub c\u00f3rki &#8211; De Marco Atelier W\u0142adys\u0142awy Fr\u0105czek Polskiej projektantki luksusowej odzie\u017cy damskiej Szanowni Pa\u0144stwo, \u015alub dziecka jest wydarzeniem, kt\u00f3rego nie spos\u00f3b por\u00f3wna\u0107 z \u017cadn\u0105 inn\u0105 uroczysto\u015bci\u0105. To dzie\u0144 pe\u0142en wzrusze\u0144, dumy i wdzi\u0119czno\u015bci za lata wsp\u00f3lnie prze\u017cytych chwil. Dla mamy panny m\u0142odej [&hellip;]\" \/>\n<meta property=\"og:url\" content=\"https:\/\/www.sklep.demarco.pl\/blog\/nowa-kolekcja-luksusowych-sukienek-na-slub-syna-lub-corki-de-marco\/\" \/>\n<meta property=\"og:site_name\" content=\"De Marco\" \/>\n<meta property=\"article:publisher\" content=\"https:\/\/www.facebook.com\/DeMarco.Styl\" \/>\n<meta property=\"article:published_time\" content=\"2026-09-03T17:30:39+00:00\" \/>\n<meta property=\"article:modified_time\" content=\"2026-09-03T17:30:43+00:00\" \/>\n<meta property=\"og:image\" content=\"https:\/\/www.sklep.demarco.pl\/blog\/wp-content\/uploads\/2026\/09\/De_marco_suknia_max_2.jpg\" \/>\n\t<meta property=\"og:image:width\" content=\"832\" \/>\n\t<meta property=\"og:image:height\" content=\"1251\" \/>\n\t<meta property=\"og:image:type\" content=\"image\/jpeg\" \/>\n<meta name=\"author\" content=\"de marco\" \/>\n<meta name=\"twitter:label1\" content=\"Napisane przez\" \/>\n\t<meta name=\"twitter:data1\" content=\"de marco\" \/>\n\t<meta name=\"twitter:label2\" content=\"Szacowany czas czytania\" \/>\n\t<meta name=\"twitter:data2\" content=\"6 minut\" \/>\n<script type=\"application\/ld+json\" class=\"yoast-schema-graph\">{\"@context\":\"https:\\\/\\\/schema.org\",\"@graph\":[{\"@type\":\"Article\",\"@id\":\"https:\\\/\\\/www.sklep.demarco.pl\\\/blog\\\/nowa-kolekcja-luksusowych-sukienek-na-slub-syna-lub-corki-de-marco\\\/#article\",\"isPartOf\":{\"@id\":\"https:\\\/\\\/www.sklep.demarco.pl\\\/blog\\\/nowa-kolekcja-luksusowych-sukienek-na-slub-syna-lub-corki-de-marco\\\/\"},\"author\":{\"name\":\"de marco\",\"@id\":\"https:\\\/\\\/www.sklep.demarco.pl\\\/blog\\\/#\\\/schema\\\/person\\\/38456e8269588abfbbdda5bc04dad142\"},\"headline\":\"Nowa kolekcja luksusowych sukienek na \u015blub syna lub c\u00f3rki \u2013 De Marco\",\"datePublished\":\"2026-09-03T17:30:39+00:00\",\"dateModified\":\"2026-09-03T17:30:43+00:00\",\"mainEntityOfPage\":{\"@id\":\"https:\\\/\\\/www.sklep.demarco.pl\\\/blog\\\/nowa-kolekcja-luksusowych-sukienek-na-slub-syna-lub-corki-de-marco\\\/\"},\"wordCount\":774,\"image\":{\"@id\":\"https:\\\/\\\/www.sklep.demarco.pl\\\/blog\\\/nowa-kolekcja-luksusowych-sukienek-na-slub-syna-lub-corki-de-marco\\\/#primaryimage\"},\"thumbnailUrl\":\"https:\\\/\\\/www.sklep.demarco.pl\\\/blog\\\/wp-content\\\/uploads\\\/2026\\\/09\\\/De_marco_suknia_max_2.jpg\",\"keywords\":[\"De Marco\",\"De Marco ekskluzywna marka\",\"De Marco Frydrychowice\",\"de marco-kolekcja\",\"Ekskluzywna odzie\u017c damska polskich producent\u00f3w\",\"ekskluzywny salon \u015blubny\",\"Elegancka odzie\u017c damska sklep internetowy\",\"elegancka rozkloszoawna sukienka\",\"Eleganckie sukienki na wesele dla mamy puszystej\",\"Eleganckie sukienki na wesele dla mamy sklep Warszawa\",\"garnitur damski dla mamy wesela\",\"markowa odzie\u017c damska\",\"Najlepszy salon \u015blubny\",\"Najmodniejsze sukienki dla mamy\",\"oryginalna sukienka dla mamy wesela\",\"salon mody De Marco\",\"salon \u015blubny\",\"Salon \u015blubny Bielsko-Bia\u0142a\",\"Salon \u015blubny Katowice\",\"Salon \u015blubny Krak\u00f3w\",\"Salon sukien \u015blubnych Katowice\",\"Salon sukien \u015blubnych Krak\u00f3w\",\"sklep De marco\",\"sklep internetowy\",\"sukienka dla mamy wesela\",\"sukienki dla mamy i te\u015bciowej\",\"Sukienki na wesele dla mamy i te\u015bciowej\",\"Suknie dla mamy weselnej\"],\"articleSection\":[\"METAMORFOZA\"],\"inLanguage\":\"pl-PL\"},{\"@type\":\"WebPage\",\"@id\":\"https:\\\/\\\/www.sklep.demarco.pl\\\/blog\\\/nowa-kolekcja-luksusowych-sukienek-na-slub-syna-lub-corki-de-marco\\\/\",\"url\":\"https:\\\/\\\/www.sklep.demarco.pl\\\/blog\\\/nowa-kolekcja-luksusowych-sukienek-na-slub-syna-lub-corki-de-marco\\\/\",\"name\":\"Nowa kolekcja luksusowych sukienek na \u015blub syna lub c\u00f3rki \u2013 De Marco - De Marco\",\"isPartOf\":{\"@id\":\"https:\\\/\\\/www.sklep.demarco.pl\\\/blog\\\/#website\"},\"primaryImageOfPage\":{\"@id\":\"https:\\\/\\\/www.sklep.demarco.pl\\\/blog\\\/nowa-kolekcja-luksusowych-sukienek-na-slub-syna-lub-corki-de-marco\\\/#primaryimage\"},\"image\":{\"@id\":\"https:\\\/\\\/www.sklep.demarco.pl\\\/blog\\\/nowa-kolekcja-luksusowych-sukienek-na-slub-syna-lub-corki-de-marco\\\/#primaryimage\"},\"thumbnailUrl\":\"https:\\\/\\\/www.sklep.demarco.pl\\\/blog\\\/wp-content\\\/uploads\\\/2026\\\/09\\\/De_marco_suknia_max_2.jpg\",\"datePublished\":\"2026-09-03T17:30:39+00:00\",\"dateModified\":\"2026-09-03T17:30:43+00:00\",\"author\":{\"@id\":\"https:\\\/\\\/www.sklep.demarco.pl\\\/blog\\\/#\\\/schema\\\/person\\\/38456e8269588abfbbdda5bc04dad142\"},\"breadcrumb\":{\"@id\":\"https:\\\/\\\/www.sklep.demarco.pl\\\/blog\\\/nowa-kolekcja-luksusowych-sukienek-na-slub-syna-lub-corki-de-marco\\\/#breadcrumb\"},\"inLanguage\":\"pl-PL\",\"potentialAction\":[{\"@type\":\"ReadAction\",\"target\":[\"https:\\\/\\\/www.sklep.demarco.pl\\\/blog\\\/nowa-kolekcja-luksusowych-sukienek-na-slub-syna-lub-corki-de-marco\\\/\"]}]},{\"@type\":\"ImageObject\",\"inLanguage\":\"pl-PL\",\"@id\":\"https:\\\/\\\/www.sklep.demarco.pl\\\/blog\\\/nowa-kolekcja-luksusowych-sukienek-na-slub-syna-lub-corki-de-marco\\\/#primaryimage\",\"url\":\"https:\\\/\\\/www.sklep.demarco.pl\\\/blog\\\/wp-content\\\/uploads\\\/2026\\\/09\\\/De_marco_suknia_max_2.jpg\",\"contentUrl\":\"https:\\\/\\\/www.sklep.demarco.pl\\\/blog\\\/wp-content\\\/uploads\\\/2026\\\/09\\\/De_marco_suknia_max_2.jpg\",\"width\":832,\"height\":1251,\"caption\":\"Luksusowe sukienki na \u015blub syna lub c\u00f3rki\"},{\"@type\":\"BreadcrumbList\",\"@id\":\"https:\\\/\\\/www.sklep.demarco.pl\\\/blog\\\/nowa-kolekcja-luksusowych-sukienek-na-slub-syna-lub-corki-de-marco\\\/#breadcrumb\",\"itemListElement\":[{\"@type\":\"ListItem\",\"position\":1,\"name\":\"Strona g\u0142\u00f3wna\",\"item\":\"https:\\\/\\\/www.sklep.demarco.pl\\\/blog\\\/\"},{\"@type\":\"ListItem\",\"position\":2,\"name\":\"Nowa kolekcja luksusowych sukienek na \u015blub syna lub c\u00f3rki \u2013 De Marco\"}]},{\"@type\":\"WebSite\",\"@id\":\"https:\\\/\\\/www.sklep.demarco.pl\\\/blog\\\/#website\",\"url\":\"https:\\\/\\\/www.sklep.demarco.pl\\\/blog\\\/\",\"name\":\"De Marco\",\"description\":\"The finest women&#039;s clothing manufacturer\",\"potentialAction\":[{\"@type\":\"SearchAction\",\"target\":{\"@type\":\"EntryPoint\",\"urlTemplate\":\"https:\\\/\\\/www.sklep.demarco.pl\\\/blog\\\/?s={search_term_string}\"},\"query-input\":{\"@type\":\"PropertyValueSpecification\",\"valueRequired\":true,\"valueName\":\"search_term_string\"}}],\"inLanguage\":\"pl-PL\"},{\"@type\":\"Person\",\"@id\":\"https:\\\/\\\/www.sklep.demarco.pl\\\/blog\\\/#\\\/schema\\\/person\\\/38456e8269588abfbbdda5bc04dad142\",\"name\":\"de marco\",\"image\":{\"@type\":\"ImageObject\",\"inLanguage\":\"pl-PL\",\"@id\":\"https:\\\/\\\/secure.gravatar.com\\\/avatar\\\/1d03f06a246921ea2531e9b59fe2dcd5a125b6b3339bedd531ae0d7e4bb25f99?s=96&d=mm&r=g\",\"url\":\"https:\\\/\\\/secure.gravatar.com\\\/avatar\\\/1d03f06a246921ea2531e9b59fe2dcd5a125b6b3339bedd531ae0d7e4bb25f99?s=96&d=mm&r=g\",\"contentUrl\":\"https:\\\/\\\/secure.gravatar.com\\\/avatar\\\/1d03f06a246921ea2531e9b59fe2dcd5a125b6b3339bedd531ae0d7e4bb25f99?s=96&d=mm&r=g\",\"caption\":\"de marco\"},\"url\":\"https:\\\/\\\/www.sklep.demarco.pl\\\/blog\\\/author\\\/de-marco\\\/\"}]}<\/script>\n<!-- \/ Yoast SEO plugin. -->","yoast_head_json":{"title":"Nowa kolekcja luksusowych sukienek na \u015blub syna lub c\u00f3rki \u2013 De Marco - De Marco","robots":{"index":"index","follow":"follow","max-snippet":"max-snippet:-1","max-image-preview":"max-image-preview:large","max-video-preview":"max-video-preview:-1"},"canonical":"https:\/\/www.sklep.demarco.pl\/blog\/nowa-kolekcja-luksusowych-sukienek-na-slub-syna-lub-corki-de-marco\/","og_locale":"pl_PL","og_type":"article","og_title":"Nowa kolekcja luksusowych sukienek na \u015blub syna lub c\u00f3rki \u2013 De Marco - De Marco","og_description":"Od pocz\u0105tku do ko\u0144ca szyte w Polsce Luksusowe sukienki na \u015blub syna lub c\u00f3rki &#8211; De Marco Atelier W\u0142adys\u0142awy Fr\u0105czek Polskiej projektantki luksusowej odzie\u017cy damskiej Szanowni Pa\u0144stwo, \u015alub dziecka jest wydarzeniem, kt\u00f3rego nie spos\u00f3b por\u00f3wna\u0107 z \u017cadn\u0105 inn\u0105 uroczysto\u015bci\u0105. To dzie\u0144 pe\u0142en wzrusze\u0144, dumy i wdzi\u0119czno\u015bci za lata wsp\u00f3lnie prze\u017cytych chwil. Dla mamy panny m\u0142odej [&hellip;]","og_url":"https:\/\/www.sklep.demarco.pl\/blog\/nowa-kolekcja-luksusowych-sukienek-na-slub-syna-lub-corki-de-marco\/","og_site_name":"De Marco","article_publisher":"https:\/\/www.facebook.com\/DeMarco.Styl","article_published_time":"2026-09-03T17:30:39+00:00","article_modified_time":"2026-09-03T17:30:43+00:00","og_image":[{"width":832,"height":1251,"url":"https:\/\/www.sklep.demarco.pl\/blog\/wp-content\/uploads\/2026\/09\/De_marco_suknia_max_2.jpg","type":"image\/jpeg"}],"author":"de marco","twitter_misc":{"Napisane przez":"de marco","Szacowany czas czytania":"6 minut"},"schema":{"@context":"https:\/\/schema.org","@graph":[{"@type":"Article","@id":"https:\/\/www.sklep.demarco.pl\/blog\/nowa-kolekcja-luksusowych-sukienek-na-slub-syna-lub-corki-de-marco\/#article","isPartOf":{"@id":"https:\/\/www.sklep.demarco.pl\/blog\/nowa-kolekcja-luksusowych-sukienek-na-slub-syna-lub-corki-de-marco\/"},"author":{"name":"de marco","@id":"https:\/\/www.sklep.demarco.pl\/blog\/#\/schema\/person\/38456e8269588abfbbdda5bc04dad142"},"headline":"Nowa kolekcja luksusowych sukienek na \u015blub syna lub c\u00f3rki \u2013 De Marco","datePublished":"2026-09-03T17:30:39+00:00","dateModified":"2026-09-03T17:30:43+00:00","mainEntityOfPage":{"@id":"https:\/\/www.sklep.demarco.pl\/blog\/nowa-kolekcja-luksusowych-sukienek-na-slub-syna-lub-corki-de-marco\/"},"wordCount":774,"image":{"@id":"https:\/\/www.sklep.demarco.pl\/blog\/nowa-kolekcja-luksusowych-sukienek-na-slub-syna-lub-corki-de-marco\/#primaryimage"},"thumbnailUrl":"https:\/\/www.sklep.demarco.pl\/blog\/wp-content\/uploads\/2026\/09\/De_marco_suknia_max_2.jpg","keywords":["De Marco","De Marco ekskluzywna marka","De Marco Frydrychowice","de marco-kolekcja","Ekskluzywna odzie\u017c damska polskich producent\u00f3w","ekskluzywny salon \u015blubny","Elegancka odzie\u017c damska sklep internetowy","elegancka rozkloszoawna sukienka","Eleganckie sukienki na wesele dla mamy puszystej","Eleganckie sukienki na wesele dla mamy sklep Warszawa","garnitur damski dla mamy wesela","markowa odzie\u017c damska","Najlepszy salon \u015blubny","Najmodniejsze sukienki dla mamy","oryginalna sukienka dla mamy wesela","salon mody De Marco","salon \u015blubny","Salon \u015blubny Bielsko-Bia\u0142a","Salon \u015blubny Katowice","Salon \u015blubny Krak\u00f3w","Salon sukien \u015blubnych Katowice","Salon sukien \u015blubnych Krak\u00f3w","sklep De marco","sklep internetowy","sukienka dla mamy wesela","sukienki dla mamy i te\u015bciowej","Sukienki na wesele dla mamy i te\u015bciowej","Suknie dla mamy weselnej"],"articleSection":["METAMORFOZA"],"inLanguage":"pl-PL"},{"@type":"WebPage","@id":"https:\/\/www.sklep.demarco.pl\/blog\/nowa-kolekcja-luksusowych-sukienek-na-slub-syna-lub-corki-de-marco\/","url":"https:\/\/www.sklep.demarco.pl\/blog\/nowa-kolekcja-luksusowych-sukienek-na-slub-syna-lub-corki-de-marco\/","name":"Nowa kolekcja luksusowych sukienek na \u015blub syna lub c\u00f3rki \u2013 De Marco - De Marco","isPartOf":{"@id":"https:\/\/www.sklep.demarco.pl\/blog\/#website"},"primaryImageOfPage":{"@id":"https:\/\/www.sklep.demarco.pl\/blog\/nowa-kolekcja-luksusowych-sukienek-na-slub-syna-lub-corki-de-marco\/#primaryimage"},"image":{"@id":"https:\/\/www.sklep.demarco.pl\/blog\/nowa-kolekcja-luksusowych-sukienek-na-slub-syna-lub-corki-de-marco\/#primaryimage"},"thumbnailUrl":"https:\/\/www.sklep.demarco.pl\/blog\/wp-content\/uploads\/2026\/09\/De_marco_suknia_max_2.jpg","datePublished":"2026-09-03T17:30:39+00:00","dateModified":"2026-09-03T17:30:43+00:00","author":{"@id":"https:\/\/www.sklep.demarco.pl\/blog\/#\/schema\/person\/38456e8269588abfbbdda5bc04dad142"},"breadcrumb":{"@id":"https:\/\/www.sklep.demarco.pl\/blog\/nowa-kolekcja-luksusowych-sukienek-na-slub-syna-lub-corki-de-marco\/#breadcrumb"},"inLanguage":"pl-PL","potentialAction":[{"@type":"ReadAction","target":["https:\/\/www.sklep.demarco.pl\/blog\/nowa-kolekcja-luksusowych-sukienek-na-slub-syna-lub-corki-de-marco\/"]}]},{"@type":"ImageObject","inLanguage":"pl-PL","@id":"https:\/\/www.sklep.demarco.pl\/blog\/nowa-kolekcja-luksusowych-sukienek-na-slub-syna-lub-corki-de-marco\/#primaryimage","url":"https:\/\/www.sklep.demarco.pl\/blog\/wp-content\/uploads\/2026\/09\/De_marco_suknia_max_2.jpg","contentUrl":"https:\/\/www.sklep.demarco.pl\/blog\/wp-content\/uploads\/2026\/09\/De_marco_suknia_max_2.jpg","width":832,"height":1251,"caption":"Luksusowe sukienki na \u015blub syna lub c\u00f3rki"},{"@type":"BreadcrumbList","@id":"https:\/\/www.sklep.demarco.pl\/blog\/nowa-kolekcja-luksusowych-sukienek-na-slub-syna-lub-corki-de-marco\/#breadcrumb","itemListElement":[{"@type":"ListItem","position":1,"name":"Strona g\u0142\u00f3wna","item":"https:\/\/www.sklep.demarco.pl\/blog\/"},{"@type":"ListItem","position":2,"name":"Nowa kolekcja luksusowych sukienek na \u015blub syna lub c\u00f3rki \u2013 De Marco"}]},{"@type":"WebSite","@id":"https:\/\/www.sklep.demarco.pl\/blog\/#website","url":"https:\/\/www.sklep.demarco.pl\/blog\/","name":"De Marco","description":"The finest women&#039;s clothing manufacturer","potentialAction":[{"@type":"SearchAction","target":{"@type":"EntryPoint","urlTemplate":"https:\/\/www.sklep.demarco.pl\/blog\/?s={search_term_string}"},"query-input":{"@type":"PropertyValueSpecification","valueRequired":true,"valueName":"search_term_string"}}],"inLanguage":"pl-PL"},{"@type":"Person","@id":"https:\/\/www.sklep.demarco.pl\/blog\/#\/schema\/person\/38456e8269588abfbbdda5bc04dad142","name":"de marco","image":{"@type":"ImageObject","inLanguage":"pl-PL","@id":"https:\/\/secure.gravatar.com\/avatar\/1d03f06a246921ea2531e9b59fe2dcd5a125b6b3339bedd531ae0d7e4bb25f99?s=96&d=mm&r=g","url":"https:\/\/secure.gravatar.com\/avatar\/1d03f06a246921ea2531e9b59fe2dcd5a125b6b3339bedd531ae0d7e4bb25f99?s=96&d=mm&r=g","contentUrl":"https:\/\/secure.gravatar.com\/avatar\/1d03f06a246921ea2531e9b59fe2dcd5a125b6b3339bedd531ae0d7e4bb25f99?s=96&d=mm&r=g","caption":"de marco"},"url":"https:\/\/www.sklep.demarco.pl\/blog\/author\/de-marco\/"}]}},"jetpack_sharing_enabled":true,"builder_content":"","jetpack_featured_media_url":"https:\/\/www.sklep.demarco.pl\/blog\/wp-content\/uploads\/2026\/09\/De_marco_suknia_max_2.jpg","_links":{"self":[{"href":"https:\/\/www.sklep.demarco.pl\/blog\/wp-json\/wp\/v2\/posts\/20283","targetHints":{"allow":["GET"]}}],"collection":[{"href":"https:\/\/www.sklep.demarco.pl\/blog\/wp-json\/wp\/v2\/posts"}],"about":[{"href":"https:\/\/www.sklep.demarco.pl\/blog\/wp-json\/wp\/v2\/types\/post"}],"author":[{"embeddable":true,"href":"https:\/\/www.sklep.demarco.pl\/blog\/wp-json\/wp\/v2\/users\/1"}],"replies":[{"embeddable":true,"href":"https:\/\/www.sklep.demarco.pl\/blog\/wp-json\/wp\/v2\/comments?post=20283"}],"version-history":[{"count":1,"href":"https:\/\/www.sklep.demarco.pl\/blog\/wp-json\/wp\/v2\/posts\/20283\/revisions"}],"predecessor-version":[{"id":20287,"href":"https:\/\/www.sklep.demarco.pl\/blog\/wp-json\/wp\/v2\/posts\/20283\/revisions\/20287"}],"wp:featuredmedia":[{"embeddable":true,"href":"https:\/\/www.sklep.demarco.pl\/blog\/wp-json\/wp\/v2\/media\/20285"}],"wp:attachment":[{"href":"https:\/\/www.sklep.demarco.pl\/blog\/wp-json\/wp\/v2\/media?parent=20283"}],"wp:term":[{"taxonomy":"category","embeddable":true,"href":"https:\/\/www.sklep.demarco.pl\/blog\/wp-json\/wp\/v2\/categories?post=20283"},{"taxonomy":"post_tag","embeddable":true,"href":"https:\/\/www.sklep.demarco.pl\/blog\/wp-json\/wp\/v2\/tags?post=20283"}],"curies":[{"name":"wp","href":"https:\/\/api.w.org\/{rel}","templated":true}]}}