{"id":20273,"date":"2026-09-03T16:11:39","date_gmt":"2026-09-03T16:11:39","guid":{"rendered":"https:\/\/www.sklep.demarco.pl\/blog\/?p=20273"},"modified":"2026-09-03T16:23:46","modified_gmt":"2026-09-03T16:23:46","slug":"ekskluzywne-sukienki-na-wesele-dla-mamy-najpiekniejsze-kreacje-szyte-na-miare-de-marco","status":"publish","type":"post","link":"https:\/\/www.sklep.demarco.pl\/blog\/ekskluzywne-sukienki-na-wesele-dla-mamy-najpiekniejsze-kreacje-szyte-na-miare-de-marco\/","title":{"rendered":"Ekskluzywne sukienki na wesele dla mamy \u2013 najpi\u0119kniejsze kreacje szyte na miar\u0119 De Marco"},"content":{"rendered":"\n<div class=\"wp-block-media-text is-stacked-on-mobile\"><figure class=\"wp-block-media-text__media\"><a href=\"https:\/\/www.sklep.demarco.pl\/suknia-wieczorowa-wiktoria-ii\" target=\"_blank\" rel=\" noreferrer noopener\"><img loading=\"lazy\" decoding=\"async\" width=\"516\" height=\"1024\" src=\"https:\/\/www.sklep.demarco.pl\/blog\/wp-content\/uploads\/2026\/09\/Ekskluyzwna_sukienka_de_marco_1-516x1024.jpg\" alt=\"Najpi\u0119kniejsza ekskluzywna sukienka na wesele dla mamy i te\u015bciowej szyte na miar\u0119 w De Marco\" class=\"wp-image-20276 size-full\" srcset=\"https:\/\/www.sklep.demarco.pl\/blog\/wp-content\/uploads\/2026\/09\/Ekskluyzwna_sukienka_de_marco_1-516x1024.jpg 516w, https:\/\/www.sklep.demarco.pl\/blog\/wp-content\/uploads\/2026\/09\/Ekskluyzwna_sukienka_de_marco_1-151x300.jpg 151w, https:\/\/www.sklep.demarco.pl\/blog\/wp-content\/uploads\/2026\/09\/Ekskluyzwna_sukienka_de_marco_1.jpg 734w\" sizes=\"auto, (max-width: 516px) 100vw, 516px\" \/><\/a><\/figure><div class=\"wp-block-media-text__content\">\n<p class=\"wp-block-paragraph\">Ekskluzywne sukienki na wesele dla mamy <\/p>\n\n\n\n<p class=\"wp-block-paragraph\">Szanowni Pa\u0144stwo,<\/p>\n\n\n\n<p class=\"wp-block-paragraph\">\u015alub syna lub c\u00f3rki to jedno z najbardziej wzruszaj\u0105cych wydarze\u0144 w \u017cyciu rodzica. Przez wiele lat nasze my\u015bli koncentrowa\u0142y si\u0119 na wychowaniu dziecka, jego edukacji, bezpiecze\u0144stwie i przekazaniu mu najwa\u017cniejszych warto\u015bci. Ka\u017cdy dzie\u0144 by\u0142 trosk\u0105 o jego przysz\u0142o\u015b\u0107 i pragnieniem, aby wyros\u0142o na dobrego, szcz\u0119\u015bliwego cz\u0142owieka.<\/p>\n\n\n\n<p class=\"wp-block-paragraph\">A\u017c nadchodzi ten niezwyk\u0142y moment \u2013 dzie\u0144 \u015blubu. Nie oznacza on ko\u0144ca rodzicielskiej mi\u0142o\u015bci ani troski, bo serce matki zawsze b\u0119dzie czuwa\u0142o nad swoim dzieckiem. Jest jednak pocz\u0105tkiem nowego etapu, w kt\u00f3rym nasza najwi\u0119ksza duma tworzy w\u0142asny dom i w\u0142asn\u0105 rodzin\u0119. To chwila, kt\u00f3r\u0105 warto celebrowa\u0107 z pe\u0142nym wzruszeniem i godno\u015bci\u0105.<\/p>\n<\/div><\/div>\n\n\n\n<p class=\"wp-block-paragraph\">Czytaj r\u00f3wnie\u017c: <a href=\"https:\/\/www.sklep.demarco.pl\/blog\/ekskluzywne-sukienki-na-jesienne-wesele-unikaty-szyte-na-miare-de-marco\/\">Ekskluzywne sukienki na jesienne wesele \u2013 unikaty szyte na miar\u0119 De Marco<\/a><\/p>\n\n\n\n<div class=\"wp-block-media-text is-stacked-on-mobile\"><figure class=\"wp-block-media-text__media\"><a href=\"https:\/\/www.sklep.demarco.pl\/ekskluzywna-sukienka-z-jedwabiem-dla-mamy-wesele-gracjana\" target=\"_blank\" rel=\" noreferrer noopener\"><img loading=\"lazy\" decoding=\"async\" width=\"1024\" height=\"1024\" src=\"https:\/\/www.sklep.demarco.pl\/blog\/wp-content\/uploads\/2026\/01\/Najpiekniejsza-mama-wesela-3-1024x1024-1.jpg\" alt=\"Unikatowe jedwabne sukienki dla mamy na wesele De Marco szycie na miar\u0119\" class=\"wp-image-19038 size-full\" srcset=\"https:\/\/www.sklep.demarco.pl\/blog\/wp-content\/uploads\/2026\/01\/Najpiekniejsza-mama-wesela-3-1024x1024-1.jpg 1024w, https:\/\/www.sklep.demarco.pl\/blog\/wp-content\/uploads\/2026\/01\/Najpiekniejsza-mama-wesela-3-1024x1024-1-300x300.jpg 300w, https:\/\/www.sklep.demarco.pl\/blog\/wp-content\/uploads\/2026\/01\/Najpiekniejsza-mama-wesela-3-1024x1024-1-150x150.jpg 150w, https:\/\/www.sklep.demarco.pl\/blog\/wp-content\/uploads\/2026\/01\/Najpiekniejsza-mama-wesela-3-1024x1024-1-768x768.jpg 768w\" sizes=\"auto, (max-width: 1024px) 100vw, 1024px\" \/><\/a><\/figure><div class=\"wp-block-media-text__content\">\n<h2 class=\"wp-block-heading\">Mama wesela r\u00f3wnie\u017c prze\u017cywa swoje \u015bwi\u0119to<\/h2>\n\n\n\n<p class=\"wp-block-paragraph\">Bardzo cz\u0119sto ca\u0142a uwaga skupia si\u0119 na m\u0142odej parze, i s\u0142usznie \u2013 to ich dzie\u0144. Warto jednak pami\u0119ta\u0107, \u017ce dla mamy panny m\u0142odej i mamy pana m\u0142odego jest to r\u00f3wnie\u017c wyj\u0105tkowe \u015bwi\u0119to. To pi\u0119kne zwie\u0144czenie wielu lat mi\u0142o\u015bci, po\u015bwi\u0119cenia i codziennej obecno\u015bci w \u017cyciu dziecka.<\/p>\n\n\n\n<p class=\"wp-block-paragraph\">Dlatego elegancka kreacja nie jest przejawem pr\u00f3\u017cno\u015bci. Jest wyrazem szacunku dla tej niezwyk\u0142ej chwili i sposobem, by zapisa\u0107 si\u0119 w rodzinnych wspomnieniach jako kobieta pe\u0142na klasy, ciep\u0142a i kobiecego wdzi\u0119ku.<\/p>\n<\/div><\/div>\n\n\n\n<p class=\"wp-block-paragraph\">Czytaj r\u00f3wnie\u017c: <a href=\"https:\/\/www.sklep.demarco.pl\/blog\/najpiekniejsze-sukienki-na-wesele-dla-mamy-i-tesciowej-de-marco-szycie-na-miare\/\">Najpi\u0119kniejsze sukienki na wesele dla mamy i te\u015bciowej \u2013 De Marco szycie na miar\u0119<\/a><\/p>\n\n\n\n<div class=\"wp-block-media-text is-stacked-on-mobile\"><figure class=\"wp-block-media-text__media\"><a href=\"https:\/\/www.sklep.demarco.pl\/ekskluzywny-komplet-zakiet-z-sukienka-nunilona-iv\" target=\"_blank\" rel=\" noreferrer noopener\"><img loading=\"lazy\" decoding=\"async\" width=\"768\" height=\"1024\" src=\"https:\/\/www.sklep.demarco.pl\/blog\/wp-content\/uploads\/2026\/09\/suknia_wieczorowa_2-768x1024.jpg\" alt=\"luksusowa suknia wieczorowa na wqesele\" class=\"wp-image-20271 size-full\" srcset=\"https:\/\/www.sklep.demarco.pl\/blog\/wp-content\/uploads\/2026\/09\/suknia_wieczorowa_2-768x1024.jpg 768w, https:\/\/www.sklep.demarco.pl\/blog\/wp-content\/uploads\/2026\/09\/suknia_wieczorowa_2-225x300.jpg 225w, https:\/\/www.sklep.demarco.pl\/blog\/wp-content\/uploads\/2026\/09\/suknia_wieczorowa_2.jpg 896w\" sizes=\"auto, (max-width: 768px) 100vw, 768px\" \/><\/a><\/figure><div class=\"wp-block-media-text__content\">\n<h2 class=\"wp-block-heading\">Najpi\u0119kniejsza sukienka to ta stworzona dla jednej Kobiety<\/h2>\n\n\n\n<p class=\"wp-block-paragraph\">Szanowni Pa\u0144stwo, nie istnieje jeden idealny fason dla wszystkich mam wesela. Ka\u017cda sylwetka jest inna, ka\u017cda uroda wymaga odmiennej kolorystyki, a ka\u017cda kobieta posiada w\u0142asny temperament i poczucie estetyki.<\/p>\n\n\n\n<p class=\"wp-block-paragraph\">W Atelier De Marco ka\u017cda sukienka powstaje indywidualnie. Projektujemy fason dopasowany do proporcji sylwetki, podkre\u015blaj\u0105cy tali\u0119, wysmuklaj\u0105cy figur\u0119 i wydobywaj\u0105cy naturalne pi\u0119kno. Dzi\u0119ki szyciu na miar\u0119 kreacja uk\u0142ada si\u0119 harmonijnie, zapewnia komfort podczas ca\u0142ej uroczysto\u015bci i pozwala czu\u0107 si\u0119 wyj\u0105tkowo od pierwszej chwili ceremonii a\u017c po ostatni taniec.<\/p>\n<\/div><\/div>\n\n\n\n<p class=\"wp-block-paragraph\">Czytaj r\u00f3wnie\u017c: <a href=\"https:\/\/www.sklep.demarco.pl\/blog\/ekskluzywne-i-romantyczne-sukienki-dla-kobiety-po-50-i-60-roku-zycia\/\">Ekskluzywne i romantyczne sukienki dla kobiety po 50. i 60. roku \u017cycia<\/a><\/p>\n\n\n\n<div class=\"wp-block-media-text is-stacked-on-mobile\"><figure class=\"wp-block-media-text__media\"><a href=\"https:\/\/www.sklep.demarco.pl\/szycie-na-miare\" target=\"_blank\" rel=\" noreferrer noopener\"><img loading=\"lazy\" decoding=\"async\" width=\"768\" height=\"1024\" src=\"https:\/\/www.sklep.demarco.pl\/blog\/wp-content\/uploads\/2026\/08\/signal-2024-09-24-113356_004-768x1024.jpeg\" alt=\"Pi\u0119kna sukienka dla 50 latki De Marco szycie na miar\u0119 \" class=\"wp-image-20166 size-full\" srcset=\"https:\/\/www.sklep.demarco.pl\/blog\/wp-content\/uploads\/2026\/08\/signal-2024-09-24-113356_004-768x1024.jpeg 768w, https:\/\/www.sklep.demarco.pl\/blog\/wp-content\/uploads\/2026\/08\/signal-2024-09-24-113356_004-225x300.jpeg 225w, https:\/\/www.sklep.demarco.pl\/blog\/wp-content\/uploads\/2026\/08\/signal-2024-09-24-113356_004-1152x1536.jpeg 1152w, https:\/\/www.sklep.demarco.pl\/blog\/wp-content\/uploads\/2026\/08\/signal-2024-09-24-113356_004.jpeg 1536w\" sizes=\"auto, (max-width: 768px) 100vw, 768px\" \/><\/a><\/figure><div class=\"wp-block-media-text__content\">\n<h2 class=\"wp-block-heading\">Unikatowe wzornictwo i r\u0119czne wyko\u0144czenie<\/h2>\n\n\n\n<p class=\"wp-block-paragraph\">Tym, co wyr\u00f3\u017cnia sukienki De Marco, jest autorskie wzornictwo oraz niezwyk\u0142a dba\u0142o\u015b\u0107 o detale. Nasze kreacje zdobi\u0105 r\u0119cznie wykonywane aplikacje kwiatowe, subtelne hafty, koraliki, delikatne pi\u00f3ra oraz dekoracje tworzone indywidualnie dla ka\u017cdego projektu.<\/p>\n\n\n\n<p class=\"wp-block-paragraph\">Ka\u017cdy element jest starannie komponowany i r\u0119cznie przyszywany, dzi\u0119ki czemu powstaj\u0105 prawdziwe unikaty \u2013 eleganckie, wyrafinowane i niepowtarzalne. To luksus oparty na rzemio\u015ble, a nie na masowej produkcji.<\/p>\n<\/div><\/div>\n\n\n\n<p class=\"wp-block-paragraph\">Czytaj r\u00f3wnie\u017c: <a href=\"https:\/\/www.sklep.demarco.pl\/blog\/eleganckie-stylizacje-na-rozpoczecie-roku-szkolnego-i-akademickiego-garsonki-i-sukienki-ktore-maja-klase\/\">Eleganckie stylizacje na rozpocz\u0119cie roku szkolnego i akademickiego. Garsonki i sukienki, kt\u00f3re maj\u0105 klas\u0119<\/a><\/p>\n\n\n\n<div class=\"wp-block-media-text is-stacked-on-mobile\"><figure class=\"wp-block-media-text__media\"><a href=\"https:\/\/www.sklep.demarco.pl\/sukienka-maxi-na-wesele-rea-iii\" target=\"_blank\" rel=\" noreferrer noopener\"><img loading=\"lazy\" decoding=\"async\" width=\"777\" height=\"1024\" src=\"https:\/\/www.sklep.demarco.pl\/blog\/wp-content\/uploads\/2026\/06\/sukienka_na_wesele_1-777x1024.jpg\" alt=\"Eleganckie sukienki od polskich projektant\u00f3w szyte na miar\u0119 w De Marco\" class=\"wp-image-19499 size-full\" srcset=\"https:\/\/www.sklep.demarco.pl\/blog\/wp-content\/uploads\/2026\/06\/sukienka_na_wesele_1-777x1024.jpg 777w, https:\/\/www.sklep.demarco.pl\/blog\/wp-content\/uploads\/2026\/06\/sukienka_na_wesele_1-228x300.jpg 228w, https:\/\/www.sklep.demarco.pl\/blog\/wp-content\/uploads\/2026\/06\/sukienka_na_wesele_1-768x1012.jpg 768w, https:\/\/www.sklep.demarco.pl\/blog\/wp-content\/uploads\/2026\/06\/sukienka_na_wesele_1.jpg 896w\" sizes=\"auto, (max-width: 777px) 100vw, 777px\" \/><\/a><\/figure><div class=\"wp-block-media-text__content\">\n<h2 class=\"wp-block-heading\">Elegancja, kt\u00f3ra pozostaje na lata<\/h2>\n\n\n\n<p class=\"wp-block-paragraph\">Najpi\u0119kniejsza sukienka weselna dla mamy nie podlega chwilowym trendom. Jest ponadczasowa, szlachetna i pe\u0142na dobrego smaku. To kreacja, do kt\u00f3rej z przyjemno\u015bci\u0105 wraca si\u0119 na kolejnych uroczysto\u015bciach rodzinnych, jubileuszach czy galowych wydarzeniach.<\/p>\n\n\n\n<p class=\"wp-block-paragraph\">Prawdziwa elegancja nie przemija \u2013 dojrzewa razem z kobiet\u0105.<\/p>\n<\/div><\/div>\n\n\n\n<p class=\"wp-block-paragraph\">Czytaj r\u00f3wnie\u017c: <a href=\"https:\/\/www.demarco.pl\/jak-stworzyc-idealna-stylizacje-na-impreze-w-stylu-retro-polskie-kreacje-okolicznosciowe-szyte-na-miare-w-atelier-de-marco\/\">Jak stworzy\u0107 idealn\u0105 stylizacj\u0119 na imprez\u0119 w stylu retro? Polskie kreacje okoliczno\u015bciowe szyte na miar\u0119 w Atelier De Marco<\/a><\/p>\n\n\n\n<div class=\"wp-block-media-text is-stacked-on-mobile\"><figure class=\"wp-block-media-text__media\"><a href=\"https:\/\/www.sklep.demarco.pl\/szycie-na-miare\" target=\"_blank\" rel=\" noreferrer noopener\"><img loading=\"lazy\" decoding=\"async\" width=\"478\" height=\"1024\" src=\"https:\/\/www.sklep.demarco.pl\/blog\/wp-content\/uploads\/2026\/04\/Suknie_wieczorowe_1-478x1024.jpeg\" alt=\"Ekskluzywne suknie wieczorowe szyte w pracowni krawieckiej De Marco Atelier W\u0142adys\u0142awy Fr\u0105czek\" class=\"wp-image-19262 size-full\" srcset=\"https:\/\/www.sklep.demarco.pl\/blog\/wp-content\/uploads\/2026\/04\/Suknie_wieczorowe_1-478x1024.jpeg 478w, https:\/\/www.sklep.demarco.pl\/blog\/wp-content\/uploads\/2026\/04\/Suknie_wieczorowe_1-140x300.jpeg 140w, https:\/\/www.sklep.demarco.pl\/blog\/wp-content\/uploads\/2026\/04\/Suknie_wieczorowe_1-717x1536.jpeg 717w, https:\/\/www.sklep.demarco.pl\/blog\/wp-content\/uploads\/2026\/04\/Suknie_wieczorowe_1.jpeg 747w\" sizes=\"auto, (max-width: 478px) 100vw, 478px\" \/><\/a><\/figure><div class=\"wp-block-media-text__content\">\n<h2 class=\"wp-block-heading\">De Marco \u2013 polskie szycie na miar\u0119<\/h2>\n\n\n\n<p class=\"wp-block-paragraph\">Szanowni Pa\u0144stwo, z ogromn\u0105 rado\u015bci\u0105 prezentujemy najnowsz\u0105 kolekcj\u0119 ekskluzywnych sukienek dla mam i te\u015bciowych wesela. Ka\u017cda realizacja powstaje z pasji do pi\u0119kna, tradycyjnego krawiectwa i indywidualnego projektowania, aby ka\u017cda Klientka mog\u0142a prze\u017cy\u0107 ten wyj\u0105tkowy dzie\u0144 w kreacji godnej swojej roli.<\/p>\n\n\n\n<p class=\"wp-block-paragraph\">Serdecznie zapraszamy do obejrzenia najnowszej kolekcji Atelier De Marco w naszym sklepie internetowym oraz do \u015bwiata unikatowych sukienek szytych na miar\u0119 dla kobiet, kt\u00f3re ceni\u0105 klas\u0119, kobieco\u015b\u0107 i ponadczasow\u0105 elegancj\u0119.<\/p>\n<\/div><\/div>\n\n\n\n<p class=\"wp-block-paragraph\">Czytaj r\u00f3wnie\u017c: <a href=\"https:\/\/www.demarco.pl\/polskie-sukienki-z-jedwabiu-wizytowe-sukienki-na-wyjatkowe-okazje\/\">Polskie sukienki z jedwabiu. Wizytowe sukienki na wyj\u0105tkowe okazje<\/a><\/p>\n\n\n\n<figure class=\"wp-block-embed is-type-wp-embed is-provider-de-marco wp-block-embed-de-marco\"><div class=\"wp-block-embed__wrapper\">\n<blockquote class=\"wp-embedded-content\" data-secret=\"aYtZfsPVRM\"><a href=\"https:\/\/www.sklep.demarco.pl\/blog\/eleganckie-stylizacje-na-wesele-we-wrzesniu-de-marco-szycie-na-miare\/\">Eleganckie stylizacje na wesele we wrze\u015bniu \u2013 De Marco szycie na miar\u0119<\/a><\/blockquote><iframe loading=\"lazy\" class=\"wp-embedded-content\" sandbox=\"allow-scripts\" security=\"restricted\" style=\"position: absolute; visibility: hidden;\" title=\"\u201eEleganckie stylizacje na wesele we wrze\u015bniu \u2013 De Marco szycie na miar\u0119\u201d \u2014 De Marco\" src=\"https:\/\/www.sklep.demarco.pl\/blog\/eleganckie-stylizacje-na-wesele-we-wrzesniu-de-marco-szycie-na-miare\/embed\/#?secret=sVozsjyLSN#?secret=aYtZfsPVRM\" data-secret=\"aYtZfsPVRM\" width=\"500\" height=\"282\" frameborder=\"0\" marginwidth=\"0\" marginheight=\"0\" scrolling=\"no\"><\/iframe>\n<\/div><\/figure>\n\n\n\n<div class=\"wp-block-media-text is-stacked-on-mobile\"><figure class=\"wp-block-media-text__media\"><a href=\"https:\/\/www.sklep.demarco.pl\/blog\/wp-content\/uploads\/2026\/08\/AI-LABELS_3x2_AI_black-50.png\"><img loading=\"lazy\" decoding=\"async\" width=\"50\" height=\"33\" src=\"https:\/\/www.sklep.demarco.pl\/blog\/wp-content\/uploads\/2026\/08\/AI-LABELS_3x2_AI_black-50.png\" alt=\"Nota informacyjna Artyku\u0142 powsta\u0142 na podstawie autorskich tekst\u00f3w Atelier De Marco, tworzonych zgodnie z nasz\u0105 misj\u0105 edukacyjn\u0105 i informacyjn\u0105, a nast\u0119pnie zosta\u0142 zredagowany z wykorzystaniem technologii AI. Cz\u0119\u015b\u0107 zdj\u0119\u0107, przedstawia modelk\u0119 w naszych autorskich projektach, uszytych w atelier De Marco i zosta\u0142y one poddana kreatywnej obr\u00f3bce AI. Wszystkie materia\u0142y s\u0105 przez nas starannie redagowane i weryfikowane. Pozosta\u0142e zdj\u0119cia s\u0105 nades\u0142ane przez klientki lub wykonane w Salonie Mody De Marco. Serdecznie dzi\u0119kujemy naszym Klientkom za zaufanie i zgod\u0119 na wykorzystanie ich fotografii. \u017byczymy Pa\u0144stwu wielu dalszych sukces\u00f3w!\" class=\"wp-image-20056 size-full\"\/><\/a><\/figure><div class=\"wp-block-media-text__content\">\n<p class=\"wp-block-paragraph\">Nota informacyjna <\/p>\n\n\n\n<p class=\"wp-block-paragraph\">Artyku\u0142 powsta\u0142 na podstawie autorskich tekst\u00f3w Atelier De Marco, tworzonych zgodnie z nasz\u0105 misj\u0105 edukacyjn\u0105 i informacyjn\u0105, a nast\u0119pnie zosta\u0142 zredagowany z wykorzystaniem technologii AI. <\/p>\n\n\n\n<p class=\"wp-block-paragraph\">Cz\u0119\u015b\u0107 zdj\u0119\u0107, przedstawia modelk\u0119 w naszych autorskich projektach, uszytych w atelier De Marco i zosta\u0142y one poddana kreatywnej obr\u00f3bce AI. Wszystkie materia\u0142y s\u0105 przez nas starannie redagowane i weryfikowane. Pozosta\u0142e zdj\u0119cia s\u0105 nades\u0142ane przez klientki lub wykonane w Salonie Mody De Marco. Serdecznie dzi\u0119kujemy naszym Klientkom za zaufanie i zgod\u0119 na wykorzystanie ich fotografii. \u017byczymy Pa\u0144stwu wielu dalszych sukces\u00f3w!<\/p>\n<\/div><\/div>\n\n\n<!-- wp:themify-builder\/canvas \/-->","protected":false},"excerpt":{"rendered":"<p>Ekskluzywne sukienki na wesele dla mamy Szanowni Pa\u0144stwo, \u015alub syna lub c\u00f3rki to jedno z najbardziej wzruszaj\u0105cych wydarze\u0144 w \u017cyciu rodzica. Przez wiele lat nasze my\u015bli koncentrowa\u0142y si\u0119 na wychowaniu dziecka, jego edukacji, bezpiecze\u0144stwie i przekazaniu mu najwa\u017cniejszych warto\u015bci. Ka\u017cdy dzie\u0144 by\u0142 trosk\u0105 o jego przysz\u0142o\u015b\u0107 i pragnieniem, aby wyros\u0142o na dobrego, szcz\u0119\u015bliwego cz\u0142owieka. A\u017c [&hellip;]<\/p>\n","protected":false},"author":1,"featured_media":20274,"comment_status":"closed","ping_status":"closed","sticky":false,"template":"","format":"standard","meta":{"_jetpack_newsletter_access":"","_jetpack_dont_email_post_to_subs":false,"_jetpack_newsletter_tier_id":0,"_jetpack_memberships_contains_paywalled_content":false,"_jetpack_memberships_contains_paid_content":false,"footnotes":"","_links_to":"","_links_to_target":""},"categories":[15],"tags":[295,459,460,16,297,4484,521,481,454,18,294,470,4488,518,522,134],"class_list":["post-20273","post","type-post","status-publish","format-standard","has-post-thumbnail","hentry","category-metamorfoza","tag-jedwabna-sukienka-na-wesele-dla-mamy","tag-mama-pana-mlodego","tag-mama-panny-mlodej","tag-mama-wesela","tag-najpiekniejsza-mama-wesele","tag-piekne-sukienki-na-komunie-dla-mamy","tag-prosta-sukienka-na-wesele-dla-mamy","tag-puszysta-mama-wesela","tag-slub-corki","tag-slub-syna","tag-sukienka-dla-mamy-weselnej","tag-sukienki-dla-mamy-i-tesciowej","tag-sukienki-na-komunie-dla-mamy","tag-sukienki-na-wesele-dla-mamy-i-tesciowej","tag-suknie-dla-mamy-weselnej","tag-weselna-mama"],"yoast_head":"<!-- This site is optimized with the Yoast SEO plugin v28.4 - https:\/\/yoast.com\/product\/yoast-seo-wordpress\/ -->\n<title>Ekskluzywne sukienki na wesele dla mamy \u2013 najpi\u0119kniejsze kreacje szyte na miar\u0119 De Marco - De Marco<\/title>\n<meta name=\"robots\" content=\"index, follow, max-snippet:-1, max-image-preview:large, max-video-preview:-1\" \/>\n<link rel=\"canonical\" href=\"https:\/\/www.sklep.demarco.pl\/blog\/ekskluzywne-sukienki-na-wesele-dla-mamy-najpiekniejsze-kreacje-szyte-na-miare-de-marco\/\" \/>\n<meta property=\"og:locale\" content=\"pl_PL\" \/>\n<meta property=\"og:type\" content=\"article\" \/>\n<meta property=\"og:title\" content=\"Ekskluzywne sukienki na wesele dla mamy \u2013 najpi\u0119kniejsze kreacje szyte na miar\u0119 De Marco - De Marco\" \/>\n<meta property=\"og:description\" content=\"Ekskluzywne sukienki na wesele dla mamy Szanowni Pa\u0144stwo, \u015alub syna lub c\u00f3rki to jedno z najbardziej wzruszaj\u0105cych wydarze\u0144 w \u017cyciu rodzica. Przez wiele lat nasze my\u015bli koncentrowa\u0142y si\u0119 na wychowaniu dziecka, jego edukacji, bezpiecze\u0144stwie i przekazaniu mu najwa\u017cniejszych warto\u015bci. Ka\u017cdy dzie\u0144 by\u0142 trosk\u0105 o jego przysz\u0142o\u015b\u0107 i pragnieniem, aby wyros\u0142o na dobrego, szcz\u0119\u015bliwego cz\u0142owieka. A\u017c [&hellip;]\" \/>\n<meta property=\"og:url\" content=\"https:\/\/www.sklep.demarco.pl\/blog\/ekskluzywne-sukienki-na-wesele-dla-mamy-najpiekniejsze-kreacje-szyte-na-miare-de-marco\/\" \/>\n<meta property=\"og:site_name\" content=\"De Marco\" \/>\n<meta property=\"article:publisher\" content=\"https:\/\/www.facebook.com\/DeMarco.Styl\" \/>\n<meta property=\"article:published_time\" content=\"2026-09-03T16:11:39+00:00\" \/>\n<meta property=\"article:modified_time\" content=\"2026-09-03T16:23:46+00:00\" \/>\n<meta property=\"og:image\" content=\"https:\/\/www.sklep.demarco.pl\/blog\/wp-content\/uploads\/2026\/09\/suknia_z_rozami_2.jpg\" \/>\n\t<meta property=\"og:image:width\" content=\"848\" \/>\n\t<meta property=\"og:image:height\" content=\"1264\" \/>\n\t<meta property=\"og:image:type\" content=\"image\/jpeg\" \/>\n<meta name=\"author\" content=\"de marco\" \/>\n<meta name=\"twitter:label1\" content=\"Napisane przez\" \/>\n\t<meta name=\"twitter:data1\" content=\"de marco\" \/>\n\t<meta name=\"twitter:label2\" content=\"Szacowany czas czytania\" \/>\n\t<meta name=\"twitter:data2\" content=\"6 minut\" \/>\n<script type=\"application\/ld+json\" class=\"yoast-schema-graph\">{\"@context\":\"https:\\\/\\\/schema.org\",\"@graph\":[{\"@type\":\"Article\",\"@id\":\"https:\\\/\\\/www.sklep.demarco.pl\\\/blog\\\/ekskluzywne-sukienki-na-wesele-dla-mamy-najpiekniejsze-kreacje-szyte-na-miare-de-marco\\\/#article\",\"isPartOf\":{\"@id\":\"https:\\\/\\\/www.sklep.demarco.pl\\\/blog\\\/ekskluzywne-sukienki-na-wesele-dla-mamy-najpiekniejsze-kreacje-szyte-na-miare-de-marco\\\/\"},\"author\":{\"name\":\"de marco\",\"@id\":\"https:\\\/\\\/www.sklep.demarco.pl\\\/blog\\\/#\\\/schema\\\/person\\\/38456e8269588abfbbdda5bc04dad142\"},\"headline\":\"Ekskluzywne sukienki na wesele dla mamy \u2013 najpi\u0119kniejsze kreacje szyte na miar\u0119 De Marco\",\"datePublished\":\"2026-09-03T16:11:39+00:00\",\"dateModified\":\"2026-09-03T16:23:46+00:00\",\"mainEntityOfPage\":{\"@id\":\"https:\\\/\\\/www.sklep.demarco.pl\\\/blog\\\/ekskluzywne-sukienki-na-wesele-dla-mamy-najpiekniejsze-kreacje-szyte-na-miare-de-marco\\\/\"},\"wordCount\":771,\"image\":{\"@id\":\"https:\\\/\\\/www.sklep.demarco.pl\\\/blog\\\/ekskluzywne-sukienki-na-wesele-dla-mamy-najpiekniejsze-kreacje-szyte-na-miare-de-marco\\\/#primaryimage\"},\"thumbnailUrl\":\"https:\\\/\\\/www.sklep.demarco.pl\\\/blog\\\/wp-content\\\/uploads\\\/2026\\\/09\\\/suknia_z_rozami_2.jpg\",\"keywords\":[\"jedwabna sukienka na wesele dla mamy\",\"mama pana m\u0142odego\",\"mama panny m\u0142odej\",\"mama wesela\",\"Najpi\u0119kniejsza mama wesele\",\"Pi\u0119kne sukienki na komuni\u0119 dla mamy\",\"Prosta sukienka na wesele dla mamy\",\"puszysta mama wesela\",\"\u015blub c\u00f3rki\",\"\u015blub syna\",\"sukienka dla mamy weselnej\",\"sukienki dla mamy i te\u015bciowej\",\"Sukienki na komuni\u0119 dla mamy\",\"Sukienki na wesele dla mamy i te\u015bciowej\",\"Suknie dla mamy weselnej\",\"weselna mama\"],\"articleSection\":[\"METAMORFOZA\"],\"inLanguage\":\"pl-PL\"},{\"@type\":\"WebPage\",\"@id\":\"https:\\\/\\\/www.sklep.demarco.pl\\\/blog\\\/ekskluzywne-sukienki-na-wesele-dla-mamy-najpiekniejsze-kreacje-szyte-na-miare-de-marco\\\/\",\"url\":\"https:\\\/\\\/www.sklep.demarco.pl\\\/blog\\\/ekskluzywne-sukienki-na-wesele-dla-mamy-najpiekniejsze-kreacje-szyte-na-miare-de-marco\\\/\",\"name\":\"Ekskluzywne sukienki na wesele dla mamy \u2013 najpi\u0119kniejsze kreacje szyte na miar\u0119 De Marco - De Marco\",\"isPartOf\":{\"@id\":\"https:\\\/\\\/www.sklep.demarco.pl\\\/blog\\\/#website\"},\"primaryImageOfPage\":{\"@id\":\"https:\\\/\\\/www.sklep.demarco.pl\\\/blog\\\/ekskluzywne-sukienki-na-wesele-dla-mamy-najpiekniejsze-kreacje-szyte-na-miare-de-marco\\\/#primaryimage\"},\"image\":{\"@id\":\"https:\\\/\\\/www.sklep.demarco.pl\\\/blog\\\/ekskluzywne-sukienki-na-wesele-dla-mamy-najpiekniejsze-kreacje-szyte-na-miare-de-marco\\\/#primaryimage\"},\"thumbnailUrl\":\"https:\\\/\\\/www.sklep.demarco.pl\\\/blog\\\/wp-content\\\/uploads\\\/2026\\\/09\\\/suknia_z_rozami_2.jpg\",\"datePublished\":\"2026-09-03T16:11:39+00:00\",\"dateModified\":\"2026-09-03T16:23:46+00:00\",\"author\":{\"@id\":\"https:\\\/\\\/www.sklep.demarco.pl\\\/blog\\\/#\\\/schema\\\/person\\\/38456e8269588abfbbdda5bc04dad142\"},\"breadcrumb\":{\"@id\":\"https:\\\/\\\/www.sklep.demarco.pl\\\/blog\\\/ekskluzywne-sukienki-na-wesele-dla-mamy-najpiekniejsze-kreacje-szyte-na-miare-de-marco\\\/#breadcrumb\"},\"inLanguage\":\"pl-PL\",\"potentialAction\":[{\"@type\":\"ReadAction\",\"target\":[\"https:\\\/\\\/www.sklep.demarco.pl\\\/blog\\\/ekskluzywne-sukienki-na-wesele-dla-mamy-najpiekniejsze-kreacje-szyte-na-miare-de-marco\\\/\"]}]},{\"@type\":\"ImageObject\",\"inLanguage\":\"pl-PL\",\"@id\":\"https:\\\/\\\/www.sklep.demarco.pl\\\/blog\\\/ekskluzywne-sukienki-na-wesele-dla-mamy-najpiekniejsze-kreacje-szyte-na-miare-de-marco\\\/#primaryimage\",\"url\":\"https:\\\/\\\/www.sklep.demarco.pl\\\/blog\\\/wp-content\\\/uploads\\\/2026\\\/09\\\/suknia_z_rozami_2.jpg\",\"contentUrl\":\"https:\\\/\\\/www.sklep.demarco.pl\\\/blog\\\/wp-content\\\/uploads\\\/2026\\\/09\\\/suknia_z_rozami_2.jpg\",\"width\":848,\"height\":1264,\"caption\":\"Ekskluzywna sukienka na wesele dla mamy\"},{\"@type\":\"BreadcrumbList\",\"@id\":\"https:\\\/\\\/www.sklep.demarco.pl\\\/blog\\\/ekskluzywne-sukienki-na-wesele-dla-mamy-najpiekniejsze-kreacje-szyte-na-miare-de-marco\\\/#breadcrumb\",\"itemListElement\":[{\"@type\":\"ListItem\",\"position\":1,\"name\":\"Strona g\u0142\u00f3wna\",\"item\":\"https:\\\/\\\/www.sklep.demarco.pl\\\/blog\\\/\"},{\"@type\":\"ListItem\",\"position\":2,\"name\":\"Ekskluzywne sukienki na wesele dla mamy \u2013 najpi\u0119kniejsze kreacje szyte na miar\u0119 De Marco\"}]},{\"@type\":\"WebSite\",\"@id\":\"https:\\\/\\\/www.sklep.demarco.pl\\\/blog\\\/#website\",\"url\":\"https:\\\/\\\/www.sklep.demarco.pl\\\/blog\\\/\",\"name\":\"De Marco\",\"description\":\"The finest women&#039;s clothing manufacturer\",\"potentialAction\":[{\"@type\":\"SearchAction\",\"target\":{\"@type\":\"EntryPoint\",\"urlTemplate\":\"https:\\\/\\\/www.sklep.demarco.pl\\\/blog\\\/?s={search_term_string}\"},\"query-input\":{\"@type\":\"PropertyValueSpecification\",\"valueRequired\":true,\"valueName\":\"search_term_string\"}}],\"inLanguage\":\"pl-PL\"},{\"@type\":\"Person\",\"@id\":\"https:\\\/\\\/www.sklep.demarco.pl\\\/blog\\\/#\\\/schema\\\/person\\\/38456e8269588abfbbdda5bc04dad142\",\"name\":\"de marco\",\"image\":{\"@type\":\"ImageObject\",\"inLanguage\":\"pl-PL\",\"@id\":\"https:\\\/\\\/secure.gravatar.com\\\/avatar\\\/1d03f06a246921ea2531e9b59fe2dcd5a125b6b3339bedd531ae0d7e4bb25f99?s=96&d=mm&r=g\",\"url\":\"https:\\\/\\\/secure.gravatar.com\\\/avatar\\\/1d03f06a246921ea2531e9b59fe2dcd5a125b6b3339bedd531ae0d7e4bb25f99?s=96&d=mm&r=g\",\"contentUrl\":\"https:\\\/\\\/secure.gravatar.com\\\/avatar\\\/1d03f06a246921ea2531e9b59fe2dcd5a125b6b3339bedd531ae0d7e4bb25f99?s=96&d=mm&r=g\",\"caption\":\"de marco\"},\"url\":\"https:\\\/\\\/www.sklep.demarco.pl\\\/blog\\\/author\\\/de-marco\\\/\"}]}<\/script>\n<!-- \/ Yoast SEO plugin. -->","yoast_head_json":{"title":"Ekskluzywne sukienki na wesele dla mamy \u2013 najpi\u0119kniejsze kreacje szyte na miar\u0119 De Marco - De Marco","robots":{"index":"index","follow":"follow","max-snippet":"max-snippet:-1","max-image-preview":"max-image-preview:large","max-video-preview":"max-video-preview:-1"},"canonical":"https:\/\/www.sklep.demarco.pl\/blog\/ekskluzywne-sukienki-na-wesele-dla-mamy-najpiekniejsze-kreacje-szyte-na-miare-de-marco\/","og_locale":"pl_PL","og_type":"article","og_title":"Ekskluzywne sukienki na wesele dla mamy \u2013 najpi\u0119kniejsze kreacje szyte na miar\u0119 De Marco - De Marco","og_description":"Ekskluzywne sukienki na wesele dla mamy Szanowni Pa\u0144stwo, \u015alub syna lub c\u00f3rki to jedno z najbardziej wzruszaj\u0105cych wydarze\u0144 w \u017cyciu rodzica. Przez wiele lat nasze my\u015bli koncentrowa\u0142y si\u0119 na wychowaniu dziecka, jego edukacji, bezpiecze\u0144stwie i przekazaniu mu najwa\u017cniejszych warto\u015bci. Ka\u017cdy dzie\u0144 by\u0142 trosk\u0105 o jego przysz\u0142o\u015b\u0107 i pragnieniem, aby wyros\u0142o na dobrego, szcz\u0119\u015bliwego cz\u0142owieka. A\u017c [&hellip;]","og_url":"https:\/\/www.sklep.demarco.pl\/blog\/ekskluzywne-sukienki-na-wesele-dla-mamy-najpiekniejsze-kreacje-szyte-na-miare-de-marco\/","og_site_name":"De Marco","article_publisher":"https:\/\/www.facebook.com\/DeMarco.Styl","article_published_time":"2026-09-03T16:11:39+00:00","article_modified_time":"2026-09-03T16:23:46+00:00","og_image":[{"width":848,"height":1264,"url":"https:\/\/www.sklep.demarco.pl\/blog\/wp-content\/uploads\/2026\/09\/suknia_z_rozami_2.jpg","type":"image\/jpeg"}],"author":"de marco","twitter_misc":{"Napisane przez":"de marco","Szacowany czas czytania":"6 minut"},"schema":{"@context":"https:\/\/schema.org","@graph":[{"@type":"Article","@id":"https:\/\/www.sklep.demarco.pl\/blog\/ekskluzywne-sukienki-na-wesele-dla-mamy-najpiekniejsze-kreacje-szyte-na-miare-de-marco\/#article","isPartOf":{"@id":"https:\/\/www.sklep.demarco.pl\/blog\/ekskluzywne-sukienki-na-wesele-dla-mamy-najpiekniejsze-kreacje-szyte-na-miare-de-marco\/"},"author":{"name":"de marco","@id":"https:\/\/www.sklep.demarco.pl\/blog\/#\/schema\/person\/38456e8269588abfbbdda5bc04dad142"},"headline":"Ekskluzywne sukienki na wesele dla mamy \u2013 najpi\u0119kniejsze kreacje szyte na miar\u0119 De Marco","datePublished":"2026-09-03T16:11:39+00:00","dateModified":"2026-09-03T16:23:46+00:00","mainEntityOfPage":{"@id":"https:\/\/www.sklep.demarco.pl\/blog\/ekskluzywne-sukienki-na-wesele-dla-mamy-najpiekniejsze-kreacje-szyte-na-miare-de-marco\/"},"wordCount":771,"image":{"@id":"https:\/\/www.sklep.demarco.pl\/blog\/ekskluzywne-sukienki-na-wesele-dla-mamy-najpiekniejsze-kreacje-szyte-na-miare-de-marco\/#primaryimage"},"thumbnailUrl":"https:\/\/www.sklep.demarco.pl\/blog\/wp-content\/uploads\/2026\/09\/suknia_z_rozami_2.jpg","keywords":["jedwabna sukienka na wesele dla mamy","mama pana m\u0142odego","mama panny m\u0142odej","mama wesela","Najpi\u0119kniejsza mama wesele","Pi\u0119kne sukienki na komuni\u0119 dla mamy","Prosta sukienka na wesele dla mamy","puszysta mama wesela","\u015blub c\u00f3rki","\u015blub syna","sukienka dla mamy weselnej","sukienki dla mamy i te\u015bciowej","Sukienki na komuni\u0119 dla mamy","Sukienki na wesele dla mamy i te\u015bciowej","Suknie dla mamy weselnej","weselna mama"],"articleSection":["METAMORFOZA"],"inLanguage":"pl-PL"},{"@type":"WebPage","@id":"https:\/\/www.sklep.demarco.pl\/blog\/ekskluzywne-sukienki-na-wesele-dla-mamy-najpiekniejsze-kreacje-szyte-na-miare-de-marco\/","url":"https:\/\/www.sklep.demarco.pl\/blog\/ekskluzywne-sukienki-na-wesele-dla-mamy-najpiekniejsze-kreacje-szyte-na-miare-de-marco\/","name":"Ekskluzywne sukienki na wesele dla mamy \u2013 najpi\u0119kniejsze kreacje szyte na miar\u0119 De Marco - De Marco","isPartOf":{"@id":"https:\/\/www.sklep.demarco.pl\/blog\/#website"},"primaryImageOfPage":{"@id":"https:\/\/www.sklep.demarco.pl\/blog\/ekskluzywne-sukienki-na-wesele-dla-mamy-najpiekniejsze-kreacje-szyte-na-miare-de-marco\/#primaryimage"},"image":{"@id":"https:\/\/www.sklep.demarco.pl\/blog\/ekskluzywne-sukienki-na-wesele-dla-mamy-najpiekniejsze-kreacje-szyte-na-miare-de-marco\/#primaryimage"},"thumbnailUrl":"https:\/\/www.sklep.demarco.pl\/blog\/wp-content\/uploads\/2026\/09\/suknia_z_rozami_2.jpg","datePublished":"2026-09-03T16:11:39+00:00","dateModified":"2026-09-03T16:23:46+00:00","author":{"@id":"https:\/\/www.sklep.demarco.pl\/blog\/#\/schema\/person\/38456e8269588abfbbdda5bc04dad142"},"breadcrumb":{"@id":"https:\/\/www.sklep.demarco.pl\/blog\/ekskluzywne-sukienki-na-wesele-dla-mamy-najpiekniejsze-kreacje-szyte-na-miare-de-marco\/#breadcrumb"},"inLanguage":"pl-PL","potentialAction":[{"@type":"ReadAction","target":["https:\/\/www.sklep.demarco.pl\/blog\/ekskluzywne-sukienki-na-wesele-dla-mamy-najpiekniejsze-kreacje-szyte-na-miare-de-marco\/"]}]},{"@type":"ImageObject","inLanguage":"pl-PL","@id":"https:\/\/www.sklep.demarco.pl\/blog\/ekskluzywne-sukienki-na-wesele-dla-mamy-najpiekniejsze-kreacje-szyte-na-miare-de-marco\/#primaryimage","url":"https:\/\/www.sklep.demarco.pl\/blog\/wp-content\/uploads\/2026\/09\/suknia_z_rozami_2.jpg","contentUrl":"https:\/\/www.sklep.demarco.pl\/blog\/wp-content\/uploads\/2026\/09\/suknia_z_rozami_2.jpg","width":848,"height":1264,"caption":"Ekskluzywna sukienka na wesele dla mamy"},{"@type":"BreadcrumbList","@id":"https:\/\/www.sklep.demarco.pl\/blog\/ekskluzywne-sukienki-na-wesele-dla-mamy-najpiekniejsze-kreacje-szyte-na-miare-de-marco\/#breadcrumb","itemListElement":[{"@type":"ListItem","position":1,"name":"Strona g\u0142\u00f3wna","item":"https:\/\/www.sklep.demarco.pl\/blog\/"},{"@type":"ListItem","position":2,"name":"Ekskluzywne sukienki na wesele dla mamy \u2013 najpi\u0119kniejsze kreacje szyte na miar\u0119 De Marco"}]},{"@type":"WebSite","@id":"https:\/\/www.sklep.demarco.pl\/blog\/#website","url":"https:\/\/www.sklep.demarco.pl\/blog\/","name":"De Marco","description":"The finest women&#039;s clothing manufacturer","potentialAction":[{"@type":"SearchAction","target":{"@type":"EntryPoint","urlTemplate":"https:\/\/www.sklep.demarco.pl\/blog\/?s={search_term_string}"},"query-input":{"@type":"PropertyValueSpecification","valueRequired":true,"valueName":"search_term_string"}}],"inLanguage":"pl-PL"},{"@type":"Person","@id":"https:\/\/www.sklep.demarco.pl\/blog\/#\/schema\/person\/38456e8269588abfbbdda5bc04dad142","name":"de marco","image":{"@type":"ImageObject","inLanguage":"pl-PL","@id":"https:\/\/secure.gravatar.com\/avatar\/1d03f06a246921ea2531e9b59fe2dcd5a125b6b3339bedd531ae0d7e4bb25f99?s=96&d=mm&r=g","url":"https:\/\/secure.gravatar.com\/avatar\/1d03f06a246921ea2531e9b59fe2dcd5a125b6b3339bedd531ae0d7e4bb25f99?s=96&d=mm&r=g","contentUrl":"https:\/\/secure.gravatar.com\/avatar\/1d03f06a246921ea2531e9b59fe2dcd5a125b6b3339bedd531ae0d7e4bb25f99?s=96&d=mm&r=g","caption":"de marco"},"url":"https:\/\/www.sklep.demarco.pl\/blog\/author\/de-marco\/"}]}},"jetpack_sharing_enabled":true,"builder_content":"","jetpack_featured_media_url":"https:\/\/www.sklep.demarco.pl\/blog\/wp-content\/uploads\/2026\/09\/suknia_z_rozami_2.jpg","_links":{"self":[{"href":"https:\/\/www.sklep.demarco.pl\/blog\/wp-json\/wp\/v2\/posts\/20273","targetHints":{"allow":["GET"]}}],"collection":[{"href":"https:\/\/www.sklep.demarco.pl\/blog\/wp-json\/wp\/v2\/posts"}],"about":[{"href":"https:\/\/www.sklep.demarco.pl\/blog\/wp-json\/wp\/v2\/types\/post"}],"author":[{"embeddable":true,"href":"https:\/\/www.sklep.demarco.pl\/blog\/wp-json\/wp\/v2\/users\/1"}],"replies":[{"embeddable":true,"href":"https:\/\/www.sklep.demarco.pl\/blog\/wp-json\/wp\/v2\/comments?post=20273"}],"version-history":[{"count":5,"href":"https:\/\/www.sklep.demarco.pl\/blog\/wp-json\/wp\/v2\/posts\/20273\/revisions"}],"predecessor-version":[{"id":20282,"href":"https:\/\/www.sklep.demarco.pl\/blog\/wp-json\/wp\/v2\/posts\/20273\/revisions\/20282"}],"wp:featuredmedia":[{"embeddable":true,"href":"https:\/\/www.sklep.demarco.pl\/blog\/wp-json\/wp\/v2\/media\/20274"}],"wp:attachment":[{"href":"https:\/\/www.sklep.demarco.pl\/blog\/wp-json\/wp\/v2\/media?parent=20273"}],"wp:term":[{"taxonomy":"category","embeddable":true,"href":"https:\/\/www.sklep.demarco.pl\/blog\/wp-json\/wp\/v2\/categories?post=20273"},{"taxonomy":"post_tag","embeddable":true,"href":"https:\/\/www.sklep.demarco.pl\/blog\/wp-json\/wp\/v2\/tags?post=20273"}],"curies":[{"name":"wp","href":"https:\/\/api.w.org\/{rel}","templated":true}]}}