{"id":20268,"date":"2026-09-02T10:44:55","date_gmt":"2026-09-02T10:44:55","guid":{"rendered":"https:\/\/www.sklep.demarco.pl\/blog\/?p=20268"},"modified":"2026-09-02T10:45:01","modified_gmt":"2026-09-02T10:45:01","slug":"ekskluzywne-sukienki-na-jesienne-wesele-unikaty-szyte-na-miare-de-marco","status":"publish","type":"post","link":"https:\/\/www.sklep.demarco.pl\/blog\/ekskluzywne-sukienki-na-jesienne-wesele-unikaty-szyte-na-miare-de-marco\/","title":{"rendered":"Ekskluzywne sukienki na jesienne wesele \u2013 unikaty szyte na miar\u0119 De Marco"},"content":{"rendered":"\n<div class=\"wp-block-media-text is-stacked-on-mobile\"><figure class=\"wp-block-media-text__media\"><a href=\"https:\/\/www.sklep.demarco.pl\/ekskluzywny-komplet-zakiet-z-sukienka-nunilona-iv\" target=\"_blank\" rel=\" noreferrer noopener\"><img loading=\"lazy\" decoding=\"async\" width=\"531\" height=\"745\" src=\"https:\/\/www.sklep.demarco.pl\/blog\/wp-content\/uploads\/2026\/09\/suknia_wieczorowa_1.jpg\" alt=\"\" class=\"wp-image-20270 size-full\" srcset=\"https:\/\/www.sklep.demarco.pl\/blog\/wp-content\/uploads\/2026\/09\/suknia_wieczorowa_1.jpg 531w, https:\/\/www.sklep.demarco.pl\/blog\/wp-content\/uploads\/2026\/09\/suknia_wieczorowa_1-214x300.jpg 214w\" sizes=\"auto, (max-width: 531px) 100vw, 531px\" \/><\/a><\/figure><div class=\"wp-block-media-text__content\">\n<p class=\"wp-block-paragraph\">De Marco sukienki na jesienne wesele<\/p>\n\n\n\n<p class=\"wp-block-paragraph\">Szanowni Pa\u0144stwo,<\/p>\n\n\n\n<p class=\"wp-block-paragraph\">Jesienne wesele nale\u017cy do najbardziej eleganckich uroczysto\u015bci w ca\u0142ym roku. Wrzesie\u0144, pa\u017adziernik i listopad zachwycaj\u0105 szlachetn\u0105 kolorystyk\u0105 natury, subtelnym \u015bwiat\u0142em oraz atmosfer\u0105, kt\u00f3ra sprzyja wyrafinowanym stylizacjom. To doskona\u0142y moment, aby pozwoli\u0107 sobie na kreacj\u0119 wyj\u0105tkow\u0105 \u2013 uszyt\u0105 na miar\u0119, dopracowan\u0105 w ka\u017cdym detalu i stworzon\u0105 wy\u0142\u0105cznie dla jednej Kobiety.<\/p>\n\n\n\n<p class=\"wp-block-paragraph\">W Atelier De Marco projektujemy ekskluzywne sukienki weselne, kt\u00f3re \u0142\u0105cz\u0105 ponadczasow\u0105 elegancj\u0119 z indywidualnym charakterem swojej w\u0142a\u015bcicielki. Ka\u017cda realizacja jest unikatem, poniewa\u017c powstaje od podstaw z my\u015bl\u0105 o konkretnej sylwetce, urodzie i wyj\u0105tkowej okazji.<\/p>\n<\/div><\/div>\n\n\n\n<p class=\"wp-block-paragraph\">Czytaj r\u00f3wnie\u017c: <a href=\"https:\/\/www.sklep.demarco.pl\/blog\/eleganckie-stylizacje-na-wesele-we-wrzesniu-de-marco-szycie-na-miare\/\">Eleganckie stylizacje na wesele we wrze\u015bniu \u2013 De Marco szycie na miar\u0119<\/a><\/p>\n\n\n\n<div class=\"wp-block-media-text is-stacked-on-mobile\"><figure class=\"wp-block-media-text__media\"><a href=\"https:\/\/www.sklep.demarco.pl\/wizytowy-zakiet-z-sukienka-gizela-ii\" target=\"_blank\" rel=\" noreferrer noopener\"><img loading=\"lazy\" decoding=\"async\" width=\"774\" height=\"1024\" src=\"https:\/\/www.sklep.demarco.pl\/blog\/wp-content\/uploads\/2026\/06\/elegancki_komplet_weselny_2-774x1024.png\" alt=\"Ekskluzywny komplet damski dla mamy wesela szyty na miar\u0119 w De Marco\" class=\"wp-image-19504 size-full\" srcset=\"https:\/\/www.sklep.demarco.pl\/blog\/wp-content\/uploads\/2026\/06\/elegancki_komplet_weselny_2-774x1024.png 774w, https:\/\/www.sklep.demarco.pl\/blog\/wp-content\/uploads\/2026\/06\/elegancki_komplet_weselny_2-227x300.png 227w, https:\/\/www.sklep.demarco.pl\/blog\/wp-content\/uploads\/2026\/06\/elegancki_komplet_weselny_2-768x1017.png 768w, https:\/\/www.sklep.demarco.pl\/blog\/wp-content\/uploads\/2026\/06\/elegancki_komplet_weselny_2.png 896w\" sizes=\"auto, (max-width: 774px) 100vw, 774px\" \/><\/a><\/figure><div class=\"wp-block-media-text__content\">\n<h2 class=\"wp-block-heading\">Jesienna elegancja inspirowana natur\u0105<\/h2>\n\n\n\n<p class=\"wp-block-paragraph\">Jesie\u0144 daje niezwyk\u0142e mo\u017cliwo\u015bci w doborze tkanin i kolor\u00f3w. To pora roku, w kt\u00f3rej doskonale prezentuj\u0105 si\u0119 g\u0142\u0119bokie odcienie butelkowej zieleni, burgundu, \u015bliwki, granatu czy czekoladowego br\u0105zu. Szlachetne barwy pi\u0119knie wsp\u00f3\u0142graj\u0105 z wysokogatunkowymi materia\u0142ami, nadaj\u0105c kreacjom luksusowy i niezwykle dostojny charakter.<\/p>\n\n\n\n<p class=\"wp-block-paragraph\">W naszych projektach wykorzystujemy mi\u0119dzy innymi jedwabie, krepy, \u017cakardy oraz delikatne hafty i koronki, kt\u00f3re podkre\u015blaj\u0105 wyj\u0105tkowo\u015b\u0107 sukni, pozostaj\u0105c jednocze\u015bnie pe\u0142ne dobrego smaku.<\/p>\n<\/div><\/div>\n\n\n\n<p class=\"wp-block-paragraph\">Czytaj r\u00f3wnie\u017c: <a href=\"https:\/\/www.demarco.pl\/smietankowy-zakiet-de-marco-na-festiwalu-im-jana-kiepury\/\">\u015amietankowy \u017cakiet De Marco na Festiwalu im. Jana Kiepury<\/a><\/p>\n\n\n\n<div class=\"wp-block-media-text is-stacked-on-mobile\"><figure class=\"wp-block-media-text__media\"><a href=\"https:\/\/www.sklep.demarco.pl\/sukienka-na-wesele-gildia\" target=\"_blank\" rel=\" noreferrer noopener\"><img loading=\"lazy\" decoding=\"async\" width=\"1024\" height=\"1024\" src=\"https:\/\/www.sklep.demarco.pl\/blog\/wp-content\/uploads\/2024\/12\/ekskluzywna-sukienka-la-mamy-wesela2-1024x1024.jpg\" alt=\"Modna sukienka na wesele dla mamy i te\u015bciowej. De Marco szycie na miar\u0119\" class=\"wp-image-17358 size-full\" srcset=\"https:\/\/www.sklep.demarco.pl\/blog\/wp-content\/uploads\/2024\/12\/ekskluzywna-sukienka-la-mamy-wesela2-1024x1024.jpg 1024w, https:\/\/www.sklep.demarco.pl\/blog\/wp-content\/uploads\/2024\/12\/ekskluzywna-sukienka-la-mamy-wesela2-300x300.jpg 300w, https:\/\/www.sklep.demarco.pl\/blog\/wp-content\/uploads\/2024\/12\/ekskluzywna-sukienka-la-mamy-wesela2-150x150.jpg 150w, https:\/\/www.sklep.demarco.pl\/blog\/wp-content\/uploads\/2024\/12\/ekskluzywna-sukienka-la-mamy-wesela2-768x768.jpg 768w, https:\/\/www.sklep.demarco.pl\/blog\/wp-content\/uploads\/2024\/12\/ekskluzywna-sukienka-la-mamy-wesela2.jpg 1440w\" sizes=\"auto, (max-width: 1024px) 100vw, 1024px\" \/><\/a><\/figure><div class=\"wp-block-media-text__content\">\n<h2 class=\"wp-block-heading\">Unikat zamiast seryjnej mody<\/h2>\n\n\n\n<p class=\"wp-block-paragraph\">Szanowni Pa\u0144stwo, najwi\u0119kszym luksusem wsp\u00f3\u0142czesnej elegancji nie jest metka, lecz niepowtarzalno\u015b\u0107. W czasach masowej produkcji coraz trudniej znale\u017a\u0107 kreacj\u0119, kt\u00f3ra naprawd\u0119 wyr\u00f3\u017cnia si\u0119 jako\u015bci\u0105 i indywidualnym charakterem.<\/p>\n\n\n\n<p class=\"wp-block-paragraph\">Dlatego w De Marco ka\u017cda sukienka powstaje jako autorski projekt. Nie kopiujemy gotowych rozwi\u0105za\u0144 \u2013 tworzymy fason dopasowany do proporcji sylwetki, osobowo\u015bci oraz rangi uroczysto\u015bci. Dzi\u0119ki temu ka\u017cda Klientka otrzymuje kreacj\u0119 jedyn\u0105 w swoim rodzaju.<\/p>\n\n\n\n<p class=\"wp-block-paragraph\">To w\u0142a\u015bnie jest prawdziwy luksus.<\/p>\n<\/div><\/div>\n\n\n\n<p class=\"wp-block-paragraph\">Czytaj r\u00f3wnie\u017c: <a href=\"https:\/\/www.sklep.demarco.pl\/blog\/eleganckie-stylizacje-na-rozpoczecie-roku-szkolnego-i-akademickiego-garsonki-i-sukienki-ktore-maja-klase\/\">Eleganckie stylizacje na rozpocz\u0119cie roku szkolnego i akademickiego. Garsonki i sukienki, kt\u00f3re maj\u0105 klas\u0119<\/a><\/p>\n\n\n\n<div class=\"wp-block-media-text is-stacked-on-mobile\"><figure class=\"wp-block-media-text__media\"><a href=\"https:\/\/www.sklep.demarco.pl\/wizytowa-czerwona-sukienka-minerwa-ii\" target=\"_blank\" rel=\" noreferrer noopener\"><img loading=\"lazy\" decoding=\"async\" width=\"1024\" height=\"643\" src=\"https:\/\/www.sklep.demarco.pl\/blog\/wp-content\/uploads\/2026\/08\/czerwona-sukienka-pierwszej-damsy_www.delfi_.lt-1-1024x643.jpg\" alt=\"\" class=\"wp-image-20186 size-full\" srcset=\"https:\/\/www.sklep.demarco.pl\/blog\/wp-content\/uploads\/2026\/08\/czerwona-sukienka-pierwszej-damsy_www.delfi_.lt-1-1024x643.jpg 1024w, https:\/\/www.sklep.demarco.pl\/blog\/wp-content\/uploads\/2026\/08\/czerwona-sukienka-pierwszej-damsy_www.delfi_.lt-1-300x188.jpg 300w, https:\/\/www.sklep.demarco.pl\/blog\/wp-content\/uploads\/2026\/08\/czerwona-sukienka-pierwszej-damsy_www.delfi_.lt-1-768x482.jpg 768w, https:\/\/www.sklep.demarco.pl\/blog\/wp-content\/uploads\/2026\/08\/czerwona-sukienka-pierwszej-damsy_www.delfi_.lt-1.jpg 1450w\" sizes=\"auto, (max-width: 1024px) 100vw, 1024px\" \/><\/a><\/figure><div class=\"wp-block-media-text__content\">\n<h2 class=\"wp-block-heading\">Sukienka, kt\u00f3ra podkre\u015bla atuty sylwetki<\/h2>\n\n\n\n<p class=\"wp-block-paragraph\">Pi\u0119kna kreacja nie polega na ukrywaniu kobiety, lecz na wydobyciu jej naturalnego pi\u0119kna. Odpowiednio zaprojektowane ci\u0119cia konstrukcyjne, subtelnie zaznaczona talia, w\u0142a\u015bciwa d\u0142ugo\u015b\u0107 oraz perfekcyjnie dobrany r\u0119kaw sprawiaj\u0105, \u017ce sylwetka staje si\u0119 smuklejsza i bardziej harmonijna.<\/p>\n\n\n\n<p class=\"wp-block-paragraph\">Szycie na miar\u0119 pozwala uwzgl\u0119dni\u0107 wszystkie indywidualne cechy figury \u2013 wzrost, proporcje ramion, lini\u0119 bioder czy typ urody. Efektem jest sukienka, kt\u00f3ra uk\u0142ada si\u0119 niczym druga sk\u00f3ra i zapewnia komfort przez ca\u0142y dzie\u0144 oraz wiecz\u00f3r weselny.<\/p>\n<\/div><\/div>\n\n\n\n<p class=\"wp-block-paragraph\">Czytaj r\u00f3wnie\u017c: <a href=\"https:\/\/www.sklep.demarco.pl\/blog\/ekskluzywne-i-romantyczne-sukienki-dla-kobiety-po-50-i-60-roku-zycia\/\">Ekskluzywne i romantyczne sukienki dla kobiety po 50. i 60. roku \u017cycia<\/a><\/p>\n\n\n\n<div class=\"wp-block-media-text is-stacked-on-mobile\"><figure class=\"wp-block-media-text__media\"><a href=\"https:\/\/www.sklep.demarco.pl\/lena-wizytowa-sukienka-z-dlugim-rekawem\" target=\"_blank\" rel=\" noreferrer noopener\"><img loading=\"lazy\" decoding=\"async\" width=\"1024\" height=\"572\" src=\"https:\/\/www.sklep.demarco.pl\/blog\/wp-content\/uploads\/2026\/09\/piekna_sukienka_1-1024x572.jpg\" alt=\"Eleganckie sukienki z d\u0142ugim r\u0119kawem na wesele De Marco ekskluzywne sukienki od pocz\u0105tku do ko\u0144ca szyte w Polsce \" class=\"wp-image-20248 size-full\" srcset=\"https:\/\/www.sklep.demarco.pl\/blog\/wp-content\/uploads\/2026\/09\/piekna_sukienka_1-1024x572.jpg 1024w, https:\/\/www.sklep.demarco.pl\/blog\/wp-content\/uploads\/2026\/09\/piekna_sukienka_1-300x167.jpg 300w, https:\/\/www.sklep.demarco.pl\/blog\/wp-content\/uploads\/2026\/09\/piekna_sukienka_1-768x429.jpg 768w, https:\/\/www.sklep.demarco.pl\/blog\/wp-content\/uploads\/2026\/09\/piekna_sukienka_1.jpg 1376w\" sizes=\"auto, (max-width: 1024px) 100vw, 1024px\" \/><\/a><\/figure><div class=\"wp-block-media-text__content\">\n<h2 class=\"wp-block-heading\">Kreacja godna wyj\u0105tkowych chwil<\/h2>\n\n\n\n<p class=\"wp-block-paragraph\">Mama panny m\u0142odej, mama pana m\u0142odego, \u015bwiadkowa czy elegancki go\u015b\u0107 weselny \u2013 ka\u017cda z tych r\u00f3l zas\u0142uguje na odpowiedni\u0105 opraw\u0119. Jesienna sukienka wizytowa powinna zachwyca\u0107 klas\u0105, ale nigdy przesad\u0105. Najwi\u0119ksze wra\u017cenie robi\u0105 kreacje subtelne, doskonale uszyte i pe\u0142ne wyrafinowanej prostoty.<\/p>\n\n\n\n<p class=\"wp-block-paragraph\">To w\u0142a\u015bnie one pozostaj\u0105 pi\u0119kne r\u00f3wnie\u017c po latach, kiedy wracamy do rodzinnych fotografii.<\/p>\n<\/div><\/div>\n\n\n\n<p class=\"wp-block-paragraph\">Czytaj r\u00f3wnie\u017c: <a href=\"https:\/\/www.demarco.pl\/eleganckie-sukienki-i-garsonki-na-jesien-de-marco-wieczorowa-i-wizytowa-odziez-damska-szyta-na-miare\/\">Eleganckie sukienki i garsonki na jesie\u0144 \u2013 De Marco. Wieczorowa i wizytowa odzie\u017c damska szyta na miar\u0119<\/a><\/p>\n\n\n\n<div class=\"wp-block-media-text is-stacked-on-mobile\"><figure class=\"wp-block-media-text__media\"><a href=\"https:\/\/www.sklep.demarco.pl\/sukienka-na-wesele-rea-ii\" target=\"_blank\" rel=\" noreferrer noopener\"><img loading=\"lazy\" decoding=\"async\" width=\"683\" height=\"1024\" src=\"https:\/\/www.sklep.demarco.pl\/blog\/wp-content\/uploads\/2026\/08\/mama-wesela-683x1024.jpg\" alt=\"Ekskluzywna sukienka dla mamy wesela\" class=\"wp-image-19989 size-full\" srcset=\"https:\/\/www.sklep.demarco.pl\/blog\/wp-content\/uploads\/2026\/08\/mama-wesela-683x1024.jpg 683w, https:\/\/www.sklep.demarco.pl\/blog\/wp-content\/uploads\/2026\/08\/mama-wesela-200x300.jpg 200w, https:\/\/www.sklep.demarco.pl\/blog\/wp-content\/uploads\/2026\/08\/mama-wesela-768x1152.jpg 768w, https:\/\/www.sklep.demarco.pl\/blog\/wp-content\/uploads\/2026\/08\/mama-wesela-1024x1536.jpg 1024w, https:\/\/www.sklep.demarco.pl\/blog\/wp-content\/uploads\/2026\/08\/mama-wesela.jpg 1067w\" sizes=\"auto, (max-width: 683px) 100vw, 683px\" \/><\/a><\/figure><div class=\"wp-block-media-text__content\">\n<h2 class=\"wp-block-heading\">De Marco \u2013 polskie szycie na miar\u0119<\/h2>\n\n\n\n<p class=\"wp-block-paragraph\">W Atelier De Marco od ponad dwudziestu lat piel\u0119gnujemy tradycj\u0119 polskiego krawiectwa miarowego, projektuj\u0105c luksusow\u0105 odzie\u017c damsk\u0105 dla kobiet ceni\u0105cych najwy\u017csz\u0105 jako\u015b\u0107 i ponadczasow\u0105 elegancj\u0119. Nasze sukienki, garsonki i komplety powstaj\u0105 z pasji do pi\u0119kna oraz szacunku dla indywidualno\u015bci ka\u017cdej Klientki.<\/p>\n<\/div><\/div>\n\n\n\n<p class=\"wp-block-paragraph\">Czytaj r\u00f3wnie\u017c: <a href=\"https:\/\/www.demarco.pl\/polskie-sukienki-z-jedwabiu-wizytowe-sukienki-na-wyjatkowe-okazje\/\">Polskie sukienki z jedwabiu. Wizytowe sukienki na wyj\u0105tkowe okazje<\/a><\/p>\n\n\n\n<div class=\"wp-block-media-text is-stacked-on-mobile\"><figure class=\"wp-block-media-text__media\"><a href=\"https:\/\/www.sklep.demarco.pl\/na-wesele\" target=\"_blank\" rel=\" noreferrer noopener\"><img loading=\"lazy\" decoding=\"async\" width=\"768\" height=\"1024\" src=\"https:\/\/www.sklep.demarco.pl\/blog\/wp-content\/uploads\/2026\/08\/signal-2024-04-17-153929_002-768x1024.jpeg\" alt=\"Luksusowa polska pracownia krawiecka De Marco \" class=\"wp-image-20220 size-full\" srcset=\"https:\/\/www.sklep.demarco.pl\/blog\/wp-content\/uploads\/2026\/08\/signal-2024-04-17-153929_002-768x1024.jpeg 768w, https:\/\/www.sklep.demarco.pl\/blog\/wp-content\/uploads\/2026\/08\/signal-2024-04-17-153929_002-225x300.jpeg 225w, https:\/\/www.sklep.demarco.pl\/blog\/wp-content\/uploads\/2026\/08\/signal-2024-04-17-153929_002-1152x1536.jpeg 1152w, https:\/\/www.sklep.demarco.pl\/blog\/wp-content\/uploads\/2026\/08\/signal-2024-04-17-153929_002.jpeg 1200w\" sizes=\"auto, (max-width: 768px) 100vw, 768px\" \/><\/a><\/figure><div class=\"wp-block-media-text__content\">\n<p class=\"wp-block-paragraph\">Szanowni Pa\u0144stwo, serdecznie zapraszamy do odkrycia kolekcji ekskluzywnych sukienek na jesienne wesele De Marco. Wierzymy, \u017ce najpi\u0119kniejsza kreacja to ta, kt\u00f3ra nie tylko zachwyca otoczenie, lecz przede wszystkim sprawia, \u017ce kobieta czuje si\u0119 pi\u0119kna, pewna siebie i prawdziwie wyj\u0105tkowa.<\/p>\n<\/div><\/div>\n\n\n\n<p class=\"wp-block-paragraph\">Czytaj r\u00f3wnie\u017c: <a href=\"https:\/\/www.demarco.pl\/piec-bledow-ktorych-uniknac-w-stylizacjach-wizytowych-i-wyjsciowych\/\">Pi\u0119\u0107 b\u0142\u0119d\u00f3w, kt\u00f3rych warto unikn\u0105\u0107 w stylizacjach wizytowych i wyj\u015bciowych<\/a><\/p>\n\n\n\n<figure class=\"wp-block-embed is-type-wp-embed is-provider-de-marco wp-block-embed-de-marco\"><div class=\"wp-block-embed__wrapper\">\n<blockquote class=\"wp-embedded-content\" data-secret=\"Rm15i4o8uO\"><a href=\"https:\/\/www.sklep.demarco.pl\/blog\/jak-ubrac-sie-na-wesele-w-listopadzie-unikatowe-kreacje-projektowane-i-szyte-na-miare-w-de-marco\/\">Jak ubra\u0107 si\u0119 na wesele w listopadzie? Unikatowe kreacje projektowane i szyte na miar\u0119 w De Marco<\/a><\/blockquote><iframe loading=\"lazy\" class=\"wp-embedded-content\" sandbox=\"allow-scripts\" security=\"restricted\" style=\"position: absolute; visibility: hidden;\" title=\"\u201eJak ubra\u0107 si\u0119 na wesele w listopadzie? Unikatowe kreacje projektowane i szyte na miar\u0119 w De Marco\u201d \u2014 De Marco\" src=\"https:\/\/www.sklep.demarco.pl\/blog\/jak-ubrac-sie-na-wesele-w-listopadzie-unikatowe-kreacje-projektowane-i-szyte-na-miare-w-de-marco\/embed\/#?secret=Ws0G3Q9qGo#?secret=Rm15i4o8uO\" data-secret=\"Rm15i4o8uO\" width=\"500\" height=\"282\" frameborder=\"0\" marginwidth=\"0\" marginheight=\"0\" scrolling=\"no\"><\/iframe>\n<\/div><\/figure>\n\n\n\n<hr class=\"wp-block-separator has-alpha-channel-opacity\"\/>\n\n\n\n<div class=\"wp-block-media-text is-stacked-on-mobile\"><figure class=\"wp-block-media-text__media\"><a href=\"https:\/\/www.sklep.demarco.pl\/blog\/wp-content\/uploads\/2026\/08\/AI-LABELS_3x2_AI_black-50.png\"><img loading=\"lazy\" decoding=\"async\" width=\"50\" height=\"33\" src=\"https:\/\/www.sklep.demarco.pl\/blog\/wp-content\/uploads\/2026\/08\/AI-LABELS_3x2_AI_black-50.png\" alt=\"Nota informacyjna Artyku\u0142 powsta\u0142 na podstawie autorskich tekst\u00f3w Atelier De Marco, tworzonych zgodnie z nasz\u0105 misj\u0105 edukacyjn\u0105 i informacyjn\u0105, a nast\u0119pnie zosta\u0142 zredagowany z wykorzystaniem technologii AI. Cz\u0119\u015b\u0107 zdj\u0119\u0107, przedstawia modelk\u0119 w naszych autorskich projektach, uszytych w atelier De Marco i zosta\u0142y one poddana kreatywnej obr\u00f3bce AI. Wszystkie materia\u0142y s\u0105 przez nas starannie redagowane i weryfikowane. Pozosta\u0142e zdj\u0119cia s\u0105 nades\u0142ane przez klientki lub wykonane w Salonie Mody De Marco. Serdecznie dzi\u0119kujemy naszym Klientkom za zaufanie i zgod\u0119 na wykorzystanie ich fotografii. \u017byczymy Pa\u0144stwu wielu dalszych sukces\u00f3w!\" class=\"wp-image-20056 size-full\"\/><\/a><\/figure><div class=\"wp-block-media-text__content\">\n<p class=\"wp-block-paragraph\">Nota informacyjna <\/p>\n\n\n\n<p class=\"wp-block-paragraph\">Artyku\u0142 powsta\u0142 na podstawie autorskich tekst\u00f3w Atelier De Marco, tworzonych zgodnie z nasz\u0105 misj\u0105 edukacyjn\u0105 i informacyjn\u0105, a nast\u0119pnie zosta\u0142 zredagowany z wykorzystaniem technologii AI. <\/p>\n\n\n\n<p class=\"wp-block-paragraph\">Cz\u0119\u015b\u0107 zdj\u0119\u0107, przedstawia modelk\u0119 w naszych autorskich projektach, uszytych w atelier De Marco i zosta\u0142y one poddana kreatywnej obr\u00f3bce AI. Wszystkie materia\u0142y s\u0105 przez nas starannie redagowane i weryfikowane. Pozosta\u0142e zdj\u0119cia s\u0105 nades\u0142ane przez klientki lub wykonane w Salonie Mody De Marco. Serdecznie dzi\u0119kujemy naszym Klientkom za zaufanie i zgod\u0119 na wykorzystanie ich fotografii. \u017byczymy Pa\u0144stwu wielu dalszych sukces\u00f3w!<\/p>\n<\/div><\/div>\n\n\n<!-- wp:themify-builder\/canvas \/-->","protected":false},"excerpt":{"rendered":"<p>De Marco sukienki na jesienne wesele Szanowni Pa\u0144stwo, Jesienne wesele nale\u017cy do najbardziej eleganckich uroczysto\u015bci w ca\u0142ym roku. Wrzesie\u0144, pa\u017adziernik i listopad zachwycaj\u0105 szlachetn\u0105 kolorystyk\u0105 natury, subtelnym \u015bwiat\u0142em oraz atmosfer\u0105, kt\u00f3ra sprzyja wyrafinowanym stylizacjom. To doskona\u0142y moment, aby pozwoli\u0107 sobie na kreacj\u0119 wyj\u0105tkow\u0105 \u2013 uszyt\u0105 na miar\u0119, dopracowan\u0105 w ka\u017cdym detalu i stworzon\u0105 wy\u0142\u0105cznie dla [&hellip;]<\/p>\n","protected":false},"author":1,"featured_media":20271,"comment_status":"closed","ping_status":"closed","sticky":false,"template":"","format":"standard","meta":{"_jetpack_newsletter_access":"","_jetpack_dont_email_post_to_subs":false,"_jetpack_newsletter_tier_id":0,"_jetpack_memberships_contains_paywalled_content":false,"_jetpack_memberships_contains_paid_content":false,"footnotes":"","_links_to":"","_links_to_target":""},"categories":[15],"tags":[200,82,469,299,300,4470,171,3491,484,3339,4410,4472,239,16,418,478,293,297,3485,231,176,217,294,4474,518,66,17,499,36,134],"class_list":["post-20268","post","type-post","status-publish","format-standard","has-post-thumbnail","hentry","category-metamorfoza","tag-ciekawe-stylizacje-na-wesele","tag-de-marco","tag-de-marco-ekskluzywna-marka","tag-dla-mamy-wesela-2","tag-dla-matki-weselnej","tag-dlugie-zwiewne-sukienki-na-wesele","tag-ekskluzywna-odziez-damska","tag-ekskluzywna-odziez-damska-polskich-producentow","tag-ekskluzywna-suknia-dla-mamy-wesela","tag-elegancka-odziez-damska-sklep-internetowy","tag-elegancka-sukienka-dla-50-latki","tag-eleganckie-sukienki-na-wesele","tag-komplet-sukienka-z-plaszczem","tag-mama-wesela","tag-mama-wesele-w-spodniach","tag-markowa-odziez-damska","tag-matka-wesela","tag-najpiekniejsza-mama-wesele","tag-niepowtarzalne-sukienki-na-wesele","tag-oryginalna-sukienka-dla-mamy-wesela","tag-sklep-de-marco","tag-sklep-internetowy","tag-sukienka-dla-mamy-weselnej","tag-sukienka-na-wesele-dla-50-latki","tag-sukienki-na-wesele-dla-mamy-i-tesciowej","tag-wesele","tag-wesele-corki","tag-wesele-syna","tag-wesele-fashion","tag-weselna-mama"],"yoast_head":"<!-- This site is optimized with the Yoast SEO plugin v28.4 - https:\/\/yoast.com\/product\/yoast-seo-wordpress\/ -->\n<title>Ekskluzywne sukienki na jesienne wesele \u2013 unikaty szyte na miar\u0119 De Marco - De Marco<\/title>\n<meta name=\"robots\" content=\"index, follow, max-snippet:-1, max-image-preview:large, max-video-preview:-1\" \/>\n<link rel=\"canonical\" href=\"https:\/\/www.sklep.demarco.pl\/blog\/ekskluzywne-sukienki-na-jesienne-wesele-unikaty-szyte-na-miare-de-marco\/\" \/>\n<meta property=\"og:locale\" content=\"pl_PL\" \/>\n<meta property=\"og:type\" content=\"article\" \/>\n<meta property=\"og:title\" content=\"Ekskluzywne sukienki na jesienne wesele \u2013 unikaty szyte na miar\u0119 De Marco - De Marco\" \/>\n<meta property=\"og:description\" content=\"De Marco sukienki na jesienne wesele Szanowni Pa\u0144stwo, Jesienne wesele nale\u017cy do najbardziej eleganckich uroczysto\u015bci w ca\u0142ym roku. Wrzesie\u0144, pa\u017adziernik i listopad zachwycaj\u0105 szlachetn\u0105 kolorystyk\u0105 natury, subtelnym \u015bwiat\u0142em oraz atmosfer\u0105, kt\u00f3ra sprzyja wyrafinowanym stylizacjom. To doskona\u0142y moment, aby pozwoli\u0107 sobie na kreacj\u0119 wyj\u0105tkow\u0105 \u2013 uszyt\u0105 na miar\u0119, dopracowan\u0105 w ka\u017cdym detalu i stworzon\u0105 wy\u0142\u0105cznie dla [&hellip;]\" \/>\n<meta property=\"og:url\" content=\"https:\/\/www.sklep.demarco.pl\/blog\/ekskluzywne-sukienki-na-jesienne-wesele-unikaty-szyte-na-miare-de-marco\/\" \/>\n<meta property=\"og:site_name\" content=\"De Marco\" \/>\n<meta property=\"article:publisher\" content=\"https:\/\/www.facebook.com\/DeMarco.Styl\" \/>\n<meta property=\"article:published_time\" content=\"2026-09-02T10:44:55+00:00\" \/>\n<meta property=\"article:modified_time\" content=\"2026-09-02T10:45:01+00:00\" \/>\n<meta property=\"og:image\" content=\"https:\/\/www.sklep.demarco.pl\/blog\/wp-content\/uploads\/2026\/09\/suknia_wieczorowa_2.jpg\" \/>\n\t<meta property=\"og:image:width\" content=\"896\" \/>\n\t<meta property=\"og:image:height\" content=\"1195\" \/>\n\t<meta property=\"og:image:type\" content=\"image\/jpeg\" \/>\n<meta name=\"author\" content=\"de marco\" \/>\n<meta name=\"twitter:label1\" content=\"Napisane przez\" \/>\n\t<meta name=\"twitter:data1\" content=\"de marco\" \/>\n\t<meta name=\"twitter:label2\" content=\"Szacowany czas czytania\" \/>\n\t<meta name=\"twitter:data2\" content=\"6 minut\" \/>\n<script type=\"application\/ld+json\" class=\"yoast-schema-graph\">{\"@context\":\"https:\\\/\\\/schema.org\",\"@graph\":[{\"@type\":\"Article\",\"@id\":\"https:\\\/\\\/www.sklep.demarco.pl\\\/blog\\\/ekskluzywne-sukienki-na-jesienne-wesele-unikaty-szyte-na-miare-de-marco\\\/#article\",\"isPartOf\":{\"@id\":\"https:\\\/\\\/www.sklep.demarco.pl\\\/blog\\\/ekskluzywne-sukienki-na-jesienne-wesele-unikaty-szyte-na-miare-de-marco\\\/\"},\"author\":{\"name\":\"de marco\",\"@id\":\"https:\\\/\\\/www.sklep.demarco.pl\\\/blog\\\/#\\\/schema\\\/person\\\/38456e8269588abfbbdda5bc04dad142\"},\"headline\":\"Ekskluzywne sukienki na jesienne wesele \u2013 unikaty szyte na miar\u0119 De Marco\",\"datePublished\":\"2026-09-02T10:44:55+00:00\",\"dateModified\":\"2026-09-02T10:45:01+00:00\",\"mainEntityOfPage\":{\"@id\":\"https:\\\/\\\/www.sklep.demarco.pl\\\/blog\\\/ekskluzywne-sukienki-na-jesienne-wesele-unikaty-szyte-na-miare-de-marco\\\/\"},\"wordCount\":757,\"image\":{\"@id\":\"https:\\\/\\\/www.sklep.demarco.pl\\\/blog\\\/ekskluzywne-sukienki-na-jesienne-wesele-unikaty-szyte-na-miare-de-marco\\\/#primaryimage\"},\"thumbnailUrl\":\"https:\\\/\\\/www.sklep.demarco.pl\\\/blog\\\/wp-content\\\/uploads\\\/2026\\\/09\\\/suknia_wieczorowa_2.jpg\",\"keywords\":[\"ciekawe stylizacje na wesele\",\"De Marco\",\"De Marco ekskluzywna marka\",\"dla mamy wesela\",\"dla matki weselnej\",\"D\u0142ugie zwiewne sukienki na wesele\",\"Ekskluzywna odzie\u017c damska\",\"Ekskluzywna odzie\u017c damska polskich producent\u00f3w\",\"Ekskluzywna suknia dla mamy wesela\",\"Elegancka odzie\u017c damska sklep internetowy\",\"Elegancka sukienka dla 50 latki\",\"Eleganckie sukienki na wesele\",\"komplet sukienka z p\u0142aszczem\",\"mama wesela\",\"mama wesele w spodniach\",\"markowa odzie\u017c damska\",\"matka wesela\",\"Najpi\u0119kniejsza mama wesele\",\"Niepowtarzalne sukienki na wesele\",\"oryginalna sukienka dla mamy wesela\",\"sklep De marco\",\"sklep internetowy\",\"sukienka dla mamy weselnej\",\"Sukienka na wesele dla 50 latki\",\"Sukienki na wesele dla mamy i te\u015bciowej\",\"wesele\",\"wesele c\u00f3rki\",\"wesele syna\",\"wesele. Fashion\",\"weselna mama\"],\"articleSection\":[\"METAMORFOZA\"],\"inLanguage\":\"pl-PL\"},{\"@type\":\"WebPage\",\"@id\":\"https:\\\/\\\/www.sklep.demarco.pl\\\/blog\\\/ekskluzywne-sukienki-na-jesienne-wesele-unikaty-szyte-na-miare-de-marco\\\/\",\"url\":\"https:\\\/\\\/www.sklep.demarco.pl\\\/blog\\\/ekskluzywne-sukienki-na-jesienne-wesele-unikaty-szyte-na-miare-de-marco\\\/\",\"name\":\"Ekskluzywne sukienki na jesienne wesele \u2013 unikaty szyte na miar\u0119 De Marco - De Marco\",\"isPartOf\":{\"@id\":\"https:\\\/\\\/www.sklep.demarco.pl\\\/blog\\\/#website\"},\"primaryImageOfPage\":{\"@id\":\"https:\\\/\\\/www.sklep.demarco.pl\\\/blog\\\/ekskluzywne-sukienki-na-jesienne-wesele-unikaty-szyte-na-miare-de-marco\\\/#primaryimage\"},\"image\":{\"@id\":\"https:\\\/\\\/www.sklep.demarco.pl\\\/blog\\\/ekskluzywne-sukienki-na-jesienne-wesele-unikaty-szyte-na-miare-de-marco\\\/#primaryimage\"},\"thumbnailUrl\":\"https:\\\/\\\/www.sklep.demarco.pl\\\/blog\\\/wp-content\\\/uploads\\\/2026\\\/09\\\/suknia_wieczorowa_2.jpg\",\"datePublished\":\"2026-09-02T10:44:55+00:00\",\"dateModified\":\"2026-09-02T10:45:01+00:00\",\"author\":{\"@id\":\"https:\\\/\\\/www.sklep.demarco.pl\\\/blog\\\/#\\\/schema\\\/person\\\/38456e8269588abfbbdda5bc04dad142\"},\"breadcrumb\":{\"@id\":\"https:\\\/\\\/www.sklep.demarco.pl\\\/blog\\\/ekskluzywne-sukienki-na-jesienne-wesele-unikaty-szyte-na-miare-de-marco\\\/#breadcrumb\"},\"inLanguage\":\"pl-PL\",\"potentialAction\":[{\"@type\":\"ReadAction\",\"target\":[\"https:\\\/\\\/www.sklep.demarco.pl\\\/blog\\\/ekskluzywne-sukienki-na-jesienne-wesele-unikaty-szyte-na-miare-de-marco\\\/\"]}]},{\"@type\":\"ImageObject\",\"inLanguage\":\"pl-PL\",\"@id\":\"https:\\\/\\\/www.sklep.demarco.pl\\\/blog\\\/ekskluzywne-sukienki-na-jesienne-wesele-unikaty-szyte-na-miare-de-marco\\\/#primaryimage\",\"url\":\"https:\\\/\\\/www.sklep.demarco.pl\\\/blog\\\/wp-content\\\/uploads\\\/2026\\\/09\\\/suknia_wieczorowa_2.jpg\",\"contentUrl\":\"https:\\\/\\\/www.sklep.demarco.pl\\\/blog\\\/wp-content\\\/uploads\\\/2026\\\/09\\\/suknia_wieczorowa_2.jpg\",\"width\":896,\"height\":1195,\"caption\":\"luksusowa suknia wieczorowa na wqesele\"},{\"@type\":\"BreadcrumbList\",\"@id\":\"https:\\\/\\\/www.sklep.demarco.pl\\\/blog\\\/ekskluzywne-sukienki-na-jesienne-wesele-unikaty-szyte-na-miare-de-marco\\\/#breadcrumb\",\"itemListElement\":[{\"@type\":\"ListItem\",\"position\":1,\"name\":\"Strona g\u0142\u00f3wna\",\"item\":\"https:\\\/\\\/www.sklep.demarco.pl\\\/blog\\\/\"},{\"@type\":\"ListItem\",\"position\":2,\"name\":\"Ekskluzywne sukienki na jesienne wesele \u2013 unikaty szyte na miar\u0119 De Marco\"}]},{\"@type\":\"WebSite\",\"@id\":\"https:\\\/\\\/www.sklep.demarco.pl\\\/blog\\\/#website\",\"url\":\"https:\\\/\\\/www.sklep.demarco.pl\\\/blog\\\/\",\"name\":\"De Marco\",\"description\":\"The finest women&#039;s clothing manufacturer\",\"potentialAction\":[{\"@type\":\"SearchAction\",\"target\":{\"@type\":\"EntryPoint\",\"urlTemplate\":\"https:\\\/\\\/www.sklep.demarco.pl\\\/blog\\\/?s={search_term_string}\"},\"query-input\":{\"@type\":\"PropertyValueSpecification\",\"valueRequired\":true,\"valueName\":\"search_term_string\"}}],\"inLanguage\":\"pl-PL\"},{\"@type\":\"Person\",\"@id\":\"https:\\\/\\\/www.sklep.demarco.pl\\\/blog\\\/#\\\/schema\\\/person\\\/38456e8269588abfbbdda5bc04dad142\",\"name\":\"de marco\",\"image\":{\"@type\":\"ImageObject\",\"inLanguage\":\"pl-PL\",\"@id\":\"https:\\\/\\\/secure.gravatar.com\\\/avatar\\\/1d03f06a246921ea2531e9b59fe2dcd5a125b6b3339bedd531ae0d7e4bb25f99?s=96&d=mm&r=g\",\"url\":\"https:\\\/\\\/secure.gravatar.com\\\/avatar\\\/1d03f06a246921ea2531e9b59fe2dcd5a125b6b3339bedd531ae0d7e4bb25f99?s=96&d=mm&r=g\",\"contentUrl\":\"https:\\\/\\\/secure.gravatar.com\\\/avatar\\\/1d03f06a246921ea2531e9b59fe2dcd5a125b6b3339bedd531ae0d7e4bb25f99?s=96&d=mm&r=g\",\"caption\":\"de marco\"},\"url\":\"https:\\\/\\\/www.sklep.demarco.pl\\\/blog\\\/author\\\/de-marco\\\/\"}]}<\/script>\n<!-- \/ Yoast SEO plugin. -->","yoast_head_json":{"title":"Ekskluzywne sukienki na jesienne wesele \u2013 unikaty szyte na miar\u0119 De Marco - De Marco","robots":{"index":"index","follow":"follow","max-snippet":"max-snippet:-1","max-image-preview":"max-image-preview:large","max-video-preview":"max-video-preview:-1"},"canonical":"https:\/\/www.sklep.demarco.pl\/blog\/ekskluzywne-sukienki-na-jesienne-wesele-unikaty-szyte-na-miare-de-marco\/","og_locale":"pl_PL","og_type":"article","og_title":"Ekskluzywne sukienki na jesienne wesele \u2013 unikaty szyte na miar\u0119 De Marco - De Marco","og_description":"De Marco sukienki na jesienne wesele Szanowni Pa\u0144stwo, Jesienne wesele nale\u017cy do najbardziej eleganckich uroczysto\u015bci w ca\u0142ym roku. Wrzesie\u0144, pa\u017adziernik i listopad zachwycaj\u0105 szlachetn\u0105 kolorystyk\u0105 natury, subtelnym \u015bwiat\u0142em oraz atmosfer\u0105, kt\u00f3ra sprzyja wyrafinowanym stylizacjom. To doskona\u0142y moment, aby pozwoli\u0107 sobie na kreacj\u0119 wyj\u0105tkow\u0105 \u2013 uszyt\u0105 na miar\u0119, dopracowan\u0105 w ka\u017cdym detalu i stworzon\u0105 wy\u0142\u0105cznie dla [&hellip;]","og_url":"https:\/\/www.sklep.demarco.pl\/blog\/ekskluzywne-sukienki-na-jesienne-wesele-unikaty-szyte-na-miare-de-marco\/","og_site_name":"De Marco","article_publisher":"https:\/\/www.facebook.com\/DeMarco.Styl","article_published_time":"2026-09-02T10:44:55+00:00","article_modified_time":"2026-09-02T10:45:01+00:00","og_image":[{"width":896,"height":1195,"url":"https:\/\/www.sklep.demarco.pl\/blog\/wp-content\/uploads\/2026\/09\/suknia_wieczorowa_2.jpg","type":"image\/jpeg"}],"author":"de marco","twitter_misc":{"Napisane przez":"de marco","Szacowany czas czytania":"6 minut"},"schema":{"@context":"https:\/\/schema.org","@graph":[{"@type":"Article","@id":"https:\/\/www.sklep.demarco.pl\/blog\/ekskluzywne-sukienki-na-jesienne-wesele-unikaty-szyte-na-miare-de-marco\/#article","isPartOf":{"@id":"https:\/\/www.sklep.demarco.pl\/blog\/ekskluzywne-sukienki-na-jesienne-wesele-unikaty-szyte-na-miare-de-marco\/"},"author":{"name":"de marco","@id":"https:\/\/www.sklep.demarco.pl\/blog\/#\/schema\/person\/38456e8269588abfbbdda5bc04dad142"},"headline":"Ekskluzywne sukienki na jesienne wesele \u2013 unikaty szyte na miar\u0119 De Marco","datePublished":"2026-09-02T10:44:55+00:00","dateModified":"2026-09-02T10:45:01+00:00","mainEntityOfPage":{"@id":"https:\/\/www.sklep.demarco.pl\/blog\/ekskluzywne-sukienki-na-jesienne-wesele-unikaty-szyte-na-miare-de-marco\/"},"wordCount":757,"image":{"@id":"https:\/\/www.sklep.demarco.pl\/blog\/ekskluzywne-sukienki-na-jesienne-wesele-unikaty-szyte-na-miare-de-marco\/#primaryimage"},"thumbnailUrl":"https:\/\/www.sklep.demarco.pl\/blog\/wp-content\/uploads\/2026\/09\/suknia_wieczorowa_2.jpg","keywords":["ciekawe stylizacje na wesele","De Marco","De Marco ekskluzywna marka","dla mamy wesela","dla matki weselnej","D\u0142ugie zwiewne sukienki na wesele","Ekskluzywna odzie\u017c damska","Ekskluzywna odzie\u017c damska polskich producent\u00f3w","Ekskluzywna suknia dla mamy wesela","Elegancka odzie\u017c damska sklep internetowy","Elegancka sukienka dla 50 latki","Eleganckie sukienki na wesele","komplet sukienka z p\u0142aszczem","mama wesela","mama wesele w spodniach","markowa odzie\u017c damska","matka wesela","Najpi\u0119kniejsza mama wesele","Niepowtarzalne sukienki na wesele","oryginalna sukienka dla mamy wesela","sklep De marco","sklep internetowy","sukienka dla mamy weselnej","Sukienka na wesele dla 50 latki","Sukienki na wesele dla mamy i te\u015bciowej","wesele","wesele c\u00f3rki","wesele syna","wesele. Fashion","weselna mama"],"articleSection":["METAMORFOZA"],"inLanguage":"pl-PL"},{"@type":"WebPage","@id":"https:\/\/www.sklep.demarco.pl\/blog\/ekskluzywne-sukienki-na-jesienne-wesele-unikaty-szyte-na-miare-de-marco\/","url":"https:\/\/www.sklep.demarco.pl\/blog\/ekskluzywne-sukienki-na-jesienne-wesele-unikaty-szyte-na-miare-de-marco\/","name":"Ekskluzywne sukienki na jesienne wesele \u2013 unikaty szyte na miar\u0119 De Marco - De Marco","isPartOf":{"@id":"https:\/\/www.sklep.demarco.pl\/blog\/#website"},"primaryImageOfPage":{"@id":"https:\/\/www.sklep.demarco.pl\/blog\/ekskluzywne-sukienki-na-jesienne-wesele-unikaty-szyte-na-miare-de-marco\/#primaryimage"},"image":{"@id":"https:\/\/www.sklep.demarco.pl\/blog\/ekskluzywne-sukienki-na-jesienne-wesele-unikaty-szyte-na-miare-de-marco\/#primaryimage"},"thumbnailUrl":"https:\/\/www.sklep.demarco.pl\/blog\/wp-content\/uploads\/2026\/09\/suknia_wieczorowa_2.jpg","datePublished":"2026-09-02T10:44:55+00:00","dateModified":"2026-09-02T10:45:01+00:00","author":{"@id":"https:\/\/www.sklep.demarco.pl\/blog\/#\/schema\/person\/38456e8269588abfbbdda5bc04dad142"},"breadcrumb":{"@id":"https:\/\/www.sklep.demarco.pl\/blog\/ekskluzywne-sukienki-na-jesienne-wesele-unikaty-szyte-na-miare-de-marco\/#breadcrumb"},"inLanguage":"pl-PL","potentialAction":[{"@type":"ReadAction","target":["https:\/\/www.sklep.demarco.pl\/blog\/ekskluzywne-sukienki-na-jesienne-wesele-unikaty-szyte-na-miare-de-marco\/"]}]},{"@type":"ImageObject","inLanguage":"pl-PL","@id":"https:\/\/www.sklep.demarco.pl\/blog\/ekskluzywne-sukienki-na-jesienne-wesele-unikaty-szyte-na-miare-de-marco\/#primaryimage","url":"https:\/\/www.sklep.demarco.pl\/blog\/wp-content\/uploads\/2026\/09\/suknia_wieczorowa_2.jpg","contentUrl":"https:\/\/www.sklep.demarco.pl\/blog\/wp-content\/uploads\/2026\/09\/suknia_wieczorowa_2.jpg","width":896,"height":1195,"caption":"luksusowa suknia wieczorowa na wqesele"},{"@type":"BreadcrumbList","@id":"https:\/\/www.sklep.demarco.pl\/blog\/ekskluzywne-sukienki-na-jesienne-wesele-unikaty-szyte-na-miare-de-marco\/#breadcrumb","itemListElement":[{"@type":"ListItem","position":1,"name":"Strona g\u0142\u00f3wna","item":"https:\/\/www.sklep.demarco.pl\/blog\/"},{"@type":"ListItem","position":2,"name":"Ekskluzywne sukienki na jesienne wesele \u2013 unikaty szyte na miar\u0119 De Marco"}]},{"@type":"WebSite","@id":"https:\/\/www.sklep.demarco.pl\/blog\/#website","url":"https:\/\/www.sklep.demarco.pl\/blog\/","name":"De Marco","description":"The finest women&#039;s clothing manufacturer","potentialAction":[{"@type":"SearchAction","target":{"@type":"EntryPoint","urlTemplate":"https:\/\/www.sklep.demarco.pl\/blog\/?s={search_term_string}"},"query-input":{"@type":"PropertyValueSpecification","valueRequired":true,"valueName":"search_term_string"}}],"inLanguage":"pl-PL"},{"@type":"Person","@id":"https:\/\/www.sklep.demarco.pl\/blog\/#\/schema\/person\/38456e8269588abfbbdda5bc04dad142","name":"de marco","image":{"@type":"ImageObject","inLanguage":"pl-PL","@id":"https:\/\/secure.gravatar.com\/avatar\/1d03f06a246921ea2531e9b59fe2dcd5a125b6b3339bedd531ae0d7e4bb25f99?s=96&d=mm&r=g","url":"https:\/\/secure.gravatar.com\/avatar\/1d03f06a246921ea2531e9b59fe2dcd5a125b6b3339bedd531ae0d7e4bb25f99?s=96&d=mm&r=g","contentUrl":"https:\/\/secure.gravatar.com\/avatar\/1d03f06a246921ea2531e9b59fe2dcd5a125b6b3339bedd531ae0d7e4bb25f99?s=96&d=mm&r=g","caption":"de marco"},"url":"https:\/\/www.sklep.demarco.pl\/blog\/author\/de-marco\/"}]}},"jetpack_sharing_enabled":true,"builder_content":"","jetpack_featured_media_url":"https:\/\/www.sklep.demarco.pl\/blog\/wp-content\/uploads\/2026\/09\/suknia_wieczorowa_2.jpg","_links":{"self":[{"href":"https:\/\/www.sklep.demarco.pl\/blog\/wp-json\/wp\/v2\/posts\/20268","targetHints":{"allow":["GET"]}}],"collection":[{"href":"https:\/\/www.sklep.demarco.pl\/blog\/wp-json\/wp\/v2\/posts"}],"about":[{"href":"https:\/\/www.sklep.demarco.pl\/blog\/wp-json\/wp\/v2\/types\/post"}],"author":[{"embeddable":true,"href":"https:\/\/www.sklep.demarco.pl\/blog\/wp-json\/wp\/v2\/users\/1"}],"replies":[{"embeddable":true,"href":"https:\/\/www.sklep.demarco.pl\/blog\/wp-json\/wp\/v2\/comments?post=20268"}],"version-history":[{"count":1,"href":"https:\/\/www.sklep.demarco.pl\/blog\/wp-json\/wp\/v2\/posts\/20268\/revisions"}],"predecessor-version":[{"id":20272,"href":"https:\/\/www.sklep.demarco.pl\/blog\/wp-json\/wp\/v2\/posts\/20268\/revisions\/20272"}],"wp:featuredmedia":[{"embeddable":true,"href":"https:\/\/www.sklep.demarco.pl\/blog\/wp-json\/wp\/v2\/media\/20271"}],"wp:attachment":[{"href":"https:\/\/www.sklep.demarco.pl\/blog\/wp-json\/wp\/v2\/media?parent=20268"}],"wp:term":[{"taxonomy":"category","embeddable":true,"href":"https:\/\/www.sklep.demarco.pl\/blog\/wp-json\/wp\/v2\/categories?post=20268"},{"taxonomy":"post_tag","embeddable":true,"href":"https:\/\/www.sklep.demarco.pl\/blog\/wp-json\/wp\/v2\/tags?post=20268"}],"curies":[{"name":"wp","href":"https:\/\/api.w.org\/{rel}","templated":true}]}}