{"id":20255,"date":"2026-09-02T09:20:35","date_gmt":"2026-09-02T09:20:35","guid":{"rendered":"https:\/\/www.sklep.demarco.pl\/blog\/?p=20255"},"modified":"2026-09-02T09:25:33","modified_gmt":"2026-09-02T09:25:33","slug":"ekskluzywny-plaszczyk-do-sukienki-projektowany-i-szyty-na-miare-w-de-marco","status":"publish","type":"post","link":"https:\/\/www.sklep.demarco.pl\/blog\/ekskluzywny-plaszczyk-do-sukienki-projektowany-i-szyty-na-miare-w-de-marco\/","title":{"rendered":"Ekskluzywny p\u0142aszczyk do sukienki projektowany i szyty na miar\u0119 w De Marco"},"content":{"rendered":"\n<div class=\"wp-block-media-text is-stacked-on-mobile\"><figure class=\"wp-block-media-text__media\"><a href=\"https:\/\/www.sklep.demarco.pl\/plaszcz-do-sukienki-carski-w5\" target=\"_blank\" rel=\" noreferrer noopener\"><img loading=\"lazy\" decoding=\"async\" width=\"596\" height=\"1024\" src=\"https:\/\/www.sklep.demarco.pl\/blog\/wp-content\/uploads\/2026\/09\/ekskluzywny_plaszczyk_1-596x1024.jpg\" alt=\"Be\u017cowy komplet sukienka z p\u0142aszczykiem De Marco\" class=\"wp-image-20257 size-full\" srcset=\"https:\/\/www.sklep.demarco.pl\/blog\/wp-content\/uploads\/2026\/09\/ekskluzywny_plaszczyk_1-596x1024.jpg 596w, https:\/\/www.sklep.demarco.pl\/blog\/wp-content\/uploads\/2026\/09\/ekskluzywny_plaszczyk_1-175x300.jpg 175w, https:\/\/www.sklep.demarco.pl\/blog\/wp-content\/uploads\/2026\/09\/ekskluzywny_plaszczyk_1-768x1319.jpg 768w, https:\/\/www.sklep.demarco.pl\/blog\/wp-content\/uploads\/2026\/09\/ekskluzywny_plaszczyk_1.jpg 784w\" sizes=\"auto, (max-width: 596px) 100vw, 596px\" \/><\/a><\/figure><div class=\"wp-block-media-text__content\">\n<p class=\"wp-block-paragraph\">Szanowni Pa\u0144stwo,<\/p>\n\n\n\n<p class=\"wp-block-paragraph\">S\u0105 elementy garderoby, kt\u00f3re wykraczaj\u0105 daleko poza swoj\u0105 praktyczn\u0105 funkcj\u0119. Ekskluzywny p\u0142aszczyk wizytowy nie jest jedynie okryciem chroni\u0105cym przed ch\u0142odem \u2013 jest zwie\u0144czeniem ca\u0142ej stylizacji, symbolem elegancji oraz wyrazem osobowo\u015bci kobiety, kt\u00f3ra go nosi.<\/p>\n\n\n\n<p class=\"wp-block-paragraph\">W Atelier De Marco wierzymy, \u017ce prawdziwe pi\u0119kno rodzi si\u0119 z po\u0142\u0105czenia kunsztu krawieckiego, wyj\u0105tkowych tkanin oraz serca w\u0142o\u017conego w ka\u017cd\u0105 realizacj\u0119. To w\u0142a\u015bnie ta niezwyk\u0142a harmonia tworzy magi\u0119, kt\u00f3rej nie spos\u00f3b nie odczu\u0107.<\/p>\n<\/div><\/div>\n\n\n\n<p class=\"wp-block-paragraph\">Czytaj r\u00f3wnie\u017c: <a href=\"https:\/\/www.sklep.demarco.pl\/blog\/polskie-eleganckie-ubrania-dla-60-latki-kiedy-jak-nie-teraz\/\">Polskie eleganckie ubrania dla 60-latki. Kiedy, jak nie teraz?<\/a><\/p>\n\n\n\n<div class=\"wp-block-media-text is-stacked-on-mobile\"><figure class=\"wp-block-media-text__media\"><a href=\"https:\/\/www.sklep.demarco.pl\/plaszcze\" target=\"_blank\" rel=\" noreferrer noopener\"><img loading=\"lazy\" decoding=\"async\" width=\"1000\" height=\"667\" src=\"https:\/\/www.sklep.demarco.pl\/blog\/wp-content\/uploads\/2026\/08\/IMG_7941.jpg\" alt=\"Ekskluzywny komplet sukienka z p\u0142aszczykiem De Marco szycie na miar\u0119\" class=\"wp-image-20026 size-full\" srcset=\"https:\/\/www.sklep.demarco.pl\/blog\/wp-content\/uploads\/2026\/08\/IMG_7941.jpg 1000w, https:\/\/www.sklep.demarco.pl\/blog\/wp-content\/uploads\/2026\/08\/IMG_7941-300x200.jpg 300w, https:\/\/www.sklep.demarco.pl\/blog\/wp-content\/uploads\/2026\/08\/IMG_7941-768x512.jpg 768w\" sizes=\"auto, (max-width: 1000px) 100vw, 1000px\" \/><\/a><\/figure><div class=\"wp-block-media-text__content\">\n<h2 class=\"wp-block-heading\">P\u0142aszczyk, elegancja i styl<\/h2>\n\n\n\n<p class=\"wp-block-paragraph\">Najpi\u0119kniejszy p\u0142aszcz nie dominuje nad sylwetk\u0105. On wsp\u00f3\u0142pracuje z ni\u0105 niczym druga sk\u00f3ra, podkre\u015blaj\u0105c naturalne proporcje i wydobywaj\u0105c to, co w kobiecej figurze najpi\u0119kniejsze.<\/p>\n\n\n\n<p class=\"wp-block-paragraph\">Ka\u017cdy projekt rozpoczynamy od poznania sylwetki oraz charakteru przysz\u0142ej w\u0142a\u015bcicielki. Analizujemy lini\u0119 ramion, tali\u0119, wzrost, spos\u00f3b poruszania si\u0119 i indywidualny styl. Dzi\u0119ki temu p\u0142aszczyk nie jest jedynie dopasowany do wymiar\u00f3w \u2013 zostaje zaprojektowany dla konkretnej osobowo\u015bci.<\/p>\n\n\n\n<p class=\"wp-block-paragraph\">To r\u00f3\u017cnica, kt\u00f3rej nie da si\u0119 osi\u0105gn\u0105\u0107 w produkcji masowej.<\/p>\n<\/div><\/div>\n\n\n\n<p class=\"wp-block-paragraph\">Czytaj r\u00f3wnie\u017c: <a href=\"https:\/\/www.sklep.demarco.pl\/blog\/najmodniejsze-stylizacje-na-jesien-dla-eleganckiej-kobiety-luksusowa-moda-z-charakterem\/\">Najmodniejsze stylizacje na jesie\u0144 dla eleganckiej kobiety \u2013 luksusowa moda z charakterem<\/a><\/p>\n\n\n\n<div class=\"wp-block-media-text is-stacked-on-mobile\"><figure class=\"wp-block-media-text__media\"><a href=\"https:\/\/www.sklep.demarco.pl\/ekskluzywny-plaszcz-hymena-w8\" target=\"_blank\" rel=\" noreferrer noopener\"><img loading=\"lazy\" decoding=\"async\" width=\"1024\" height=\"1024\" src=\"https:\/\/www.sklep.demarco.pl\/blog\/wp-content\/uploads\/2025\/10\/radca_prawny_Katarzyna_Grykiel_2-1024x1024.jpg\" alt=\"Elegancki komplet sukienki z p\u0142aszczem De Marco krawiectwo\" class=\"wp-image-18660 size-full\" srcset=\"https:\/\/www.sklep.demarco.pl\/blog\/wp-content\/uploads\/2025\/10\/radca_prawny_Katarzyna_Grykiel_2-1024x1024.jpg 1024w, https:\/\/www.sklep.demarco.pl\/blog\/wp-content\/uploads\/2025\/10\/radca_prawny_Katarzyna_Grykiel_2-300x300.jpg 300w, https:\/\/www.sklep.demarco.pl\/blog\/wp-content\/uploads\/2025\/10\/radca_prawny_Katarzyna_Grykiel_2-150x150.jpg 150w, https:\/\/www.sklep.demarco.pl\/blog\/wp-content\/uploads\/2025\/10\/radca_prawny_Katarzyna_Grykiel_2-768x767.jpg 768w, https:\/\/www.sklep.demarco.pl\/blog\/wp-content\/uploads\/2025\/10\/radca_prawny_Katarzyna_Grykiel_2.jpg 1081w\" sizes=\"auto, (max-width: 1024px) 100vw, 1024px\" \/><\/a><\/figure><div class=\"wp-block-media-text__content\">\n<h2 class=\"wp-block-heading\">Niepowtarzalne tkaniny i unikatowe kroje<\/h2>\n\n\n\n<p class=\"wp-block-paragraph\">Ekskluzywna moda zaczyna si\u0119 od jako\u015bci materia\u0142u. W naszych kolekcjach wykorzystujemy szlachetne we\u0142ny, eleganckie \u017cakardy, luksusowe tkaniny wizytowe oraz starannie wyselekcjonowane materia\u0142y o wyj\u0105tkowej strukturze i g\u0142\u0119bi koloru.<\/p>\n\n\n\n<p class=\"wp-block-paragraph\"><\/p>\n<\/div><\/div>\n\n\n\n<p class=\"wp-block-paragraph\">Czytaj r\u00f3wnie\u017c: <a href=\"https:\/\/www.sklep.demarco.pl\/blog\/eleganckie-ubrania-damskie-na-targi-branzowe-jak-profesjonalnie-prezentowac-swoja-firme\/\">Eleganckie ubrania damskie na targi bran\u017cowe \u2013 jak profesjonalnie prezentowa\u0107 swoj\u0105 firm\u0119?<\/a><\/p>\n\n\n\n<div class=\"wp-block-media-text is-stacked-on-mobile\"><figure class=\"wp-block-media-text__media\"><a href=\"https:\/\/www.sklep.demarco.pl\/plaszcze\" target=\"_blank\" rel=\" noreferrer noopener\"><img loading=\"lazy\" decoding=\"async\" width=\"1024\" height=\"683\" src=\"https:\/\/www.sklep.demarco.pl\/blog\/wp-content\/uploads\/2026\/09\/489746436_1240186548115613_8035055590393510990_n-1024x683.jpg\" alt=\"Unikatowy p\u0142aszcz w kolorze fuksji idealny na wyk\u0142ady  \" class=\"wp-image-20259 size-full\" srcset=\"https:\/\/www.sklep.demarco.pl\/blog\/wp-content\/uploads\/2026\/09\/489746436_1240186548115613_8035055590393510990_n-1024x683.jpg 1024w, https:\/\/www.sklep.demarco.pl\/blog\/wp-content\/uploads\/2026\/09\/489746436_1240186548115613_8035055590393510990_n-300x200.jpg 300w, https:\/\/www.sklep.demarco.pl\/blog\/wp-content\/uploads\/2026\/09\/489746436_1240186548115613_8035055590393510990_n-768x512.jpg 768w, https:\/\/www.sklep.demarco.pl\/blog\/wp-content\/uploads\/2026\/09\/489746436_1240186548115613_8035055590393510990_n.jpg 1199w\" sizes=\"auto, (max-width: 1024px) 100vw, 1024px\" \/><\/a><\/figure><div class=\"wp-block-media-text__content\">\n<p class=\"wp-block-paragraph\">Ka\u017cdy fason powstaje jako autorski projekt. Nawet klasyczne p\u0142aszcze De Marco posiadaj\u0105 charakterystyczn\u0105 lini\u0119 konstrukcyjn\u0105, dzi\u0119ki kt\u00f3rej s\u0105 natychmiast rozpoznawalne. To subtelne proporcje, perfekcyjnie modelowana talia i niezwyk\u0142a dba\u0142o\u015b\u0107 o detale sprawiaj\u0105, \u017ce nasze realizacje wyr\u00f3\u017cniaj\u0105 si\u0119 ju\u017c przy pierwszym spojrzeniu.<\/p>\n\n\n\n<p class=\"wp-block-paragraph\">Elegancja nie krzyczy. Elegancja zachwyca precyzj\u0105.<\/p>\n<\/div><\/div>\n\n\n\n<p class=\"wp-block-paragraph\">Czytaj r\u00f3wnie\u017c: <a href=\"https:\/\/www.demarco.pl\/smietankowy-zakiet-de-marco-na-festiwalu-im-jana-kiepury\/\">\u015amietankowy \u017cakiet De Marco na Festiwalu im. Jana Kiepury<\/a><\/p>\n\n\n\n<div class=\"wp-block-media-text is-stacked-on-mobile\"><figure class=\"wp-block-media-text__media\"><a href=\"https:\/\/www.sklep.demarco.pl\/komplet-sukienka-z-plaszczem-marion\" target=\"_blank\" rel=\" noreferrer noopener\"><img loading=\"lazy\" decoding=\"async\" width=\"1024\" height=\"571\" src=\"https:\/\/www.sklep.demarco.pl\/blog\/wp-content\/uploads\/2025\/08\/Opera-Zrzut-ekranu_2022-11-14_123538_www.youtube.com_-1024x571.png\" alt=\"Ekskluzywny zestaw p\u0142aszcza z sukienk\u0105 De Marco szycie na miar\u0119\" class=\"wp-image-18427 size-full\" srcset=\"https:\/\/www.sklep.demarco.pl\/blog\/wp-content\/uploads\/2025\/08\/Opera-Zrzut-ekranu_2022-11-14_123538_www.youtube.com_-1024x571.png 1024w, https:\/\/www.sklep.demarco.pl\/blog\/wp-content\/uploads\/2025\/08\/Opera-Zrzut-ekranu_2022-11-14_123538_www.youtube.com_-300x167.png 300w, https:\/\/www.sklep.demarco.pl\/blog\/wp-content\/uploads\/2025\/08\/Opera-Zrzut-ekranu_2022-11-14_123538_www.youtube.com_-768x429.png 768w, https:\/\/www.sklep.demarco.pl\/blog\/wp-content\/uploads\/2025\/08\/Opera-Zrzut-ekranu_2022-11-14_123538_www.youtube.com_.png 1403w\" sizes=\"auto, (max-width: 1024px) 100vw, 1024px\" \/><\/a><\/figure><div class=\"wp-block-media-text__content\">\n<h2 class=\"wp-block-heading\">Doskona\u0142y komplet z sukienk\u0105<\/h2>\n\n\n\n<p class=\"wp-block-paragraph\">P\u0142aszczyk wizytowy najpi\u0119kniej prezentuje si\u0119 jako integralna cz\u0119\u015b\u0107 ca\u0142ej stylizacji. Projektowany r\u00f3wnocze\u015bnie z sukienk\u0105 tworzy harmonijny komplet idealny na wesele, jubileusz, gal\u0119, uroczysto\u015b\u0107 pa\u0144stwow\u0105 czy wydarzenie kulturalne.<\/p>\n\n\n\n<p class=\"wp-block-paragraph\"><\/p>\n<\/div><\/div>\n\n\n\n<p class=\"wp-block-paragraph\">Czytaj r\u00f3wnie\u017c: <a href=\"https:\/\/www.demarco.pl\/najmodniejsze-stylizacje-na-jesien-moda-dla-eleganckich-dojrzalych-kobiet\/\">Najmodniejsze stylizacje na jesie\u0144 \u2013 moda dla eleganckich dojrza\u0142ych kobiet<\/a><\/p>\n\n\n\n<div class=\"wp-block-media-text is-stacked-on-mobile\"><figure class=\"wp-block-media-text__media\"><a href=\"https:\/\/www.sklep.demarco.pl\/plaszcze\" target=\"_blank\" rel=\" noreferrer noopener\"><img loading=\"lazy\" decoding=\"async\" width=\"768\" height=\"1024\" src=\"https:\/\/www.sklep.demarco.pl\/blog\/wp-content\/uploads\/2026\/08\/IMG_20190911_123142-768x1024.jpg\" alt=\"Niepowtarzalne p\u0142aszcze dla mamy wesele \" class=\"wp-image-20025 size-full\" srcset=\"https:\/\/www.sklep.demarco.pl\/blog\/wp-content\/uploads\/2026\/08\/IMG_20190911_123142-768x1024.jpg 768w, https:\/\/www.sklep.demarco.pl\/blog\/wp-content\/uploads\/2026\/08\/IMG_20190911_123142-225x300.jpg 225w, https:\/\/www.sklep.demarco.pl\/blog\/wp-content\/uploads\/2026\/08\/IMG_20190911_123142-1152x1536.jpg 1152w, https:\/\/www.sklep.demarco.pl\/blog\/wp-content\/uploads\/2026\/08\/IMG_20190911_123142-1536x2048.jpg 1536w, https:\/\/www.sklep.demarco.pl\/blog\/wp-content\/uploads\/2026\/08\/IMG_20190911_123142-scaled.jpg 1920w\" sizes=\"auto, (max-width: 768px) 100vw, 768px\" \/><\/a><\/figure><div class=\"wp-block-media-text__content\">\n<p class=\"wp-block-paragraph\">Odpowiednio dobrana d\u0142ugo\u015b\u0107, kolorystyka oraz faktura tkaniny sprawiaj\u0105, \u017ce ca\u0142o\u015b\u0107 wygl\u0105da niezwykle szlachetnie zar\u00f3wno podczas ceremonii, jak i na pami\u0105tkowych fotografiach. To rozwi\u0105zanie ponadczasowe, kt\u00f3re pozostaje eleganckie przez wiele sezon\u00f3w.<\/p>\n<\/div><\/div>\n\n\n\n<p class=\"wp-block-paragraph\">Czytaj r\u00f3wnie\u017c: <a href=\"https:\/\/www.demarco.pl\/profesjonalne-stylizacje-na-konferencje-i-sympozja-szyty-na-miare-czerwony-komplet-ze-spodniami-astrid-od-de-marco\/\">Profesjonalne stylizacje na konferencje i sympozja. Szyty na miar\u0119 czerwony komplet ze spodniami Astrid od De Marco<\/a><\/p>\n\n\n\n<div class=\"wp-block-media-text is-stacked-on-mobile\"><figure class=\"wp-block-media-text__media\"><a href=\"https:\/\/www.sklep.demarco.pl\/plaszczyk-z-sukienka-hilariona\" target=\"_blank\" rel=\" noreferrer noopener\"><img loading=\"lazy\" decoding=\"async\" width=\"734\" height=\"1024\" src=\"https:\/\/www.sklep.demarco.pl\/blog\/wp-content\/uploads\/2026\/09\/ekskluzywny_plaszczyk_4-734x1024.jpg\" alt=\"Niepowtarzalny asymetryczny p\u0142aszcz z sukienk\u0105 od polskiej projektantki \" class=\"wp-image-20256 size-full\" srcset=\"https:\/\/www.sklep.demarco.pl\/blog\/wp-content\/uploads\/2026\/09\/ekskluzywny_plaszczyk_4-734x1024.jpg 734w, https:\/\/www.sklep.demarco.pl\/blog\/wp-content\/uploads\/2026\/09\/ekskluzywny_plaszczyk_4-215x300.jpg 215w, https:\/\/www.sklep.demarco.pl\/blog\/wp-content\/uploads\/2026\/09\/ekskluzywny_plaszczyk_4-768x1071.jpg 768w, https:\/\/www.sklep.demarco.pl\/blog\/wp-content\/uploads\/2026\/09\/ekskluzywny_plaszczyk_4.jpg 872w\" sizes=\"auto, (max-width: 734px) 100vw, 734px\" \/><\/a><\/figure><div class=\"wp-block-media-text__content\">\n<h2 class=\"wp-block-heading\">Dojrza\u0142a kobieta wie, kim jest<\/h2>\n\n\n\n<p class=\"wp-block-paragraph\">Szanowni Pa\u0144stwo, dojrza\u0142o\u015b\u0107 jest pi\u0119knym etapem \u017cycia. To moment, w kt\u00f3rym kobieta nie musi ju\u017c nikogo na\u015bladowa\u0107 ani dopasowywa\u0107 si\u0119 do chwilowych trend\u00f3w. Wie, co j\u0105 zachwyca, zna w\u0142asny charakter i mo\u017ce z odwag\u0105 wyra\u017ca\u0107 go poprzez ubi\u00f3r.<\/p>\n\n\n\n<p class=\"wp-block-paragraph\">Dlatego ka\u017cdy p\u0142aszczyk De Marco podlega indywidualnym modyfikacjom. Dla jednej Pani b\u0119dzie minimalistyczny i niezwykle klasyczny, dla innej bardziej artystyczny, z charakterystycznym detalem lub wyrazist\u0105 faktur\u0105 tkaniny. Naszym celem nie jest stworzenie identycznych ubra\u0144, lecz podkre\u015blenie wyj\u0105tkowo\u015bci ka\u017cdej Kobiety.<\/p>\n<\/div><\/div>\n\n\n\n<p class=\"wp-block-paragraph\">Czytaj r\u00f3wnie\u017c: <a href=\"https:\/\/www.demarco.pl\/piec-bledow-ktorych-uniknac-w-stylizacjach-wizytowych-i-wyjsciowych\/\">Pi\u0119\u0107 b\u0142\u0119d\u00f3w, kt\u00f3rych warto unikn\u0105\u0107 w stylizacjach wizytowych i wyj\u015bciowych<\/a><\/p>\n\n\n\n<div class=\"wp-block-media-text is-stacked-on-mobile\"><figure class=\"wp-block-media-text__media\"><a href=\"https:\/\/www.sklep.demarco.pl\/plaszcz-kendra-ii\" target=\"_blank\" rel=\" noreferrer noopener\"><img loading=\"lazy\" decoding=\"async\" width=\"768\" height=\"1024\" src=\"https:\/\/www.sklep.demarco.pl\/blog\/wp-content\/uploads\/2025\/08\/signal-2024-07-14-121634_002-768x1024.jpeg\" alt=\"Ekskluzywny p\u0142aszcz na jesie\u0144 projektowany i szyty na miar\u0119 w Atelier W. Fr\u0105czek polskiej projektantki i w\u0142a\u015bcicielki luksusowej marki De Marco\" class=\"wp-image-18428 size-full\" srcset=\"https:\/\/www.sklep.demarco.pl\/blog\/wp-content\/uploads\/2025\/08\/signal-2024-07-14-121634_002-768x1024.jpeg 768w, https:\/\/www.sklep.demarco.pl\/blog\/wp-content\/uploads\/2025\/08\/signal-2024-07-14-121634_002-225x300.jpeg 225w, https:\/\/www.sklep.demarco.pl\/blog\/wp-content\/uploads\/2025\/08\/signal-2024-07-14-121634_002-1152x1536.jpeg 1152w, https:\/\/www.sklep.demarco.pl\/blog\/wp-content\/uploads\/2025\/08\/signal-2024-07-14-121634_002.jpeg 1200w\" sizes=\"auto, (max-width: 768px) 100vw, 768px\" \/><\/a><\/figure><div class=\"wp-block-media-text__content\">\n<h2 class=\"wp-block-heading\">De Marco \u2013 sztuka polskiego krawiectwa<\/h2>\n\n\n\n<p class=\"wp-block-paragraph\">W Atelier De Marco od ponad dw\u00f3ch dekad tworzymy luksusow\u0105 odzie\u017c damsk\u0105 szyt\u0105 na miar\u0119. Nasze p\u0142aszcze, sukienki, garsonki i komplety powstaj\u0105 w duchu tradycyjnego polskiego krawiectwa, gdzie najwa\u017cniejsze s\u0105 jako\u015b\u0107, indywidualne podej\u015bcie i prawdziwa pasja tworzenia.<\/p>\n\n\n\n<p class=\"wp-block-paragraph\">Szanowni Pa\u0144stwo, gor\u0105co zapraszamy wszystkich, kt\u00f3rzy dostrzegaj\u0105 pi\u0119kno w pracy tw\u00f3rczej i rzemio\u015ble najwy\u017cszej pr\u00f3by. Wierzymy, \u017ce ekskluzywny p\u0142aszczyk szyty na miar\u0119 jest czym\u015b wi\u0119cej ni\u017c elementem garderoby \u2013 jest opowie\u015bci\u0105 o kobiecie, jej charakterze i elegancji, kt\u00f3ra pozostaje ponadczasowa.<\/p>\n<\/div><\/div>\n\n\n\n<p class=\"wp-block-paragraph\">Czytaj r\u00f3wnie\u017c: <a href=\"https:\/\/www.sklep.demarco.pl\/blog\/elegancki-plaszczyk-na-jesien-de-marco-piekne-plaszcze-projektowane-i-szyte-na-miare\/\">Elegancki p\u0142aszczyk na jesie\u0144 \u2013 De Marco. Pi\u0119kne p\u0142aszcze projektowane i szyte na miar\u0119<\/a><\/p>\n\n\n\n<figure class=\"wp-block-embed is-type-wp-embed is-provider-de-marco wp-block-embed-de-marco\"><div class=\"wp-block-embed__wrapper\">\n<blockquote class=\"wp-embedded-content\" data-secret=\"gFrjWJboLr\"><a href=\"https:\/\/www.sklep.demarco.pl\/blog\/eleganckie-taliowane-zakiety-i-marynarki-moda-dla-kobiet-noszacych-sie-z-klasa\/\">Eleganckie taliowane \u017cakiety i marynarki \u2013 moda dla kobiet nosz\u0105cych si\u0119 z klas\u0105<\/a><\/blockquote><iframe loading=\"lazy\" class=\"wp-embedded-content\" sandbox=\"allow-scripts\" security=\"restricted\" style=\"position: absolute; visibility: hidden;\" title=\"\u201eEleganckie taliowane \u017cakiety i marynarki \u2013 moda dla kobiet nosz\u0105cych si\u0119 z klas\u0105\u201d \u2014 De Marco\" src=\"https:\/\/www.sklep.demarco.pl\/blog\/eleganckie-taliowane-zakiety-i-marynarki-moda-dla-kobiet-noszacych-sie-z-klasa\/embed\/#?secret=PoIcnv4SRy#?secret=gFrjWJboLr\" data-secret=\"gFrjWJboLr\" width=\"500\" height=\"282\" frameborder=\"0\" marginwidth=\"0\" marginheight=\"0\" scrolling=\"no\"><\/iframe>\n<\/div><\/figure>\n\n\n\n<hr class=\"wp-block-separator has-alpha-channel-opacity\"\/>\n\n\n\n<div class=\"wp-block-media-text is-stacked-on-mobile\"><figure class=\"wp-block-media-text__media\"><a href=\"https:\/\/www.sklep.demarco.pl\/blog\/wp-content\/uploads\/2026\/08\/AI-LABELS_3x2_AI_black-50.png\"><img loading=\"lazy\" decoding=\"async\" width=\"50\" height=\"33\" src=\"https:\/\/www.sklep.demarco.pl\/blog\/wp-content\/uploads\/2026\/08\/AI-LABELS_3x2_AI_black-50.png\" alt=\"Nota informacyjna Artyku\u0142 powsta\u0142 na podstawie autorskich tekst\u00f3w Atelier De Marco, tworzonych zgodnie z nasz\u0105 misj\u0105 edukacyjn\u0105 i informacyjn\u0105, a nast\u0119pnie zosta\u0142 zredagowany z wykorzystaniem technologii AI. Cz\u0119\u015b\u0107 zdj\u0119\u0107, przedstawia modelk\u0119 w naszych autorskich projektach, uszytych w atelier De Marco i zosta\u0142y one poddana kreatywnej obr\u00f3bce AI. Wszystkie materia\u0142y s\u0105 przez nas starannie redagowane i weryfikowane. Pozosta\u0142e zdj\u0119cia s\u0105 nades\u0142ane przez klientki lub wykonane w Salonie Mody De Marco. Serdecznie dzi\u0119kujemy naszym Klientkom za zaufanie i zgod\u0119 na wykorzystanie ich fotografii. \u017byczymy Pa\u0144stwu wielu dalszych sukces\u00f3w!\" class=\"wp-image-20056 size-full\"\/><\/a><\/figure><div class=\"wp-block-media-text__content\">\n<p class=\"wp-block-paragraph\">Nota informacyjna Artyku\u0142 <\/p>\n\n\n\n<p class=\"wp-block-paragraph\">powsta\u0142 na podstawie autorskich tekst\u00f3w Atelier De Marco, tworzonych zgodnie z nasz\u0105 misj\u0105 edukacyjn\u0105 i informacyjn\u0105, a nast\u0119pnie zosta\u0142 zredagowany z wykorzystaniem technologii AI. Cz\u0119\u015b\u0107 zdj\u0119\u0107, przedstawia modelk\u0119 w naszych autorskich projektach, uszytych w atelier De Marco i zosta\u0142y one poddana kreatywnej obr\u00f3bce AI. <\/p>\n\n\n\n<p class=\"wp-block-paragraph\">Wszystkie materia\u0142y s\u0105 przez nas starannie redagowane i weryfikowane. Pozosta\u0142e zdj\u0119cia s\u0105 nades\u0142ane przez klientki lub wykonane w Salonie Mody De Marco. Serdecznie dzi\u0119kujemy naszym Klientkom za zaufanie i zgod\u0119 na wykorzystanie ich fotografii. \u017byczymy Pa\u0144stwu wielu dalszych sukces\u00f3w!<\/p>\n<\/div><\/div>\n\n\n<!-- wp:themify-builder\/canvas \/-->","protected":false},"excerpt":{"rendered":"<p>Szanowni Pa\u0144stwo, S\u0105 elementy garderoby, kt\u00f3re wykraczaj\u0105 daleko poza swoj\u0105 praktyczn\u0105 funkcj\u0119. Ekskluzywny p\u0142aszczyk wizytowy nie jest jedynie okryciem chroni\u0105cym przed ch\u0142odem \u2013 jest zwie\u0144czeniem ca\u0142ej stylizacji, symbolem elegancji oraz wyrazem osobowo\u015bci kobiety, kt\u00f3ra go nosi. W Atelier De Marco wierzymy, \u017ce prawdziwe pi\u0119kno rodzi si\u0119 z po\u0142\u0105czenia kunsztu krawieckiego, wyj\u0105tkowych tkanin oraz serca w\u0142o\u017conego [&hellip;]<\/p>\n","protected":false},"author":1,"featured_media":20258,"comment_status":"closed","ping_status":"closed","sticky":false,"template":"","format":"standard","meta":{"_jetpack_newsletter_access":"","_jetpack_dont_email_post_to_subs":false,"_jetpack_newsletter_tier_id":0,"_jetpack_memberships_contains_paywalled_content":false,"_jetpack_memberships_contains_paid_content":false,"footnotes":"","_links_to":"","_links_to_target":""},"categories":[15],"tags":[469,171,3491,280,3531,351,3339,107,3537,4587,3459,126,239,4560,307,3461,3533,478,98,3439,91,238,220,3441,352,113,353,261,3443,3437,230,99,248,303,378],"class_list":["post-20255","post","type-post","status-publish","format-standard","has-post-thumbnail","hentry","category-metamorfoza","tag-de-marco-ekskluzywna-marka","tag-ekskluzywna-odziez-damska","tag-ekskluzywna-odziez-damska-polskich-producentow","tag-ekskluzywne-plaszcze-damskie","tag-ekskluzywne-plaszcze-damskie-producent","tag-ekskluzywny-plaszcz-welniany","tag-elegancka-odziez-damska-sklep-internetowy","tag-elegancki-plaszcz","tag-elegancki-plaszcz-damski","tag-eleganckie-komplety-damskie-z-plaszczykiem","tag-eleganckie-krotkie-plaszcze-damskie","tag-granatowy-plaszcz-dudy","tag-komplet-sukienka-z-plaszczem","tag-komplety-dla-mamy-wesela-zakiet-z-sukienka-plaszcz-z-sukienka-szal-etole","tag-krodki-plaszczyk","tag-krotki-plaszcz-damski","tag-luksusowe-plaszcze-damskie","tag-markowa-odziez-damska","tag-plaszcz","tag-plaszcz-damski","tag-plaszcz-do-sukienki","tag-plaszcz-do-sukienki-na-wiosne","tag-plaszcz-do-sukienki-w-stylu-agaty-dudy","tag-plaszcz-jesienny-damski","tag-plaszcz-na-jesien","tag-plaszcz-na-wesele","tag-plaszcz-na-zime","tag-plaszcz-welniany","tag-plaszcz-welniany-damski","tag-plaszcz-zimowy-damski","tag-plaszcze","tag-plaszczyk","tag-plaszczyk-do-sukienki","tag-plaszczyk-na-swieta","tag-plaszczyk-z-sukienka"],"yoast_head":"<!-- This site is optimized with the Yoast SEO plugin v28.4 - https:\/\/yoast.com\/product\/yoast-seo-wordpress\/ -->\n<title>Ekskluzywny p\u0142aszczyk do sukienki projektowany i szyty na miar\u0119 w De Marco - De Marco<\/title>\n<meta name=\"robots\" content=\"index, follow, max-snippet:-1, max-image-preview:large, max-video-preview:-1\" \/>\n<link rel=\"canonical\" href=\"https:\/\/www.sklep.demarco.pl\/blog\/ekskluzywny-plaszczyk-do-sukienki-projektowany-i-szyty-na-miare-w-de-marco\/\" \/>\n<meta property=\"og:locale\" content=\"pl_PL\" \/>\n<meta property=\"og:type\" content=\"article\" \/>\n<meta property=\"og:title\" content=\"Ekskluzywny p\u0142aszczyk do sukienki projektowany i szyty na miar\u0119 w De Marco - De Marco\" \/>\n<meta property=\"og:description\" content=\"Szanowni Pa\u0144stwo, S\u0105 elementy garderoby, kt\u00f3re wykraczaj\u0105 daleko poza swoj\u0105 praktyczn\u0105 funkcj\u0119. Ekskluzywny p\u0142aszczyk wizytowy nie jest jedynie okryciem chroni\u0105cym przed ch\u0142odem \u2013 jest zwie\u0144czeniem ca\u0142ej stylizacji, symbolem elegancji oraz wyrazem osobowo\u015bci kobiety, kt\u00f3ra go nosi. W Atelier De Marco wierzymy, \u017ce prawdziwe pi\u0119kno rodzi si\u0119 z po\u0142\u0105czenia kunsztu krawieckiego, wyj\u0105tkowych tkanin oraz serca w\u0142o\u017conego [&hellip;]\" \/>\n<meta property=\"og:url\" content=\"https:\/\/www.sklep.demarco.pl\/blog\/ekskluzywny-plaszczyk-do-sukienki-projektowany-i-szyty-na-miare-w-de-marco\/\" \/>\n<meta property=\"og:site_name\" content=\"De Marco\" \/>\n<meta property=\"article:publisher\" content=\"https:\/\/www.facebook.com\/DeMarco.Styl\" \/>\n<meta property=\"article:published_time\" content=\"2026-09-02T09:20:35+00:00\" \/>\n<meta property=\"article:modified_time\" content=\"2026-09-02T09:25:33+00:00\" \/>\n<meta property=\"og:image\" content=\"https:\/\/www.sklep.demarco.pl\/blog\/wp-content\/uploads\/2026\/09\/ekskluzywny_plaszczyk_2.jpg\" \/>\n\t<meta property=\"og:image:width\" content=\"784\" \/>\n\t<meta property=\"og:image:height\" content=\"1346\" \/>\n\t<meta property=\"og:image:type\" content=\"image\/jpeg\" \/>\n<meta name=\"author\" content=\"de marco\" \/>\n<meta name=\"twitter:label1\" content=\"Napisane przez\" \/>\n\t<meta name=\"twitter:data1\" content=\"de marco\" \/>\n\t<meta name=\"twitter:label2\" content=\"Szacowany czas czytania\" \/>\n\t<meta name=\"twitter:data2\" content=\"6 minut\" \/>\n<script type=\"application\/ld+json\" class=\"yoast-schema-graph\">{\"@context\":\"https:\\\/\\\/schema.org\",\"@graph\":[{\"@type\":\"Article\",\"@id\":\"https:\\\/\\\/www.sklep.demarco.pl\\\/blog\\\/ekskluzywny-plaszczyk-do-sukienki-projektowany-i-szyty-na-miare-w-de-marco\\\/#article\",\"isPartOf\":{\"@id\":\"https:\\\/\\\/www.sklep.demarco.pl\\\/blog\\\/ekskluzywny-plaszczyk-do-sukienki-projektowany-i-szyty-na-miare-w-de-marco\\\/\"},\"author\":{\"name\":\"de marco\",\"@id\":\"https:\\\/\\\/www.sklep.demarco.pl\\\/blog\\\/#\\\/schema\\\/person\\\/38456e8269588abfbbdda5bc04dad142\"},\"headline\":\"Ekskluzywny p\u0142aszczyk do sukienki projektowany i szyty na miar\u0119 w De Marco\",\"datePublished\":\"2026-09-02T09:20:35+00:00\",\"dateModified\":\"2026-09-02T09:25:33+00:00\",\"mainEntityOfPage\":{\"@id\":\"https:\\\/\\\/www.sklep.demarco.pl\\\/blog\\\/ekskluzywny-plaszczyk-do-sukienki-projektowany-i-szyty-na-miare-w-de-marco\\\/\"},\"wordCount\":788,\"image\":{\"@id\":\"https:\\\/\\\/www.sklep.demarco.pl\\\/blog\\\/ekskluzywny-plaszczyk-do-sukienki-projektowany-i-szyty-na-miare-w-de-marco\\\/#primaryimage\"},\"thumbnailUrl\":\"https:\\\/\\\/www.sklep.demarco.pl\\\/blog\\\/wp-content\\\/uploads\\\/2026\\\/09\\\/ekskluzywny_plaszczyk_2.jpg\",\"keywords\":[\"De Marco ekskluzywna marka\",\"Ekskluzywna odzie\u017c damska\",\"Ekskluzywna odzie\u017c damska polskich producent\u00f3w\",\"Ekskluzywne p\u0142aszcze damskie\",\"Ekskluzywne p\u0142aszcze damskie producent\",\"ekskluzywny p\u0142aszcz we\u0142niany\",\"Elegancka odzie\u017c damska sklep internetowy\",\"elegancki p\u0142aszcz\",\"Elegancki p\u0142aszcz damski\",\"Eleganckie komplety damskie z p\u0142aszczykiem\",\"Eleganckie kr\u00f3tkie p\u0142aszcze damskie\",\"Granatowy p\u0142aszcz dudy\",\"komplet sukienka z p\u0142aszczem\",\"Komplety dla mamy wesela: \u017cakiet z sukienka, p\u0142aszcz z sukienk\u0105, szal, etole.\",\"kr\u00f3dki p\u0142aszczyk\",\"Kr\u00f3tki p\u0142aszcz damski\",\"Luksusowe p\u0142aszcze damskie\",\"markowa odzie\u017c damska\",\"p\u0142aszcz\",\"p\u0142aszcz damski\",\"p\u0142aszcz do sukienki\",\"p\u0142aszcz do sukienki na wiosn\u0119\",\"P\u0142aszcz do sukienki w stylu Agaty Dudy\",\"p\u0142aszcz jesienny damski\",\"p\u0142aszcz na jesie\u0144\",\"p\u0142aszcz na wesele\",\"p\u0142aszcz na zim\u0119\",\"p\u0142aszcz we\u0142niany\",\"p\u0142aszcz we\u0142niany damski\",\"p\u0142aszcz zimowy damski\",\"p\u0142aszcze\",\"p\u0142aszczyk\",\"p\u0142aszczyk do sukienki\",\"p\u0142aszczyk na \u015bwi\u0119ta\",\"p\u0142aszczyk z sukienk\u0105\"],\"articleSection\":[\"METAMORFOZA\"],\"inLanguage\":\"pl-PL\"},{\"@type\":\"WebPage\",\"@id\":\"https:\\\/\\\/www.sklep.demarco.pl\\\/blog\\\/ekskluzywny-plaszczyk-do-sukienki-projektowany-i-szyty-na-miare-w-de-marco\\\/\",\"url\":\"https:\\\/\\\/www.sklep.demarco.pl\\\/blog\\\/ekskluzywny-plaszczyk-do-sukienki-projektowany-i-szyty-na-miare-w-de-marco\\\/\",\"name\":\"Ekskluzywny p\u0142aszczyk do sukienki projektowany i szyty na miar\u0119 w De Marco - De Marco\",\"isPartOf\":{\"@id\":\"https:\\\/\\\/www.sklep.demarco.pl\\\/blog\\\/#website\"},\"primaryImageOfPage\":{\"@id\":\"https:\\\/\\\/www.sklep.demarco.pl\\\/blog\\\/ekskluzywny-plaszczyk-do-sukienki-projektowany-i-szyty-na-miare-w-de-marco\\\/#primaryimage\"},\"image\":{\"@id\":\"https:\\\/\\\/www.sklep.demarco.pl\\\/blog\\\/ekskluzywny-plaszczyk-do-sukienki-projektowany-i-szyty-na-miare-w-de-marco\\\/#primaryimage\"},\"thumbnailUrl\":\"https:\\\/\\\/www.sklep.demarco.pl\\\/blog\\\/wp-content\\\/uploads\\\/2026\\\/09\\\/ekskluzywny_plaszczyk_2.jpg\",\"datePublished\":\"2026-09-02T09:20:35+00:00\",\"dateModified\":\"2026-09-02T09:25:33+00:00\",\"author\":{\"@id\":\"https:\\\/\\\/www.sklep.demarco.pl\\\/blog\\\/#\\\/schema\\\/person\\\/38456e8269588abfbbdda5bc04dad142\"},\"breadcrumb\":{\"@id\":\"https:\\\/\\\/www.sklep.demarco.pl\\\/blog\\\/ekskluzywny-plaszczyk-do-sukienki-projektowany-i-szyty-na-miare-w-de-marco\\\/#breadcrumb\"},\"inLanguage\":\"pl-PL\",\"potentialAction\":[{\"@type\":\"ReadAction\",\"target\":[\"https:\\\/\\\/www.sklep.demarco.pl\\\/blog\\\/ekskluzywny-plaszczyk-do-sukienki-projektowany-i-szyty-na-miare-w-de-marco\\\/\"]}]},{\"@type\":\"ImageObject\",\"inLanguage\":\"pl-PL\",\"@id\":\"https:\\\/\\\/www.sklep.demarco.pl\\\/blog\\\/ekskluzywny-plaszczyk-do-sukienki-projektowany-i-szyty-na-miare-w-de-marco\\\/#primaryimage\",\"url\":\"https:\\\/\\\/www.sklep.demarco.pl\\\/blog\\\/wp-content\\\/uploads\\\/2026\\\/09\\\/ekskluzywny_plaszczyk_2.jpg\",\"contentUrl\":\"https:\\\/\\\/www.sklep.demarco.pl\\\/blog\\\/wp-content\\\/uploads\\\/2026\\\/09\\\/ekskluzywny_plaszczyk_2.jpg\",\"width\":784,\"height\":1346,\"caption\":\"Ekskluzywny p\u0142aszczyk do sukienki De Marco\"},{\"@type\":\"BreadcrumbList\",\"@id\":\"https:\\\/\\\/www.sklep.demarco.pl\\\/blog\\\/ekskluzywny-plaszczyk-do-sukienki-projektowany-i-szyty-na-miare-w-de-marco\\\/#breadcrumb\",\"itemListElement\":[{\"@type\":\"ListItem\",\"position\":1,\"name\":\"Strona g\u0142\u00f3wna\",\"item\":\"https:\\\/\\\/www.sklep.demarco.pl\\\/blog\\\/\"},{\"@type\":\"ListItem\",\"position\":2,\"name\":\"Ekskluzywny p\u0142aszczyk do sukienki projektowany i szyty na miar\u0119 w De Marco\"}]},{\"@type\":\"WebSite\",\"@id\":\"https:\\\/\\\/www.sklep.demarco.pl\\\/blog\\\/#website\",\"url\":\"https:\\\/\\\/www.sklep.demarco.pl\\\/blog\\\/\",\"name\":\"De Marco\",\"description\":\"The finest women&#039;s clothing manufacturer\",\"potentialAction\":[{\"@type\":\"SearchAction\",\"target\":{\"@type\":\"EntryPoint\",\"urlTemplate\":\"https:\\\/\\\/www.sklep.demarco.pl\\\/blog\\\/?s={search_term_string}\"},\"query-input\":{\"@type\":\"PropertyValueSpecification\",\"valueRequired\":true,\"valueName\":\"search_term_string\"}}],\"inLanguage\":\"pl-PL\"},{\"@type\":\"Person\",\"@id\":\"https:\\\/\\\/www.sklep.demarco.pl\\\/blog\\\/#\\\/schema\\\/person\\\/38456e8269588abfbbdda5bc04dad142\",\"name\":\"de marco\",\"image\":{\"@type\":\"ImageObject\",\"inLanguage\":\"pl-PL\",\"@id\":\"https:\\\/\\\/secure.gravatar.com\\\/avatar\\\/1d03f06a246921ea2531e9b59fe2dcd5a125b6b3339bedd531ae0d7e4bb25f99?s=96&d=mm&r=g\",\"url\":\"https:\\\/\\\/secure.gravatar.com\\\/avatar\\\/1d03f06a246921ea2531e9b59fe2dcd5a125b6b3339bedd531ae0d7e4bb25f99?s=96&d=mm&r=g\",\"contentUrl\":\"https:\\\/\\\/secure.gravatar.com\\\/avatar\\\/1d03f06a246921ea2531e9b59fe2dcd5a125b6b3339bedd531ae0d7e4bb25f99?s=96&d=mm&r=g\",\"caption\":\"de marco\"},\"url\":\"https:\\\/\\\/www.sklep.demarco.pl\\\/blog\\\/author\\\/de-marco\\\/\"}]}<\/script>\n<!-- \/ Yoast SEO plugin. -->","yoast_head_json":{"title":"Ekskluzywny p\u0142aszczyk do sukienki projektowany i szyty na miar\u0119 w De Marco - De Marco","robots":{"index":"index","follow":"follow","max-snippet":"max-snippet:-1","max-image-preview":"max-image-preview:large","max-video-preview":"max-video-preview:-1"},"canonical":"https:\/\/www.sklep.demarco.pl\/blog\/ekskluzywny-plaszczyk-do-sukienki-projektowany-i-szyty-na-miare-w-de-marco\/","og_locale":"pl_PL","og_type":"article","og_title":"Ekskluzywny p\u0142aszczyk do sukienki projektowany i szyty na miar\u0119 w De Marco - De Marco","og_description":"Szanowni Pa\u0144stwo, S\u0105 elementy garderoby, kt\u00f3re wykraczaj\u0105 daleko poza swoj\u0105 praktyczn\u0105 funkcj\u0119. Ekskluzywny p\u0142aszczyk wizytowy nie jest jedynie okryciem chroni\u0105cym przed ch\u0142odem \u2013 jest zwie\u0144czeniem ca\u0142ej stylizacji, symbolem elegancji oraz wyrazem osobowo\u015bci kobiety, kt\u00f3ra go nosi. W Atelier De Marco wierzymy, \u017ce prawdziwe pi\u0119kno rodzi si\u0119 z po\u0142\u0105czenia kunsztu krawieckiego, wyj\u0105tkowych tkanin oraz serca w\u0142o\u017conego [&hellip;]","og_url":"https:\/\/www.sklep.demarco.pl\/blog\/ekskluzywny-plaszczyk-do-sukienki-projektowany-i-szyty-na-miare-w-de-marco\/","og_site_name":"De Marco","article_publisher":"https:\/\/www.facebook.com\/DeMarco.Styl","article_published_time":"2026-09-02T09:20:35+00:00","article_modified_time":"2026-09-02T09:25:33+00:00","og_image":[{"width":784,"height":1346,"url":"https:\/\/www.sklep.demarco.pl\/blog\/wp-content\/uploads\/2026\/09\/ekskluzywny_plaszczyk_2.jpg","type":"image\/jpeg"}],"author":"de marco","twitter_misc":{"Napisane przez":"de marco","Szacowany czas czytania":"6 minut"},"schema":{"@context":"https:\/\/schema.org","@graph":[{"@type":"Article","@id":"https:\/\/www.sklep.demarco.pl\/blog\/ekskluzywny-plaszczyk-do-sukienki-projektowany-i-szyty-na-miare-w-de-marco\/#article","isPartOf":{"@id":"https:\/\/www.sklep.demarco.pl\/blog\/ekskluzywny-plaszczyk-do-sukienki-projektowany-i-szyty-na-miare-w-de-marco\/"},"author":{"name":"de marco","@id":"https:\/\/www.sklep.demarco.pl\/blog\/#\/schema\/person\/38456e8269588abfbbdda5bc04dad142"},"headline":"Ekskluzywny p\u0142aszczyk do sukienki projektowany i szyty na miar\u0119 w De Marco","datePublished":"2026-09-02T09:20:35+00:00","dateModified":"2026-09-02T09:25:33+00:00","mainEntityOfPage":{"@id":"https:\/\/www.sklep.demarco.pl\/blog\/ekskluzywny-plaszczyk-do-sukienki-projektowany-i-szyty-na-miare-w-de-marco\/"},"wordCount":788,"image":{"@id":"https:\/\/www.sklep.demarco.pl\/blog\/ekskluzywny-plaszczyk-do-sukienki-projektowany-i-szyty-na-miare-w-de-marco\/#primaryimage"},"thumbnailUrl":"https:\/\/www.sklep.demarco.pl\/blog\/wp-content\/uploads\/2026\/09\/ekskluzywny_plaszczyk_2.jpg","keywords":["De Marco ekskluzywna marka","Ekskluzywna odzie\u017c damska","Ekskluzywna odzie\u017c damska polskich producent\u00f3w","Ekskluzywne p\u0142aszcze damskie","Ekskluzywne p\u0142aszcze damskie producent","ekskluzywny p\u0142aszcz we\u0142niany","Elegancka odzie\u017c damska sklep internetowy","elegancki p\u0142aszcz","Elegancki p\u0142aszcz damski","Eleganckie komplety damskie z p\u0142aszczykiem","Eleganckie kr\u00f3tkie p\u0142aszcze damskie","Granatowy p\u0142aszcz dudy","komplet sukienka z p\u0142aszczem","Komplety dla mamy wesela: \u017cakiet z sukienka, p\u0142aszcz z sukienk\u0105, szal, etole.","kr\u00f3dki p\u0142aszczyk","Kr\u00f3tki p\u0142aszcz damski","Luksusowe p\u0142aszcze damskie","markowa odzie\u017c damska","p\u0142aszcz","p\u0142aszcz damski","p\u0142aszcz do sukienki","p\u0142aszcz do sukienki na wiosn\u0119","P\u0142aszcz do sukienki w stylu Agaty Dudy","p\u0142aszcz jesienny damski","p\u0142aszcz na jesie\u0144","p\u0142aszcz na wesele","p\u0142aszcz na zim\u0119","p\u0142aszcz we\u0142niany","p\u0142aszcz we\u0142niany damski","p\u0142aszcz zimowy damski","p\u0142aszcze","p\u0142aszczyk","p\u0142aszczyk do sukienki","p\u0142aszczyk na \u015bwi\u0119ta","p\u0142aszczyk z sukienk\u0105"],"articleSection":["METAMORFOZA"],"inLanguage":"pl-PL"},{"@type":"WebPage","@id":"https:\/\/www.sklep.demarco.pl\/blog\/ekskluzywny-plaszczyk-do-sukienki-projektowany-i-szyty-na-miare-w-de-marco\/","url":"https:\/\/www.sklep.demarco.pl\/blog\/ekskluzywny-plaszczyk-do-sukienki-projektowany-i-szyty-na-miare-w-de-marco\/","name":"Ekskluzywny p\u0142aszczyk do sukienki projektowany i szyty na miar\u0119 w De Marco - De Marco","isPartOf":{"@id":"https:\/\/www.sklep.demarco.pl\/blog\/#website"},"primaryImageOfPage":{"@id":"https:\/\/www.sklep.demarco.pl\/blog\/ekskluzywny-plaszczyk-do-sukienki-projektowany-i-szyty-na-miare-w-de-marco\/#primaryimage"},"image":{"@id":"https:\/\/www.sklep.demarco.pl\/blog\/ekskluzywny-plaszczyk-do-sukienki-projektowany-i-szyty-na-miare-w-de-marco\/#primaryimage"},"thumbnailUrl":"https:\/\/www.sklep.demarco.pl\/blog\/wp-content\/uploads\/2026\/09\/ekskluzywny_plaszczyk_2.jpg","datePublished":"2026-09-02T09:20:35+00:00","dateModified":"2026-09-02T09:25:33+00:00","author":{"@id":"https:\/\/www.sklep.demarco.pl\/blog\/#\/schema\/person\/38456e8269588abfbbdda5bc04dad142"},"breadcrumb":{"@id":"https:\/\/www.sklep.demarco.pl\/blog\/ekskluzywny-plaszczyk-do-sukienki-projektowany-i-szyty-na-miare-w-de-marco\/#breadcrumb"},"inLanguage":"pl-PL","potentialAction":[{"@type":"ReadAction","target":["https:\/\/www.sklep.demarco.pl\/blog\/ekskluzywny-plaszczyk-do-sukienki-projektowany-i-szyty-na-miare-w-de-marco\/"]}]},{"@type":"ImageObject","inLanguage":"pl-PL","@id":"https:\/\/www.sklep.demarco.pl\/blog\/ekskluzywny-plaszczyk-do-sukienki-projektowany-i-szyty-na-miare-w-de-marco\/#primaryimage","url":"https:\/\/www.sklep.demarco.pl\/blog\/wp-content\/uploads\/2026\/09\/ekskluzywny_plaszczyk_2.jpg","contentUrl":"https:\/\/www.sklep.demarco.pl\/blog\/wp-content\/uploads\/2026\/09\/ekskluzywny_plaszczyk_2.jpg","width":784,"height":1346,"caption":"Ekskluzywny p\u0142aszczyk do sukienki De Marco"},{"@type":"BreadcrumbList","@id":"https:\/\/www.sklep.demarco.pl\/blog\/ekskluzywny-plaszczyk-do-sukienki-projektowany-i-szyty-na-miare-w-de-marco\/#breadcrumb","itemListElement":[{"@type":"ListItem","position":1,"name":"Strona g\u0142\u00f3wna","item":"https:\/\/www.sklep.demarco.pl\/blog\/"},{"@type":"ListItem","position":2,"name":"Ekskluzywny p\u0142aszczyk do sukienki projektowany i szyty na miar\u0119 w De Marco"}]},{"@type":"WebSite","@id":"https:\/\/www.sklep.demarco.pl\/blog\/#website","url":"https:\/\/www.sklep.demarco.pl\/blog\/","name":"De Marco","description":"The finest women&#039;s clothing manufacturer","potentialAction":[{"@type":"SearchAction","target":{"@type":"EntryPoint","urlTemplate":"https:\/\/www.sklep.demarco.pl\/blog\/?s={search_term_string}"},"query-input":{"@type":"PropertyValueSpecification","valueRequired":true,"valueName":"search_term_string"}}],"inLanguage":"pl-PL"},{"@type":"Person","@id":"https:\/\/www.sklep.demarco.pl\/blog\/#\/schema\/person\/38456e8269588abfbbdda5bc04dad142","name":"de marco","image":{"@type":"ImageObject","inLanguage":"pl-PL","@id":"https:\/\/secure.gravatar.com\/avatar\/1d03f06a246921ea2531e9b59fe2dcd5a125b6b3339bedd531ae0d7e4bb25f99?s=96&d=mm&r=g","url":"https:\/\/secure.gravatar.com\/avatar\/1d03f06a246921ea2531e9b59fe2dcd5a125b6b3339bedd531ae0d7e4bb25f99?s=96&d=mm&r=g","contentUrl":"https:\/\/secure.gravatar.com\/avatar\/1d03f06a246921ea2531e9b59fe2dcd5a125b6b3339bedd531ae0d7e4bb25f99?s=96&d=mm&r=g","caption":"de marco"},"url":"https:\/\/www.sklep.demarco.pl\/blog\/author\/de-marco\/"}]}},"jetpack_sharing_enabled":true,"builder_content":"","jetpack_featured_media_url":"https:\/\/www.sklep.demarco.pl\/blog\/wp-content\/uploads\/2026\/09\/ekskluzywny_plaszczyk_2.jpg","_links":{"self":[{"href":"https:\/\/www.sklep.demarco.pl\/blog\/wp-json\/wp\/v2\/posts\/20255","targetHints":{"allow":["GET"]}}],"collection":[{"href":"https:\/\/www.sklep.demarco.pl\/blog\/wp-json\/wp\/v2\/posts"}],"about":[{"href":"https:\/\/www.sklep.demarco.pl\/blog\/wp-json\/wp\/v2\/types\/post"}],"author":[{"embeddable":true,"href":"https:\/\/www.sklep.demarco.pl\/blog\/wp-json\/wp\/v2\/users\/1"}],"replies":[{"embeddable":true,"href":"https:\/\/www.sklep.demarco.pl\/blog\/wp-json\/wp\/v2\/comments?post=20255"}],"version-history":[{"count":4,"href":"https:\/\/www.sklep.demarco.pl\/blog\/wp-json\/wp\/v2\/posts\/20255\/revisions"}],"predecessor-version":[{"id":20267,"href":"https:\/\/www.sklep.demarco.pl\/blog\/wp-json\/wp\/v2\/posts\/20255\/revisions\/20267"}],"wp:featuredmedia":[{"embeddable":true,"href":"https:\/\/www.sklep.demarco.pl\/blog\/wp-json\/wp\/v2\/media\/20258"}],"wp:attachment":[{"href":"https:\/\/www.sklep.demarco.pl\/blog\/wp-json\/wp\/v2\/media?parent=20255"}],"wp:term":[{"taxonomy":"category","embeddable":true,"href":"https:\/\/www.sklep.demarco.pl\/blog\/wp-json\/wp\/v2\/categories?post=20255"},{"taxonomy":"post_tag","embeddable":true,"href":"https:\/\/www.sklep.demarco.pl\/blog\/wp-json\/wp\/v2\/tags?post=20255"}],"curies":[{"name":"wp","href":"https:\/\/api.w.org\/{rel}","templated":true}]}}