{"id":20245,"date":"2026-09-01T16:04:22","date_gmt":"2026-09-01T16:04:22","guid":{"rendered":"https:\/\/www.sklep.demarco.pl\/blog\/?p=20245"},"modified":"2026-09-01T16:04:26","modified_gmt":"2026-09-01T16:04:26","slug":"polskie-eleganckie-ubrania-dla-60-latki-kiedy-jak-nie-teraz","status":"publish","type":"post","link":"https:\/\/www.sklep.demarco.pl\/blog\/polskie-eleganckie-ubrania-dla-60-latki-kiedy-jak-nie-teraz\/","title":{"rendered":"Polskie eleganckie ubrania dla 60-latki. Kiedy, jak nie teraz?"},"content":{"rendered":"\n<div class=\"wp-block-media-text is-stacked-on-mobile\"><figure class=\"wp-block-media-text__media\"><a href=\"https:\/\/www.sklep.demarco.pl\/blog\/wp-content\/uploads\/2026\/09\/Elegancki_komplet_1.jpg\"><img loading=\"lazy\" decoding=\"async\" width=\"687\" height=\"1024\" src=\"https:\/\/www.sklep.demarco.pl\/blog\/wp-content\/uploads\/2026\/09\/Elegancki_komplet_1-687x1024.jpg\" alt=\"Eleganckie komplety damskie dla 60 latki projektowane i szyte na miar\u0119 w De Marco - pi\u0119kny zestaw ze sp\u00f3dnic\u0105 \" class=\"wp-image-20250 size-full\" srcset=\"https:\/\/www.sklep.demarco.pl\/blog\/wp-content\/uploads\/2026\/09\/Elegancki_komplet_1-687x1024.jpg 687w, https:\/\/www.sklep.demarco.pl\/blog\/wp-content\/uploads\/2026\/09\/Elegancki_komplet_1-201x300.jpg 201w, https:\/\/www.sklep.demarco.pl\/blog\/wp-content\/uploads\/2026\/09\/Elegancki_komplet_1-768x1145.jpg 768w, https:\/\/www.sklep.demarco.pl\/blog\/wp-content\/uploads\/2026\/09\/Elegancki_komplet_1.jpg 848w\" sizes=\"auto, (max-width: 687px) 100vw, 687px\" \/><\/a><\/figure><div class=\"wp-block-media-text__content\">\n<p class=\"wp-block-paragraph\">Szanowni Pa\u0144stwo,<\/p>\n\n\n\n<p class=\"wp-block-paragraph\">W \u017cyciu ka\u017cdej kobiety przychodzi pi\u0119kny moment, w kt\u00f3rym warto zada\u0107 sobie jedno bardzo wa\u017cne pytanie: kiedy, jak nie teraz?<\/p>\n\n\n\n<p class=\"wp-block-paragraph\">Przez dziesi\u0119ciolecia troszczymy si\u0119 o wszystkich wok\u00f3\u0142. Oszcz\u0119dzamy na budow\u0119 domu, wspieramy edukacj\u0119 dzieci, inwestujemy w rodzin\u0119, pomagamy m\u0119\u017cowi realizowa\u0107 wsp\u00f3lne marzenia. Bardzo cz\u0119sto w\u0142asne potrzeby odk\u0142adamy na sam koniec listy \u2013 na p\u00f3\u017aniej, na spokojniejszy czas, na moment, kt\u00f3ry \u201ekiedy\u015b\u201d nadejdzie.<\/p>\n\n\n\n<p class=\"wp-block-paragraph\">I nagle pojawia si\u0119 sze\u015b\u0107dziesi\u0105ty rok \u017cycia.<\/p>\n\n\n\n<p class=\"wp-block-paragraph\">To nie koniec kobieco\u015bci. To pocz\u0105tek jej najpi\u0119kniejszego rozdzia\u0142u.<\/p>\n<\/div><\/div>\n\n\n\n<p class=\"wp-block-paragraph\">Czytaj r\u00f3wnie\u017c: <a href=\"https:\/\/www.sklep.demarco.pl\/blog\/najmodniejsze-stylizacje-na-jesien-dla-eleganckiej-kobiety-luksusowa-moda-z-charakterem\/\">Najmodniejsze stylizacje na jesie\u0144 dla eleganckiej kobiety \u2013 luksusowa moda z charakterem<\/a><\/p>\n\n\n\n<div class=\"wp-block-media-text is-stacked-on-mobile\"><figure class=\"wp-block-media-text__media\"><a href=\"https:\/\/www.sklep.demarco.pl\/blog\/wp-content\/uploads\/2026\/07\/signal-2023-12-03-190306_005-1.jpeg\"><img loading=\"lazy\" decoding=\"async\" width=\"768\" height=\"1024\" src=\"https:\/\/www.sklep.demarco.pl\/blog\/wp-content\/uploads\/2026\/07\/signal-2023-12-03-190306_005-1-768x1024.jpeg\" alt=\"Ekskluzywna sukienka dla 60 latki, 70 latki szyta na miar\u0119 w De Marco\" class=\"wp-image-19768 size-full\" srcset=\"https:\/\/www.sklep.demarco.pl\/blog\/wp-content\/uploads\/2026\/07\/signal-2023-12-03-190306_005-1-768x1024.jpeg 768w, https:\/\/www.sklep.demarco.pl\/blog\/wp-content\/uploads\/2026\/07\/signal-2023-12-03-190306_005-1-225x300.jpeg 225w, https:\/\/www.sklep.demarco.pl\/blog\/wp-content\/uploads\/2026\/07\/signal-2023-12-03-190306_005-1-1152x1536.jpeg 1152w, https:\/\/www.sklep.demarco.pl\/blog\/wp-content\/uploads\/2026\/07\/signal-2023-12-03-190306_005-1.jpeg 1200w\" sizes=\"auto, (max-width: 768px) 100vw, 768px\" \/><\/a><\/figure><div class=\"wp-block-media-text__content\">\n<h2 class=\"wp-block-heading\">Dojrza\u0142o\u015b\u0107 jest luksusem<\/h2>\n\n\n\n<p class=\"wp-block-paragraph\">Sze\u015b\u0107dziesi\u0105t lat to wiek niezwyk\u0142y. Uroda zmienia swoje oblicze, kondycja nie jest ju\u017c taka sama jak dwadzie\u015bcia lat wcze\u015bniej, ale w zamian otrzymujemy co\u015b znacznie cenniejszego \u2013 do\u015bwiadczenie, spok\u00f3j i \u015bwiadomo\u015b\u0107 w\u0142asnej warto\u015bci.<\/p>\n\n\n\n<p class=\"wp-block-paragraph\">To w\u0142a\u015bnie teraz mo\u017cemy wreszcie pomy\u015ble\u0107 o sobie bez poczucia winy.<\/p>\n\n\n\n<p class=\"wp-block-paragraph\">Mo\u017cemy pozwoli\u0107 sobie na pi\u0119kn\u0105 sukienk\u0119, doskonale skrojony \u017cakiet czy elegancki p\u0142aszcz, nie dlatego, by komukolwiek co\u015b udowadnia\u0107, lecz dlatego, \u017ce zwyczajnie zas\u0142ugujemy na rzeczy najwy\u017cszej jako\u015bci.<\/p>\n\n\n\n<p class=\"wp-block-paragraph\">Dbanie o siebie nie jest egoizmem. Jest wyrazem szacunku dla w\u0142asnego \u017cycia.<\/p>\n<\/div><\/div>\n\n\n\n<p class=\"wp-block-paragraph\">Czytaj r\u00f3wnie\u017c: <a href=\"https:\/\/www.sklep.demarco.pl\/blog\/eleganckie-ubrania-damskie-na-targi-branzowe-jak-profesjonalnie-prezentowac-swoja-firme\/\">Eleganckie ubrania damskie na targi bran\u017cowe \u2013 jak profesjonalnie prezentowa\u0107 swoj\u0105 firm\u0119?<\/a><\/p>\n\n\n\n<div class=\"wp-block-media-text is-stacked-on-mobile\"><figure class=\"wp-block-media-text__media\"><a href=\"https:\/\/www.sklep.demarco.pl\/blog\/wp-content\/uploads\/2026\/07\/de_marco_klientki.jpg\"><img loading=\"lazy\" decoding=\"async\" width=\"1004\" height=\"995\" src=\"https:\/\/www.sklep.demarco.pl\/blog\/wp-content\/uploads\/2026\/07\/de_marco_klientki.jpg\" alt=\"Najpi\u0119kniejsze ubrania w rozmiarze xxl - polska marka De Marco szycie na miar\u0119\" class=\"wp-image-19765 size-full\" srcset=\"https:\/\/www.sklep.demarco.pl\/blog\/wp-content\/uploads\/2026\/07\/de_marco_klientki.jpg 1004w, https:\/\/www.sklep.demarco.pl\/blog\/wp-content\/uploads\/2026\/07\/de_marco_klientki-300x297.jpg 300w, https:\/\/www.sklep.demarco.pl\/blog\/wp-content\/uploads\/2026\/07\/de_marco_klientki-150x150.jpg 150w, https:\/\/www.sklep.demarco.pl\/blog\/wp-content\/uploads\/2026\/07\/de_marco_klientki-768x761.jpg 768w\" sizes=\"auto, (max-width: 1004px) 100vw, 1004px\" \/><\/a><\/figure><div class=\"wp-block-media-text__content\">\n<h2 class=\"wp-block-heading\">Elegancja, kt\u00f3ra dodaje pewno\u015bci siebie<\/h2>\n\n\n\n<p class=\"wp-block-paragraph\">Ka\u017cda kobieta zna to uczucie, kiedy patrzy w lustro i u\u015bmiecha si\u0119 do swojego odbicia. Dobrze dobrane ubranie potrafi poprawi\u0107 nastr\u00f3j, wyprostowa\u0107 sylwetk\u0119 i doda\u0107 odwagi, by z rado\u015bci\u0105 uczestniczy\u0107 w rodzinnych uroczysto\u015bciach, koncertach, spotkaniach z przyjaci\u00f3\u0142mi czy wydarzeniach kulturalnych.<\/p>\n\n\n\n<p class=\"wp-block-paragraph\">Elegancka odzie\u017c nie s\u0142u\u017cy wy\u0142\u0105cznie temu, by dobrze wygl\u0105da\u0107.<\/p>\n\n\n\n<p class=\"wp-block-paragraph\">Ona sprawia, \u017ce czujemy si\u0119 pi\u0119knie.<\/p>\n\n\n\n<p class=\"wp-block-paragraph\">A kobieta, kt\u00f3ra czuje si\u0119 pi\u0119knie, emanuje naturalnym wdzi\u0119kiem niezale\u017cnie od wieku.<\/p>\n<\/div><\/div>\n\n\n\n<p class=\"wp-block-paragraph\">Czytaj r\u00f3wnie\u017c: <a href=\"https:\/\/www.demarco.pl\/smietankowy-zakiet-de-marco-na-festiwalu-im-jana-kiepury\/\">\u015amietankowy \u017cakiet De Marco na Festiwalu im. Jana Kiepury<\/a><\/p>\n\n\n\n<div class=\"wp-block-media-text is-stacked-on-mobile\"><figure class=\"wp-block-media-text__media\"><a href=\"https:\/\/www.sklep.demarco.pl\/blog\/wp-content\/uploads\/2025\/10\/002_Agata_Kornhauser_Duda_nagranie_konkurs_Slowem_Polska_20241008_GJB_7811a.jpg\"><img loading=\"lazy\" decoding=\"async\" width=\"1024\" height=\"1012\" src=\"https:\/\/www.sklep.demarco.pl\/blog\/wp-content\/uploads\/2025\/10\/002_Agata_Kornhauser_Duda_nagranie_konkurs_Slowem_Polska_20241008_GJB_7811a-1024x1012.jpg\" alt=\"Modne sukienki Pierwszej Damy RP - Gdzie ubiera si\u0119 Prezydentowa?\" class=\"wp-image-18721 size-full\" srcset=\"https:\/\/www.sklep.demarco.pl\/blog\/wp-content\/uploads\/2025\/10\/002_Agata_Kornhauser_Duda_nagranie_konkurs_Slowem_Polska_20241008_GJB_7811a-1024x1012.jpg 1024w, https:\/\/www.sklep.demarco.pl\/blog\/wp-content\/uploads\/2025\/10\/002_Agata_Kornhauser_Duda_nagranie_konkurs_Slowem_Polska_20241008_GJB_7811a-300x296.jpg 300w, https:\/\/www.sklep.demarco.pl\/blog\/wp-content\/uploads\/2025\/10\/002_Agata_Kornhauser_Duda_nagranie_konkurs_Slowem_Polska_20241008_GJB_7811a-768x759.jpg 768w, https:\/\/www.sklep.demarco.pl\/blog\/wp-content\/uploads\/2025\/10\/002_Agata_Kornhauser_Duda_nagranie_konkurs_Slowem_Polska_20241008_GJB_7811a.jpg 1350w\" sizes=\"auto, (max-width: 1024px) 100vw, 1024px\" \/><\/a><\/figure><div class=\"wp-block-media-text__content\">\n<h2 class=\"wp-block-heading\">Polska moda dla kobiet z klas\u0105<\/h2>\n\n\n\n<p class=\"wp-block-paragraph\">Szanowni Pa\u0144stwo, dojrza\u0142a elegancja nie potrzebuje przesady. Nie wymaga krzykliwych trend\u00f3w ani nadmiaru ozd\u00f3b. Jej si\u0142\u0105 s\u0105 doskona\u0142e proporcje, szlachetne tkaniny i perfekcyjne krawiectwo.<\/p>\n\n\n\n<p class=\"wp-block-paragraph\">Dlatego coraz wi\u0119cej kobiet wybiera ubrania projektowane i szyte na miar\u0119. Kreacje, kt\u00f3re podkre\u015blaj\u0105 atuty sylwetki, modeluj\u0105 figur\u0119 i pozostaj\u0105 ponadczasowe przez wiele sezon\u00f3w.<\/p>\n\n\n\n<p class=\"wp-block-paragraph\">To moda tworzona nie dla wieku, lecz dla osobowo\u015bci.<\/p>\n<\/div><\/div>\n\n\n\n<p class=\"wp-block-paragraph\">Czytaj r\u00f3wnie\u017c: <a href=\"https:\/\/www.demarco.pl\/piec-bledow-ktorych-uniknac-w-stylizacjach-wizytowych-i-wyjsciowych\/\">Pi\u0119\u0107 b\u0142\u0119d\u00f3w, kt\u00f3rych warto unikn\u0105\u0107 w stylizacjach wizytowych i wyj\u015bciowych<\/a><\/p>\n\n\n\n<div class=\"wp-block-media-text is-stacked-on-mobile\"><figure class=\"wp-block-media-text__media\"><a href=\"https:\/\/www.sklep.demarco.pl\/blog\/wp-content\/uploads\/2026\/03\/elegancka-suknia-dla-matki-weselnej.jpg\"><img loading=\"lazy\" decoding=\"async\" width=\"818\" height=\"1024\" src=\"https:\/\/www.sklep.demarco.pl\/blog\/wp-content\/uploads\/2026\/03\/elegancka-suknia-dla-matki-weselnej-818x1024.jpg\" alt=\"Niebieska sukienka na wesele Modna elegancja z De Marco krawiectwo damskie na najwy\u017cszym poziomie\" class=\"wp-image-19204 size-full\" srcset=\"https:\/\/www.sklep.demarco.pl\/blog\/wp-content\/uploads\/2026\/03\/elegancka-suknia-dla-matki-weselnej-818x1024.jpg 818w, https:\/\/www.sklep.demarco.pl\/blog\/wp-content\/uploads\/2026\/03\/elegancka-suknia-dla-matki-weselnej-240x300.jpg 240w, https:\/\/www.sklep.demarco.pl\/blog\/wp-content\/uploads\/2026\/03\/elegancka-suknia-dla-matki-weselnej-768x961.jpg 768w, https:\/\/www.sklep.demarco.pl\/blog\/wp-content\/uploads\/2026\/03\/elegancka-suknia-dla-matki-weselnej.jpg 1126w\" sizes=\"auto, (max-width: 818px) 100vw, 818px\" \/><\/a><\/figure><div class=\"wp-block-media-text__content\">\n<h2 class=\"wp-block-heading\">De Marco \u2013 pi\u0119kno, kt\u00f3re dojrzewa razem z kobiet\u0105<\/h2>\n\n\n\n<p class=\"wp-block-paragraph\">W Atelier De Marco od ponad dwudziestu lat projektujemy eleganck\u0105 odzie\u017c damsk\u0105 dla kobiet, kt\u00f3re odnajduj\u0105 pi\u0119kno w klasie i wysokiej kulturze ubioru. Tworzymy unikatowe sukienki, garsonki, p\u0142aszcze, garnitury i komplety szyte na miar\u0119, dopasowane do sylwetki oraz indywidualnego stylu ka\u017cdej Klientki.<\/p>\n\n\n\n<p class=\"wp-block-paragraph\">Wierzymy, \u017ce luksus nie polega na ostentacji. Polega na doskona\u0142ej jako\u015bci, komforcie i poczuciu, \u017ce ubranie zosta\u0142o stworzone w\u0142a\u015bnie dla Pa\u0144.<\/p>\n<\/div><\/div>\n\n\n\n<p class=\"wp-block-paragraph\">Czytaj r\u00f3wnie\u017c: <a href=\"https:\/\/www.demarco.pl\/profesjonalne-stylizacje-na-konferencje-i-sympozja-szyty-na-miare-czerwony-komplet-ze-spodniami-astrid-od-de-marco\/\">Profesjonalne stylizacje na konferencje i sympozja. Szyty na miar\u0119 czerwony komplet ze spodniami Astrid od De Marco<\/a><\/p>\n\n\n\n<div class=\"wp-block-media-text is-stacked-on-mobile\"><figure class=\"wp-block-media-text__media\"><a href=\"https:\/\/www.sklep.demarco.pl\/blog\/wp-content\/uploads\/2025\/12\/elegancka_kobieta_1pg.jpg\"><img loading=\"lazy\" decoding=\"async\" width=\"683\" height=\"1024\" src=\"https:\/\/www.sklep.demarco.pl\/blog\/wp-content\/uploads\/2025\/12\/elegancka_kobieta_1pg-683x1024.jpg\" alt=\"Co kupi\u0107 eleganckiej kobiecie? Inspiracje na prezent dla kobiety kt\u00f3r\u0105 kochasz\" class=\"wp-image-18880 size-full\" srcset=\"https:\/\/www.sklep.demarco.pl\/blog\/wp-content\/uploads\/2025\/12\/elegancka_kobieta_1pg-683x1024.jpg 683w, https:\/\/www.sklep.demarco.pl\/blog\/wp-content\/uploads\/2025\/12\/elegancka_kobieta_1pg-200x300.jpg 200w, https:\/\/www.sklep.demarco.pl\/blog\/wp-content\/uploads\/2025\/12\/elegancka_kobieta_1pg-768x1152.jpg 768w, https:\/\/www.sklep.demarco.pl\/blog\/wp-content\/uploads\/2025\/12\/elegancka_kobieta_1pg-1024x1536.jpg 1024w, https:\/\/www.sklep.demarco.pl\/blog\/wp-content\/uploads\/2025\/12\/elegancka_kobieta_1pg.jpg 1200w\" sizes=\"auto, (max-width: 683px) 100vw, 683px\" \/><\/a><\/figure><div class=\"wp-block-media-text__content\">\n<h2 class=\"wp-block-heading\">Kiedy, jak nie teraz?<\/h2>\n\n\n\n<p class=\"wp-block-paragraph\">Szanowni Pa\u0144stwo, sze\u015b\u0107dziesi\u0105tka nie jest momentem rezygnacji. Jest czasem, w kt\u00f3rym mo\u017cemy z dum\u0105 celebrowa\u0107 w\u0142asne \u017cycie, osi\u0105gni\u0119cia i kobieco\u015b\u0107.<\/p>\n\n\n\n<p class=\"wp-block-paragraph\">Podarujmy sobie odrobin\u0119 przyjemno\u015bci. Dobry krem, pi\u0119kny zapach, eleganck\u0105 sukienk\u0119, w kt\u00f3rej b\u0119dziemy promienia\u0142y podczas rodzinnego \u015bwi\u0119ta czy zwyk\u0142ego spaceru po mie\u015bcie. Bo najpi\u0119kniejsza kobieta to nie ta najm\u0142odsza, lecz ta, kt\u00f3ra potrafi z czu\u0142o\u015bci\u0105 spojrze\u0107 na siebie.<\/p>\n\n\n\n<p class=\"wp-block-paragraph\">Serdecznie zapraszamy wszystkie Panie, kt\u00f3re odnajduj\u0105 pi\u0119kno w elegancji, do odkrycia kolekcji De Marco \u2013 polskiej marki tworz\u0105cej ponadczasow\u0105 mod\u0119 dla kobiet z klas\u0105.<\/p>\n<\/div><\/div>\n\n\n\n<p class=\"wp-block-paragraph\">Czytaj r\u00f3wnie\u017c: <a href=\"https:\/\/www.demarco.pl\/eleganckie-sukienki-weselne-na-jesien-de-marco-szycie-na-miare\/\">Eleganckie sukienki weselne na jesie\u0144 \u2013 De Marco szycie na miar\u0119<\/a><\/p>\n\n\n\n<hr class=\"wp-block-separator has-alpha-channel-opacity\"\/>\n\n\n\n<div class=\"wp-block-media-text is-stacked-on-mobile\"><figure class=\"wp-block-media-text__media\"><a href=\"https:\/\/www.sklep.demarco.pl\/blog\/wp-content\/uploads\/2026\/08\/AI-LABELS_3x2_AI_black-50.png\"><img loading=\"lazy\" decoding=\"async\" width=\"50\" height=\"33\" src=\"https:\/\/www.sklep.demarco.pl\/blog\/wp-content\/uploads\/2026\/08\/AI-LABELS_3x2_AI_black-50.png\" alt=\"Nota informacyjna Artyku\u0142 powsta\u0142 na podstawie autorskich tekst\u00f3w Atelier De Marco, tworzonych zgodnie z nasz\u0105 misj\u0105 edukacyjn\u0105 i informacyjn\u0105, a nast\u0119pnie zosta\u0142 zredagowany z wykorzystaniem technologii AI. Cz\u0119\u015b\u0107 zdj\u0119\u0107, przedstawia modelk\u0119 w naszych autorskich projektach, uszytych w atelier De Marco i zosta\u0142y one poddana kreatywnej obr\u00f3bce AI. Wszystkie materia\u0142y s\u0105 przez nas starannie redagowane i weryfikowane. Pozosta\u0142e zdj\u0119cia s\u0105 nades\u0142ane przez klientki lub wykonane w Salonie Mody De Marco. Serdecznie dzi\u0119kujemy naszym Klientkom za zaufanie i zgod\u0119 na wykorzystanie ich fotografii. \u017byczymy Pa\u0144stwu wielu dalszych sukces\u00f3w!\" class=\"wp-image-20056 size-full\"\/><\/a><\/figure><div class=\"wp-block-media-text__content\">\n<p class=\"wp-block-paragraph\">Nota informacyjna <\/p>\n\n\n\n<p class=\"wp-block-paragraph\">Artyku\u0142 powsta\u0142 na podstawie autorskich tekst\u00f3w Atelier De Marco, tworzonych zgodnie z nasz\u0105 misj\u0105 edukacyjn\u0105 i informacyjn\u0105, a nast\u0119pnie zosta\u0142 zredagowany z wykorzystaniem technologii AI. <\/p>\n\n\n\n<p class=\"wp-block-paragraph\">Cz\u0119\u015b\u0107 zdj\u0119\u0107, przedstawia modelk\u0119 w naszych autorskich projektach, uszytych w atelier De Marco i zosta\u0142y one poddana kreatywnej obr\u00f3bce AI. Wszystkie materia\u0142y s\u0105 przez nas starannie redagowane i weryfikowane. Pozosta\u0142e zdj\u0119cia s\u0105 nades\u0142ane przez klientki lub wykonane w Salonie Mody De Marco. Serdecznie dzi\u0119kujemy naszym Klientkom za zaufanie i zgod\u0119 na wykorzystanie ich fotografii. \u017byczymy Pa\u0144stwu wielu dalszych sukces\u00f3w!<\/p>\n<\/div><\/div>\n\n\n<!-- wp:themify-builder\/canvas \/-->","protected":false},"excerpt":{"rendered":"<p>Szanowni Pa\u0144stwo, W \u017cyciu ka\u017cdej kobiety przychodzi pi\u0119kny moment, w kt\u00f3rym warto zada\u0107 sobie jedno bardzo wa\u017cne pytanie: kiedy, jak nie teraz? Przez dziesi\u0119ciolecia troszczymy si\u0119 o wszystkich wok\u00f3\u0142. Oszcz\u0119dzamy na budow\u0119 domu, wspieramy edukacj\u0119 dzieci, inwestujemy w rodzin\u0119, pomagamy m\u0119\u017cowi realizowa\u0107 wsp\u00f3lne marzenia. Bardzo cz\u0119sto w\u0142asne potrzeby odk\u0142adamy na sam koniec listy \u2013 na [&hellip;]<\/p>\n","protected":false},"author":1,"featured_media":20249,"comment_status":"closed","ping_status":"closed","sticky":false,"template":"","format":"standard","meta":{"_jetpack_newsletter_access":"","_jetpack_dont_email_post_to_subs":false,"_jetpack_newsletter_tier_id":0,"_jetpack_memberships_contains_paywalled_content":false,"_jetpack_memberships_contains_paid_content":false,"footnotes":"","_links_to":"","_links_to_target":""},"categories":[15],"tags":[3768,3963,469,309,3778,171,3491,3487,3329,3341,3339,4312,255,3824,478,3792,3788,4316,3814,387,3780,3816,4304,3736,477,3782,4318,3812,3772,3818],"class_list":["post-20245","post","type-post","status-publish","format-standard","has-post-thumbnail","hentry","category-metamorfoza","tag-butik-odziez-damska","tag-butik-z-elegancka-odzieza-damska","tag-de-marco-ekskluzywna-marka","tag-ekologiczna-odziez","tag-ekskluzywna-odziez","tag-ekskluzywna-odziez-damska","tag-ekskluzywna-odziez-damska-polskich-producentow","tag-ekskluzywna-odziez-damska-producent","tag-elegancka-odziez","tag-elegancka-odziez-damska","tag-elegancka-odziez-damska-sklep-internetowy","tag-elegancka-odziez-dla-kobiety","tag-luksusowa-odziez-damska","tag-marka-premium-odziez","tag-markowa-odziez-damska","tag-minimalistyczna-marka-odziezowa","tag-minimalizm-w-modzie","tag-odziez-biurowa","tag-odziez-dobrej-jakosci","tag-odziez-dyplomatyczna","tag-odziez-ekskluzywna","tag-odziez-najlepszej-jakosci","tag-odziez-premium-quality","tag-odziez-wierzchnia","tag-odziez-wizytowa","tag-ubran-inwestycyjnych","tag-ubrania-damskie-do-pracy","tag-ubrania-dobrej-jakosci","tag-ubrania-inwestycyjne","tag-ubrania-najlepszej-jakosci"],"yoast_head":"<!-- This site is optimized with the Yoast SEO plugin v28.4 - https:\/\/yoast.com\/product\/yoast-seo-wordpress\/ -->\n<title>Polskie eleganckie ubrania dla 60-latki. Kiedy, jak nie teraz? - De Marco<\/title>\n<meta name=\"robots\" content=\"index, follow, max-snippet:-1, max-image-preview:large, max-video-preview:-1\" \/>\n<link rel=\"canonical\" href=\"https:\/\/www.sklep.demarco.pl\/blog\/polskie-eleganckie-ubrania-dla-60-latki-kiedy-jak-nie-teraz\/\" \/>\n<meta property=\"og:locale\" content=\"pl_PL\" \/>\n<meta property=\"og:type\" content=\"article\" \/>\n<meta property=\"og:title\" content=\"Polskie eleganckie ubrania dla 60-latki. Kiedy, jak nie teraz? - De Marco\" \/>\n<meta property=\"og:description\" content=\"Szanowni Pa\u0144stwo, W \u017cyciu ka\u017cdej kobiety przychodzi pi\u0119kny moment, w kt\u00f3rym warto zada\u0107 sobie jedno bardzo wa\u017cne pytanie: kiedy, jak nie teraz? Przez dziesi\u0119ciolecia troszczymy si\u0119 o wszystkich wok\u00f3\u0142. Oszcz\u0119dzamy na budow\u0119 domu, wspieramy edukacj\u0119 dzieci, inwestujemy w rodzin\u0119, pomagamy m\u0119\u017cowi realizowa\u0107 wsp\u00f3lne marzenia. Bardzo cz\u0119sto w\u0142asne potrzeby odk\u0142adamy na sam koniec listy \u2013 na [&hellip;]\" \/>\n<meta property=\"og:url\" content=\"https:\/\/www.sklep.demarco.pl\/blog\/polskie-eleganckie-ubrania-dla-60-latki-kiedy-jak-nie-teraz\/\" \/>\n<meta property=\"og:site_name\" content=\"De Marco\" \/>\n<meta property=\"article:publisher\" content=\"https:\/\/www.facebook.com\/DeMarco.Styl\" \/>\n<meta property=\"article:published_time\" content=\"2026-09-01T16:04:22+00:00\" \/>\n<meta property=\"article:modified_time\" content=\"2026-09-01T16:04:26+00:00\" \/>\n<meta property=\"og:image\" content=\"https:\/\/www.sklep.demarco.pl\/blog\/wp-content\/uploads\/2026\/09\/Elegancki_komplet_2.jpg\" \/>\n\t<meta property=\"og:image:width\" content=\"1376\" \/>\n\t<meta property=\"og:image:height\" content=\"768\" \/>\n\t<meta property=\"og:image:type\" content=\"image\/jpeg\" \/>\n<meta name=\"author\" content=\"de marco\" \/>\n<meta name=\"twitter:label1\" content=\"Napisane przez\" \/>\n\t<meta name=\"twitter:data1\" content=\"de marco\" \/>\n\t<meta name=\"twitter:label2\" content=\"Szacowany czas czytania\" \/>\n\t<meta name=\"twitter:data2\" content=\"6 minut\" \/>\n<script type=\"application\/ld+json\" class=\"yoast-schema-graph\">{\"@context\":\"https:\\\/\\\/schema.org\",\"@graph\":[{\"@type\":\"Article\",\"@id\":\"https:\\\/\\\/www.sklep.demarco.pl\\\/blog\\\/polskie-eleganckie-ubrania-dla-60-latki-kiedy-jak-nie-teraz\\\/#article\",\"isPartOf\":{\"@id\":\"https:\\\/\\\/www.sklep.demarco.pl\\\/blog\\\/polskie-eleganckie-ubrania-dla-60-latki-kiedy-jak-nie-teraz\\\/\"},\"author\":{\"name\":\"de marco\",\"@id\":\"https:\\\/\\\/www.sklep.demarco.pl\\\/blog\\\/#\\\/schema\\\/person\\\/38456e8269588abfbbdda5bc04dad142\"},\"headline\":\"Polskie eleganckie ubrania dla 60-latki. Kiedy, jak nie teraz?\",\"datePublished\":\"2026-09-01T16:04:22+00:00\",\"dateModified\":\"2026-09-01T16:04:26+00:00\",\"mainEntityOfPage\":{\"@id\":\"https:\\\/\\\/www.sklep.demarco.pl\\\/blog\\\/polskie-eleganckie-ubrania-dla-60-latki-kiedy-jak-nie-teraz\\\/\"},\"wordCount\":755,\"image\":{\"@id\":\"https:\\\/\\\/www.sklep.demarco.pl\\\/blog\\\/polskie-eleganckie-ubrania-dla-60-latki-kiedy-jak-nie-teraz\\\/#primaryimage\"},\"thumbnailUrl\":\"https:\\\/\\\/www.sklep.demarco.pl\\\/blog\\\/wp-content\\\/uploads\\\/2026\\\/09\\\/Elegancki_komplet_2.jpg\",\"keywords\":[\"Butik odzie\u017c damska\",\"Butik z eleganck\u0105 odzie\u017c\u0105 damsk\u0105\",\"De Marco ekskluzywna marka\",\"Ekologiczna odzie\u017c\",\"Ekskluzywna odzie\u017c\",\"Ekskluzywna odzie\u017c damska\",\"Ekskluzywna odzie\u017c damska polskich producent\u00f3w\",\"Ekskluzywna odzie\u017c damska producent\",\"elegancka odzie\u017c\",\"elegancka odzie\u017c damska\",\"Elegancka odzie\u017c damska sklep internetowy\",\"Elegancka odzie\u017c dla kobiety\",\"luksusowa odzie\u017c damska\",\"marka premium odzie\u017c\",\"markowa odzie\u017c damska\",\"minimalistyczna marka odzie\u017cowa\",\"minimalizm w modzie\",\"odzie\u017c biurowa\",\"odzie\u017c dobrej jako\u015bci\",\"odzie\u017c dyplomatyczna\",\"odzie\u017c ekskluzywna\",\"odzie\u017c najlepszej jako\u015bci\",\"Odzie\u017c Premium Quality\",\"odzie\u017c wierzchnia\",\"Odzie\u017c wizytowa\",\"ubra\u0144 inwestycyjnych\",\"ubrania damskie do pracy\",\"ubrania dobrej jako\u015bci\",\"Ubrania inwestycyjne\",\"ubrania najlepszej jako\u015bci\"],\"articleSection\":[\"METAMORFOZA\"],\"inLanguage\":\"pl-PL\"},{\"@type\":\"WebPage\",\"@id\":\"https:\\\/\\\/www.sklep.demarco.pl\\\/blog\\\/polskie-eleganckie-ubrania-dla-60-latki-kiedy-jak-nie-teraz\\\/\",\"url\":\"https:\\\/\\\/www.sklep.demarco.pl\\\/blog\\\/polskie-eleganckie-ubrania-dla-60-latki-kiedy-jak-nie-teraz\\\/\",\"name\":\"Polskie eleganckie ubrania dla 60-latki. Kiedy, jak nie teraz? - De Marco\",\"isPartOf\":{\"@id\":\"https:\\\/\\\/www.sklep.demarco.pl\\\/blog\\\/#website\"},\"primaryImageOfPage\":{\"@id\":\"https:\\\/\\\/www.sklep.demarco.pl\\\/blog\\\/polskie-eleganckie-ubrania-dla-60-latki-kiedy-jak-nie-teraz\\\/#primaryimage\"},\"image\":{\"@id\":\"https:\\\/\\\/www.sklep.demarco.pl\\\/blog\\\/polskie-eleganckie-ubrania-dla-60-latki-kiedy-jak-nie-teraz\\\/#primaryimage\"},\"thumbnailUrl\":\"https:\\\/\\\/www.sklep.demarco.pl\\\/blog\\\/wp-content\\\/uploads\\\/2026\\\/09\\\/Elegancki_komplet_2.jpg\",\"datePublished\":\"2026-09-01T16:04:22+00:00\",\"dateModified\":\"2026-09-01T16:04:26+00:00\",\"author\":{\"@id\":\"https:\\\/\\\/www.sklep.demarco.pl\\\/blog\\\/#\\\/schema\\\/person\\\/38456e8269588abfbbdda5bc04dad142\"},\"breadcrumb\":{\"@id\":\"https:\\\/\\\/www.sklep.demarco.pl\\\/blog\\\/polskie-eleganckie-ubrania-dla-60-latki-kiedy-jak-nie-teraz\\\/#breadcrumb\"},\"inLanguage\":\"pl-PL\",\"potentialAction\":[{\"@type\":\"ReadAction\",\"target\":[\"https:\\\/\\\/www.sklep.demarco.pl\\\/blog\\\/polskie-eleganckie-ubrania-dla-60-latki-kiedy-jak-nie-teraz\\\/\"]}]},{\"@type\":\"ImageObject\",\"inLanguage\":\"pl-PL\",\"@id\":\"https:\\\/\\\/www.sklep.demarco.pl\\\/blog\\\/polskie-eleganckie-ubrania-dla-60-latki-kiedy-jak-nie-teraz\\\/#primaryimage\",\"url\":\"https:\\\/\\\/www.sklep.demarco.pl\\\/blog\\\/wp-content\\\/uploads\\\/2026\\\/09\\\/Elegancki_komplet_2.jpg\",\"contentUrl\":\"https:\\\/\\\/www.sklep.demarco.pl\\\/blog\\\/wp-content\\\/uploads\\\/2026\\\/09\\\/Elegancki_komplet_2.jpg\",\"width\":1376,\"height\":768},{\"@type\":\"BreadcrumbList\",\"@id\":\"https:\\\/\\\/www.sklep.demarco.pl\\\/blog\\\/polskie-eleganckie-ubrania-dla-60-latki-kiedy-jak-nie-teraz\\\/#breadcrumb\",\"itemListElement\":[{\"@type\":\"ListItem\",\"position\":1,\"name\":\"Strona g\u0142\u00f3wna\",\"item\":\"https:\\\/\\\/www.sklep.demarco.pl\\\/blog\\\/\"},{\"@type\":\"ListItem\",\"position\":2,\"name\":\"Polskie eleganckie ubrania dla 60-latki. Kiedy, jak nie teraz?\"}]},{\"@type\":\"WebSite\",\"@id\":\"https:\\\/\\\/www.sklep.demarco.pl\\\/blog\\\/#website\",\"url\":\"https:\\\/\\\/www.sklep.demarco.pl\\\/blog\\\/\",\"name\":\"De Marco\",\"description\":\"The finest women&#039;s clothing manufacturer\",\"potentialAction\":[{\"@type\":\"SearchAction\",\"target\":{\"@type\":\"EntryPoint\",\"urlTemplate\":\"https:\\\/\\\/www.sklep.demarco.pl\\\/blog\\\/?s={search_term_string}\"},\"query-input\":{\"@type\":\"PropertyValueSpecification\",\"valueRequired\":true,\"valueName\":\"search_term_string\"}}],\"inLanguage\":\"pl-PL\"},{\"@type\":\"Person\",\"@id\":\"https:\\\/\\\/www.sklep.demarco.pl\\\/blog\\\/#\\\/schema\\\/person\\\/38456e8269588abfbbdda5bc04dad142\",\"name\":\"de marco\",\"image\":{\"@type\":\"ImageObject\",\"inLanguage\":\"pl-PL\",\"@id\":\"https:\\\/\\\/secure.gravatar.com\\\/avatar\\\/1d03f06a246921ea2531e9b59fe2dcd5a125b6b3339bedd531ae0d7e4bb25f99?s=96&d=mm&r=g\",\"url\":\"https:\\\/\\\/secure.gravatar.com\\\/avatar\\\/1d03f06a246921ea2531e9b59fe2dcd5a125b6b3339bedd531ae0d7e4bb25f99?s=96&d=mm&r=g\",\"contentUrl\":\"https:\\\/\\\/secure.gravatar.com\\\/avatar\\\/1d03f06a246921ea2531e9b59fe2dcd5a125b6b3339bedd531ae0d7e4bb25f99?s=96&d=mm&r=g\",\"caption\":\"de marco\"},\"url\":\"https:\\\/\\\/www.sklep.demarco.pl\\\/blog\\\/author\\\/de-marco\\\/\"}]}<\/script>\n<!-- \/ Yoast SEO plugin. -->","yoast_head_json":{"title":"Polskie eleganckie ubrania dla 60-latki. Kiedy, jak nie teraz? - De Marco","robots":{"index":"index","follow":"follow","max-snippet":"max-snippet:-1","max-image-preview":"max-image-preview:large","max-video-preview":"max-video-preview:-1"},"canonical":"https:\/\/www.sklep.demarco.pl\/blog\/polskie-eleganckie-ubrania-dla-60-latki-kiedy-jak-nie-teraz\/","og_locale":"pl_PL","og_type":"article","og_title":"Polskie eleganckie ubrania dla 60-latki. Kiedy, jak nie teraz? - De Marco","og_description":"Szanowni Pa\u0144stwo, W \u017cyciu ka\u017cdej kobiety przychodzi pi\u0119kny moment, w kt\u00f3rym warto zada\u0107 sobie jedno bardzo wa\u017cne pytanie: kiedy, jak nie teraz? Przez dziesi\u0119ciolecia troszczymy si\u0119 o wszystkich wok\u00f3\u0142. Oszcz\u0119dzamy na budow\u0119 domu, wspieramy edukacj\u0119 dzieci, inwestujemy w rodzin\u0119, pomagamy m\u0119\u017cowi realizowa\u0107 wsp\u00f3lne marzenia. Bardzo cz\u0119sto w\u0142asne potrzeby odk\u0142adamy na sam koniec listy \u2013 na [&hellip;]","og_url":"https:\/\/www.sklep.demarco.pl\/blog\/polskie-eleganckie-ubrania-dla-60-latki-kiedy-jak-nie-teraz\/","og_site_name":"De Marco","article_publisher":"https:\/\/www.facebook.com\/DeMarco.Styl","article_published_time":"2026-09-01T16:04:22+00:00","article_modified_time":"2026-09-01T16:04:26+00:00","og_image":[{"width":1376,"height":768,"url":"https:\/\/www.sklep.demarco.pl\/blog\/wp-content\/uploads\/2026\/09\/Elegancki_komplet_2.jpg","type":"image\/jpeg"}],"author":"de marco","twitter_misc":{"Napisane przez":"de marco","Szacowany czas czytania":"6 minut"},"schema":{"@context":"https:\/\/schema.org","@graph":[{"@type":"Article","@id":"https:\/\/www.sklep.demarco.pl\/blog\/polskie-eleganckie-ubrania-dla-60-latki-kiedy-jak-nie-teraz\/#article","isPartOf":{"@id":"https:\/\/www.sklep.demarco.pl\/blog\/polskie-eleganckie-ubrania-dla-60-latki-kiedy-jak-nie-teraz\/"},"author":{"name":"de marco","@id":"https:\/\/www.sklep.demarco.pl\/blog\/#\/schema\/person\/38456e8269588abfbbdda5bc04dad142"},"headline":"Polskie eleganckie ubrania dla 60-latki. Kiedy, jak nie teraz?","datePublished":"2026-09-01T16:04:22+00:00","dateModified":"2026-09-01T16:04:26+00:00","mainEntityOfPage":{"@id":"https:\/\/www.sklep.demarco.pl\/blog\/polskie-eleganckie-ubrania-dla-60-latki-kiedy-jak-nie-teraz\/"},"wordCount":755,"image":{"@id":"https:\/\/www.sklep.demarco.pl\/blog\/polskie-eleganckie-ubrania-dla-60-latki-kiedy-jak-nie-teraz\/#primaryimage"},"thumbnailUrl":"https:\/\/www.sklep.demarco.pl\/blog\/wp-content\/uploads\/2026\/09\/Elegancki_komplet_2.jpg","keywords":["Butik odzie\u017c damska","Butik z eleganck\u0105 odzie\u017c\u0105 damsk\u0105","De Marco ekskluzywna marka","Ekologiczna odzie\u017c","Ekskluzywna odzie\u017c","Ekskluzywna odzie\u017c damska","Ekskluzywna odzie\u017c damska polskich producent\u00f3w","Ekskluzywna odzie\u017c damska producent","elegancka odzie\u017c","elegancka odzie\u017c damska","Elegancka odzie\u017c damska sklep internetowy","Elegancka odzie\u017c dla kobiety","luksusowa odzie\u017c damska","marka premium odzie\u017c","markowa odzie\u017c damska","minimalistyczna marka odzie\u017cowa","minimalizm w modzie","odzie\u017c biurowa","odzie\u017c dobrej jako\u015bci","odzie\u017c dyplomatyczna","odzie\u017c ekskluzywna","odzie\u017c najlepszej jako\u015bci","Odzie\u017c Premium Quality","odzie\u017c wierzchnia","Odzie\u017c wizytowa","ubra\u0144 inwestycyjnych","ubrania damskie do pracy","ubrania dobrej jako\u015bci","Ubrania inwestycyjne","ubrania najlepszej jako\u015bci"],"articleSection":["METAMORFOZA"],"inLanguage":"pl-PL"},{"@type":"WebPage","@id":"https:\/\/www.sklep.demarco.pl\/blog\/polskie-eleganckie-ubrania-dla-60-latki-kiedy-jak-nie-teraz\/","url":"https:\/\/www.sklep.demarco.pl\/blog\/polskie-eleganckie-ubrania-dla-60-latki-kiedy-jak-nie-teraz\/","name":"Polskie eleganckie ubrania dla 60-latki. Kiedy, jak nie teraz? - De Marco","isPartOf":{"@id":"https:\/\/www.sklep.demarco.pl\/blog\/#website"},"primaryImageOfPage":{"@id":"https:\/\/www.sklep.demarco.pl\/blog\/polskie-eleganckie-ubrania-dla-60-latki-kiedy-jak-nie-teraz\/#primaryimage"},"image":{"@id":"https:\/\/www.sklep.demarco.pl\/blog\/polskie-eleganckie-ubrania-dla-60-latki-kiedy-jak-nie-teraz\/#primaryimage"},"thumbnailUrl":"https:\/\/www.sklep.demarco.pl\/blog\/wp-content\/uploads\/2026\/09\/Elegancki_komplet_2.jpg","datePublished":"2026-09-01T16:04:22+00:00","dateModified":"2026-09-01T16:04:26+00:00","author":{"@id":"https:\/\/www.sklep.demarco.pl\/blog\/#\/schema\/person\/38456e8269588abfbbdda5bc04dad142"},"breadcrumb":{"@id":"https:\/\/www.sklep.demarco.pl\/blog\/polskie-eleganckie-ubrania-dla-60-latki-kiedy-jak-nie-teraz\/#breadcrumb"},"inLanguage":"pl-PL","potentialAction":[{"@type":"ReadAction","target":["https:\/\/www.sklep.demarco.pl\/blog\/polskie-eleganckie-ubrania-dla-60-latki-kiedy-jak-nie-teraz\/"]}]},{"@type":"ImageObject","inLanguage":"pl-PL","@id":"https:\/\/www.sklep.demarco.pl\/blog\/polskie-eleganckie-ubrania-dla-60-latki-kiedy-jak-nie-teraz\/#primaryimage","url":"https:\/\/www.sklep.demarco.pl\/blog\/wp-content\/uploads\/2026\/09\/Elegancki_komplet_2.jpg","contentUrl":"https:\/\/www.sklep.demarco.pl\/blog\/wp-content\/uploads\/2026\/09\/Elegancki_komplet_2.jpg","width":1376,"height":768},{"@type":"BreadcrumbList","@id":"https:\/\/www.sklep.demarco.pl\/blog\/polskie-eleganckie-ubrania-dla-60-latki-kiedy-jak-nie-teraz\/#breadcrumb","itemListElement":[{"@type":"ListItem","position":1,"name":"Strona g\u0142\u00f3wna","item":"https:\/\/www.sklep.demarco.pl\/blog\/"},{"@type":"ListItem","position":2,"name":"Polskie eleganckie ubrania dla 60-latki. Kiedy, jak nie teraz?"}]},{"@type":"WebSite","@id":"https:\/\/www.sklep.demarco.pl\/blog\/#website","url":"https:\/\/www.sklep.demarco.pl\/blog\/","name":"De Marco","description":"The finest women&#039;s clothing manufacturer","potentialAction":[{"@type":"SearchAction","target":{"@type":"EntryPoint","urlTemplate":"https:\/\/www.sklep.demarco.pl\/blog\/?s={search_term_string}"},"query-input":{"@type":"PropertyValueSpecification","valueRequired":true,"valueName":"search_term_string"}}],"inLanguage":"pl-PL"},{"@type":"Person","@id":"https:\/\/www.sklep.demarco.pl\/blog\/#\/schema\/person\/38456e8269588abfbbdda5bc04dad142","name":"de marco","image":{"@type":"ImageObject","inLanguage":"pl-PL","@id":"https:\/\/secure.gravatar.com\/avatar\/1d03f06a246921ea2531e9b59fe2dcd5a125b6b3339bedd531ae0d7e4bb25f99?s=96&d=mm&r=g","url":"https:\/\/secure.gravatar.com\/avatar\/1d03f06a246921ea2531e9b59fe2dcd5a125b6b3339bedd531ae0d7e4bb25f99?s=96&d=mm&r=g","contentUrl":"https:\/\/secure.gravatar.com\/avatar\/1d03f06a246921ea2531e9b59fe2dcd5a125b6b3339bedd531ae0d7e4bb25f99?s=96&d=mm&r=g","caption":"de marco"},"url":"https:\/\/www.sklep.demarco.pl\/blog\/author\/de-marco\/"}]}},"jetpack_sharing_enabled":true,"builder_content":"","jetpack_featured_media_url":"https:\/\/www.sklep.demarco.pl\/blog\/wp-content\/uploads\/2026\/09\/Elegancki_komplet_2.jpg","_links":{"self":[{"href":"https:\/\/www.sklep.demarco.pl\/blog\/wp-json\/wp\/v2\/posts\/20245","targetHints":{"allow":["GET"]}}],"collection":[{"href":"https:\/\/www.sklep.demarco.pl\/blog\/wp-json\/wp\/v2\/posts"}],"about":[{"href":"https:\/\/www.sklep.demarco.pl\/blog\/wp-json\/wp\/v2\/types\/post"}],"author":[{"embeddable":true,"href":"https:\/\/www.sklep.demarco.pl\/blog\/wp-json\/wp\/v2\/users\/1"}],"replies":[{"embeddable":true,"href":"https:\/\/www.sklep.demarco.pl\/blog\/wp-json\/wp\/v2\/comments?post=20245"}],"version-history":[{"count":3,"href":"https:\/\/www.sklep.demarco.pl\/blog\/wp-json\/wp\/v2\/posts\/20245\/revisions"}],"predecessor-version":[{"id":20252,"href":"https:\/\/www.sklep.demarco.pl\/blog\/wp-json\/wp\/v2\/posts\/20245\/revisions\/20252"}],"wp:featuredmedia":[{"embeddable":true,"href":"https:\/\/www.sklep.demarco.pl\/blog\/wp-json\/wp\/v2\/media\/20249"}],"wp:attachment":[{"href":"https:\/\/www.sklep.demarco.pl\/blog\/wp-json\/wp\/v2\/media?parent=20245"}],"wp:term":[{"taxonomy":"category","embeddable":true,"href":"https:\/\/www.sklep.demarco.pl\/blog\/wp-json\/wp\/v2\/categories?post=20245"},{"taxonomy":"post_tag","embeddable":true,"href":"https:\/\/www.sklep.demarco.pl\/blog\/wp-json\/wp\/v2\/tags?post=20245"}],"curies":[{"name":"wp","href":"https:\/\/api.w.org\/{rel}","templated":true}]}}