{"id":20224,"date":"2026-09-01T10:57:43","date_gmt":"2026-09-01T10:57:43","guid":{"rendered":"https:\/\/www.sklep.demarco.pl\/blog\/?p=20224"},"modified":"2026-09-01T12:13:52","modified_gmt":"2026-09-01T12:13:52","slug":"eleganckie-ubrania-damskie-na-targi-branzowe-jak-profesjonalnie-prezentowac-swoja-firme","status":"publish","type":"post","link":"https:\/\/www.sklep.demarco.pl\/blog\/eleganckie-ubrania-damskie-na-targi-branzowe-jak-profesjonalnie-prezentowac-swoja-firme\/","title":{"rendered":"Eleganckie ubrania damskie na targi bran\u017cowe \u2013 jak profesjonalnie prezentowa\u0107 swoj\u0105 firm\u0119?"},"content":{"rendered":"\n<div class=\"wp-block-media-text is-stacked-on-mobile\"><figure class=\"wp-block-media-text__media\"><a href=\"https:\/\/www.sklep.demarco.pl\/elegancki-komplet-zakiet-z-sukienka-alana\" target=\"_blank\" rel=\" noreferrer noopener\"><img loading=\"lazy\" decoding=\"async\" width=\"687\" height=\"1024\" src=\"https:\/\/www.sklep.demarco.pl\/blog\/wp-content\/uploads\/2026\/09\/garsonka_popielata_demarco_1-687x1024.jpg\" alt=\"Najpi\u0119kniejsze nowoczesne kostiumy damskie projektowane i szyte na miar\u0119 w De Marco\" class=\"wp-image-20226 size-full\" srcset=\"https:\/\/www.sklep.demarco.pl\/blog\/wp-content\/uploads\/2026\/09\/garsonka_popielata_demarco_1-687x1024.jpg 687w, https:\/\/www.sklep.demarco.pl\/blog\/wp-content\/uploads\/2026\/09\/garsonka_popielata_demarco_1-201x300.jpg 201w, https:\/\/www.sklep.demarco.pl\/blog\/wp-content\/uploads\/2026\/09\/garsonka_popielata_demarco_1-768x1145.jpg 768w, https:\/\/www.sklep.demarco.pl\/blog\/wp-content\/uploads\/2026\/09\/garsonka_popielata_demarco_1.jpg 848w\" sizes=\"auto, (max-width: 687px) 100vw, 687px\" \/><\/a><\/figure><div class=\"wp-block-media-text__content\">\n<p class=\"wp-block-paragraph\">Eleganckie ubrania damskie szyte w Polsce<\/p>\n\n\n\n<h2 class=\"wp-block-heading\">De Marco \u2013 projektowanie i szycie na miar\u0119<\/h2>\n\n\n\n<p class=\"wp-block-paragraph\">Szanowni Pa\u0144stwo,<\/p>\n\n\n\n<p class=\"wp-block-paragraph\">Targi bran\u017cowe nale\u017c\u0105 do najwa\u017cniejszych wydarze\u0144 w \u017cyciu ka\u017cdej firmy. To w\u0142a\u015bnie tam nawi\u0105zuj\u0105 si\u0119 nowe relacje biznesowe, rodz\u0105 si\u0119 warto\u015bciowe partnerstwa i zapadaj\u0105 decyzje o przysz\u0142ej wsp\u00f3\u0142pracy. Warto pami\u0119ta\u0107, \u017ce pierwsze wra\u017cenie powstaje w ci\u0105gu zaledwie kilku sekund \u2013 zanim padnie pierwsze zdanie, nasz wizerunek ju\u017c opowiada histori\u0119 o jako\u015bci marki, kt\u00f3r\u0105 reprezentujemy.<\/p>\n\n\n\n<p class=\"wp-block-paragraph\">Elegancka odzie\u017c damska nie jest wi\u0119c dodatkiem do sukcesu. Jest jego \u015bwiadomym narz\u0119dziem.<\/p>\n<\/div><\/div>\n\n\n\n<p class=\"wp-block-paragraph\">Czytaj r\u00f3wnie\u017c: <a href=\"https:\/\/www.sklep.demarco.pl\/blog\/eleganckie-taliowane-zakiety-i-marynarki-moda-dla-kobiet-noszacych-sie-z-klasa\/\">Eleganckie taliowane \u017cakiety i marynarki \u2013 moda dla kobiet nosz\u0105cych si\u0119 z klas\u0105<\/a><\/p>\n\n\n\n<div class=\"wp-block-media-text is-stacked-on-mobile\"><figure class=\"wp-block-media-text__media\"><a href=\"https:\/\/www.sklep.demarco.pl\/ekskluzywna-sukienka-alana\" target=\"_blank\" rel=\" noreferrer noopener\"><img loading=\"lazy\" decoding=\"async\" width=\"768\" height=\"1024\" src=\"https:\/\/www.sklep.demarco.pl\/blog\/wp-content\/uploads\/2026\/08\/signal-2023-06-11-130733_002-768x1024.jpeg\" alt=\"Elegancka granatowa sukienka z De Marco na targach bran\u017cowych Pani Klientka Opinie i zdj\u0119cia kientek\" class=\"wp-image-20159 size-full\" srcset=\"https:\/\/www.sklep.demarco.pl\/blog\/wp-content\/uploads\/2026\/08\/signal-2023-06-11-130733_002-768x1024.jpeg 768w, https:\/\/www.sklep.demarco.pl\/blog\/wp-content\/uploads\/2026\/08\/signal-2023-06-11-130733_002-225x300.jpeg 225w, https:\/\/www.sklep.demarco.pl\/blog\/wp-content\/uploads\/2026\/08\/signal-2023-06-11-130733_002.jpeg 1080w\" sizes=\"auto, (max-width: 768px) 100vw, 768px\" \/><\/a><\/figure><div class=\"wp-block-media-text__content\">\n<h2 class=\"wp-block-heading\">Wizerunek jest wizyt\u00f3wk\u0105 marki<\/h2>\n\n\n\n<p class=\"wp-block-paragraph\">Ka\u017cda przedsi\u0119biorczyni, mened\u017cerka czy specjalistka wyst\u0119puj\u0105ca na stoisku targowym staje si\u0119 ambasadork\u0105 swojej firmy. Klienci i kontrahenci pod\u015bwiadomie oceniaj\u0105 nie tylko produkty czy us\u0142ugi, ale r\u00f3wnie\u017c kultur\u0119 organizacji, estetyk\u0119 oraz profesjonalizm os\u00f3b j\u0105 reprezentuj\u0105cych.<\/p>\n\n\n\n<p class=\"wp-block-paragraph\">Oryginalna, elegancka stylizacja pozwala wyr\u00f3\u017cni\u0107 si\u0119 na tle setek podobnych stoisk. Nie poprzez krzykliwo\u015b\u0107, lecz poprzez klas\u0119, harmoni\u0119 i doskona\u0142\u0105 prezencj\u0119. To subtelny komunikat m\u00f3wi\u0105cy: dbamy o jako\u015b\u0107 w ka\u017cdym detalu.<\/p>\n<\/div><\/div>\n\n\n\n<p class=\"wp-block-paragraph\">Czytaj r\u00f3wnie\u017c: <a href=\"https:\/\/www.sklep.demarco.pl\/blog\/elegancki-plaszczyk-na-jesien-de-marco-piekne-plaszcze-projektowane-i-szyte-na-miare\/\">Elegancki p\u0142aszczyk na jesie\u0144 \u2013 De Marco. Pi\u0119kne p\u0142aszcze projektowane i szyte na miar\u0119<\/a><\/p>\n\n\n\n<div class=\"wp-block-media-text is-stacked-on-mobile\"><figure class=\"wp-block-media-text__media\"><a href=\"https:\/\/www.sklep.demarco.pl\/komplet-damski-lorina\" target=\"_blank\" rel=\" noreferrer noopener\"><img loading=\"lazy\" decoding=\"async\" width=\"1024\" height=\"768\" src=\"https:\/\/www.sklep.demarco.pl\/blog\/wp-content\/uploads\/2026\/08\/480920555_1199492635518338_786964742870275911_n-1024x768.jpg\" alt=\"Taliowania marynarka dla kobiety De Marco szycie na miar\u0119\" class=\"wp-image-20162 size-full\" srcset=\"https:\/\/www.sklep.demarco.pl\/blog\/wp-content\/uploads\/2026\/08\/480920555_1199492635518338_786964742870275911_n-1024x768.jpg 1024w, https:\/\/www.sklep.demarco.pl\/blog\/wp-content\/uploads\/2026\/08\/480920555_1199492635518338_786964742870275911_n-300x225.jpg 300w, https:\/\/www.sklep.demarco.pl\/blog\/wp-content\/uploads\/2026\/08\/480920555_1199492635518338_786964742870275911_n-768x576.jpg 768w, https:\/\/www.sklep.demarco.pl\/blog\/wp-content\/uploads\/2026\/08\/480920555_1199492635518338_786964742870275911_n-1536x1152.jpg 1536w, https:\/\/www.sklep.demarco.pl\/blog\/wp-content\/uploads\/2026\/08\/480920555_1199492635518338_786964742870275911_n.jpg 1600w\" sizes=\"auto, (max-width: 1024px) 100vw, 1024px\" \/><\/a><\/figure><div class=\"wp-block-media-text__content\">\n<h2 class=\"wp-block-heading\">Marynarka i garsonka \u2013 si\u0142a kobiecego autorytetu<\/h2>\n\n\n\n<p class=\"wp-block-paragraph\">Jednym z najbardziej reprezentacyjnych wybor\u00f3w na targi bran\u017cowe pozostaj\u0105 taliowane marynarki i eleganckie garsonki. Dobrze zaprojektowany \u017cakiet pi\u0119knie modeluje sylwetk\u0119, podkre\u015bla tali\u0119 i nadaje figurze dynamicznych proporcji, jednocze\u015bnie zachowuj\u0105c pe\u0142en komfort podczas wielogodzinnych spotka\u0144.<\/p>\n\n\n\n<p class=\"wp-block-paragraph\">Garsonka lub komplet z marynark\u0105 buduj\u0105 obraz kobiety zdecydowanej, kompetentnej i godnej zaufania. To w\u0142a\u015bnie takie stylizacje od lat towarzysz\u0105 kobietom pe\u0142ni\u0105cym funkcje reprezentacyjne w \u015bwiecie biznesu, dyplomacji i administracji.<\/p>\n<\/div><\/div>\n\n\n\n<p class=\"wp-block-paragraph\">Czytaj r\u00f3wnie\u017c: <a href=\"https:\/\/www.demarco.pl\/najmodniejsze-stylizacje-na-jesien-moda-dla-eleganckich-dojrzalych-kobiet\/\">Najmodniejsze stylizacje na jesie\u0144 \u2013 moda dla eleganckich dojrza\u0142ych kobiet<\/a><\/p>\n\n\n\n<div class=\"wp-block-media-text is-stacked-on-mobile\"><figure class=\"wp-block-media-text__media\"><a href=\"https:\/\/www.sklep.demarco.pl\/elegancka-sukienka-olena-ii\" target=\"_blank\" rel=\" noreferrer noopener\"><img loading=\"lazy\" decoding=\"async\" width=\"747\" height=\"1024\" src=\"https:\/\/www.sklep.demarco.pl\/blog\/wp-content\/uploads\/2026\/04\/Gemini_Generated_Image_kdjy4akdjy4akdjy-747x1024.png\" alt=\"Elegancka sukienka wizytowa na komuni\u0119 i do pracy De Marco polska luksusowa marka odzie\u017cowa - ekskluzywne ubrania damskie szyte na miar\u0119\" class=\"wp-image-19272 size-full\" srcset=\"https:\/\/www.sklep.demarco.pl\/blog\/wp-content\/uploads\/2026\/04\/Gemini_Generated_Image_kdjy4akdjy4akdjy-747x1024.png 747w, https:\/\/www.sklep.demarco.pl\/blog\/wp-content\/uploads\/2026\/04\/Gemini_Generated_Image_kdjy4akdjy4akdjy-219x300.png 219w, https:\/\/www.sklep.demarco.pl\/blog\/wp-content\/uploads\/2026\/04\/Gemini_Generated_Image_kdjy4akdjy4akdjy-768x1052.png 768w, https:\/\/www.sklep.demarco.pl\/blog\/wp-content\/uploads\/2026\/04\/Gemini_Generated_Image_kdjy4akdjy4akdjy.png 864w\" sizes=\"auto, (max-width: 747px) 100vw, 747px\" \/><\/a><\/figure><div class=\"wp-block-media-text__content\">\n<h2 class=\"wp-block-heading\">Sukienka biznesowa z charakterem<\/h2>\n\n\n\n<p class=\"wp-block-paragraph\">Nie ka\u017cda kobieta czuje si\u0119 najlepiej w garniturze. Doskona\u0142\u0105 alternatyw\u0105 pozostaje sukienka biznesowa, zaprojektowana z my\u015bl\u0105 o profesjonalnym \u015brodowisku pracy.<\/p>\n\n\n\n<p class=\"wp-block-paragraph\">Elegancki fason, odpowiednia d\u0142ugo\u015b\u0107, subtelnie zaznaczona talia oraz wysokogatunkowa tkanina sprawiaj\u0105, \u017ce stylizacja pozostaje kobieca, a jednocze\u015bnie niezwykle reprezentacyjna. To idealny wyb\u00f3r podczas prezentacji produkt\u00f3w, wyst\u0105pie\u0144 publicznych czy rozm\u00f3w z kluczowymi partnerami biznesowymi.<\/p>\n\n\n\n<p class=\"wp-block-paragraph\">Najwa\u017cniejsze jest, aby ubranie nie odwraca\u0142o uwagi od kompetencji, lecz je podkre\u015bla\u0142o.<\/p>\n<\/div><\/div>\n\n\n\n<p class=\"wp-block-paragraph\">Czytaj r\u00f3wnie\u017c: <a href=\"https:\/\/www.demarco.pl\/jak-stworzyc-idealna-stylizacje-na-impreze-w-stylu-retro-polskie-kreacje-okolicznosciowe-szyte-na-miare-w-atelier-de-marco\/\">Jak stworzy\u0107 idealn\u0105 stylizacj\u0119 na imprez\u0119 w stylu retro? Polskie kreacje okoliczno\u015bciowe szyte na miar\u0119 w Atelier De Marco<\/a><\/p>\n\n\n\n<div class=\"wp-block-media-text is-stacked-on-mobile\"><figure class=\"wp-block-media-text__media\"><a href=\"https:\/\/www.sklep.demarco.pl\/pl\/?s%5Battribute_1%5D%5B%5D=25&amp;s%5Bsearch_text%5D=\" target=\"_blank\" rel=\" noreferrer noopener\"><img loading=\"lazy\" decoding=\"async\" width=\"1024\" height=\"683\" src=\"https:\/\/www.sklep.demarco.pl\/blog\/wp-content\/uploads\/2026\/08\/460611297_1070003791800557_2622940455003254098_n-1024x683.jpg\" alt=\"Unikatowe garsonki dla przedsi\u0119biorczych kobiet. De Marco najlepsza polska marka z eleganck\u0105 odzie\u017c\u0105 damsk\u0105 do pracy \" class=\"wp-image-20165 size-full\" srcset=\"https:\/\/www.sklep.demarco.pl\/blog\/wp-content\/uploads\/2026\/08\/460611297_1070003791800557_2622940455003254098_n-1024x683.jpg 1024w, https:\/\/www.sklep.demarco.pl\/blog\/wp-content\/uploads\/2026\/08\/460611297_1070003791800557_2622940455003254098_n-300x200.jpg 300w, https:\/\/www.sklep.demarco.pl\/blog\/wp-content\/uploads\/2026\/08\/460611297_1070003791800557_2622940455003254098_n-768x512.jpg 768w, https:\/\/www.sklep.demarco.pl\/blog\/wp-content\/uploads\/2026\/08\/460611297_1070003791800557_2622940455003254098_n.jpg 1200w\" sizes=\"auto, (max-width: 1024px) 100vw, 1024px\" \/><\/a><\/figure><div class=\"wp-block-media-text__content\">\n<h2 class=\"wp-block-heading\">Pewno\u015b\u0107 siebie zaczyna si\u0119 od komfortu<\/h2>\n\n\n\n<p class=\"wp-block-paragraph\">Szanowni Pa\u0144stwo, trudno z pe\u0142nym przekonaniem opowiada\u0107 o w\u0142asnej marce, je\u015bli przez ca\u0142y dzie\u0144 poprawiamy \u017ale le\u017c\u0105c\u0105 marynark\u0119 lub czujemy dyskomfort w niedopasowanej sukience.<\/p>\n\n\n\n<p class=\"wp-block-paragraph\">Profesjonalnie uszyta odzie\u017c pozwala skupi\u0107 si\u0119 na tym, co naprawd\u0119 wa\u017cne \u2013 na rozmowie, negocjacjach i budowaniu relacji. Kiedy wiemy, \u017ce wygl\u0105damy elegancko i proporcjonalnie, naturalnie wzrasta nasza pewno\u015b\u0107 siebie, swoboda poruszania si\u0119 oraz si\u0142a przekazu.<\/p>\n\n\n\n<p class=\"wp-block-paragraph\">To w\u0142a\u015bnie dlatego szycie na miar\u0119 staje si\u0119 inwestycj\u0105 nie tylko w garderob\u0119, ale r\u00f3wnie\u017c w rozw\u00f3j w\u0142asnej firmy.<\/p>\n<\/div><\/div>\n\n\n\n<p class=\"wp-block-paragraph\">Czytaj r\u00f3wnie\u017c: <a href=\"https:\/\/www.demarco.pl\/jasne-kolory-w-nowoczesnym-biznesie-modna-marynarka-damska-de-marco-na-prezentacji-nowego-taboru-kolei-malopolskich\/\">Jasne kolory w nowoczesnym biznesie. Modna marynarka damska De Marco na prezentacji nowego taboru Kolei Ma\u0142opolskich<\/a><\/p>\n\n\n\n<div class=\"wp-block-media-text is-stacked-on-mobile\"><figure class=\"wp-block-media-text__media\"><a href=\"https:\/\/www.sklep.demarco.pl\" target=\"_blank\" rel=\" noreferrer noopener\"><img loading=\"lazy\" decoding=\"async\" width=\"682\" height=\"1024\" src=\"https:\/\/www.sklep.demarco.pl\/blog\/wp-content\/uploads\/2025\/12\/De_marco_najlepsza_pracownia_krawiecka_7-682x1024.jpg\" alt=\"Popularna polska projektantka ekskluzywnej odzie\u017cy damskiej W\u0142adys\u0142awa Fraczek w\u0142a\u015bcicielka marki De Marco\" class=\"wp-image-18901 size-full\" srcset=\"https:\/\/www.sklep.demarco.pl\/blog\/wp-content\/uploads\/2025\/12\/De_marco_najlepsza_pracownia_krawiecka_7-682x1024.jpg 682w, https:\/\/www.sklep.demarco.pl\/blog\/wp-content\/uploads\/2025\/12\/De_marco_najlepsza_pracownia_krawiecka_7-200x300.jpg 200w, https:\/\/www.sklep.demarco.pl\/blog\/wp-content\/uploads\/2025\/12\/De_marco_najlepsza_pracownia_krawiecka_7-768x1153.jpg 768w, https:\/\/www.sklep.demarco.pl\/blog\/wp-content\/uploads\/2025\/12\/De_marco_najlepsza_pracownia_krawiecka_7-1023x1536.jpg 1023w, https:\/\/www.sklep.demarco.pl\/blog\/wp-content\/uploads\/2025\/12\/De_marco_najlepsza_pracownia_krawiecka_7.jpg 1200w\" sizes=\"auto, (max-width: 682px) 100vw, 682px\" \/><\/a><\/figure><div class=\"wp-block-media-text__content\">\n<h2 class=\"wp-block-heading\">De Marco \u2013 <br>Eleganckie ubrania damskie szyte w Polsce<\/h2>\n\n\n\n<p class=\"wp-block-paragraph\">Od ponad dwudziestu lat Atelier De Marco projektuje i szyje na miar\u0119 ekskluzywn\u0105 odzie\u017c damsk\u0105 dla kobiet \u015bwiata biznesu, kultury, nauki i sztuki. Tworzymy unikatowe marynarki, garsonki, garnitury oraz sukienki biznesowe, kt\u00f3re harmonijnie \u0142\u0105cz\u0105 kobieco\u015b\u0107 z profesjonalnym wizerunkiem.<\/p>\n\n\n\n<p class=\"wp-block-paragraph\">Ka\u017cda kreacja powstaje indywidualnie \u2013 z uwzgl\u0119dnieniem sylwetki, charakteru pracy oraz wizerunku marki, kt\u00f3r\u0105 reprezentuje nasza Klientka. Dzi\u0119ki temu ubranie staje si\u0119 sp\u00f3jnym elementem osobistego brandingu i skutecznie wspiera budowanie zaufania podczas najwa\u017cniejszych wydarze\u0144 bran\u017cowych.<\/p>\n\n\n\n<p class=\"wp-block-paragraph\">Szanowni Pa\u0144stwo, serdecznie zapraszamy do zapoznania si\u0119 z kolekcj\u0105 eleganckiej odzie\u017cy damskiej De Marco. Wierzymy, \u017ce luksusowe krawiectwo miarowe jest najlepszym sposobem na podkre\u015blenie warto\u015bci w\u0142asnej marki oraz kobiecego profesjonalizmu.<\/p>\n<\/div><\/div>\n\n\n\n<p class=\"wp-block-paragraph\">Czytaj r\u00f3wnie\u017c: <a href=\"https:\/\/www.sklep.demarco.pl\/blog\/eleganckie-stylizacje-na-rozpoczecie-roku-szkolnego-i-akademickiego-garsonki-i-sukienki-ktore-maja-klase\/\">Eleganckie stylizacje na rozpocz\u0119cie roku szkolnego i akademickiego. Garsonki i sukienki, kt\u00f3re maj\u0105 klas\u0119<\/a><\/p>\n\n\n\n<figure class=\"wp-block-embed is-type-wp-embed is-provider-de-marco wp-block-embed-de-marco\"><div class=\"wp-block-embed__wrapper\">\n<blockquote class=\"wp-embedded-content\" data-secret=\"1dSbGYeIYS\"><a href=\"https:\/\/www.sklep.demarco.pl\/blog\/eleganckie-stylizacje-na-wesele-we-wrzesniu-de-marco-szycie-na-miare\/\">Eleganckie stylizacje na wesele we wrze\u015bniu \u2013 De Marco szycie na miar\u0119<\/a><\/blockquote><iframe loading=\"lazy\" class=\"wp-embedded-content\" sandbox=\"allow-scripts\" security=\"restricted\" style=\"position: absolute; visibility: hidden;\" title=\"\u201eEleganckie stylizacje na wesele we wrze\u015bniu \u2013 De Marco szycie na miar\u0119\u201d \u2014 De Marco\" src=\"https:\/\/www.sklep.demarco.pl\/blog\/eleganckie-stylizacje-na-wesele-we-wrzesniu-de-marco-szycie-na-miare\/embed\/#?secret=QCPgC6b8T3#?secret=1dSbGYeIYS\" data-secret=\"1dSbGYeIYS\" width=\"500\" height=\"282\" frameborder=\"0\" marginwidth=\"0\" marginheight=\"0\" scrolling=\"no\"><\/iframe>\n<\/div><\/figure>\n\n\n\n<hr class=\"wp-block-separator has-alpha-channel-opacity\"\/>\n\n\n\n<div class=\"wp-block-media-text is-stacked-on-mobile\"><figure class=\"wp-block-media-text__media\"><a href=\"https:\/\/www.sklep.demarco.pl\/blog\/wp-content\/uploads\/2026\/08\/AI-LABELS_3x2_AI_black-50.png\"><img loading=\"lazy\" decoding=\"async\" width=\"50\" height=\"33\" src=\"https:\/\/www.sklep.demarco.pl\/blog\/wp-content\/uploads\/2026\/08\/AI-LABELS_3x2_AI_black-50.png\" alt=\"Nota informacyjna Artyku\u0142 powsta\u0142 na podstawie autorskich tekst\u00f3w Atelier De Marco, tworzonych zgodnie z nasz\u0105 misj\u0105 edukacyjn\u0105 i informacyjn\u0105, a nast\u0119pnie zosta\u0142 zredagowany z wykorzystaniem technologii AI. Cz\u0119\u015b\u0107 zdj\u0119\u0107, przedstawia modelk\u0119 w naszych autorskich projektach, uszytych w atelier De Marco i zosta\u0142y one poddana kreatywnej obr\u00f3bce AI. Wszystkie materia\u0142y s\u0105 przez nas starannie redagowane i weryfikowane. Pozosta\u0142e zdj\u0119cia s\u0105 nades\u0142ane przez klientki lub wykonane w Salonie Mody De Marco. Serdecznie dzi\u0119kujemy naszym Klientkom za zaufanie i zgod\u0119 na wykorzystanie ich fotografii. \u017byczymy Pa\u0144stwu wielu dalszych sukces\u00f3w!\" class=\"wp-image-20056 size-full\"\/><\/a><\/figure><div class=\"wp-block-media-text__content\">\n<p class=\"wp-block-paragraph\">Nota informacyjna <\/p>\n\n\n\n<p class=\"wp-block-paragraph\">Artyku\u0142 powsta\u0142 na podstawie autorskich tekst\u00f3w Atelier De Marco, tworzonych zgodnie z nasz\u0105 misj\u0105 edukacyjn\u0105 i informacyjn\u0105, a nast\u0119pnie zosta\u0142 zredagowany z wykorzystaniem technologii AI.<\/p>\n\n\n\n<p class=\"wp-block-paragraph\"> Cz\u0119\u015b\u0107 zdj\u0119\u0107, przedstawia modelk\u0119 w naszych autorskich projektach, uszytych w atelier De Marco i zosta\u0142y one poddana kreatywnej obr\u00f3bce AI. Wszystkie materia\u0142y s\u0105 przez nas starannie redagowane i weryfikowane. Pozosta\u0142e zdj\u0119cia s\u0105 nades\u0142ane przez klientki lub wykonane w Salonie Mody De Marco. Serdecznie dzi\u0119kujemy naszym Klientkom za zaufanie i zgod\u0119 na wykorzystanie ich fotografii. \u017byczymy Pa\u0144stwu wielu dalszych sukces\u00f3w!<\/p>\n<\/div><\/div>\n\n\n<!-- wp:themify-builder\/canvas \/-->","protected":false},"excerpt":{"rendered":"<p>Eleganckie ubrania damskie szyte w Polsce De Marco \u2013 projektowanie i szycie na miar\u0119 Szanowni Pa\u0144stwo, Targi bran\u017cowe nale\u017c\u0105 do najwa\u017cniejszych wydarze\u0144 w \u017cyciu ka\u017cdej firmy. To w\u0142a\u015bnie tam nawi\u0105zuj\u0105 si\u0119 nowe relacje biznesowe, rodz\u0105 si\u0119 warto\u015bciowe partnerstwa i zapadaj\u0105 decyzje o przysz\u0142ej wsp\u00f3\u0142pracy. Warto pami\u0119ta\u0107, \u017ce pierwsze wra\u017cenie powstaje w ci\u0105gu zaledwie kilku sekund [&hellip;]<\/p>\n","protected":false},"author":1,"featured_media":20227,"comment_status":"closed","ping_status":"closed","sticky":false,"template":"","format":"standard","meta":{"_jetpack_newsletter_access":"","_jetpack_dont_email_post_to_subs":false,"_jetpack_newsletter_tier_id":0,"_jetpack_memberships_contains_paywalled_content":false,"_jetpack_memberships_contains_paid_content":false,"footnotes":"","_links_to":"","_links_to_target":""},"categories":[15],"tags":[469,135,3491,3804,3810,3806,3808,3339,256,3395,4446,4448,4310,354,4504,176,217,3782,4318,4171,3812,3772,3818,4566],"class_list":["post-20224","post","type-post","status-publish","format-standard","has-post-thumbnail","hentry","category-metamorfoza","tag-de-marco-ekskluzywna-marka","tag-de-marco-frydrychowice","tag-ekskluzywna-odziez-damska-polskich-producentow","tag-ekskluzywne-ubrania","tag-ekskluzywne-ubrania-butik","tag-ekskluzywne-ubrania-damskie","tag-ekskluzywne-ubrania-sklep","tag-elegancka-odziez-damska-sklep-internetowy","tag-eleganckie-ubrania","tag-eleganckie-ubrania-damskie-do-pracy","tag-eleganckie-ubrania-dla-30-latki","tag-eleganckie-ubrania-dla-40-latki","tag-eleganckie-ubranie-damskie","tag-jak-sie-ubrac-na-gale-rozdania-nagrod","tag-jak-sie-ubrac-na-komunie-dziecka-zdjecia","tag-sklep-de-marco","tag-sklep-internetowy","tag-ubran-inwestycyjnych","tag-ubrania-damskie-do-pracy","tag-ubrania-dla-polityczek","tag-ubrania-dobrej-jakosci","tag-ubrania-inwestycyjne","tag-ubrania-najlepszej-jakosci","tag-ubrania-z-jedwabiu-naturalnego"],"yoast_head":"<!-- This site is optimized with the Yoast SEO plugin v28.4 - https:\/\/yoast.com\/product\/yoast-seo-wordpress\/ -->\n<title>Eleganckie ubrania damskie na targi bran\u017cowe \u2013 jak profesjonalnie prezentowa\u0107 swoj\u0105 firm\u0119? - De Marco<\/title>\n<meta name=\"robots\" content=\"index, follow, max-snippet:-1, max-image-preview:large, max-video-preview:-1\" \/>\n<link rel=\"canonical\" href=\"https:\/\/www.sklep.demarco.pl\/blog\/eleganckie-ubrania-damskie-na-targi-branzowe-jak-profesjonalnie-prezentowac-swoja-firme\/\" \/>\n<meta property=\"og:locale\" content=\"pl_PL\" \/>\n<meta property=\"og:type\" content=\"article\" \/>\n<meta property=\"og:title\" content=\"Eleganckie ubrania damskie na targi bran\u017cowe \u2013 jak profesjonalnie prezentowa\u0107 swoj\u0105 firm\u0119? - De Marco\" \/>\n<meta property=\"og:description\" content=\"Eleganckie ubrania damskie szyte w Polsce De Marco \u2013 projektowanie i szycie na miar\u0119 Szanowni Pa\u0144stwo, Targi bran\u017cowe nale\u017c\u0105 do najwa\u017cniejszych wydarze\u0144 w \u017cyciu ka\u017cdej firmy. To w\u0142a\u015bnie tam nawi\u0105zuj\u0105 si\u0119 nowe relacje biznesowe, rodz\u0105 si\u0119 warto\u015bciowe partnerstwa i zapadaj\u0105 decyzje o przysz\u0142ej wsp\u00f3\u0142pracy. Warto pami\u0119ta\u0107, \u017ce pierwsze wra\u017cenie powstaje w ci\u0105gu zaledwie kilku sekund [&hellip;]\" \/>\n<meta property=\"og:url\" content=\"https:\/\/www.sklep.demarco.pl\/blog\/eleganckie-ubrania-damskie-na-targi-branzowe-jak-profesjonalnie-prezentowac-swoja-firme\/\" \/>\n<meta property=\"og:site_name\" content=\"De Marco\" \/>\n<meta property=\"article:publisher\" content=\"https:\/\/www.facebook.com\/DeMarco.Styl\" \/>\n<meta property=\"article:published_time\" content=\"2026-09-01T10:57:43+00:00\" \/>\n<meta property=\"article:modified_time\" content=\"2026-09-01T12:13:52+00:00\" \/>\n<meta property=\"og:image\" content=\"https:\/\/www.sklep.demarco.pl\/blog\/wp-content\/uploads\/2026\/09\/garsonka_popielata_demarco_2.jpg\" \/>\n\t<meta property=\"og:image:width\" content=\"1376\" \/>\n\t<meta property=\"og:image:height\" content=\"768\" \/>\n\t<meta property=\"og:image:type\" content=\"image\/jpeg\" \/>\n<meta name=\"author\" content=\"de marco\" \/>\n<meta name=\"twitter:label1\" content=\"Napisane przez\" \/>\n\t<meta name=\"twitter:data1\" content=\"de marco\" \/>\n\t<meta name=\"twitter:label2\" content=\"Szacowany czas czytania\" \/>\n\t<meta name=\"twitter:data2\" content=\"6 minut\" \/>\n<script type=\"application\/ld+json\" class=\"yoast-schema-graph\">{\"@context\":\"https:\\\/\\\/schema.org\",\"@graph\":[{\"@type\":\"Article\",\"@id\":\"https:\\\/\\\/www.sklep.demarco.pl\\\/blog\\\/eleganckie-ubrania-damskie-na-targi-branzowe-jak-profesjonalnie-prezentowac-swoja-firme\\\/#article\",\"isPartOf\":{\"@id\":\"https:\\\/\\\/www.sklep.demarco.pl\\\/blog\\\/eleganckie-ubrania-damskie-na-targi-branzowe-jak-profesjonalnie-prezentowac-swoja-firme\\\/\"},\"author\":{\"name\":\"de marco\",\"@id\":\"https:\\\/\\\/www.sklep.demarco.pl\\\/blog\\\/#\\\/schema\\\/person\\\/38456e8269588abfbbdda5bc04dad142\"},\"headline\":\"Eleganckie ubrania damskie na targi bran\u017cowe \u2013 jak profesjonalnie prezentowa\u0107 swoj\u0105 firm\u0119?\",\"datePublished\":\"2026-09-01T10:57:43+00:00\",\"dateModified\":\"2026-09-01T12:13:52+00:00\",\"mainEntityOfPage\":{\"@id\":\"https:\\\/\\\/www.sklep.demarco.pl\\\/blog\\\/eleganckie-ubrania-damskie-na-targi-branzowe-jak-profesjonalnie-prezentowac-swoja-firme\\\/\"},\"wordCount\":792,\"image\":{\"@id\":\"https:\\\/\\\/www.sklep.demarco.pl\\\/blog\\\/eleganckie-ubrania-damskie-na-targi-branzowe-jak-profesjonalnie-prezentowac-swoja-firme\\\/#primaryimage\"},\"thumbnailUrl\":\"https:\\\/\\\/www.sklep.demarco.pl\\\/blog\\\/wp-content\\\/uploads\\\/2026\\\/09\\\/garsonka_popielata_demarco_2.jpg\",\"keywords\":[\"De Marco ekskluzywna marka\",\"De Marco Frydrychowice\",\"Ekskluzywna odzie\u017c damska polskich producent\u00f3w\",\"ekskluzywne ubrania\",\"ekskluzywne ubrania butik\",\"ekskluzywne ubrania damskie\",\"ekskluzywne ubrania sklep\",\"Elegancka odzie\u017c damska sklep internetowy\",\"eleganckie ubrania\",\"eleganckie ubrania damskie do pracy\",\"eleganckie ubrania dla 30 latki\",\"eleganckie ubrania dla 40 latki\",\"Eleganckie ubranie damskie\",\"Jak si\u0119 ubra\u0107 na gal\u0119 rozdania nagr\u00f3d?\",\"Jak si\u0119 ubra\u0107 na komuni\u0119 dziecka zdj\u0119cia\",\"sklep De marco\",\"sklep internetowy\",\"ubra\u0144 inwestycyjnych\",\"ubrania damskie do pracy\",\"ubrania dla polityczek\",\"ubrania dobrej jako\u015bci\",\"Ubrania inwestycyjne\",\"ubrania najlepszej jako\u015bci\",\"ubrania z jedwabiu naturalnego\"],\"articleSection\":[\"METAMORFOZA\"],\"inLanguage\":\"pl-PL\"},{\"@type\":\"WebPage\",\"@id\":\"https:\\\/\\\/www.sklep.demarco.pl\\\/blog\\\/eleganckie-ubrania-damskie-na-targi-branzowe-jak-profesjonalnie-prezentowac-swoja-firme\\\/\",\"url\":\"https:\\\/\\\/www.sklep.demarco.pl\\\/blog\\\/eleganckie-ubrania-damskie-na-targi-branzowe-jak-profesjonalnie-prezentowac-swoja-firme\\\/\",\"name\":\"Eleganckie ubrania damskie na targi bran\u017cowe \u2013 jak profesjonalnie prezentowa\u0107 swoj\u0105 firm\u0119? - De Marco\",\"isPartOf\":{\"@id\":\"https:\\\/\\\/www.sklep.demarco.pl\\\/blog\\\/#website\"},\"primaryImageOfPage\":{\"@id\":\"https:\\\/\\\/www.sklep.demarco.pl\\\/blog\\\/eleganckie-ubrania-damskie-na-targi-branzowe-jak-profesjonalnie-prezentowac-swoja-firme\\\/#primaryimage\"},\"image\":{\"@id\":\"https:\\\/\\\/www.sklep.demarco.pl\\\/blog\\\/eleganckie-ubrania-damskie-na-targi-branzowe-jak-profesjonalnie-prezentowac-swoja-firme\\\/#primaryimage\"},\"thumbnailUrl\":\"https:\\\/\\\/www.sklep.demarco.pl\\\/blog\\\/wp-content\\\/uploads\\\/2026\\\/09\\\/garsonka_popielata_demarco_2.jpg\",\"datePublished\":\"2026-09-01T10:57:43+00:00\",\"dateModified\":\"2026-09-01T12:13:52+00:00\",\"author\":{\"@id\":\"https:\\\/\\\/www.sklep.demarco.pl\\\/blog\\\/#\\\/schema\\\/person\\\/38456e8269588abfbbdda5bc04dad142\"},\"breadcrumb\":{\"@id\":\"https:\\\/\\\/www.sklep.demarco.pl\\\/blog\\\/eleganckie-ubrania-damskie-na-targi-branzowe-jak-profesjonalnie-prezentowac-swoja-firme\\\/#breadcrumb\"},\"inLanguage\":\"pl-PL\",\"potentialAction\":[{\"@type\":\"ReadAction\",\"target\":[\"https:\\\/\\\/www.sklep.demarco.pl\\\/blog\\\/eleganckie-ubrania-damskie-na-targi-branzowe-jak-profesjonalnie-prezentowac-swoja-firme\\\/\"]}]},{\"@type\":\"ImageObject\",\"inLanguage\":\"pl-PL\",\"@id\":\"https:\\\/\\\/www.sklep.demarco.pl\\\/blog\\\/eleganckie-ubrania-damskie-na-targi-branzowe-jak-profesjonalnie-prezentowac-swoja-firme\\\/#primaryimage\",\"url\":\"https:\\\/\\\/www.sklep.demarco.pl\\\/blog\\\/wp-content\\\/uploads\\\/2026\\\/09\\\/garsonka_popielata_demarco_2.jpg\",\"contentUrl\":\"https:\\\/\\\/www.sklep.demarco.pl\\\/blog\\\/wp-content\\\/uploads\\\/2026\\\/09\\\/garsonka_popielata_demarco_2.jpg\",\"width\":1376,\"height\":768,\"caption\":\"Elegancki kostium damski projektowany i szyta na zam\u00f3wienie w De Marco\"},{\"@type\":\"BreadcrumbList\",\"@id\":\"https:\\\/\\\/www.sklep.demarco.pl\\\/blog\\\/eleganckie-ubrania-damskie-na-targi-branzowe-jak-profesjonalnie-prezentowac-swoja-firme\\\/#breadcrumb\",\"itemListElement\":[{\"@type\":\"ListItem\",\"position\":1,\"name\":\"Strona g\u0142\u00f3wna\",\"item\":\"https:\\\/\\\/www.sklep.demarco.pl\\\/blog\\\/\"},{\"@type\":\"ListItem\",\"position\":2,\"name\":\"Eleganckie ubrania damskie na targi bran\u017cowe \u2013 jak profesjonalnie prezentowa\u0107 swoj\u0105 firm\u0119?\"}]},{\"@type\":\"WebSite\",\"@id\":\"https:\\\/\\\/www.sklep.demarco.pl\\\/blog\\\/#website\",\"url\":\"https:\\\/\\\/www.sklep.demarco.pl\\\/blog\\\/\",\"name\":\"De Marco\",\"description\":\"The finest women&#039;s clothing manufacturer\",\"potentialAction\":[{\"@type\":\"SearchAction\",\"target\":{\"@type\":\"EntryPoint\",\"urlTemplate\":\"https:\\\/\\\/www.sklep.demarco.pl\\\/blog\\\/?s={search_term_string}\"},\"query-input\":{\"@type\":\"PropertyValueSpecification\",\"valueRequired\":true,\"valueName\":\"search_term_string\"}}],\"inLanguage\":\"pl-PL\"},{\"@type\":\"Person\",\"@id\":\"https:\\\/\\\/www.sklep.demarco.pl\\\/blog\\\/#\\\/schema\\\/person\\\/38456e8269588abfbbdda5bc04dad142\",\"name\":\"de marco\",\"image\":{\"@type\":\"ImageObject\",\"inLanguage\":\"pl-PL\",\"@id\":\"https:\\\/\\\/secure.gravatar.com\\\/avatar\\\/1d03f06a246921ea2531e9b59fe2dcd5a125b6b3339bedd531ae0d7e4bb25f99?s=96&d=mm&r=g\",\"url\":\"https:\\\/\\\/secure.gravatar.com\\\/avatar\\\/1d03f06a246921ea2531e9b59fe2dcd5a125b6b3339bedd531ae0d7e4bb25f99?s=96&d=mm&r=g\",\"contentUrl\":\"https:\\\/\\\/secure.gravatar.com\\\/avatar\\\/1d03f06a246921ea2531e9b59fe2dcd5a125b6b3339bedd531ae0d7e4bb25f99?s=96&d=mm&r=g\",\"caption\":\"de marco\"},\"url\":\"https:\\\/\\\/www.sklep.demarco.pl\\\/blog\\\/author\\\/de-marco\\\/\"}]}<\/script>\n<!-- \/ Yoast SEO plugin. -->","yoast_head_json":{"title":"Eleganckie ubrania damskie na targi bran\u017cowe \u2013 jak profesjonalnie prezentowa\u0107 swoj\u0105 firm\u0119? - De Marco","robots":{"index":"index","follow":"follow","max-snippet":"max-snippet:-1","max-image-preview":"max-image-preview:large","max-video-preview":"max-video-preview:-1"},"canonical":"https:\/\/www.sklep.demarco.pl\/blog\/eleganckie-ubrania-damskie-na-targi-branzowe-jak-profesjonalnie-prezentowac-swoja-firme\/","og_locale":"pl_PL","og_type":"article","og_title":"Eleganckie ubrania damskie na targi bran\u017cowe \u2013 jak profesjonalnie prezentowa\u0107 swoj\u0105 firm\u0119? - De Marco","og_description":"Eleganckie ubrania damskie szyte w Polsce De Marco \u2013 projektowanie i szycie na miar\u0119 Szanowni Pa\u0144stwo, Targi bran\u017cowe nale\u017c\u0105 do najwa\u017cniejszych wydarze\u0144 w \u017cyciu ka\u017cdej firmy. To w\u0142a\u015bnie tam nawi\u0105zuj\u0105 si\u0119 nowe relacje biznesowe, rodz\u0105 si\u0119 warto\u015bciowe partnerstwa i zapadaj\u0105 decyzje o przysz\u0142ej wsp\u00f3\u0142pracy. Warto pami\u0119ta\u0107, \u017ce pierwsze wra\u017cenie powstaje w ci\u0105gu zaledwie kilku sekund [&hellip;]","og_url":"https:\/\/www.sklep.demarco.pl\/blog\/eleganckie-ubrania-damskie-na-targi-branzowe-jak-profesjonalnie-prezentowac-swoja-firme\/","og_site_name":"De Marco","article_publisher":"https:\/\/www.facebook.com\/DeMarco.Styl","article_published_time":"2026-09-01T10:57:43+00:00","article_modified_time":"2026-09-01T12:13:52+00:00","og_image":[{"width":1376,"height":768,"url":"https:\/\/www.sklep.demarco.pl\/blog\/wp-content\/uploads\/2026\/09\/garsonka_popielata_demarco_2.jpg","type":"image\/jpeg"}],"author":"de marco","twitter_misc":{"Napisane przez":"de marco","Szacowany czas czytania":"6 minut"},"schema":{"@context":"https:\/\/schema.org","@graph":[{"@type":"Article","@id":"https:\/\/www.sklep.demarco.pl\/blog\/eleganckie-ubrania-damskie-na-targi-branzowe-jak-profesjonalnie-prezentowac-swoja-firme\/#article","isPartOf":{"@id":"https:\/\/www.sklep.demarco.pl\/blog\/eleganckie-ubrania-damskie-na-targi-branzowe-jak-profesjonalnie-prezentowac-swoja-firme\/"},"author":{"name":"de marco","@id":"https:\/\/www.sklep.demarco.pl\/blog\/#\/schema\/person\/38456e8269588abfbbdda5bc04dad142"},"headline":"Eleganckie ubrania damskie na targi bran\u017cowe \u2013 jak profesjonalnie prezentowa\u0107 swoj\u0105 firm\u0119?","datePublished":"2026-09-01T10:57:43+00:00","dateModified":"2026-09-01T12:13:52+00:00","mainEntityOfPage":{"@id":"https:\/\/www.sklep.demarco.pl\/blog\/eleganckie-ubrania-damskie-na-targi-branzowe-jak-profesjonalnie-prezentowac-swoja-firme\/"},"wordCount":792,"image":{"@id":"https:\/\/www.sklep.demarco.pl\/blog\/eleganckie-ubrania-damskie-na-targi-branzowe-jak-profesjonalnie-prezentowac-swoja-firme\/#primaryimage"},"thumbnailUrl":"https:\/\/www.sklep.demarco.pl\/blog\/wp-content\/uploads\/2026\/09\/garsonka_popielata_demarco_2.jpg","keywords":["De Marco ekskluzywna marka","De Marco Frydrychowice","Ekskluzywna odzie\u017c damska polskich producent\u00f3w","ekskluzywne ubrania","ekskluzywne ubrania butik","ekskluzywne ubrania damskie","ekskluzywne ubrania sklep","Elegancka odzie\u017c damska sklep internetowy","eleganckie ubrania","eleganckie ubrania damskie do pracy","eleganckie ubrania dla 30 latki","eleganckie ubrania dla 40 latki","Eleganckie ubranie damskie","Jak si\u0119 ubra\u0107 na gal\u0119 rozdania nagr\u00f3d?","Jak si\u0119 ubra\u0107 na komuni\u0119 dziecka zdj\u0119cia","sklep De marco","sklep internetowy","ubra\u0144 inwestycyjnych","ubrania damskie do pracy","ubrania dla polityczek","ubrania dobrej jako\u015bci","Ubrania inwestycyjne","ubrania najlepszej jako\u015bci","ubrania z jedwabiu naturalnego"],"articleSection":["METAMORFOZA"],"inLanguage":"pl-PL"},{"@type":"WebPage","@id":"https:\/\/www.sklep.demarco.pl\/blog\/eleganckie-ubrania-damskie-na-targi-branzowe-jak-profesjonalnie-prezentowac-swoja-firme\/","url":"https:\/\/www.sklep.demarco.pl\/blog\/eleganckie-ubrania-damskie-na-targi-branzowe-jak-profesjonalnie-prezentowac-swoja-firme\/","name":"Eleganckie ubrania damskie na targi bran\u017cowe \u2013 jak profesjonalnie prezentowa\u0107 swoj\u0105 firm\u0119? - De Marco","isPartOf":{"@id":"https:\/\/www.sklep.demarco.pl\/blog\/#website"},"primaryImageOfPage":{"@id":"https:\/\/www.sklep.demarco.pl\/blog\/eleganckie-ubrania-damskie-na-targi-branzowe-jak-profesjonalnie-prezentowac-swoja-firme\/#primaryimage"},"image":{"@id":"https:\/\/www.sklep.demarco.pl\/blog\/eleganckie-ubrania-damskie-na-targi-branzowe-jak-profesjonalnie-prezentowac-swoja-firme\/#primaryimage"},"thumbnailUrl":"https:\/\/www.sklep.demarco.pl\/blog\/wp-content\/uploads\/2026\/09\/garsonka_popielata_demarco_2.jpg","datePublished":"2026-09-01T10:57:43+00:00","dateModified":"2026-09-01T12:13:52+00:00","author":{"@id":"https:\/\/www.sklep.demarco.pl\/blog\/#\/schema\/person\/38456e8269588abfbbdda5bc04dad142"},"breadcrumb":{"@id":"https:\/\/www.sklep.demarco.pl\/blog\/eleganckie-ubrania-damskie-na-targi-branzowe-jak-profesjonalnie-prezentowac-swoja-firme\/#breadcrumb"},"inLanguage":"pl-PL","potentialAction":[{"@type":"ReadAction","target":["https:\/\/www.sklep.demarco.pl\/blog\/eleganckie-ubrania-damskie-na-targi-branzowe-jak-profesjonalnie-prezentowac-swoja-firme\/"]}]},{"@type":"ImageObject","inLanguage":"pl-PL","@id":"https:\/\/www.sklep.demarco.pl\/blog\/eleganckie-ubrania-damskie-na-targi-branzowe-jak-profesjonalnie-prezentowac-swoja-firme\/#primaryimage","url":"https:\/\/www.sklep.demarco.pl\/blog\/wp-content\/uploads\/2026\/09\/garsonka_popielata_demarco_2.jpg","contentUrl":"https:\/\/www.sklep.demarco.pl\/blog\/wp-content\/uploads\/2026\/09\/garsonka_popielata_demarco_2.jpg","width":1376,"height":768,"caption":"Elegancki kostium damski projektowany i szyta na zam\u00f3wienie w De Marco"},{"@type":"BreadcrumbList","@id":"https:\/\/www.sklep.demarco.pl\/blog\/eleganckie-ubrania-damskie-na-targi-branzowe-jak-profesjonalnie-prezentowac-swoja-firme\/#breadcrumb","itemListElement":[{"@type":"ListItem","position":1,"name":"Strona g\u0142\u00f3wna","item":"https:\/\/www.sklep.demarco.pl\/blog\/"},{"@type":"ListItem","position":2,"name":"Eleganckie ubrania damskie na targi bran\u017cowe \u2013 jak profesjonalnie prezentowa\u0107 swoj\u0105 firm\u0119?"}]},{"@type":"WebSite","@id":"https:\/\/www.sklep.demarco.pl\/blog\/#website","url":"https:\/\/www.sklep.demarco.pl\/blog\/","name":"De Marco","description":"The finest women&#039;s clothing manufacturer","potentialAction":[{"@type":"SearchAction","target":{"@type":"EntryPoint","urlTemplate":"https:\/\/www.sklep.demarco.pl\/blog\/?s={search_term_string}"},"query-input":{"@type":"PropertyValueSpecification","valueRequired":true,"valueName":"search_term_string"}}],"inLanguage":"pl-PL"},{"@type":"Person","@id":"https:\/\/www.sklep.demarco.pl\/blog\/#\/schema\/person\/38456e8269588abfbbdda5bc04dad142","name":"de marco","image":{"@type":"ImageObject","inLanguage":"pl-PL","@id":"https:\/\/secure.gravatar.com\/avatar\/1d03f06a246921ea2531e9b59fe2dcd5a125b6b3339bedd531ae0d7e4bb25f99?s=96&d=mm&r=g","url":"https:\/\/secure.gravatar.com\/avatar\/1d03f06a246921ea2531e9b59fe2dcd5a125b6b3339bedd531ae0d7e4bb25f99?s=96&d=mm&r=g","contentUrl":"https:\/\/secure.gravatar.com\/avatar\/1d03f06a246921ea2531e9b59fe2dcd5a125b6b3339bedd531ae0d7e4bb25f99?s=96&d=mm&r=g","caption":"de marco"},"url":"https:\/\/www.sklep.demarco.pl\/blog\/author\/de-marco\/"}]}},"jetpack_sharing_enabled":true,"builder_content":"","jetpack_featured_media_url":"https:\/\/www.sklep.demarco.pl\/blog\/wp-content\/uploads\/2026\/09\/garsonka_popielata_demarco_2.jpg","_links":{"self":[{"href":"https:\/\/www.sklep.demarco.pl\/blog\/wp-json\/wp\/v2\/posts\/20224","targetHints":{"allow":["GET"]}}],"collection":[{"href":"https:\/\/www.sklep.demarco.pl\/blog\/wp-json\/wp\/v2\/posts"}],"about":[{"href":"https:\/\/www.sklep.demarco.pl\/blog\/wp-json\/wp\/v2\/types\/post"}],"author":[{"embeddable":true,"href":"https:\/\/www.sklep.demarco.pl\/blog\/wp-json\/wp\/v2\/users\/1"}],"replies":[{"embeddable":true,"href":"https:\/\/www.sklep.demarco.pl\/blog\/wp-json\/wp\/v2\/comments?post=20224"}],"version-history":[{"count":10,"href":"https:\/\/www.sklep.demarco.pl\/blog\/wp-json\/wp\/v2\/posts\/20224\/revisions"}],"predecessor-version":[{"id":20242,"href":"https:\/\/www.sklep.demarco.pl\/blog\/wp-json\/wp\/v2\/posts\/20224\/revisions\/20242"}],"wp:featuredmedia":[{"embeddable":true,"href":"https:\/\/www.sklep.demarco.pl\/blog\/wp-json\/wp\/v2\/media\/20227"}],"wp:attachment":[{"href":"https:\/\/www.sklep.demarco.pl\/blog\/wp-json\/wp\/v2\/media?parent=20224"}],"wp:term":[{"taxonomy":"category","embeddable":true,"href":"https:\/\/www.sklep.demarco.pl\/blog\/wp-json\/wp\/v2\/categories?post=20224"},{"taxonomy":"post_tag","embeddable":true,"href":"https:\/\/www.sklep.demarco.pl\/blog\/wp-json\/wp\/v2\/tags?post=20224"}],"curies":[{"name":"wp","href":"https:\/\/api.w.org\/{rel}","templated":true}]}}