{"id":20213,"date":"2026-08-30T19:15:25","date_gmt":"2026-08-30T19:15:25","guid":{"rendered":"https:\/\/www.sklep.demarco.pl\/blog\/?p=20213"},"modified":"2026-08-30T19:15:29","modified_gmt":"2026-08-30T19:15:29","slug":"elegancka-sukienka-wizytowa-na-jesien-de-marco-luksusowa-polska-marka-szyjaca-na-miare","status":"publish","type":"post","link":"https:\/\/www.sklep.demarco.pl\/blog\/elegancka-sukienka-wizytowa-na-jesien-de-marco-luksusowa-polska-marka-szyjaca-na-miare\/","title":{"rendered":"Elegancka sukienka wizytowa na jesie\u0144 \u2013 De Marco. Luksusowa polska marka szyj\u0105ca na miar\u0119"},"content":{"rendered":"\n<div class=\"wp-block-media-text is-stacked-on-mobile\"><figure class=\"wp-block-media-text__media\"><a href=\"https:\/\/www.sklep.demarco.pl\/sukienka-wizytowa-nila\" target=\"_blank\" rel=\" noreferrer noopener\"><img loading=\"lazy\" decoding=\"async\" width=\"1024\" height=\"1024\" src=\"https:\/\/www.sklep.demarco.pl\/blog\/wp-content\/uploads\/2026\/08\/jesienna_sukienka_1.jpg\" alt=\"Jesienna elegancka sukienka dla 60 latki De Marco kiedy jak nie teraz? Eleganckie polskie ubrania damskie  \" class=\"wp-image-20214 size-full\" srcset=\"https:\/\/www.sklep.demarco.pl\/blog\/wp-content\/uploads\/2026\/08\/jesienna_sukienka_1.jpg 1024w, https:\/\/www.sklep.demarco.pl\/blog\/wp-content\/uploads\/2026\/08\/jesienna_sukienka_1-300x300.jpg 300w, https:\/\/www.sklep.demarco.pl\/blog\/wp-content\/uploads\/2026\/08\/jesienna_sukienka_1-150x150.jpg 150w, https:\/\/www.sklep.demarco.pl\/blog\/wp-content\/uploads\/2026\/08\/jesienna_sukienka_1-768x768.jpg 768w\" sizes=\"auto, (max-width: 1024px) 100vw, 1024px\" \/><\/a><\/figure><div class=\"wp-block-media-text__content\">\n<p class=\"wp-block-paragraph\">Szanowni Pa\u0144stwo,<\/p>\n\n\n\n<p class=\"wp-block-paragraph\">Jesie\u0144 to wyj\u0105tkowa pora roku, w kt\u00f3rej elegancja nabiera szczeg\u00f3lnego znaczenia. Szlachetne kolory, mi\u0119kkie \u015bwiat\u0142o i bogactwo luksusowych tkanin tworz\u0105 idealne t\u0142o dla stylizacji pe\u0142nych klasy i wyrafinowania. To w\u0142a\u015bnie wtedy najcz\u0119\u015bciej uczestniczymy w weselach, jubileuszach, koncertach, inauguracjach oraz uroczysto\u015bciach rodzinnych i zawodowych, kt\u00f3re wymagaj\u0105 odpowiedniej oprawy.<\/p>\n\n\n\n<p class=\"wp-block-paragraph\">W De Marco wierzymy, \u017ce elegancka sukienka wizytowa powinna by\u0107 czym\u015b wi\u0119cej ni\u017c modnym ubraniem. Powinna podkre\u015bla\u0107 osobowo\u015b\u0107, modelowa\u0107 sylwetk\u0119 i sprawia\u0107, \u017ce kobieta czuje si\u0119 pi\u0119knie oraz pewnie w ka\u017cdej wyj\u0105tkowej chwili.<\/p>\n<\/div><\/div>\n\n\n\n<p class=\"wp-block-paragraph\">Czytaj r\u00f3wnie\u017c: <a href=\"https:\/\/www.demarco.pl\/jesienne-stylizacje-z-plaszczem-i-bezrekawnikiem-trendy-jesien-zima-2026-2027\/\">Jesienne stylizacje z p\u0142aszczem i bezr\u0119kawnikiem. Trendy jesie\u0144\u2013zima 2026\/2027<\/a><\/p>\n\n\n\n<div class=\"wp-block-media-text is-stacked-on-mobile\"><figure class=\"wp-block-media-text__media\"><a href=\"https:\/\/www.sklep.demarco.pl\/sukienka-na-wesele-rea-ii\" target=\"_blank\" rel=\" noreferrer noopener\"><img loading=\"lazy\" decoding=\"async\" width=\"682\" height=\"1024\" src=\"https:\/\/www.sklep.demarco.pl\/blog\/wp-content\/uploads\/2026\/08\/Mama-wesela-5-682x1024.png\" alt=\"Najpi\u0119kniejsza sukienka dla mamy wesela De Marco szycie na miar\u0119\" class=\"wp-image-19992 size-full\" srcset=\"https:\/\/www.sklep.demarco.pl\/blog\/wp-content\/uploads\/2026\/08\/Mama-wesela-5-682x1024.png 682w, https:\/\/www.sklep.demarco.pl\/blog\/wp-content\/uploads\/2026\/08\/Mama-wesela-5-200x300.png 200w, https:\/\/www.sklep.demarco.pl\/blog\/wp-content\/uploads\/2026\/08\/Mama-wesela-5-768x1153.png 768w, https:\/\/www.sklep.demarco.pl\/blog\/wp-content\/uploads\/2026\/08\/Mama-wesela-5.png 842w\" sizes=\"auto, (max-width: 682px) 100vw, 682px\" \/><\/a><\/figure><div class=\"wp-block-media-text__content\">\n<h2 class=\"wp-block-heading\">Jesienna elegancja inspirowana ponadczasowym stylem<\/h2>\n\n\n\n<p class=\"wp-block-paragraph\">Moda wizytowa rz\u0105dzi si\u0119 w\u0142asnymi prawami. Nie pod\u0105\u017ca \u015blepo za sezonowymi trendami, lecz czerpie z klasyki, doskona\u0142ych proporcji i kunsztu krawieckiego. Dlatego najpi\u0119kniejsze jesienne sukienki wyr\u00f3\u017cniaj\u0105 si\u0119 subteln\u0105 form\u0105, perfekcyjnym krojem oraz wysok\u0105 jako\u015bci\u0105 wykonania.<\/p>\n\n\n\n<p class=\"wp-block-paragraph\">To kreacje stworzone dla kobiet, kt\u00f3re ceni\u0105 kultur\u0119 ubioru i \u015bwiadomie buduj\u0105 sw\u00f3j wizerunek \u2013 zar\u00f3wno podczas rodzinnych uroczysto\u015bci, jak i wydarze\u0144 o charakterze reprezentacyjnym.<\/p>\n<\/div><\/div>\n\n\n\n<p class=\"wp-block-paragraph\">Czytaj r\u00f3wnie\u017c: <a href=\"https:\/\/www.demarco.pl\/profesjonalne-stylizacje-na-konferencje-i-sympozja-szyty-na-miare-czerwony-komplet-ze-spodniami-astrid-od-de-marco\/\">Profesjonalne stylizacje na konferencje i sympozja. Szyty na miar\u0119 czerwony komplet ze spodniami Astrid od De Marco<\/a><\/p>\n\n\n\n<div class=\"wp-block-media-text is-stacked-on-mobile\"><figure class=\"wp-block-media-text__media\"><a href=\"https:\/\/www.sklep.demarco.pl\/wizytowa-czerwona-sukienka-minerwa-ii\" target=\"_blank\" rel=\" noreferrer noopener\"><img loading=\"lazy\" decoding=\"async\" width=\"851\" height=\"747\" src=\"https:\/\/www.sklep.demarco.pl\/blog\/wp-content\/uploads\/2025\/11\/modne-sukienki-pierwszej-damsy.jpg\" alt=\"Najpi\u0119kniejsze sukienki Pierwszej Damy szyte na miar\u0119 w De Marco. Czerwona sukienka 7\/8 na szczycie Nato\" class=\"wp-image-18776 size-full\" srcset=\"https:\/\/www.sklep.demarco.pl\/blog\/wp-content\/uploads\/2025\/11\/modne-sukienki-pierwszej-damsy.jpg 851w, https:\/\/www.sklep.demarco.pl\/blog\/wp-content\/uploads\/2025\/11\/modne-sukienki-pierwszej-damsy-300x263.jpg 300w, https:\/\/www.sklep.demarco.pl\/blog\/wp-content\/uploads\/2025\/11\/modne-sukienki-pierwszej-damsy-768x674.jpg 768w\" sizes=\"auto, (max-width: 851px) 100vw, 851px\" \/><\/a><\/figure><div class=\"wp-block-media-text__content\">\n<h2 class=\"wp-block-heading\">Sukienka szyta na miar\u0119 \u2013 pi\u0119kno dopasowane do sylwetki<\/h2>\n\n\n\n<p class=\"wp-block-paragraph\">Szanowni Pa\u0144stwo, nie istnieje jeden fason idealny dla wszystkich kobiet. Ka\u017cda sylwetka posiada w\u0142asne proporcje, atuty i indywidualny charakter. W\u0142a\u015bnie dlatego szycie miarowe pozwala osi\u0105gn\u0105\u0107 efekt niemo\u017cliwy do uzyskania w produkcji seryjnej.<\/p>\n\n\n\n<p class=\"wp-block-paragraph\">Odpowiednio zaprojektowana sukienka potrafi:<\/p>\n\n\n\n<ul class=\"wp-block-list\">\n<li>optycznie wysmukli\u0107 sylwetk\u0119,<\/li>\n\n\n\n<li>pi\u0119knie podkre\u015bli\u0107 tali\u0119,<\/li>\n\n\n\n<li>zr\u00f3wnowa\u017cy\u0107 proporcje ramion i bioder,<\/li>\n\n\n\n<li>wyd\u0142u\u017cy\u0107 lini\u0119 n\u00f3g,<\/li>\n\n\n\n<li>zapewni\u0107 komfort podczas wielogodzinnych uroczysto\u015bci.<\/li>\n<\/ul>\n\n\n\n<p class=\"wp-block-paragraph\">To w\u0142a\u015bnie precyzja konstrukcji decyduje o prawdziwej elegancji.<\/p>\n<\/div><\/div>\n\n\n\n<p class=\"wp-block-paragraph\">Czytaj r\u00f3wnie\u017c: <a href=\"https:\/\/www.sklep.demarco.pl\/blog\/eleganckie-wyszczuplajace-zakiety-i-marynarki-doskonale-na-jesien\/\">Eleganckie wyszczuplaj\u0105ce \u017cakiety i marynarki doskona\u0142e na jesie\u0144<\/a><\/p>\n\n\n\n<div class=\"wp-block-media-text is-stacked-on-mobile\"><figure class=\"wp-block-media-text__media\"><a href=\"https:\/\/www.sklep.demarco.pl\/ekskluzywna-sukienka-alana\" target=\"_blank\" rel=\" noreferrer noopener\"><img loading=\"lazy\" decoding=\"async\" width=\"768\" height=\"1024\" src=\"https:\/\/www.sklep.demarco.pl\/blog\/wp-content\/uploads\/2026\/08\/signal-2023-06-11-130733_002-768x1024.jpeg\" alt=\"Elegancka granatowa sukienka z De Marco na targach bran\u017cowych Pani Klientka Opinie i zdj\u0119cia kientek\n\" class=\"wp-image-20159 size-full\" srcset=\"https:\/\/www.sklep.demarco.pl\/blog\/wp-content\/uploads\/2026\/08\/signal-2023-06-11-130733_002-768x1024.jpeg 768w, https:\/\/www.sklep.demarco.pl\/blog\/wp-content\/uploads\/2026\/08\/signal-2023-06-11-130733_002-225x300.jpeg 225w, https:\/\/www.sklep.demarco.pl\/blog\/wp-content\/uploads\/2026\/08\/signal-2023-06-11-130733_002.jpeg 1080w\" sizes=\"auto, (max-width: 768px) 100vw, 768px\" \/><\/a><\/figure><div class=\"wp-block-media-text__content\">\n<h2 class=\"wp-block-heading\">Szlachetne tkaniny i jesienne kolory<\/h2>\n\n\n\n<p class=\"wp-block-paragraph\">Jesie\u0144 zachwyca g\u0142\u0119bi\u0105 barw, dlatego w luksusowych kolekcjach szczeg\u00f3lnie pi\u0119knie prezentuj\u0105 si\u0119 odcienie granatu, butelkowej zieleni, burgundu, \u015bliwki, czekoladowego br\u0105zu oraz szampa\u0144skiego be\u017cu. W po\u0142\u0105czeniu z wysokogatunkow\u0105 krep\u0105, jedwabiem, \u017cakardem czy subtelnymi haftami tworz\u0105 kreacje niezwykle wyrafinowane.<\/p>\n\n\n\n<p class=\"wp-block-paragraph\">Najwa\u017cniejsze jest jednak, aby kolor zosta\u0142 dobrany do typu urody. Dobrze wybrana tonacja roz\u015bwietla cer\u0119, podkre\u015bla kolor oczu i sprawia, \u017ce ca\u0142a stylizacja wygl\u0105da \u015bwie\u017co oraz harmonijnie.<\/p>\n<\/div><\/div>\n\n\n\n<p class=\"wp-block-paragraph\">Czytaj r\u00f3wnie\u017c: <a href=\"https:\/\/www.sklep.demarco.pl\/blog\/elegancki-plaszczyk-na-jesien-de-marco-piekne-plaszcze-projektowane-i-szyte-na-miare\/\">Elegancki p\u0142aszczyk na jesie\u0144 \u2013 De Marco. Pi\u0119kne p\u0142aszcze projektowane i szyte na miar\u0119<\/a><\/p>\n\n\n\n<div class=\"wp-block-media-text is-stacked-on-mobile\"><figure class=\"wp-block-media-text__media\"><a href=\"https:\/\/www.sklep.demarco.pl\/ekskluzywna-sukienka-patricia\" target=\"_blank\" rel=\" noreferrer noopener\"><img loading=\"lazy\" decoding=\"async\" width=\"490\" height=\"1024\" src=\"https:\/\/www.sklep.demarco.pl\/blog\/wp-content\/uploads\/2026\/08\/Elegancka_kobieta_de_marco_1-490x1024.jpg\" alt=\"Najpi\u0119kniejsze sukienki dla dojrza\u0142ych kobiet De Marco\" class=\"wp-image-20051 size-full\" srcset=\"https:\/\/www.sklep.demarco.pl\/blog\/wp-content\/uploads\/2026\/08\/Elegancka_kobieta_de_marco_1-490x1024.jpg 490w, https:\/\/www.sklep.demarco.pl\/blog\/wp-content\/uploads\/2026\/08\/Elegancka_kobieta_de_marco_1-143x300.jpg 143w, https:\/\/www.sklep.demarco.pl\/blog\/wp-content\/uploads\/2026\/08\/Elegancka_kobieta_de_marco_1.jpg 704w\" sizes=\"auto, (max-width: 490px) 100vw, 490px\" \/><\/a><\/figure><div class=\"wp-block-media-text__content\">\n<h2 class=\"wp-block-heading\">Luksusowa polska marka De Marco<\/h2>\n\n\n\n<p class=\"wp-block-paragraph\">Od ponad dwudziestu lat Atelier De Marco projektuje i szyje na miar\u0119 ekskluzywn\u0105 odzie\u017c damsk\u0105 dla kobiet \u015bwiata kultury, biznesu, nauki oraz \u017cycia publicznego. Ka\u017cda kreacja powstaje indywidualnie \u2013 od projektu, przez dob\u00f3r tkanin, a\u017c po perfekcyjne wykonanie zgodnie z tradycj\u0105 polskiego krawiectwa miarowego.<\/p>\n\n\n\n<p class=\"wp-block-paragraph\">Nasze sukienki wizytowe powstaj\u0105 z my\u015bl\u0105 o kobietach, kt\u00f3re pragn\u0105 wygl\u0105da\u0107 elegancko nie tylko przez jeden sezon, lecz przez wiele lat. To ponadczasowe projekty tworzone z szacunkiem dla kobiecej sylwetki i najwy\u017cszej jako\u015bci rzemios\u0142a.<\/p>\n<\/div><\/div>\n\n\n\n<p class=\"wp-block-paragraph\">Czytaj r\u00f3wnie\u017c: <a href=\"https:\/\/www.demarco.pl\/najmodniejsze-stylizacje-na-jesien-moda-dla-eleganckich-dojrzalych-kobiet\/\">Najmodniejsze stylizacje na jesie\u0144 \u2013 moda dla eleganckich dojrza\u0142ych kobiet<\/a><\/p>\n\n\n\n<div class=\"wp-block-media-text is-stacked-on-mobile\"><figure class=\"wp-block-media-text__media\"><a href=\"https:\/\/www.sklep.demarco.pl\/elegancka-wizytowa-sukienka-minerwa-iii\" target=\"_blank\" rel=\" noreferrer noopener\"><img loading=\"lazy\" decoding=\"async\" width=\"715\" height=\"1024\" src=\"https:\/\/www.sklep.demarco.pl\/blog\/wp-content\/uploads\/2026\/08\/signal-2024-11-04-123154_002-715x1024.jpeg\" alt=\"Jak ubra\u0107 si\u0119 na 20 lecie stowarzyszenia? elegancka wizytowa sukienka w zielonym kolorze \" class=\"wp-image-20219 size-full\" srcset=\"https:\/\/www.sklep.demarco.pl\/blog\/wp-content\/uploads\/2026\/08\/signal-2024-11-04-123154_002-715x1024.jpeg 715w, https:\/\/www.sklep.demarco.pl\/blog\/wp-content\/uploads\/2026\/08\/signal-2024-11-04-123154_002-210x300.jpeg 210w, https:\/\/www.sklep.demarco.pl\/blog\/wp-content\/uploads\/2026\/08\/signal-2024-11-04-123154_002.jpeg 763w\" sizes=\"auto, (max-width: 715px) 100vw, 715px\" \/><\/a><\/figure><div class=\"wp-block-media-text__content\">\n<h2 class=\"wp-block-heading\">Jesie\u0144 z klas\u0105<\/h2>\n\n\n\n<p class=\"wp-block-paragraph\">Szanowni Pa\u0144stwo, elegancka sukienka wizytowa jest inwestycj\u0105 w pi\u0119kny wizerunek, dobre samopoczucie i ponadczasowy styl. To kreacja, kt\u00f3ra pozwala z dum\u0105 uczestniczy\u0107 w najwa\u017cniejszych wydarzeniach \u017cycia, podkre\u015blaj\u0105c kobieco\u015b\u0107 bez przesady i z prawdziw\u0105 klas\u0105.<\/p>\n\n\n\n<p class=\"wp-block-paragraph\">Serdecznie zapraszamy do zapoznania si\u0119 z kolekcj\u0105 luksusowych sukienek wizytowych De Marco, projektowanych i szytych na miar\u0119 w Polsce. W naszym portfolio znajd\u0105 Pa\u0144stwo unikatowe kreacje stworzone z my\u015bl\u0105 o kobietach, dla kt\u00f3rych elegancja jest naturalnym sposobem wyra\u017cania siebie.<\/p>\n<\/div><\/div>\n\n\n\n<p class=\"wp-block-paragraph\">Czytaj r\u00f3wnie\u017c: <a href=\"https:\/\/www.sklep.demarco.pl\/blog\/eleganckie-taliowane-zakiety-i-marynarki-moda-dla-kobiet-noszacych-sie-z-klasa\/\">Eleganckie taliowane \u017cakiety i marynarki \u2013 moda dla kobiet nosz\u0105cych si\u0119 z klas\u0105<\/a><\/p>\n\n\n\n<hr class=\"wp-block-separator has-alpha-channel-opacity\"\/>\n\n\n\n<div class=\"wp-block-media-text is-stacked-on-mobile\"><figure class=\"wp-block-media-text__media\"><a href=\"https:\/\/www.sklep.demarco.pl\/blog\/wp-content\/uploads\/2026\/08\/AI-LABELS_3x2_AI_black-50.png\"><img loading=\"lazy\" decoding=\"async\" width=\"50\" height=\"33\" src=\"https:\/\/www.sklep.demarco.pl\/blog\/wp-content\/uploads\/2026\/08\/AI-LABELS_3x2_AI_black-50.png\" alt=\"Nota informacyjna Artyku\u0142 powsta\u0142 na podstawie autorskich tekst\u00f3w Atelier De Marco, tworzonych zgodnie z nasz\u0105 misj\u0105 edukacyjn\u0105 i informacyjn\u0105, a nast\u0119pnie zosta\u0142 zredagowany z wykorzystaniem technologii AI. Cz\u0119\u015b\u0107 zdj\u0119\u0107, przedstawia modelk\u0119 w naszych autorskich projektach, uszytych w atelier De Marco i zosta\u0142y one poddana kreatywnej obr\u00f3bce AI. Wszystkie materia\u0142y s\u0105 przez nas starannie redagowane i weryfikowane. Pozosta\u0142e zdj\u0119cia s\u0105 nades\u0142ane przez klientki lub wykonane w Salonie Mody De Marco. Serdecznie dzi\u0119kujemy naszym Klientkom za zaufanie i zgod\u0119 na wykorzystanie ich fotografii. \u017byczymy Pa\u0144stwu wielu dalszych sukces\u00f3w!\" class=\"wp-image-20056 size-full\"\/><\/a><\/figure><div class=\"wp-block-media-text__content\">\n<p class=\"wp-block-paragraph\">Nota informacyjna <\/p>\n\n\n\n<p class=\"wp-block-paragraph\">Artyku\u0142 powsta\u0142 na podstawie autorskich tekst\u00f3w Atelier De Marco, tworzonych zgodnie z nasz\u0105 misj\u0105 edukacyjn\u0105 i informacyjn\u0105, a nast\u0119pnie zosta\u0142 zredagowany z wykorzystaniem technologii AI. Cz\u0119\u015b\u0107 zdj\u0119\u0107, przedstawia modelk\u0119 w naszych autorskich projektach, uszytych w atelier De Marco i zosta\u0142y one poddana kreatywnej obr\u00f3bce AI. <\/p>\n\n\n\n<p class=\"wp-block-paragraph\">Wszystkie materia\u0142y s\u0105 przez nas starannie redagowane i weryfikowane. Pozosta\u0142e zdj\u0119cia s\u0105 nades\u0142ane przez klientki lub wykonane w Salonie Mody De Marco. Serdecznie dzi\u0119kujemy naszym Klientkom za zaufanie i zgod\u0119 na wykorzystanie ich fotografii. \u017byczymy Pa\u0144stwu wielu dalszych sukces\u00f3w!<\/p>\n<\/div><\/div>\n\n\n\n<p class=\"wp-block-paragraph\"><\/p>\n\n\n\n<p class=\"wp-block-paragraph\"><\/p>\n\n\n<!-- wp:themify-builder\/canvas \/-->","protected":false},"excerpt":{"rendered":"<p>Szanowni Pa\u0144stwo, Jesie\u0144 to wyj\u0105tkowa pora roku, w kt\u00f3rej elegancja nabiera szczeg\u00f3lnego znaczenia. Szlachetne kolory, mi\u0119kkie \u015bwiat\u0142o i bogactwo luksusowych tkanin tworz\u0105 idealne t\u0142o dla stylizacji pe\u0142nych klasy i wyrafinowania. To w\u0142a\u015bnie wtedy najcz\u0119\u015bciej uczestniczymy w weselach, jubileuszach, koncertach, inauguracjach oraz uroczysto\u015bciach rodzinnych i zawodowych, kt\u00f3re wymagaj\u0105 odpowiedniej oprawy. W De Marco wierzymy, \u017ce elegancka [&hellip;]<\/p>\n","protected":false},"author":1,"featured_media":20215,"comment_status":"closed","ping_status":"closed","sticky":false,"template":"","format":"standard","meta":{"_jetpack_newsletter_access":"","_jetpack_dont_email_post_to_subs":false,"_jetpack_newsletter_tier_id":0,"_jetpack_memberships_contains_paywalled_content":false,"_jetpack_memberships_contains_paid_content":false,"footnotes":"","_links_to":"","_links_to_target":""},"categories":[15],"tags":[82,469,169,171,3491,4374,3339,4438,4392,194,478,176,217,87,338],"class_list":["post-20213","post","type-post","status-publish","format-standard","has-post-thumbnail","hentry","category-metamorfoza","tag-de-marco","tag-de-marco-ekskluzywna-marka","tag-de-marco-kolekcja","tag-ekskluzywna-odziez-damska","tag-ekskluzywna-odziez-damska-polskich-producentow","tag-ekskluzywne-sukienki-wizytowe","tag-elegancka-odziez-damska-sklep-internetowy","tag-elegancka-sukienka-wizytowa","tag-eleganckie-sukienki-wizytowe","tag-garsonka-wizytowa","tag-markowa-odziez-damska","tag-sklep-de-marco","tag-sklep-internetowy","tag-wizyta-wyjatkowych-gosci","tag-wizytowa-sukienka"],"yoast_head":"<!-- This site is optimized with the Yoast SEO plugin v28.3 - https:\/\/yoast.com\/product\/yoast-seo-wordpress\/ -->\n<title>Elegancka sukienka wizytowa na jesie\u0144 \u2013 De Marco. Luksusowa polska marka szyj\u0105ca na miar\u0119 - De Marco<\/title>\n<meta name=\"robots\" content=\"index, follow, max-snippet:-1, max-image-preview:large, max-video-preview:-1\" \/>\n<link rel=\"canonical\" href=\"https:\/\/www.sklep.demarco.pl\/blog\/elegancka-sukienka-wizytowa-na-jesien-de-marco-luksusowa-polska-marka-szyjaca-na-miare\/\" \/>\n<meta property=\"og:locale\" content=\"pl_PL\" \/>\n<meta property=\"og:type\" content=\"article\" \/>\n<meta property=\"og:title\" content=\"Elegancka sukienka wizytowa na jesie\u0144 \u2013 De Marco. Luksusowa polska marka szyj\u0105ca na miar\u0119 - De Marco\" \/>\n<meta property=\"og:description\" content=\"Szanowni Pa\u0144stwo, Jesie\u0144 to wyj\u0105tkowa pora roku, w kt\u00f3rej elegancja nabiera szczeg\u00f3lnego znaczenia. Szlachetne kolory, mi\u0119kkie \u015bwiat\u0142o i bogactwo luksusowych tkanin tworz\u0105 idealne t\u0142o dla stylizacji pe\u0142nych klasy i wyrafinowania. To w\u0142a\u015bnie wtedy najcz\u0119\u015bciej uczestniczymy w weselach, jubileuszach, koncertach, inauguracjach oraz uroczysto\u015bciach rodzinnych i zawodowych, kt\u00f3re wymagaj\u0105 odpowiedniej oprawy. W De Marco wierzymy, \u017ce elegancka [&hellip;]\" \/>\n<meta property=\"og:url\" content=\"https:\/\/www.sklep.demarco.pl\/blog\/elegancka-sukienka-wizytowa-na-jesien-de-marco-luksusowa-polska-marka-szyjaca-na-miare\/\" \/>\n<meta property=\"og:site_name\" content=\"De Marco\" \/>\n<meta property=\"article:publisher\" content=\"https:\/\/www.facebook.com\/DeMarco.Styl\" \/>\n<meta property=\"article:published_time\" content=\"2026-08-30T19:15:25+00:00\" \/>\n<meta property=\"article:modified_time\" content=\"2026-08-30T19:15:29+00:00\" \/>\n<meta property=\"og:image\" content=\"https:\/\/www.sklep.demarco.pl\/blog\/wp-content\/uploads\/2026\/08\/jesienna_sukienka_2.jpg\" \/>\n\t<meta property=\"og:image:width\" content=\"762\" \/>\n\t<meta property=\"og:image:height\" content=\"641\" \/>\n\t<meta property=\"og:image:type\" content=\"image\/jpeg\" \/>\n<meta name=\"author\" content=\"de marco\" \/>\n<meta name=\"twitter:label1\" content=\"Napisane przez\" \/>\n\t<meta name=\"twitter:data1\" content=\"de marco\" \/>\n\t<meta name=\"twitter:label2\" content=\"Szacowany czas czytania\" \/>\n\t<meta name=\"twitter:data2\" content=\"6 minut\" \/>\n<script type=\"application\/ld+json\" class=\"yoast-schema-graph\">{\"@context\":\"https:\\\/\\\/schema.org\",\"@graph\":[{\"@type\":\"Article\",\"@id\":\"https:\\\/\\\/www.sklep.demarco.pl\\\/blog\\\/elegancka-sukienka-wizytowa-na-jesien-de-marco-luksusowa-polska-marka-szyjaca-na-miare\\\/#article\",\"isPartOf\":{\"@id\":\"https:\\\/\\\/www.sklep.demarco.pl\\\/blog\\\/elegancka-sukienka-wizytowa-na-jesien-de-marco-luksusowa-polska-marka-szyjaca-na-miare\\\/\"},\"author\":{\"name\":\"de marco\",\"@id\":\"https:\\\/\\\/www.sklep.demarco.pl\\\/blog\\\/#\\\/schema\\\/person\\\/38456e8269588abfbbdda5bc04dad142\"},\"headline\":\"Elegancka sukienka wizytowa na jesie\u0144 \u2013 De Marco. Luksusowa polska marka szyj\u0105ca na miar\u0119\",\"datePublished\":\"2026-08-30T19:15:25+00:00\",\"dateModified\":\"2026-08-30T19:15:29+00:00\",\"mainEntityOfPage\":{\"@id\":\"https:\\\/\\\/www.sklep.demarco.pl\\\/blog\\\/elegancka-sukienka-wizytowa-na-jesien-de-marco-luksusowa-polska-marka-szyjaca-na-miare\\\/\"},\"wordCount\":728,\"image\":{\"@id\":\"https:\\\/\\\/www.sklep.demarco.pl\\\/blog\\\/elegancka-sukienka-wizytowa-na-jesien-de-marco-luksusowa-polska-marka-szyjaca-na-miare\\\/#primaryimage\"},\"thumbnailUrl\":\"https:\\\/\\\/www.sklep.demarco.pl\\\/blog\\\/wp-content\\\/uploads\\\/2026\\\/08\\\/jesienna_sukienka_2.jpg\",\"keywords\":[\"De Marco\",\"De Marco ekskluzywna marka\",\"de marco-kolekcja\",\"Ekskluzywna odzie\u017c damska\",\"Ekskluzywna odzie\u017c damska polskich producent\u00f3w\",\"Ekskluzywne sukienki wizytowe\",\"Elegancka odzie\u017c damska sklep internetowy\",\"elegancka sukienka wizytowa\",\"Eleganckie sukienki wizytowe\",\"garsonka wizytowa\",\"markowa odzie\u017c damska\",\"sklep De marco\",\"sklep internetowy\",\"wizyta wyj\u0105tkowych go\u015bci\",\"wizytowa sukienka\"],\"articleSection\":[\"METAMORFOZA\"],\"inLanguage\":\"pl-PL\"},{\"@type\":\"WebPage\",\"@id\":\"https:\\\/\\\/www.sklep.demarco.pl\\\/blog\\\/elegancka-sukienka-wizytowa-na-jesien-de-marco-luksusowa-polska-marka-szyjaca-na-miare\\\/\",\"url\":\"https:\\\/\\\/www.sklep.demarco.pl\\\/blog\\\/elegancka-sukienka-wizytowa-na-jesien-de-marco-luksusowa-polska-marka-szyjaca-na-miare\\\/\",\"name\":\"Elegancka sukienka wizytowa na jesie\u0144 \u2013 De Marco. Luksusowa polska marka szyj\u0105ca na miar\u0119 - De Marco\",\"isPartOf\":{\"@id\":\"https:\\\/\\\/www.sklep.demarco.pl\\\/blog\\\/#website\"},\"primaryImageOfPage\":{\"@id\":\"https:\\\/\\\/www.sklep.demarco.pl\\\/blog\\\/elegancka-sukienka-wizytowa-na-jesien-de-marco-luksusowa-polska-marka-szyjaca-na-miare\\\/#primaryimage\"},\"image\":{\"@id\":\"https:\\\/\\\/www.sklep.demarco.pl\\\/blog\\\/elegancka-sukienka-wizytowa-na-jesien-de-marco-luksusowa-polska-marka-szyjaca-na-miare\\\/#primaryimage\"},\"thumbnailUrl\":\"https:\\\/\\\/www.sklep.demarco.pl\\\/blog\\\/wp-content\\\/uploads\\\/2026\\\/08\\\/jesienna_sukienka_2.jpg\",\"datePublished\":\"2026-08-30T19:15:25+00:00\",\"dateModified\":\"2026-08-30T19:15:29+00:00\",\"author\":{\"@id\":\"https:\\\/\\\/www.sklep.demarco.pl\\\/blog\\\/#\\\/schema\\\/person\\\/38456e8269588abfbbdda5bc04dad142\"},\"breadcrumb\":{\"@id\":\"https:\\\/\\\/www.sklep.demarco.pl\\\/blog\\\/elegancka-sukienka-wizytowa-na-jesien-de-marco-luksusowa-polska-marka-szyjaca-na-miare\\\/#breadcrumb\"},\"inLanguage\":\"pl-PL\",\"potentialAction\":[{\"@type\":\"ReadAction\",\"target\":[\"https:\\\/\\\/www.sklep.demarco.pl\\\/blog\\\/elegancka-sukienka-wizytowa-na-jesien-de-marco-luksusowa-polska-marka-szyjaca-na-miare\\\/\"]}]},{\"@type\":\"ImageObject\",\"inLanguage\":\"pl-PL\",\"@id\":\"https:\\\/\\\/www.sklep.demarco.pl\\\/blog\\\/elegancka-sukienka-wizytowa-na-jesien-de-marco-luksusowa-polska-marka-szyjaca-na-miare\\\/#primaryimage\",\"url\":\"https:\\\/\\\/www.sklep.demarco.pl\\\/blog\\\/wp-content\\\/uploads\\\/2026\\\/08\\\/jesienna_sukienka_2.jpg\",\"contentUrl\":\"https:\\\/\\\/www.sklep.demarco.pl\\\/blog\\\/wp-content\\\/uploads\\\/2026\\\/08\\\/jesienna_sukienka_2.jpg\",\"width\":762,\"height\":641,\"caption\":\"Luksusowe sukienki De Marco szyte na zam\u00f3wienie u polskiej projektantki ekskluzywnej odzie\u017cy damskiej\"},{\"@type\":\"BreadcrumbList\",\"@id\":\"https:\\\/\\\/www.sklep.demarco.pl\\\/blog\\\/elegancka-sukienka-wizytowa-na-jesien-de-marco-luksusowa-polska-marka-szyjaca-na-miare\\\/#breadcrumb\",\"itemListElement\":[{\"@type\":\"ListItem\",\"position\":1,\"name\":\"Strona g\u0142\u00f3wna\",\"item\":\"https:\\\/\\\/www.sklep.demarco.pl\\\/blog\\\/\"},{\"@type\":\"ListItem\",\"position\":2,\"name\":\"Elegancka sukienka wizytowa na jesie\u0144 \u2013 De Marco. Luksusowa polska marka szyj\u0105ca na miar\u0119\"}]},{\"@type\":\"WebSite\",\"@id\":\"https:\\\/\\\/www.sklep.demarco.pl\\\/blog\\\/#website\",\"url\":\"https:\\\/\\\/www.sklep.demarco.pl\\\/blog\\\/\",\"name\":\"De Marco\",\"description\":\"The finest women&#039;s clothing manufacturer\",\"potentialAction\":[{\"@type\":\"SearchAction\",\"target\":{\"@type\":\"EntryPoint\",\"urlTemplate\":\"https:\\\/\\\/www.sklep.demarco.pl\\\/blog\\\/?s={search_term_string}\"},\"query-input\":{\"@type\":\"PropertyValueSpecification\",\"valueRequired\":true,\"valueName\":\"search_term_string\"}}],\"inLanguage\":\"pl-PL\"},{\"@type\":\"Person\",\"@id\":\"https:\\\/\\\/www.sklep.demarco.pl\\\/blog\\\/#\\\/schema\\\/person\\\/38456e8269588abfbbdda5bc04dad142\",\"name\":\"de marco\",\"image\":{\"@type\":\"ImageObject\",\"inLanguage\":\"pl-PL\",\"@id\":\"https:\\\/\\\/secure.gravatar.com\\\/avatar\\\/1d03f06a246921ea2531e9b59fe2dcd5a125b6b3339bedd531ae0d7e4bb25f99?s=96&d=mm&r=g\",\"url\":\"https:\\\/\\\/secure.gravatar.com\\\/avatar\\\/1d03f06a246921ea2531e9b59fe2dcd5a125b6b3339bedd531ae0d7e4bb25f99?s=96&d=mm&r=g\",\"contentUrl\":\"https:\\\/\\\/secure.gravatar.com\\\/avatar\\\/1d03f06a246921ea2531e9b59fe2dcd5a125b6b3339bedd531ae0d7e4bb25f99?s=96&d=mm&r=g\",\"caption\":\"de marco\"},\"url\":\"https:\\\/\\\/www.sklep.demarco.pl\\\/blog\\\/author\\\/de-marco\\\/\"}]}<\/script>\n<!-- \/ Yoast SEO plugin. -->","yoast_head_json":{"title":"Elegancka sukienka wizytowa na jesie\u0144 \u2013 De Marco. Luksusowa polska marka szyj\u0105ca na miar\u0119 - De Marco","robots":{"index":"index","follow":"follow","max-snippet":"max-snippet:-1","max-image-preview":"max-image-preview:large","max-video-preview":"max-video-preview:-1"},"canonical":"https:\/\/www.sklep.demarco.pl\/blog\/elegancka-sukienka-wizytowa-na-jesien-de-marco-luksusowa-polska-marka-szyjaca-na-miare\/","og_locale":"pl_PL","og_type":"article","og_title":"Elegancka sukienka wizytowa na jesie\u0144 \u2013 De Marco. Luksusowa polska marka szyj\u0105ca na miar\u0119 - De Marco","og_description":"Szanowni Pa\u0144stwo, Jesie\u0144 to wyj\u0105tkowa pora roku, w kt\u00f3rej elegancja nabiera szczeg\u00f3lnego znaczenia. Szlachetne kolory, mi\u0119kkie \u015bwiat\u0142o i bogactwo luksusowych tkanin tworz\u0105 idealne t\u0142o dla stylizacji pe\u0142nych klasy i wyrafinowania. To w\u0142a\u015bnie wtedy najcz\u0119\u015bciej uczestniczymy w weselach, jubileuszach, koncertach, inauguracjach oraz uroczysto\u015bciach rodzinnych i zawodowych, kt\u00f3re wymagaj\u0105 odpowiedniej oprawy. W De Marco wierzymy, \u017ce elegancka [&hellip;]","og_url":"https:\/\/www.sklep.demarco.pl\/blog\/elegancka-sukienka-wizytowa-na-jesien-de-marco-luksusowa-polska-marka-szyjaca-na-miare\/","og_site_name":"De Marco","article_publisher":"https:\/\/www.facebook.com\/DeMarco.Styl","article_published_time":"2026-08-30T19:15:25+00:00","article_modified_time":"2026-08-30T19:15:29+00:00","og_image":[{"width":762,"height":641,"url":"https:\/\/www.sklep.demarco.pl\/blog\/wp-content\/uploads\/2026\/08\/jesienna_sukienka_2.jpg","type":"image\/jpeg"}],"author":"de marco","twitter_misc":{"Napisane przez":"de marco","Szacowany czas czytania":"6 minut"},"schema":{"@context":"https:\/\/schema.org","@graph":[{"@type":"Article","@id":"https:\/\/www.sklep.demarco.pl\/blog\/elegancka-sukienka-wizytowa-na-jesien-de-marco-luksusowa-polska-marka-szyjaca-na-miare\/#article","isPartOf":{"@id":"https:\/\/www.sklep.demarco.pl\/blog\/elegancka-sukienka-wizytowa-na-jesien-de-marco-luksusowa-polska-marka-szyjaca-na-miare\/"},"author":{"name":"de marco","@id":"https:\/\/www.sklep.demarco.pl\/blog\/#\/schema\/person\/38456e8269588abfbbdda5bc04dad142"},"headline":"Elegancka sukienka wizytowa na jesie\u0144 \u2013 De Marco. Luksusowa polska marka szyj\u0105ca na miar\u0119","datePublished":"2026-08-30T19:15:25+00:00","dateModified":"2026-08-30T19:15:29+00:00","mainEntityOfPage":{"@id":"https:\/\/www.sklep.demarco.pl\/blog\/elegancka-sukienka-wizytowa-na-jesien-de-marco-luksusowa-polska-marka-szyjaca-na-miare\/"},"wordCount":728,"image":{"@id":"https:\/\/www.sklep.demarco.pl\/blog\/elegancka-sukienka-wizytowa-na-jesien-de-marco-luksusowa-polska-marka-szyjaca-na-miare\/#primaryimage"},"thumbnailUrl":"https:\/\/www.sklep.demarco.pl\/blog\/wp-content\/uploads\/2026\/08\/jesienna_sukienka_2.jpg","keywords":["De Marco","De Marco ekskluzywna marka","de marco-kolekcja","Ekskluzywna odzie\u017c damska","Ekskluzywna odzie\u017c damska polskich producent\u00f3w","Ekskluzywne sukienki wizytowe","Elegancka odzie\u017c damska sklep internetowy","elegancka sukienka wizytowa","Eleganckie sukienki wizytowe","garsonka wizytowa","markowa odzie\u017c damska","sklep De marco","sklep internetowy","wizyta wyj\u0105tkowych go\u015bci","wizytowa sukienka"],"articleSection":["METAMORFOZA"],"inLanguage":"pl-PL"},{"@type":"WebPage","@id":"https:\/\/www.sklep.demarco.pl\/blog\/elegancka-sukienka-wizytowa-na-jesien-de-marco-luksusowa-polska-marka-szyjaca-na-miare\/","url":"https:\/\/www.sklep.demarco.pl\/blog\/elegancka-sukienka-wizytowa-na-jesien-de-marco-luksusowa-polska-marka-szyjaca-na-miare\/","name":"Elegancka sukienka wizytowa na jesie\u0144 \u2013 De Marco. Luksusowa polska marka szyj\u0105ca na miar\u0119 - De Marco","isPartOf":{"@id":"https:\/\/www.sklep.demarco.pl\/blog\/#website"},"primaryImageOfPage":{"@id":"https:\/\/www.sklep.demarco.pl\/blog\/elegancka-sukienka-wizytowa-na-jesien-de-marco-luksusowa-polska-marka-szyjaca-na-miare\/#primaryimage"},"image":{"@id":"https:\/\/www.sklep.demarco.pl\/blog\/elegancka-sukienka-wizytowa-na-jesien-de-marco-luksusowa-polska-marka-szyjaca-na-miare\/#primaryimage"},"thumbnailUrl":"https:\/\/www.sklep.demarco.pl\/blog\/wp-content\/uploads\/2026\/08\/jesienna_sukienka_2.jpg","datePublished":"2026-08-30T19:15:25+00:00","dateModified":"2026-08-30T19:15:29+00:00","author":{"@id":"https:\/\/www.sklep.demarco.pl\/blog\/#\/schema\/person\/38456e8269588abfbbdda5bc04dad142"},"breadcrumb":{"@id":"https:\/\/www.sklep.demarco.pl\/blog\/elegancka-sukienka-wizytowa-na-jesien-de-marco-luksusowa-polska-marka-szyjaca-na-miare\/#breadcrumb"},"inLanguage":"pl-PL","potentialAction":[{"@type":"ReadAction","target":["https:\/\/www.sklep.demarco.pl\/blog\/elegancka-sukienka-wizytowa-na-jesien-de-marco-luksusowa-polska-marka-szyjaca-na-miare\/"]}]},{"@type":"ImageObject","inLanguage":"pl-PL","@id":"https:\/\/www.sklep.demarco.pl\/blog\/elegancka-sukienka-wizytowa-na-jesien-de-marco-luksusowa-polska-marka-szyjaca-na-miare\/#primaryimage","url":"https:\/\/www.sklep.demarco.pl\/blog\/wp-content\/uploads\/2026\/08\/jesienna_sukienka_2.jpg","contentUrl":"https:\/\/www.sklep.demarco.pl\/blog\/wp-content\/uploads\/2026\/08\/jesienna_sukienka_2.jpg","width":762,"height":641,"caption":"Luksusowe sukienki De Marco szyte na zam\u00f3wienie u polskiej projektantki ekskluzywnej odzie\u017cy damskiej"},{"@type":"BreadcrumbList","@id":"https:\/\/www.sklep.demarco.pl\/blog\/elegancka-sukienka-wizytowa-na-jesien-de-marco-luksusowa-polska-marka-szyjaca-na-miare\/#breadcrumb","itemListElement":[{"@type":"ListItem","position":1,"name":"Strona g\u0142\u00f3wna","item":"https:\/\/www.sklep.demarco.pl\/blog\/"},{"@type":"ListItem","position":2,"name":"Elegancka sukienka wizytowa na jesie\u0144 \u2013 De Marco. Luksusowa polska marka szyj\u0105ca na miar\u0119"}]},{"@type":"WebSite","@id":"https:\/\/www.sklep.demarco.pl\/blog\/#website","url":"https:\/\/www.sklep.demarco.pl\/blog\/","name":"De Marco","description":"The finest women&#039;s clothing manufacturer","potentialAction":[{"@type":"SearchAction","target":{"@type":"EntryPoint","urlTemplate":"https:\/\/www.sklep.demarco.pl\/blog\/?s={search_term_string}"},"query-input":{"@type":"PropertyValueSpecification","valueRequired":true,"valueName":"search_term_string"}}],"inLanguage":"pl-PL"},{"@type":"Person","@id":"https:\/\/www.sklep.demarco.pl\/blog\/#\/schema\/person\/38456e8269588abfbbdda5bc04dad142","name":"de marco","image":{"@type":"ImageObject","inLanguage":"pl-PL","@id":"https:\/\/secure.gravatar.com\/avatar\/1d03f06a246921ea2531e9b59fe2dcd5a125b6b3339bedd531ae0d7e4bb25f99?s=96&d=mm&r=g","url":"https:\/\/secure.gravatar.com\/avatar\/1d03f06a246921ea2531e9b59fe2dcd5a125b6b3339bedd531ae0d7e4bb25f99?s=96&d=mm&r=g","contentUrl":"https:\/\/secure.gravatar.com\/avatar\/1d03f06a246921ea2531e9b59fe2dcd5a125b6b3339bedd531ae0d7e4bb25f99?s=96&d=mm&r=g","caption":"de marco"},"url":"https:\/\/www.sklep.demarco.pl\/blog\/author\/de-marco\/"}]}},"jetpack_sharing_enabled":true,"builder_content":"","jetpack_featured_media_url":"https:\/\/www.sklep.demarco.pl\/blog\/wp-content\/uploads\/2026\/08\/jesienna_sukienka_2.jpg","_links":{"self":[{"href":"https:\/\/www.sklep.demarco.pl\/blog\/wp-json\/wp\/v2\/posts\/20213","targetHints":{"allow":["GET"]}}],"collection":[{"href":"https:\/\/www.sklep.demarco.pl\/blog\/wp-json\/wp\/v2\/posts"}],"about":[{"href":"https:\/\/www.sklep.demarco.pl\/blog\/wp-json\/wp\/v2\/types\/post"}],"author":[{"embeddable":true,"href":"https:\/\/www.sklep.demarco.pl\/blog\/wp-json\/wp\/v2\/users\/1"}],"replies":[{"embeddable":true,"href":"https:\/\/www.sklep.demarco.pl\/blog\/wp-json\/wp\/v2\/comments?post=20213"}],"version-history":[{"count":1,"href":"https:\/\/www.sklep.demarco.pl\/blog\/wp-json\/wp\/v2\/posts\/20213\/revisions"}],"predecessor-version":[{"id":20223,"href":"https:\/\/www.sklep.demarco.pl\/blog\/wp-json\/wp\/v2\/posts\/20213\/revisions\/20223"}],"wp:featuredmedia":[{"embeddable":true,"href":"https:\/\/www.sklep.demarco.pl\/blog\/wp-json\/wp\/v2\/media\/20215"}],"wp:attachment":[{"href":"https:\/\/www.sklep.demarco.pl\/blog\/wp-json\/wp\/v2\/media?parent=20213"}],"wp:term":[{"taxonomy":"category","embeddable":true,"href":"https:\/\/www.sklep.demarco.pl\/blog\/wp-json\/wp\/v2\/categories?post=20213"},{"taxonomy":"post_tag","embeddable":true,"href":"https:\/\/www.sklep.demarco.pl\/blog\/wp-json\/wp\/v2\/tags?post=20213"}],"curies":[{"name":"wp","href":"https:\/\/api.w.org\/{rel}","templated":true}]}}