{"id":20196,"date":"2026-09-01T12:05:32","date_gmt":"2026-09-01T12:05:32","guid":{"rendered":"https:\/\/www.sklep.demarco.pl\/blog\/?p=20196"},"modified":"2026-09-01T16:40:03","modified_gmt":"2026-09-01T16:40:03","slug":"najmodniejsze-stylizacje-na-jesien-dla-eleganckiej-kobiety-luksusowa-moda-z-charakterem","status":"publish","type":"post","link":"https:\/\/www.sklep.demarco.pl\/blog\/najmodniejsze-stylizacje-na-jesien-dla-eleganckiej-kobiety-luksusowa-moda-z-charakterem\/","title":{"rendered":"Najmodniejsze stylizacje na jesie\u0144 dla eleganckiej kobiety \u2013 luksusowa moda z charakterem"},"content":{"rendered":"\n<div class=\"wp-block-media-text is-stacked-on-mobile\"><figure class=\"wp-block-media-text__media\"><a href=\"https:\/\/www.sklep.demarco.pl\/ekskluzywne-garnitury-damskie-aurora-ii\" target=\"_blank\" rel=\" noreferrer noopener\"><img loading=\"lazy\" decoding=\"async\" width=\"1024\" height=\"769\" src=\"https:\/\/www.sklep.demarco.pl\/blog\/wp-content\/uploads\/2024\/05\/16.03.24-post-x3-Artboard11-1024x769.jpg\" alt=\"Oryginalne i unikatowe komplety ze spodniami i sp\u00f3dnic\u0105 szyte na miar\u0119 u krawce i projektanta De Marco\" class=\"wp-image-16701 size-full\" srcset=\"https:\/\/www.sklep.demarco.pl\/blog\/wp-content\/uploads\/2024\/05\/16.03.24-post-x3-Artboard11-1024x769.jpg 1024w, https:\/\/www.sklep.demarco.pl\/blog\/wp-content\/uploads\/2024\/05\/16.03.24-post-x3-Artboard11-300x225.jpg 300w, https:\/\/www.sklep.demarco.pl\/blog\/wp-content\/uploads\/2024\/05\/16.03.24-post-x3-Artboard11-768x577.jpg 768w, https:\/\/www.sklep.demarco.pl\/blog\/wp-content\/uploads\/2024\/05\/16.03.24-post-x3-Artboard11.jpg 1440w\" sizes=\"auto, (max-width: 1024px) 100vw, 1024px\" \/><\/a><\/figure><div class=\"wp-block-media-text__content\">\n<p class=\"wp-block-paragraph\">Szanowni Pa\u0144stwo,<\/p>\n\n\n\n<p class=\"wp-block-paragraph\">Jesie\u0144 od zawsze nale\u017ca\u0142a do najbardziej szlachetnych sezon\u00f3w w modzie. To w\u0142a\u015bnie wtedy kobieca garderoba zyskuje g\u0142\u0119bi\u0119, a elegancja staje si\u0119 naturalnym j\u0119zykiem codzienno\u015bci. Dla dojrza\u0142ej kobiety dobrze zaprojektowana stylizacja nie jest jedynie sposobem ubierania si\u0119 \u2013 jest wyrazem osobowo\u015bci, pewno\u015bci siebie oraz \u015bwiadomego budowania w\u0142asnego wizerunku.<\/p>\n\n\n\n<p class=\"wp-block-paragraph\">W \u015bwiecie, w kt\u00f3rym masowa produkcja proponuje identyczne fasony dla milion\u00f3w kobiet, coraz wi\u0119ksz\u0105 warto\u015b\u0107 maj\u0105 ubrania unikatowe, tworzone z my\u015bl\u0105 o konkretnej sylwetce i konkretnym stylu \u017cycia.<\/p>\n<\/div><\/div>\n\n\n\n<p class=\"wp-block-paragraph\">Czytaj r\u00f3wnie\u017c: <a href=\"https:\/\/www.sklep.demarco.pl\/blog\/kobieta-w-dyplomacji-profesjonalny-wizerunek\/\">Kobieta w dyplomacji \u2013 profesjonalny wizerunek jako narz\u0119dzie wsp\u00f3\u0142czesnego przyw\u00f3dztwa<\/a><\/p>\n\n\n\n<div class=\"wp-block-media-text is-stacked-on-mobile\"><figure class=\"wp-block-media-text__media\"><a href=\"https:\/\/www.sklep.demarco.pl\/sukienka-dyplomatyczna-andrea\" target=\"_blank\" rel=\" noreferrer noopener\"><img loading=\"lazy\" decoding=\"async\" width=\"1024\" height=\"683\" src=\"https:\/\/www.sklep.demarco.pl\/blog\/wp-content\/uploads\/2026\/08\/002_Agata_Kornhauser_Duda_nagranie_konkurs_Slowem_Polska_20241008_GJB_7811-1024x683.jpg\" alt=\"Ekskluzywna odzie\u017c wizytowa od projektantki ubra\u0144 Pierwszej Damy Agaty Dudy \" class=\"wp-image-20218 size-full\" srcset=\"https:\/\/www.sklep.demarco.pl\/blog\/wp-content\/uploads\/2026\/08\/002_Agata_Kornhauser_Duda_nagranie_konkurs_Slowem_Polska_20241008_GJB_7811-1024x683.jpg 1024w, https:\/\/www.sklep.demarco.pl\/blog\/wp-content\/uploads\/2026\/08\/002_Agata_Kornhauser_Duda_nagranie_konkurs_Slowem_Polska_20241008_GJB_7811-300x200.jpg 300w, https:\/\/www.sklep.demarco.pl\/blog\/wp-content\/uploads\/2026\/08\/002_Agata_Kornhauser_Duda_nagranie_konkurs_Slowem_Polska_20241008_GJB_7811-768x512.jpg 768w, https:\/\/www.sklep.demarco.pl\/blog\/wp-content\/uploads\/2026\/08\/002_Agata_Kornhauser_Duda_nagranie_konkurs_Slowem_Polska_20241008_GJB_7811-1536x1025.jpg 1536w, https:\/\/www.sklep.demarco.pl\/blog\/wp-content\/uploads\/2026\/08\/002_Agata_Kornhauser_Duda_nagranie_konkurs_Slowem_Polska_20241008_GJB_7811.jpg 2000w\" sizes=\"auto, (max-width: 1024px) 100vw, 1024px\" \/><\/a><\/figure><div class=\"wp-block-media-text__content\">\n<h2 class=\"wp-block-heading\">Elegancja to inwestycja w siebie<\/h2>\n\n\n\n<p class=\"wp-block-paragraph\">Wiele Pa\u0144, kt\u00f3re odkry\u0142y \u015bwiat prawdziwej elegancji, zgodnie przyznaje, \u017ce najwi\u0119ksza zmiana nie nast\u0105pi\u0142a w ich szafie, lecz w ich samopoczuciu. Dobrze skrojona garsonka, perfekcyjnie dopasowany garnitur czy jedwabna bluzka sprawiaj\u0105, \u017ce inaczej si\u0119 poruszamy, inaczej prowadzimy rozmowy i z wi\u0119ksz\u0105 swobod\u0105 prezentujemy w\u0142asne kompetencje.<\/p>\n\n\n\n<p class=\"wp-block-paragraph\">Nie jest tajemnic\u0105, \u017ce kobiety wci\u0105\u017c znacznie cz\u0119\u015bciej ni\u017c m\u0119\u017cczy\u017ani zmagaj\u0105 si\u0119 z niepewno\u015bci\u0105 w\u0142asnej warto\u015bci. Od najm\u0142odszych lat uczone s\u0105 skromno\u015bci i ostro\u017cno\u015bci, podczas gdy ch\u0142opc\u00f3w zach\u0119ca si\u0119 do odwagi oraz podejmowania inicjatywy. Tym bardziej warto \u015bwiadomie budowa\u0107 wizerunek kobiety profesjonalnej, odwa\u017cnej i godnej zaufania.<\/p>\n\n\n\n<p class=\"wp-block-paragraph\">Elegancki wygl\u0105d nie zast\u0105pi wiedzy ani do\u015bwiadczenia, ale potrafi je pi\u0119knie podkre\u015bli\u0107.<\/p>\n<\/div><\/div>\n\n\n\n<p class=\"wp-block-paragraph\">Czytaj r\u00f3wnie\u017c: <a href=\"https:\/\/www.demarco.pl\/elegancka-nowoczesna-kobieta-jak-stworzyc-styl-pelen-klasy-bez-nudy-i-przesady\/\">Eleganckie jesienne kreacje dla dojrza\u0142ej kobiety \u2013 modne i luksusowe<\/a><\/p>\n\n\n\n<div class=\"wp-block-media-text is-stacked-on-mobile\"><figure class=\"wp-block-media-text__media\"><a href=\"https:\/\/www.sklep.demarco.pl\/elegancka-sukienka-hymena-ii\" target=\"_blank\" rel=\" noreferrer noopener\"><img loading=\"lazy\" decoding=\"async\" width=\"1024\" height=\"1024\" src=\"https:\/\/www.sklep.demarco.pl\/blog\/wp-content\/uploads\/2026\/08\/radca_prawny_Katarzyna_Grykiel_3-1-1024x1024.jpg\" alt=\"Elegancka kobieta po 60 tce - niepowtarzalne sukienki wizytowe od polskiej projektancki i w\u0142a\u015bcicieli marki De Marco. Zdj\u0119cia i inspiracje oraz opinie klientek \" class=\"wp-image-20222 size-full\" srcset=\"https:\/\/www.sklep.demarco.pl\/blog\/wp-content\/uploads\/2026\/08\/radca_prawny_Katarzyna_Grykiel_3-1-1024x1024.jpg 1024w, https:\/\/www.sklep.demarco.pl\/blog\/wp-content\/uploads\/2026\/08\/radca_prawny_Katarzyna_Grykiel_3-1-300x300.jpg 300w, https:\/\/www.sklep.demarco.pl\/blog\/wp-content\/uploads\/2026\/08\/radca_prawny_Katarzyna_Grykiel_3-1-150x150.jpg 150w, https:\/\/www.sklep.demarco.pl\/blog\/wp-content\/uploads\/2026\/08\/radca_prawny_Katarzyna_Grykiel_3-1-768x767.jpg 768w, https:\/\/www.sklep.demarco.pl\/blog\/wp-content\/uploads\/2026\/08\/radca_prawny_Katarzyna_Grykiel_3-1.jpg 1081w\" sizes=\"auto, (max-width: 1024px) 100vw, 1024px\" \/><\/a><\/figure><div class=\"wp-block-media-text__content\">\n<h2 class=\"wp-block-heading\">Moda dla kobiet \u015bwiata kultury, biznesu i sztuki<\/h2>\n\n\n\n<p class=\"wp-block-paragraph\">Nowoczesna elegancja nie polega na kopiowaniu m\u0119skiej garderoby ani na ukrywaniu kobieco\u015bci. Wr\u0119cz przeciwnie \u2013 najpi\u0119kniejsze stylizacje powstaj\u0105 tam, gdzie subtelno\u015b\u0107 spotyka si\u0119 z si\u0142\u0105 charakteru.<\/p>\n\n\n\n<p class=\"wp-block-paragraph\">Jesieni\u0105 szczeg\u00f3lnie warto si\u0119gn\u0105\u0107 po elementy, kt\u00f3re tworz\u0105 sp\u00f3jn\u0105, reprezentacyjn\u0105 garderob\u0119:<\/p>\n\n\n\n<ul class=\"wp-block-list\">\n<li>taliowane garsonki podkre\u015blaj\u0105ce sylwetk\u0119,<\/li>\n\n\n\n<li>eleganckie garnitury damskie o kobiecej linii,<\/li>\n\n\n\n<li>sukienki wizytowe w d\u0142ugo\u015bci midi,<\/li>\n\n\n\n<li>we\u0142niane p\u0142aszcze szyte na miar\u0119,<\/li>\n\n\n\n<li>luksusowe bezr\u0119kawniki do codziennych stylizacji,<\/li>\n\n\n\n<li>jedwabne bluzki stanowi\u0105ce baz\u0119 szafy kapsu\u0142owej.<\/li>\n<\/ul>\n\n\n\n<p class=\"wp-block-paragraph\">Tak skomponowana garderoba sprawdza si\u0119 zar\u00f3wno podczas pracy zawodowej, jak i oficjalnych spotka\u0144, konferencji czy rodzinnych uroczysto\u015bci.<\/p>\n<\/div><\/div>\n\n\n\n<p class=\"wp-block-paragraph\">Czytaj r\u00f3wnie\u017c: <a href=\"https:\/\/www.demarco.pl\/jesienne-stylizacje-z-plaszczem-i-bezrekawnikiem-trendy-jesien-zima-2026-2027\/\">Jesienne stylizacje z p\u0142aszczem i bezr\u0119kawnikiem. Trendy jesie\u0144\u2013zima 2026\/2027<\/a><\/p>\n\n\n\n<div class=\"wp-block-media-text is-stacked-on-mobile\"><figure class=\"wp-block-media-text__media\"><a href=\"https:\/\/www.sklep.demarco.pl\/sukienka-ayla-z-bolerkiem-reyki\" target=\"_blank\" rel=\" noreferrer noopener\"><img loading=\"lazy\" decoding=\"async\" width=\"796\" height=\"1024\" src=\"https:\/\/www.sklep.demarco.pl\/blog\/wp-content\/uploads\/2026\/08\/elegancka_kobieta_1-796x1024.png\" alt=\"Eleganckie polskie ubrania damskie De Marco marka z klas\u0105 - szycie na miar\u0119\" class=\"wp-image-20039 size-full\" srcset=\"https:\/\/www.sklep.demarco.pl\/blog\/wp-content\/uploads\/2026\/08\/elegancka_kobieta_1-796x1024.png 796w, https:\/\/www.sklep.demarco.pl\/blog\/wp-content\/uploads\/2026\/08\/elegancka_kobieta_1-233x300.png 233w, https:\/\/www.sklep.demarco.pl\/blog\/wp-content\/uploads\/2026\/08\/elegancka_kobieta_1-768x987.png 768w, https:\/\/www.sklep.demarco.pl\/blog\/wp-content\/uploads\/2026\/08\/elegancka_kobieta_1.png 896w\" sizes=\"auto, (max-width: 796px) 100vw, 796px\" \/><\/a><\/figure><div class=\"wp-block-media-text__content\">\n<h2 class=\"wp-block-heading\">Szafa kapsu\u0142owa \u2013 luksus bez nadmiaru<\/h2>\n\n\n\n<p class=\"wp-block-paragraph\">Szanowni Pa\u0144stwo, najbardziej eleganckie kobiety bardzo rzadko posiadaj\u0105 przepe\u0142nione garderoby. Ich sekret tkwi w jako\u015bci, a nie ilo\u015bci.<\/p>\n\n\n\n<p class=\"wp-block-paragraph\">Szafa kapsu\u0142owa pozwala tworzy\u0107 dziesi\u0105tki stylizacji z niewielkiej liczby doskonale dobranych ubra\u0144. Ka\u017cdy \u017cakiet pasuje do kilku sp\u00f3dnic i spodni, ka\u017cda jedwabna bluzka komponuje si\u0119 z wieloma zestawami, a dobrze uszyty p\u0142aszcz towarzyszy nam przez wiele sezon\u00f3w.<\/p>\n\n\n\n<p class=\"wp-block-paragraph\">To r\u00f3wnie\u017c najbardziej \u015bwiadoma forma konsumpcji. Ubrania najwy\u017cszej jako\u015bci nie s\u0105 stworzone po to, aby za\u0142o\u017cy\u0107 je raz. Powinny by\u0107 noszone wielokrotnie, piel\u0119gnowane i u\u017cytkowane z dum\u0105 a\u017c do naturalnego zu\u017cycia. W tym w\u0142a\u015bnie przejawia si\u0119 prawdziwy luksus \u2013 trwa\u0142o\u015b\u0107, odpowiedzialno\u015b\u0107 i szacunek dla rzemios\u0142a.<\/p>\n<\/div><\/div>\n\n\n\n<p class=\"wp-block-paragraph\">Czytaj r\u00f3wnie\u017c: <a href=\"https:\/\/www.sklep.demarco.pl\/blog\/ekskluzywne-garsonki-dla-mamy-i-tesciowej-wesela-na-jesien-szycie-na-miare-w-de-marco\/\">Ekskluzywne garsonki dla mamy i te\u015bciowej wesela na jesie\u0144 \u2013 szycie na miar\u0119 w De Marco<\/a><\/p>\n\n\n\n<div class=\"wp-block-media-text is-stacked-on-mobile\"><figure class=\"wp-block-media-text__media\"><a href=\"https:\/\/www.sklep.demarco.pl\/pl\/?s%5Battribute_1%5D%5B%5D=25&amp;s%5Bsearch_text%5D=\" target=\"_blank\" rel=\" noreferrer noopener\"><img loading=\"lazy\" decoding=\"async\" width=\"1024\" height=\"683\" src=\"https:\/\/www.sklep.demarco.pl\/blog\/wp-content\/uploads\/2026\/08\/460611297_1070003791800557_2622940455003254098_n-1024x683.jpg\" alt=\"Unikatowe garsonki dla przedsi\u0119biorczych kobiet. De Marco najlepsza polska marka z eleganck\u0105 odzie\u017c\u0105 damsk\u0105 do pracy\" class=\"wp-image-20165 size-full\" srcset=\"https:\/\/www.sklep.demarco.pl\/blog\/wp-content\/uploads\/2026\/08\/460611297_1070003791800557_2622940455003254098_n-1024x683.jpg 1024w, https:\/\/www.sklep.demarco.pl\/blog\/wp-content\/uploads\/2026\/08\/460611297_1070003791800557_2622940455003254098_n-300x200.jpg 300w, https:\/\/www.sklep.demarco.pl\/blog\/wp-content\/uploads\/2026\/08\/460611297_1070003791800557_2622940455003254098_n-768x512.jpg 768w, https:\/\/www.sklep.demarco.pl\/blog\/wp-content\/uploads\/2026\/08\/460611297_1070003791800557_2622940455003254098_n.jpg 1200w\" sizes=\"auto, (max-width: 1024px) 100vw, 1024px\" \/><\/a><\/figure><div class=\"wp-block-media-text__content\">\n<h2 class=\"wp-block-heading\">Jesienne kolory pe\u0142ne klasy<\/h2>\n\n\n\n<p class=\"wp-block-paragraph\">Najmodniejsze jesienne stylizacje czerpi\u0105 inspiracj\u0119 z natury. G\u0142\u0119bokie odcienie butelkowej zieleni, burgundu, \u015bliwki, karmelu, czekoladowego br\u0105zu czy klasycznego granatu doskonale podkre\u015blaj\u0105 urod\u0119 dojrza\u0142ych kobiet.<\/p>\n\n\n\n<p class=\"wp-block-paragraph\">W po\u0142\u0105czeniu z wysokogatunkow\u0105 we\u0142n\u0105, \u017cakardem, jedwabiem i szlachetnymi dzianinami tworz\u0105 garderob\u0119, kt\u00f3ra nie podlega sezonowym kaprysom mody, lecz pozostaje aktualna przez wiele lat.<\/p>\n<\/div><\/div>\n\n\n\n<p class=\"wp-block-paragraph\">Czytaj r\u00f3wnie\u017c: <a href=\"https:\/\/www.sklep.demarco.pl\/blog\/eleganckie-suknie-i-sukienki-dla-60-latki-ponadczasowa-elegancja-szyta-na-miare\/\">Eleganckie suknie i sukienki dla 60-latki \u2013 ponadczasowa elegancja szyta na miar\u0119<\/a><\/p>\n\n\n\n<div class=\"wp-block-media-text is-stacked-on-mobile\"><figure class=\"wp-block-media-text__media\"><a href=\"https:\/\/www.sklep.demarco.pl\/ekskluzywny-plaszczyk-debora-ii\" target=\"_blank\" rel=\" noreferrer noopener\"><img loading=\"lazy\" decoding=\"async\" width=\"501\" height=\"892\" src=\"https:\/\/www.sklep.demarco.pl\/blog\/wp-content\/uploads\/2026\/03\/Opera-Zrzut-ekranu_2024-01-12_162406_www.instagram.com-1.jpg\" alt=\"Najmodniejszy p\u0142aszczyk na wiosn\u0119 De Marco Atelier W\u0142adys\u0142awy Fr\u0105czek projektantki ekskluzywnej odzie\u017cy damskiej\" class=\"wp-image-19185 size-full\" srcset=\"https:\/\/www.sklep.demarco.pl\/blog\/wp-content\/uploads\/2026\/03\/Opera-Zrzut-ekranu_2024-01-12_162406_www.instagram.com-1.jpg 501w, https:\/\/www.sklep.demarco.pl\/blog\/wp-content\/uploads\/2026\/03\/Opera-Zrzut-ekranu_2024-01-12_162406_www.instagram.com-1-168x300.jpg 168w\" sizes=\"auto, (max-width: 501px) 100vw, 501px\" \/><\/a><\/figure><div class=\"wp-block-media-text__content\">\n<h2 class=\"wp-block-heading\">De Marco \u2013 polska marka luksusowej elegancji<\/h2>\n\n\n\n<p class=\"wp-block-paragraph\">Od ponad dw\u00f3ch dekad De Marco projektuje i szyje na miar\u0119 ekskluzywn\u0105 odzie\u017c damsk\u0105 dla kobiet, kt\u00f3re swoj\u0105 prac\u0105 i postaw\u0105 wsp\u00f3\u0142tworz\u0105 \u015bwiat kultury, biznesu, sztuki oraz \u017cycia publicznego. Ka\u017cda kreacja powstaje indywidualnie, z uwzgl\u0119dnieniem sylwetki, charakteru oraz potrzeb swojej w\u0142a\u015bcicielki.<\/p>\n\n\n\n<p class=\"wp-block-paragraph\">W kolekcjach jesiennych znajduj\u0105 si\u0119 luksusowe p\u0142aszcze, eleganckie garsonki, kobiece garnitury, wizytowe sukienki oraz unikatowe bezr\u0119kawniki \u2013 wszystkie tworzone w duchu tradycyjnego polskiego krawiectwa miarowego.<\/p>\n\n\n\n<p class=\"wp-block-paragraph\">Szanowni Pa\u0144stwo, serdecznie zapraszamy do odkrycia \u015bwiata ponadczasowej elegancji. Niech jesienna garderoba stanie si\u0119 nie tylko pi\u0119knym wyborem modowym, ale r\u00f3wnie\u017c wyrazem kobiecej si\u0142y, klasy i \u015bwiadomego stylu \u017cycia.<\/p>\n<\/div><\/div>\n\n\n\n<p class=\"wp-block-paragraph\">Czytaj r\u00f3wnie\u017c: <a href=\"https:\/\/www.sklep.demarco.pl\/blog\/eleganckie-ubrania-damskie-na-targi-branzowe-jak-profesjonalnie-prezentowac-swoja-firme\/\">Eleganckie ubrania damskie na targi bran\u017cowe \u2013 jak profesjonalnie prezentowa\u0107 swoj\u0105 firm\u0119?<\/a><\/p>\n\n\n\n<figure class=\"wp-block-embed is-type-wp-embed is-provider-de-marco wp-block-embed-de-marco\"><div class=\"wp-block-embed__wrapper\">\n<blockquote class=\"wp-embedded-content\" data-secret=\"Btxm9GaeT3\"><a href=\"https:\/\/www.sklep.demarco.pl\/blog\/eleganckie-taliowane-zakiety-i-marynarki-moda-dla-kobiet-noszacych-sie-z-klasa\/\">Eleganckie taliowane \u017cakiety i marynarki \u2013 moda dla kobiet nosz\u0105cych si\u0119 z klas\u0105<\/a><\/blockquote><iframe loading=\"lazy\" class=\"wp-embedded-content\" sandbox=\"allow-scripts\" security=\"restricted\" style=\"position: absolute; visibility: hidden;\" title=\"\u201eEleganckie taliowane \u017cakiety i marynarki \u2013 moda dla kobiet nosz\u0105cych si\u0119 z klas\u0105\u201d \u2014 De Marco\" src=\"https:\/\/www.sklep.demarco.pl\/blog\/eleganckie-taliowane-zakiety-i-marynarki-moda-dla-kobiet-noszacych-sie-z-klasa\/embed\/#?secret=TQPJ9268eA#?secret=Btxm9GaeT3\" data-secret=\"Btxm9GaeT3\" width=\"500\" height=\"282\" frameborder=\"0\" marginwidth=\"0\" marginheight=\"0\" scrolling=\"no\"><\/iframe>\n<\/div><\/figure>\n\n\n\n<hr class=\"wp-block-separator has-alpha-channel-opacity\"\/>\n\n\n\n<div class=\"wp-block-media-text is-stacked-on-mobile\"><figure class=\"wp-block-media-text__media\"><a href=\"https:\/\/www.sklep.demarco.pl\/blog\/wp-content\/uploads\/2026\/08\/AI-LABELS_3x2_AI_black-50.png\"><img loading=\"lazy\" decoding=\"async\" width=\"50\" height=\"33\" src=\"https:\/\/www.sklep.demarco.pl\/blog\/wp-content\/uploads\/2026\/08\/AI-LABELS_3x2_AI_black-50.png\" alt=\"Nota informacyjna Artyku\u0142 powsta\u0142 na podstawie autorskich tekst\u00f3w Atelier De Marco, tworzonych zgodnie z nasz\u0105 misj\u0105 edukacyjn\u0105 i informacyjn\u0105, a nast\u0119pnie zosta\u0142 zredagowany z wykorzystaniem technologii AI. Cz\u0119\u015b\u0107 zdj\u0119\u0107, przedstawia modelk\u0119 w naszych autorskich projektach, uszytych w atelier De Marco i zosta\u0142y one poddana kreatywnej obr\u00f3bce AI. Wszystkie materia\u0142y s\u0105 przez nas starannie redagowane i weryfikowane. Pozosta\u0142e zdj\u0119cia s\u0105 nades\u0142ane przez klientki lub wykonane w Salonie Mody De Marco. Serdecznie dzi\u0119kujemy naszym Klientkom za zaufanie i zgod\u0119 na wykorzystanie ich fotografii. \u017byczymy Pa\u0144stwu wielu dalszych sukces\u00f3w!\" class=\"wp-image-20056 size-full\"\/><\/a><\/figure><div class=\"wp-block-media-text__content\">\n<p class=\"wp-block-paragraph\">Nota informacyjna <\/p>\n\n\n\n<p class=\"wp-block-paragraph\">Artyku\u0142 powsta\u0142 na podstawie autorskich tekst\u00f3w Atelier De Marco, tworzonych zgodnie z nasz\u0105 misj\u0105 edukacyjn\u0105 i informacyjn\u0105, a nast\u0119pnie zosta\u0142 zredagowany z wykorzystaniem technologii AI. <\/p>\n\n\n\n<p class=\"wp-block-paragraph\">Cz\u0119\u015b\u0107 zdj\u0119\u0107, przedstawia modelk\u0119 w naszych autorskich projektach, uszytych w atelier De Marco i zosta\u0142y one poddana kreatywnej obr\u00f3bce AI. Wszystkie materia\u0142y s\u0105 przez nas starannie redagowane i weryfikowane. Pozosta\u0142e zdj\u0119cia s\u0105 nades\u0142ane przez klientki lub wykonane w Salonie Mody De Marco. Serdecznie dzi\u0119kujemy naszym Klientkom za zaufanie i zgod\u0119 na wykorzystanie ich fotografii. \u017byczymy Pa\u0144stwu wielu dalszych sukces\u00f3w!<\/p>\n<\/div><\/div>\n\n\n<!-- wp:themify-builder\/canvas \/-->","protected":false},"excerpt":{"rendered":"<p>Szanowni Pa\u0144stwo, Jesie\u0144 od zawsze nale\u017ca\u0142a do najbardziej szlachetnych sezon\u00f3w w modzie. To w\u0142a\u015bnie wtedy kobieca garderoba zyskuje g\u0142\u0119bi\u0119, a elegancja staje si\u0119 naturalnym j\u0119zykiem codzienno\u015bci. Dla dojrza\u0142ej kobiety dobrze zaprojektowana stylizacja nie jest jedynie sposobem ubierania si\u0119 \u2013 jest wyrazem osobowo\u015bci, pewno\u015bci siebie oraz \u015bwiadomego budowania w\u0142asnego wizerunku. W \u015bwiecie, w kt\u00f3rym masowa produkcja [&hellip;]<\/p>\n","protected":false},"author":1,"featured_media":20235,"comment_status":"closed","ping_status":"closed","sticky":false,"template":"","format":"standard","meta":{"_jetpack_newsletter_access":"","_jetpack_dont_email_post_to_subs":false,"_jetpack_newsletter_tier_id":0,"_jetpack_memberships_contains_paywalled_content":false,"_jetpack_memberships_contains_paid_content":false,"footnotes":"","_links_to":"","_links_to_target":""},"categories":[15],"tags":[469,169,171,3491,3339,478,4589],"class_list":["post-20196","post","type-post","status-publish","format-standard","has-post-thumbnail","hentry","category-metamorfoza","tag-de-marco-ekskluzywna-marka","tag-de-marco-kolekcja","tag-ekskluzywna-odziez-damska","tag-ekskluzywna-odziez-damska-polskich-producentow","tag-elegancka-odziez-damska-sklep-internetowy","tag-markowa-odziez-damska","tag-stylizacje-na-jesien"],"yoast_head":"<!-- This site is optimized with the Yoast SEO plugin v28.4 - https:\/\/yoast.com\/product\/yoast-seo-wordpress\/ -->\n<title>Najmodniejsze stylizacje na jesie\u0144 dla eleganckiej kobiety \u2013 luksusowa moda z charakterem - De Marco<\/title>\n<meta name=\"robots\" content=\"index, follow, max-snippet:-1, max-image-preview:large, max-video-preview:-1\" \/>\n<link rel=\"canonical\" href=\"https:\/\/www.sklep.demarco.pl\/blog\/najmodniejsze-stylizacje-na-jesien-dla-eleganckiej-kobiety-luksusowa-moda-z-charakterem\/\" \/>\n<meta property=\"og:locale\" content=\"pl_PL\" \/>\n<meta property=\"og:type\" content=\"article\" \/>\n<meta property=\"og:title\" content=\"Najmodniejsze stylizacje na jesie\u0144 dla eleganckiej kobiety \u2013 luksusowa moda z charakterem - De Marco\" \/>\n<meta property=\"og:description\" content=\"Szanowni Pa\u0144stwo, Jesie\u0144 od zawsze nale\u017ca\u0142a do najbardziej szlachetnych sezon\u00f3w w modzie. To w\u0142a\u015bnie wtedy kobieca garderoba zyskuje g\u0142\u0119bi\u0119, a elegancja staje si\u0119 naturalnym j\u0119zykiem codzienno\u015bci. Dla dojrza\u0142ej kobiety dobrze zaprojektowana stylizacja nie jest jedynie sposobem ubierania si\u0119 \u2013 jest wyrazem osobowo\u015bci, pewno\u015bci siebie oraz \u015bwiadomego budowania w\u0142asnego wizerunku. W \u015bwiecie, w kt\u00f3rym masowa produkcja [&hellip;]\" \/>\n<meta property=\"og:url\" content=\"https:\/\/www.sklep.demarco.pl\/blog\/najmodniejsze-stylizacje-na-jesien-dla-eleganckiej-kobiety-luksusowa-moda-z-charakterem\/\" \/>\n<meta property=\"og:site_name\" content=\"De Marco\" \/>\n<meta property=\"article:publisher\" content=\"https:\/\/www.facebook.com\/DeMarco.Styl\" \/>\n<meta property=\"article:published_time\" content=\"2026-09-01T12:05:32+00:00\" \/>\n<meta property=\"article:modified_time\" content=\"2026-09-01T16:40:03+00:00\" \/>\n<meta property=\"og:image\" content=\"https:\/\/www.sklep.demarco.pl\/blog\/wp-content\/uploads\/2026\/08\/swiat-daje-Ci-scene.jpg\" \/>\n\t<meta property=\"og:image:width\" content=\"928\" \/>\n\t<meta property=\"og:image:height\" content=\"1120\" \/>\n\t<meta property=\"og:image:type\" content=\"image\/jpeg\" \/>\n<meta name=\"author\" content=\"de marco\" \/>\n<meta name=\"twitter:label1\" content=\"Napisane przez\" \/>\n\t<meta name=\"twitter:data1\" content=\"de marco\" \/>\n\t<meta name=\"twitter:label2\" content=\"Szacowany czas czytania\" \/>\n\t<meta name=\"twitter:data2\" content=\"6 minut\" \/>\n<script type=\"application\/ld+json\" class=\"yoast-schema-graph\">{\"@context\":\"https:\\\/\\\/schema.org\",\"@graph\":[{\"@type\":\"Article\",\"@id\":\"https:\\\/\\\/www.sklep.demarco.pl\\\/blog\\\/najmodniejsze-stylizacje-na-jesien-dla-eleganckiej-kobiety-luksusowa-moda-z-charakterem\\\/#article\",\"isPartOf\":{\"@id\":\"https:\\\/\\\/www.sklep.demarco.pl\\\/blog\\\/najmodniejsze-stylizacje-na-jesien-dla-eleganckiej-kobiety-luksusowa-moda-z-charakterem\\\/\"},\"author\":{\"name\":\"de marco\",\"@id\":\"https:\\\/\\\/www.sklep.demarco.pl\\\/blog\\\/#\\\/schema\\\/person\\\/38456e8269588abfbbdda5bc04dad142\"},\"headline\":\"Najmodniejsze stylizacje na jesie\u0144 dla eleganckiej kobiety \u2013 luksusowa moda z charakterem\",\"datePublished\":\"2026-09-01T12:05:32+00:00\",\"dateModified\":\"2026-09-01T16:40:03+00:00\",\"mainEntityOfPage\":{\"@id\":\"https:\\\/\\\/www.sklep.demarco.pl\\\/blog\\\/najmodniejsze-stylizacje-na-jesien-dla-eleganckiej-kobiety-luksusowa-moda-z-charakterem\\\/\"},\"wordCount\":844,\"image\":{\"@id\":\"https:\\\/\\\/www.sklep.demarco.pl\\\/blog\\\/najmodniejsze-stylizacje-na-jesien-dla-eleganckiej-kobiety-luksusowa-moda-z-charakterem\\\/#primaryimage\"},\"thumbnailUrl\":\"https:\\\/\\\/www.sklep.demarco.pl\\\/blog\\\/wp-content\\\/uploads\\\/2026\\\/08\\\/swiat-daje-Ci-scene.jpg\",\"keywords\":[\"De Marco ekskluzywna marka\",\"de marco-kolekcja\",\"Ekskluzywna odzie\u017c damska\",\"Ekskluzywna odzie\u017c damska polskich producent\u00f3w\",\"Elegancka odzie\u017c damska sklep internetowy\",\"markowa odzie\u017c damska\",\"stylizacje na jesie\u0144\"],\"articleSection\":[\"METAMORFOZA\"],\"inLanguage\":\"pl-PL\"},{\"@type\":\"WebPage\",\"@id\":\"https:\\\/\\\/www.sklep.demarco.pl\\\/blog\\\/najmodniejsze-stylizacje-na-jesien-dla-eleganckiej-kobiety-luksusowa-moda-z-charakterem\\\/\",\"url\":\"https:\\\/\\\/www.sklep.demarco.pl\\\/blog\\\/najmodniejsze-stylizacje-na-jesien-dla-eleganckiej-kobiety-luksusowa-moda-z-charakterem\\\/\",\"name\":\"Najmodniejsze stylizacje na jesie\u0144 dla eleganckiej kobiety \u2013 luksusowa moda z charakterem - De Marco\",\"isPartOf\":{\"@id\":\"https:\\\/\\\/www.sklep.demarco.pl\\\/blog\\\/#website\"},\"primaryImageOfPage\":{\"@id\":\"https:\\\/\\\/www.sklep.demarco.pl\\\/blog\\\/najmodniejsze-stylizacje-na-jesien-dla-eleganckiej-kobiety-luksusowa-moda-z-charakterem\\\/#primaryimage\"},\"image\":{\"@id\":\"https:\\\/\\\/www.sklep.demarco.pl\\\/blog\\\/najmodniejsze-stylizacje-na-jesien-dla-eleganckiej-kobiety-luksusowa-moda-z-charakterem\\\/#primaryimage\"},\"thumbnailUrl\":\"https:\\\/\\\/www.sklep.demarco.pl\\\/blog\\\/wp-content\\\/uploads\\\/2026\\\/08\\\/swiat-daje-Ci-scene.jpg\",\"datePublished\":\"2026-09-01T12:05:32+00:00\",\"dateModified\":\"2026-09-01T16:40:03+00:00\",\"author\":{\"@id\":\"https:\\\/\\\/www.sklep.demarco.pl\\\/blog\\\/#\\\/schema\\\/person\\\/38456e8269588abfbbdda5bc04dad142\"},\"breadcrumb\":{\"@id\":\"https:\\\/\\\/www.sklep.demarco.pl\\\/blog\\\/najmodniejsze-stylizacje-na-jesien-dla-eleganckiej-kobiety-luksusowa-moda-z-charakterem\\\/#breadcrumb\"},\"inLanguage\":\"pl-PL\",\"potentialAction\":[{\"@type\":\"ReadAction\",\"target\":[\"https:\\\/\\\/www.sklep.demarco.pl\\\/blog\\\/najmodniejsze-stylizacje-na-jesien-dla-eleganckiej-kobiety-luksusowa-moda-z-charakterem\\\/\"]}]},{\"@type\":\"ImageObject\",\"inLanguage\":\"pl-PL\",\"@id\":\"https:\\\/\\\/www.sklep.demarco.pl\\\/blog\\\/najmodniejsze-stylizacje-na-jesien-dla-eleganckiej-kobiety-luksusowa-moda-z-charakterem\\\/#primaryimage\",\"url\":\"https:\\\/\\\/www.sklep.demarco.pl\\\/blog\\\/wp-content\\\/uploads\\\/2026\\\/08\\\/swiat-daje-Ci-scene.jpg\",\"contentUrl\":\"https:\\\/\\\/www.sklep.demarco.pl\\\/blog\\\/wp-content\\\/uploads\\\/2026\\\/08\\\/swiat-daje-Ci-scene.jpg\",\"width\":928,\"height\":1120,\"caption\":\"Najmodniejsza luksusowa marka De Marco Moda na w\u0142asny styl. Projektowanie i szycie na miar\u0119 w Atelier W. Fr\u0105czek pod Krakowem\"},{\"@type\":\"BreadcrumbList\",\"@id\":\"https:\\\/\\\/www.sklep.demarco.pl\\\/blog\\\/najmodniejsze-stylizacje-na-jesien-dla-eleganckiej-kobiety-luksusowa-moda-z-charakterem\\\/#breadcrumb\",\"itemListElement\":[{\"@type\":\"ListItem\",\"position\":1,\"name\":\"Strona g\u0142\u00f3wna\",\"item\":\"https:\\\/\\\/www.sklep.demarco.pl\\\/blog\\\/\"},{\"@type\":\"ListItem\",\"position\":2,\"name\":\"Najmodniejsze stylizacje na jesie\u0144 dla eleganckiej kobiety \u2013 luksusowa moda z charakterem\"}]},{\"@type\":\"WebSite\",\"@id\":\"https:\\\/\\\/www.sklep.demarco.pl\\\/blog\\\/#website\",\"url\":\"https:\\\/\\\/www.sklep.demarco.pl\\\/blog\\\/\",\"name\":\"De Marco\",\"description\":\"The finest women&#039;s clothing manufacturer\",\"potentialAction\":[{\"@type\":\"SearchAction\",\"target\":{\"@type\":\"EntryPoint\",\"urlTemplate\":\"https:\\\/\\\/www.sklep.demarco.pl\\\/blog\\\/?s={search_term_string}\"},\"query-input\":{\"@type\":\"PropertyValueSpecification\",\"valueRequired\":true,\"valueName\":\"search_term_string\"}}],\"inLanguage\":\"pl-PL\"},{\"@type\":\"Person\",\"@id\":\"https:\\\/\\\/www.sklep.demarco.pl\\\/blog\\\/#\\\/schema\\\/person\\\/38456e8269588abfbbdda5bc04dad142\",\"name\":\"de marco\",\"image\":{\"@type\":\"ImageObject\",\"inLanguage\":\"pl-PL\",\"@id\":\"https:\\\/\\\/secure.gravatar.com\\\/avatar\\\/1d03f06a246921ea2531e9b59fe2dcd5a125b6b3339bedd531ae0d7e4bb25f99?s=96&d=mm&r=g\",\"url\":\"https:\\\/\\\/secure.gravatar.com\\\/avatar\\\/1d03f06a246921ea2531e9b59fe2dcd5a125b6b3339bedd531ae0d7e4bb25f99?s=96&d=mm&r=g\",\"contentUrl\":\"https:\\\/\\\/secure.gravatar.com\\\/avatar\\\/1d03f06a246921ea2531e9b59fe2dcd5a125b6b3339bedd531ae0d7e4bb25f99?s=96&d=mm&r=g\",\"caption\":\"de marco\"},\"url\":\"https:\\\/\\\/www.sklep.demarco.pl\\\/blog\\\/author\\\/de-marco\\\/\"}]}<\/script>\n<!-- \/ Yoast SEO plugin. -->","yoast_head_json":{"title":"Najmodniejsze stylizacje na jesie\u0144 dla eleganckiej kobiety \u2013 luksusowa moda z charakterem - De Marco","robots":{"index":"index","follow":"follow","max-snippet":"max-snippet:-1","max-image-preview":"max-image-preview:large","max-video-preview":"max-video-preview:-1"},"canonical":"https:\/\/www.sklep.demarco.pl\/blog\/najmodniejsze-stylizacje-na-jesien-dla-eleganckiej-kobiety-luksusowa-moda-z-charakterem\/","og_locale":"pl_PL","og_type":"article","og_title":"Najmodniejsze stylizacje na jesie\u0144 dla eleganckiej kobiety \u2013 luksusowa moda z charakterem - De Marco","og_description":"Szanowni Pa\u0144stwo, Jesie\u0144 od zawsze nale\u017ca\u0142a do najbardziej szlachetnych sezon\u00f3w w modzie. To w\u0142a\u015bnie wtedy kobieca garderoba zyskuje g\u0142\u0119bi\u0119, a elegancja staje si\u0119 naturalnym j\u0119zykiem codzienno\u015bci. Dla dojrza\u0142ej kobiety dobrze zaprojektowana stylizacja nie jest jedynie sposobem ubierania si\u0119 \u2013 jest wyrazem osobowo\u015bci, pewno\u015bci siebie oraz \u015bwiadomego budowania w\u0142asnego wizerunku. W \u015bwiecie, w kt\u00f3rym masowa produkcja [&hellip;]","og_url":"https:\/\/www.sklep.demarco.pl\/blog\/najmodniejsze-stylizacje-na-jesien-dla-eleganckiej-kobiety-luksusowa-moda-z-charakterem\/","og_site_name":"De Marco","article_publisher":"https:\/\/www.facebook.com\/DeMarco.Styl","article_published_time":"2026-09-01T12:05:32+00:00","article_modified_time":"2026-09-01T16:40:03+00:00","og_image":[{"width":928,"height":1120,"url":"https:\/\/www.sklep.demarco.pl\/blog\/wp-content\/uploads\/2026\/08\/swiat-daje-Ci-scene.jpg","type":"image\/jpeg"}],"author":"de marco","twitter_misc":{"Napisane przez":"de marco","Szacowany czas czytania":"6 minut"},"schema":{"@context":"https:\/\/schema.org","@graph":[{"@type":"Article","@id":"https:\/\/www.sklep.demarco.pl\/blog\/najmodniejsze-stylizacje-na-jesien-dla-eleganckiej-kobiety-luksusowa-moda-z-charakterem\/#article","isPartOf":{"@id":"https:\/\/www.sklep.demarco.pl\/blog\/najmodniejsze-stylizacje-na-jesien-dla-eleganckiej-kobiety-luksusowa-moda-z-charakterem\/"},"author":{"name":"de marco","@id":"https:\/\/www.sklep.demarco.pl\/blog\/#\/schema\/person\/38456e8269588abfbbdda5bc04dad142"},"headline":"Najmodniejsze stylizacje na jesie\u0144 dla eleganckiej kobiety \u2013 luksusowa moda z charakterem","datePublished":"2026-09-01T12:05:32+00:00","dateModified":"2026-09-01T16:40:03+00:00","mainEntityOfPage":{"@id":"https:\/\/www.sklep.demarco.pl\/blog\/najmodniejsze-stylizacje-na-jesien-dla-eleganckiej-kobiety-luksusowa-moda-z-charakterem\/"},"wordCount":844,"image":{"@id":"https:\/\/www.sklep.demarco.pl\/blog\/najmodniejsze-stylizacje-na-jesien-dla-eleganckiej-kobiety-luksusowa-moda-z-charakterem\/#primaryimage"},"thumbnailUrl":"https:\/\/www.sklep.demarco.pl\/blog\/wp-content\/uploads\/2026\/08\/swiat-daje-Ci-scene.jpg","keywords":["De Marco ekskluzywna marka","de marco-kolekcja","Ekskluzywna odzie\u017c damska","Ekskluzywna odzie\u017c damska polskich producent\u00f3w","Elegancka odzie\u017c damska sklep internetowy","markowa odzie\u017c damska","stylizacje na jesie\u0144"],"articleSection":["METAMORFOZA"],"inLanguage":"pl-PL"},{"@type":"WebPage","@id":"https:\/\/www.sklep.demarco.pl\/blog\/najmodniejsze-stylizacje-na-jesien-dla-eleganckiej-kobiety-luksusowa-moda-z-charakterem\/","url":"https:\/\/www.sklep.demarco.pl\/blog\/najmodniejsze-stylizacje-na-jesien-dla-eleganckiej-kobiety-luksusowa-moda-z-charakterem\/","name":"Najmodniejsze stylizacje na jesie\u0144 dla eleganckiej kobiety \u2013 luksusowa moda z charakterem - De Marco","isPartOf":{"@id":"https:\/\/www.sklep.demarco.pl\/blog\/#website"},"primaryImageOfPage":{"@id":"https:\/\/www.sklep.demarco.pl\/blog\/najmodniejsze-stylizacje-na-jesien-dla-eleganckiej-kobiety-luksusowa-moda-z-charakterem\/#primaryimage"},"image":{"@id":"https:\/\/www.sklep.demarco.pl\/blog\/najmodniejsze-stylizacje-na-jesien-dla-eleganckiej-kobiety-luksusowa-moda-z-charakterem\/#primaryimage"},"thumbnailUrl":"https:\/\/www.sklep.demarco.pl\/blog\/wp-content\/uploads\/2026\/08\/swiat-daje-Ci-scene.jpg","datePublished":"2026-09-01T12:05:32+00:00","dateModified":"2026-09-01T16:40:03+00:00","author":{"@id":"https:\/\/www.sklep.demarco.pl\/blog\/#\/schema\/person\/38456e8269588abfbbdda5bc04dad142"},"breadcrumb":{"@id":"https:\/\/www.sklep.demarco.pl\/blog\/najmodniejsze-stylizacje-na-jesien-dla-eleganckiej-kobiety-luksusowa-moda-z-charakterem\/#breadcrumb"},"inLanguage":"pl-PL","potentialAction":[{"@type":"ReadAction","target":["https:\/\/www.sklep.demarco.pl\/blog\/najmodniejsze-stylizacje-na-jesien-dla-eleganckiej-kobiety-luksusowa-moda-z-charakterem\/"]}]},{"@type":"ImageObject","inLanguage":"pl-PL","@id":"https:\/\/www.sklep.demarco.pl\/blog\/najmodniejsze-stylizacje-na-jesien-dla-eleganckiej-kobiety-luksusowa-moda-z-charakterem\/#primaryimage","url":"https:\/\/www.sklep.demarco.pl\/blog\/wp-content\/uploads\/2026\/08\/swiat-daje-Ci-scene.jpg","contentUrl":"https:\/\/www.sklep.demarco.pl\/blog\/wp-content\/uploads\/2026\/08\/swiat-daje-Ci-scene.jpg","width":928,"height":1120,"caption":"Najmodniejsza luksusowa marka De Marco Moda na w\u0142asny styl. Projektowanie i szycie na miar\u0119 w Atelier W. Fr\u0105czek pod Krakowem"},{"@type":"BreadcrumbList","@id":"https:\/\/www.sklep.demarco.pl\/blog\/najmodniejsze-stylizacje-na-jesien-dla-eleganckiej-kobiety-luksusowa-moda-z-charakterem\/#breadcrumb","itemListElement":[{"@type":"ListItem","position":1,"name":"Strona g\u0142\u00f3wna","item":"https:\/\/www.sklep.demarco.pl\/blog\/"},{"@type":"ListItem","position":2,"name":"Najmodniejsze stylizacje na jesie\u0144 dla eleganckiej kobiety \u2013 luksusowa moda z charakterem"}]},{"@type":"WebSite","@id":"https:\/\/www.sklep.demarco.pl\/blog\/#website","url":"https:\/\/www.sklep.demarco.pl\/blog\/","name":"De Marco","description":"The finest women&#039;s clothing manufacturer","potentialAction":[{"@type":"SearchAction","target":{"@type":"EntryPoint","urlTemplate":"https:\/\/www.sklep.demarco.pl\/blog\/?s={search_term_string}"},"query-input":{"@type":"PropertyValueSpecification","valueRequired":true,"valueName":"search_term_string"}}],"inLanguage":"pl-PL"},{"@type":"Person","@id":"https:\/\/www.sklep.demarco.pl\/blog\/#\/schema\/person\/38456e8269588abfbbdda5bc04dad142","name":"de marco","image":{"@type":"ImageObject","inLanguage":"pl-PL","@id":"https:\/\/secure.gravatar.com\/avatar\/1d03f06a246921ea2531e9b59fe2dcd5a125b6b3339bedd531ae0d7e4bb25f99?s=96&d=mm&r=g","url":"https:\/\/secure.gravatar.com\/avatar\/1d03f06a246921ea2531e9b59fe2dcd5a125b6b3339bedd531ae0d7e4bb25f99?s=96&d=mm&r=g","contentUrl":"https:\/\/secure.gravatar.com\/avatar\/1d03f06a246921ea2531e9b59fe2dcd5a125b6b3339bedd531ae0d7e4bb25f99?s=96&d=mm&r=g","caption":"de marco"},"url":"https:\/\/www.sklep.demarco.pl\/blog\/author\/de-marco\/"}]}},"jetpack_sharing_enabled":true,"builder_content":"","jetpack_featured_media_url":"https:\/\/www.sklep.demarco.pl\/blog\/wp-content\/uploads\/2026\/08\/swiat-daje-Ci-scene.jpg","_links":{"self":[{"href":"https:\/\/www.sklep.demarco.pl\/blog\/wp-json\/wp\/v2\/posts\/20196","targetHints":{"allow":["GET"]}}],"collection":[{"href":"https:\/\/www.sklep.demarco.pl\/blog\/wp-json\/wp\/v2\/posts"}],"about":[{"href":"https:\/\/www.sklep.demarco.pl\/blog\/wp-json\/wp\/v2\/types\/post"}],"author":[{"embeddable":true,"href":"https:\/\/www.sklep.demarco.pl\/blog\/wp-json\/wp\/v2\/users\/1"}],"replies":[{"embeddable":true,"href":"https:\/\/www.sklep.demarco.pl\/blog\/wp-json\/wp\/v2\/comments?post=20196"}],"version-history":[{"count":9,"href":"https:\/\/www.sklep.demarco.pl\/blog\/wp-json\/wp\/v2\/posts\/20196\/revisions"}],"predecessor-version":[{"id":20254,"href":"https:\/\/www.sklep.demarco.pl\/blog\/wp-json\/wp\/v2\/posts\/20196\/revisions\/20254"}],"wp:featuredmedia":[{"embeddable":true,"href":"https:\/\/www.sklep.demarco.pl\/blog\/wp-json\/wp\/v2\/media\/20235"}],"wp:attachment":[{"href":"https:\/\/www.sklep.demarco.pl\/blog\/wp-json\/wp\/v2\/media?parent=20196"}],"wp:term":[{"taxonomy":"category","embeddable":true,"href":"https:\/\/www.sklep.demarco.pl\/blog\/wp-json\/wp\/v2\/categories?post=20196"},{"taxonomy":"post_tag","embeddable":true,"href":"https:\/\/www.sklep.demarco.pl\/blog\/wp-json\/wp\/v2\/tags?post=20196"}],"curies":[{"name":"wp","href":"https:\/\/api.w.org\/{rel}","templated":true}]}}