{"id":19170,"date":"2026-03-13T16:47:33","date_gmt":"2026-03-13T16:47:33","guid":{"rendered":"https:\/\/www.sklep.demarco.pl\/blog\/?p=19170"},"modified":"2026-03-13T17:01:25","modified_gmt":"2026-03-13T17:01:25","slug":"liczy-sie-wnetrze-a-nie-wyglad-czyzby-to-byla-tylko-wymowka","status":"publish","type":"post","link":"https:\/\/www.sklep.demarco.pl\/blog\/liczy-sie-wnetrze-a-nie-wyglad-czyzby-to-byla-tylko-wymowka\/","title":{"rendered":"&#8222;Liczy si\u0119 wn\u0119trze, a nie wygl\u0105d&#8221; czy\u017cby to by\u0142a tylko wym\u00f3wka?"},"content":{"rendered":"\n<p>To spo\u0142ecze\u0144stwo jest powierzchowne! Kobieta nie powinna o siebie dba\u0107! Poniewa\u017c: &#8222;Liczy si\u0119 wn\u0119trze, a nie wygl\u0105d&#8221;<\/p>\n\n\n\n<p>Szanowni Pa\u0144stwo,<\/p>\n\n\n\n<p>W przestrzeni publicznej bardzo cz\u0119sto powtarzamy zdanie, kt\u00f3re z pozoru brzmi niezwykle szlachetnie: <em>\u201eliczy si\u0119 wn\u0119trze, a nie wygl\u0105d\u201d<\/em>. W swojej pierwotnej intencji ma ono przypomina\u0107, \u017ce prawdziw\u0105 warto\u015bci\u0105 cz\u0142owieka jest jego charakter, inteligencja, wra\u017cliwo\u015b\u0107 oraz to, co wnosi do \u017cycia innych ludzi.<\/p>\n\n\n\n<p>Jednak w praktyce to pi\u0119kne zdanie bywa niekiedy wykorzystywane w zupe\u0142nie inny spos\u00f3b. Staje si\u0119 wygodnym usprawiedliwieniem dla niedbalstwa, braku troski o w\u0142asny wizerunek, a czasem r\u00f3wnie\u017c dla g\u0142\u0119boko zakorzenionych przekona\u0144 wyniesionych z dzieci\u0144stwa.<\/p>\n\n\n\n<p>Szanowni Pa\u0144stwo, nie spos\u00f3b zaprzeczy\u0107 jednemu faktowi \u2013 ubi\u00f3r jest form\u0105 komunikacji spo\u0142ecznej. Jest to wiedza intuicyjna. Zanim jeszcze wypowiemy pierwsze s\u0142owo, nasz rozm\u00f3wca ju\u017c otrzymuje sygna\u0142y dotycz\u0105ce naszego podej\u015bcia do \u017cycia, poziomu dba\u0142o\u015bci o siebie czy sposobu, w jaki traktujemy otoczenie.<\/p>\n\n\n\n<p><strong>Dlaczego wi\u0119c tak cz\u0119sto spotykamy si\u0119 z tendencj\u0105 do lekcewa\u017cenia tej oczywisto\u015bci?<\/strong><\/p>\n\n\n\n<p>Jednym z powod\u00f3w jest przekonanie, \u017ce wygl\u0105d nie powinien mie\u0107 znaczenia, poniewa\u017c najwa\u017cniejsze jest to, co mamy do powiedzenia. Idea ta brzmi bardzo idealistycznie, jednak w praktyce pozostaje w sprzeczno\u015bci z mechanizmami, kt\u00f3re kszta\u0142towa\u0142y si\u0119 w ludzkiej naturze przez miliony lat.<\/p>\n\n\n\n<p>Czytaj r\u00f3wnie\u017c: <a href=\"https:\/\/www.demarco.pl\/w-czym-na-europejski-kongres-gospodarczy\/\">W czym na Europejski Kongres Gospodarczy?<\/a><\/p>\n\n\n\n<h2 class=\"wp-block-heading\">Ewolucji nie jeste\u015bmy w stanie przeskoczy\u0107.<\/h2>\n\n\n\n<p>Ludzki umys\u0142 posiada automatyczne reakcje, kt\u00f3re s\u0105 cz\u0119\u015bci\u0105 naszego biologicznego dziedzictwa. Ka\u017cda istota na ziemi, kt\u00f3ra \u0142\u0105czy si\u0119 w pary w celu wydania potomstwa, instynktownie poszukuje osobnika zdrowego, silnego i atrakcyjnego. Taki wyb\u00f3r zwi\u0119ksza szanse przekazania dobrych gen\u00f3w kolejnemu pokoleniu.<\/p>\n\n\n\n<p>Dlatego \u015bwiadome lekcewa\u017cenie w\u0142asnego wygl\u0105du rzadko przynosi pozytywne efekty. W rzeczywisto\u015bci jest to strategia, kt\u00f3ra szkodzi przede wszystkim osobie, kt\u00f3ra j\u0105 przyjmuje.<\/p>\n\n\n\n<figure class=\"wp-block-gallery has-nested-images columns-default is-cropped wp-block-gallery-1 is-layout-flex wp-block-gallery-is-layout-flex\">\n<figure class=\"wp-block-image size-large\"><a href=\"https:\/\/www.sklep.demarco.pl\/wyszczuplajacy-zakiet-miriam-ii\" target=\"_blank\" rel=\"noreferrer noopener\"><img loading=\"lazy\" decoding=\"async\" width=\"904\" height=\"1024\" data-id=\"18899\" src=\"https:\/\/www.sklep.demarco.pl\/blog\/wp-content\/uploads\/2025\/12\/jeszcze-lepszy-zakiet-904x1024.jpg\" alt=\"Wyszczuplaj\u0105cy \u017cakiet ze sp\u00f3dnic\u0105 najmodniejszy komplet damski elegancki i nowoczesny De Marco \u017carny \u017cakiet bia\u0142a sukienka\" class=\"wp-image-18899\" srcset=\"https:\/\/www.sklep.demarco.pl\/blog\/wp-content\/uploads\/2025\/12\/jeszcze-lepszy-zakiet-904x1024.jpg 904w, https:\/\/www.sklep.demarco.pl\/blog\/wp-content\/uploads\/2025\/12\/jeszcze-lepszy-zakiet-265x300.jpg 265w, https:\/\/www.sklep.demarco.pl\/blog\/wp-content\/uploads\/2025\/12\/jeszcze-lepszy-zakiet-768x870.jpg 768w, https:\/\/www.sklep.demarco.pl\/blog\/wp-content\/uploads\/2025\/12\/jeszcze-lepszy-zakiet.jpg 960w\" sizes=\"auto, (max-width: 904px) 100vw, 904px\" \/><\/a><\/figure>\n\n\n\n<figure class=\"wp-block-image size-large\"><a href=\"https:\/\/www.sklep.demarco.pl\/luksusowa-sukienka-manuela\" target=\"_blank\" rel=\"noreferrer noopener\"><img loading=\"lazy\" decoding=\"async\" width=\"671\" height=\"1024\" data-id=\"18877\" src=\"https:\/\/www.sklep.demarco.pl\/blog\/wp-content\/uploads\/2025\/12\/De_marco_najlepsza_projektantka_1-671x1024.jpg\" alt=\"2026 pantone - Cloud Dancer. Kolor roku w stylu nurt\u00f3w takich jak old money oraz quiet luxury. Symbol czysto\u015bci ale tak\u017ce dobrobytu.\" class=\"wp-image-18877\" srcset=\"https:\/\/www.sklep.demarco.pl\/blog\/wp-content\/uploads\/2025\/12\/De_marco_najlepsza_projektantka_1-671x1024.jpg 671w, https:\/\/www.sklep.demarco.pl\/blog\/wp-content\/uploads\/2025\/12\/De_marco_najlepsza_projektantka_1-197x300.jpg 197w, https:\/\/www.sklep.demarco.pl\/blog\/wp-content\/uploads\/2025\/12\/De_marco_najlepsza_projektantka_1-768x1172.jpg 768w, https:\/\/www.sklep.demarco.pl\/blog\/wp-content\/uploads\/2025\/12\/De_marco_najlepsza_projektantka_1-1006x1536.jpg 1006w, https:\/\/www.sklep.demarco.pl\/blog\/wp-content\/uploads\/2025\/12\/De_marco_najlepsza_projektantka_1.jpg 1200w\" sizes=\"auto, (max-width: 671px) 100vw, 671px\" \/><\/a><\/figure>\n\n\n\n<figure class=\"wp-block-image size-large\"><a href=\"https:\/\/www.sklep.demarco.pl\/czarny-garnitur-damski-laur\" target=\"_blank\" rel=\"noreferrer noopener\"><img loading=\"lazy\" decoding=\"async\" width=\"683\" height=\"1024\" data-id=\"18636\" src=\"https:\/\/www.sklep.demarco.pl\/blog\/wp-content\/uploads\/2025\/10\/wieczorowe-garnitury-de-marco-683x1024.png\" alt=\"Wieczorowe garnitury damskie na miar\u0119 De Marco ekskluzywna odzie\u017c damska Krak\u00f3w, Warszawa, Wroc\u0142aw, P\u0142ock, Pozna\u0144, Szczecin, Bydgoszcz, Gdynia, Katowice, Gliwice, Bielsko-Bia\u0142a, Zakopane, Wadowice, ... ca\u0142a Polska krawiectwo on-line\" class=\"wp-image-18636\" srcset=\"https:\/\/www.sklep.demarco.pl\/blog\/wp-content\/uploads\/2025\/10\/wieczorowe-garnitury-de-marco-683x1024.png 683w, https:\/\/www.sklep.demarco.pl\/blog\/wp-content\/uploads\/2025\/10\/wieczorowe-garnitury-de-marco-200x300.png 200w, https:\/\/www.sklep.demarco.pl\/blog\/wp-content\/uploads\/2025\/10\/wieczorowe-garnitury-de-marco-768x1152.png 768w, https:\/\/www.sklep.demarco.pl\/blog\/wp-content\/uploads\/2025\/10\/wieczorowe-garnitury-de-marco.png 832w\" sizes=\"auto, (max-width: 683px) 100vw, 683px\" \/><\/a><\/figure>\n<\/figure>\n\n\n\n<p>Czytaj r\u00f3wnie\u017c: <a href=\"https:\/\/www.sklep.demarco.pl\/blog\/gdzie-kupic-eleganckie-ubrania-dyplomatyczne-i-biznesowe-dla-kobiet\/\">Gdzie kupi\u0107 eleganckie ubrania dyplomatyczne i biznesowe dla kobiet?<\/a><\/p>\n\n\n\n<h2 class=\"wp-block-heading\">Dlaczego kobiety o siebie nie dbaj\u0105?<\/h2>\n\n\n\n<p>Gdzie wi\u0119c mog\u0105 tkwi\u0107 przyczyny takiej postawy?<\/p>\n\n\n\n<p>Mo\u017cna wskaza\u0107 wiele czynnik\u00f3w, jednak dwa z nich wydaj\u0105 si\u0119 szczeg\u00f3lnie istotne.<\/p>\n\n\n\n<p><strong>Pierwszym jest czynnik kulturowy.<\/strong> Przez d\u0142ugie pokolenia kobietom wpajano przekonanie, \u017ce nadmierna troska o w\u0142asny wygl\u0105d (naturalnie z pieni\u0105dze m\u0119\u017ca) \u015bwiadczy o pr\u00f3\u017cno\u015bci. Kobiecie przypisywano przede wszystkim rol\u0119 opiekunki domu i rodziny \u2013 osoby odpowiedzialnej za wychowanie dzieci, prowadzenie gospodarstwa domowego oraz zapewnienie komfortu m\u0119\u017cowi.<\/p>\n\n\n\n<p>Cho\u0107 obowi\u0105zki te wymagaj\u0105 ogromnego wysi\u0142ku, organizacji i odpowiedzialno\u015bci, bardzo cz\u0119sto nie s\u0105 traktowane jako prawdziwy sukces. Niejedna kobieta s\u0142yszy przecie\u017c zdanie: <em>\u201esiedzisz w domu, nie pracujesz\u201d<\/em>, mimo \u017ce codzienno\u015b\u0107 wype\u0142nia\u0142a ci\u0119\u017cka i wymagaj\u0105ca praca.<\/p>\n\n\n\n<p>W takim systemie warto\u015bci kobieta nie mia\u0142a i nie ma prawa z dum\u0105 m\u00f3wi\u0107 o w\u0142asnych osi\u0105gni\u0119ciach. Kupowanie dla siebie dro\u017cszych rzeczy mog\u0142o zosta\u0107 odebrane jako egoizm \u2013 jako dow\u00f3d, \u017ce nie przeznaczy\u0142a pieni\u0119dzy na potrzeby m\u0119\u017ca czy dzieci. Celebracja w\u0142asnych sukces\u00f3w bywa\u0142a uznawana za nietakt, podczas gdy \u015bwi\u0119towanie osi\u0105gni\u0119\u0107 m\u0119\u017cczyzny by\u0142o jak najbardziej spo\u0142ecznie akceptowane.<\/p>\n\n\n\n<p>Takie przekonania pozostawiaj\u0105 \u015blad w mentalno\u015bci kolejnych pokole\u0144.<\/p>\n\n\n\n<p><strong>Drugim czynnikiem bywa zwyczajne ludzkie lenistwo<\/strong>.<\/p>\n\n\n\n<p>Zdecydowanie \u0142atwiej jest si\u0119gn\u0105\u0107 po rozci\u0105gni\u0119ty dres, przypadkow\u0105 koszulk\u0119 czy ubranie bez wyrazu, ni\u017c codziennie po\u015bwi\u0119ci\u0107 chwil\u0119 na \u015bwiadome budowanie stylizacji dopasowanej do wieku, pozycji zawodowej i indywidualnej urody. \u0141atwiej jest omija\u0107 lustra, nie analizowa\u0107 w\u0142asnego wizerunku i krytykowa\u0107 kobiety, kt\u00f3re o siebie dbaj\u0105, ni\u017c samemu w\u0142o\u017cy\u0107 w to odrobin\u0119 czasu i energii.<\/p>\n\n\n\n<p>Jednak taka postawa prowadzi do pewnej sprzeczno\u015bci.<\/p>\n\n\n\n<figure class=\"wp-block-gallery has-nested-images columns-default is-cropped wp-block-gallery-2 is-layout-flex wp-block-gallery-is-layout-flex\">\n<figure class=\"wp-block-image size-large\"><a href=\"https:\/\/www.sklep.demarco.pl\/mlodziezowa-garsonka-azalia-ii\" target=\"_blank\" rel=\"noreferrer noopener\"><img loading=\"lazy\" decoding=\"async\" width=\"832\" height=\"996\" data-id=\"18685\" src=\"https:\/\/www.sklep.demarco.pl\/blog\/wp-content\/uploads\/2025\/10\/tweedowa-garsonka-dla-mamy2.jpg\" alt=\"Te garsonki m\u0142odzie\u017cowe to hit na na chrzciny dziecka. Kto szyje najpi\u0119kniejsze garsonki? Polskie pracownie krawieckie\" class=\"wp-image-18685\" srcset=\"https:\/\/www.sklep.demarco.pl\/blog\/wp-content\/uploads\/2025\/10\/tweedowa-garsonka-dla-mamy2.jpg 832w, https:\/\/www.sklep.demarco.pl\/blog\/wp-content\/uploads\/2025\/10\/tweedowa-garsonka-dla-mamy2-251x300.jpg 251w, https:\/\/www.sklep.demarco.pl\/blog\/wp-content\/uploads\/2025\/10\/tweedowa-garsonka-dla-mamy2-768x919.jpg 768w\" sizes=\"auto, (max-width: 832px) 100vw, 832px\" \/><\/a><\/figure>\n\n\n\n<figure class=\"wp-block-image size-large\"><a href=\"https:\/\/www.sklep.demarco.pl\" target=\"_blank\" rel=\"noreferrer noopener\"><img loading=\"lazy\" decoding=\"async\" width=\"768\" height=\"1024\" data-id=\"18618\" src=\"https:\/\/www.sklep.demarco.pl\/blog\/wp-content\/uploads\/2025\/09\/signal-2024-02-29-124338_002-768x1024.webp\" alt=\"Nowoczesne wieczorowe marynarki damskie doskonale wyszlamowane i porz\u0105dnie uszyte z dobrego materia\u0142u De Marco polska marka premium\" class=\"wp-image-18618\" srcset=\"https:\/\/www.sklep.demarco.pl\/blog\/wp-content\/uploads\/2025\/09\/signal-2024-02-29-124338_002-768x1024.webp 768w, https:\/\/www.sklep.demarco.pl\/blog\/wp-content\/uploads\/2025\/09\/signal-2024-02-29-124338_002-225x300.webp 225w, https:\/\/www.sklep.demarco.pl\/blog\/wp-content\/uploads\/2025\/09\/signal-2024-02-29-124338_002-1152x1536.webp 1152w, https:\/\/www.sklep.demarco.pl\/blog\/wp-content\/uploads\/2025\/09\/signal-2024-02-29-124338_002.webp 1200w\" sizes=\"auto, (max-width: 768px) 100vw, 768px\" \/><\/a><\/figure>\n\n\n\n<figure class=\"wp-block-image size-large\"><a href=\"https:\/\/www.sklep.demarco.pl\/najmodniejszy-garnitur-damski-erna-ii\" target=\"_blank\" rel=\"noreferrer noopener\"><img loading=\"lazy\" decoding=\"async\" width=\"683\" height=\"1024\" data-id=\"18584\" src=\"https:\/\/www.sklep.demarco.pl\/blog\/wp-content\/uploads\/2025\/09\/elegancki-garnitur-damski-de-marco-1-683x1024.jpg\" alt=\"Profesjonalna odzie\u017c biznesowa De Marko Garnitury damski szyte na miar\u0119 Warszawa, Katowice, Bytom, Krak\u00f3w, Szczecin, Gdynia, Gda\u0144sk, Sopot, Kamienna G\u00f3ra, Opole, Toru\u0144, ... ca\u0142a Polska szycie na miar\u0119 on-line\" class=\"wp-image-18584\" srcset=\"https:\/\/www.sklep.demarco.pl\/blog\/wp-content\/uploads\/2025\/09\/elegancki-garnitur-damski-de-marco-1-683x1024.jpg 683w, https:\/\/www.sklep.demarco.pl\/blog\/wp-content\/uploads\/2025\/09\/elegancki-garnitur-damski-de-marco-1-200x300.jpg 200w, https:\/\/www.sklep.demarco.pl\/blog\/wp-content\/uploads\/2025\/09\/elegancki-garnitur-damski-de-marco-1-768x1152.jpg 768w, https:\/\/www.sklep.demarco.pl\/blog\/wp-content\/uploads\/2025\/09\/elegancki-garnitur-damski-de-marco-1.jpg 832w\" sizes=\"auto, (max-width: 683px) 100vw, 683px\" \/><\/a><\/figure>\n<\/figure>\n\n\n\n<p>Czytaj r\u00f3wnie\u017c: <a href=\"https:\/\/www.demarco.pl\/modne-ubrania-na-wielkanoc\/\">Modne ubrania na Wielkanoc!<\/a><\/p>\n\n\n\n<h2 class=\"wp-block-heading\">To spo\u0142ecze\u0144stwo jest powierzchowne!<\/h2>\n\n\n\n<p>Z jednej strony prowokacyjnie ignorujemy w\u0142asny wygl\u0105d. Z drugiej strony oczekujemy od otoczenia szacunku i uznania. Gdy ich nie otrzymujemy, pojawia si\u0119 pokusa, by obwinia\u0107 spo\u0142ecze\u0144stwo o powierzchowno\u015b\u0107.<\/p>\n\n\n\n<p>Tymczasem konflikt z naturalnymi mechanizmami ludzkiej percepcji jest z g\u00f3ry skazany na niepowodzenie.<\/p>\n\n\n\n<p>Szanowne Panie, zamiast walczy\u0107 z wiatrakami, warto wykorzysta\u0107 nasz intelekt w spos\u00f3b m\u0105dry i \u015bwiadomy. Dbanie o siebie nie jest oznak\u0105 pr\u00f3\u017cno\u015bci. Jest przejawem szacunku do w\u0142asnej osoby, do swojej pracy oraz do ludzi, z kt\u00f3rymi si\u0119 spotykamy.<\/p>\n\n\n\n<p>Elegancja przyci\u0105ga uwag\u0119. Elegancja buduje autorytet. Elegancja sprawia, \u017ce nasze s\u0142owa s\u0105 s\u0142yszane z wi\u0119ksz\u0105 uwag\u0105.<\/p>\n\n\n\n<p>Najpierw wzrok dostrzega harmoni\u0119 i estetyk\u0119, a dopiero potem pojawia si\u0119 przestrze\u0144 na tre\u015b\u0107 i argumenty.<\/p>\n\n\n\n<p>Mo\u017cna oczywi\u015bcie pr\u00f3bowa\u0107 temu zaprzecza\u0107, jednak rzeczywisto\u015b\u0107 spo\u0142eczna nie pozostawia w\u0105tpliwo\u015bci \u2013 tak w\u0142a\u015bnie funkcjonuje ludzka percepcja.<\/p>\n\n\n\n<p>Dlatego kobiety ambitne, kobiety czynu, kobiety pracy oraz kobiety o aspiracjach intelektualnych powinny traktowa\u0107 elegancj\u0119 nie jako kaprys, lecz jako element w\u0142asnej si\u0142y.<\/p>\n\n\n\n<figure class=\"wp-block-gallery has-nested-images columns-default is-cropped wp-block-gallery-3 is-layout-flex wp-block-gallery-is-layout-flex\">\n<figure class=\"wp-block-image size-large\"><a href=\"https:\/\/www.sklep.demarco.pl\/lekka-sukienka-rada-ii\" target=\"_blank\" rel=\"noreferrer noopener\"><img loading=\"lazy\" decoding=\"async\" width=\"683\" height=\"1024\" data-id=\"18628\" src=\"https:\/\/www.sklep.demarco.pl\/blog\/wp-content\/uploads\/2025\/10\/polskie-ubrania-dobrej-jakosci-683x1024.png\" alt=\"Najnowsze Trendy dla 30 latki, 40 latki, 50 latki. Modne i eleganckie ubrania na co dzie\u0144 i na wyj\u015bcie. Sukienka maxi z ramonesk\u0105 to modna stylizacja. De Marco najpopularniejsza polska marka premium Szycie na miar\u0119 Warszawa, Krak\u00f3w, Bydgoszcz, Radom, Brzeszcze, Pozna\u0144, Bielsko, Kalwaria, Cz\u0119stochowa, Katowice, Olsztyn, Lublin, Szczecin, Opole, Tychy, Pszczyna, Gdynia, \u015awinouj\u015bcie, Zakopane, Gliwice, O\u015bwi\u0119cim, Wadowice, Frydrychowice, Wroc\u0142aw, Nowy targ, Nowy S\u0105cz, Jelenia G\u00f3ra, Kamienna G\u00f3ra, Gorz\u00f3w Wielkopolski, Zielona G\u00f3ra, Toru\u0144, Bia\u0142ystok, Kielce, ... ca\u0142a Polska !!! Us\u0142ug\u0119 krawiectwa miarowego wykonujemy on-line.\" class=\"wp-image-18628\" srcset=\"https:\/\/www.sklep.demarco.pl\/blog\/wp-content\/uploads\/2025\/10\/polskie-ubrania-dobrej-jakosci-683x1024.png 683w, https:\/\/www.sklep.demarco.pl\/blog\/wp-content\/uploads\/2025\/10\/polskie-ubrania-dobrej-jakosci-200x300.png 200w, https:\/\/www.sklep.demarco.pl\/blog\/wp-content\/uploads\/2025\/10\/polskie-ubrania-dobrej-jakosci-768x1152.png 768w, https:\/\/www.sklep.demarco.pl\/blog\/wp-content\/uploads\/2025\/10\/polskie-ubrania-dobrej-jakosci.png 832w\" sizes=\"auto, (max-width: 683px) 100vw, 683px\" \/><\/a><\/figure>\n\n\n\n<figure class=\"wp-block-image size-large\"><a href=\"https:\/\/www.sklep.demarco.pl\/ekskluzywny-dlugi-plaszcz-kendra-iii\" target=\"_blank\" rel=\"noreferrer noopener\"><img loading=\"lazy\" decoding=\"async\" width=\"768\" height=\"1024\" data-id=\"18428\" src=\"https:\/\/www.sklep.demarco.pl\/blog\/wp-content\/uploads\/2025\/08\/signal-2024-07-14-121634_002-768x1024.jpeg\" alt=\"Ekskluzywny p\u0142aszcz na jesie\u0144 projektowany i szyty na miar\u0119 w Atelier W. Fr\u0105czek polskiej projektantki i w\u0142a\u015bcicielki luksusowej marki De Marco\" class=\"wp-image-18428\" srcset=\"https:\/\/www.sklep.demarco.pl\/blog\/wp-content\/uploads\/2025\/08\/signal-2024-07-14-121634_002-768x1024.jpeg 768w, https:\/\/www.sklep.demarco.pl\/blog\/wp-content\/uploads\/2025\/08\/signal-2024-07-14-121634_002-225x300.jpeg 225w, https:\/\/www.sklep.demarco.pl\/blog\/wp-content\/uploads\/2025\/08\/signal-2024-07-14-121634_002-1152x1536.jpeg 1152w, https:\/\/www.sklep.demarco.pl\/blog\/wp-content\/uploads\/2025\/08\/signal-2024-07-14-121634_002.jpeg 1200w\" sizes=\"auto, (max-width: 768px) 100vw, 768px\" \/><\/a><\/figure>\n\n\n\n<figure class=\"wp-block-image size-full\"><img loading=\"lazy\" decoding=\"async\" width=\"743\" height=\"709\" data-id=\"18416\" src=\"https:\/\/www.sklep.demarco.pl\/blog\/wp-content\/uploads\/2025\/07\/Pierwsza-Dama-RP-.jpg\" alt=\"Jesienne inspiracje \u2013 najpi\u0119kniejsze garsonki i kostiumy damskie na sezon 2025 w stylu Pierwszej Damy, Pani Agaty Kornhauser-Dudy\" class=\"wp-image-18416\" srcset=\"https:\/\/www.sklep.demarco.pl\/blog\/wp-content\/uploads\/2025\/07\/Pierwsza-Dama-RP-.jpg 743w, https:\/\/www.sklep.demarco.pl\/blog\/wp-content\/uploads\/2025\/07\/Pierwsza-Dama-RP--300x286.jpg 300w\" sizes=\"auto, (max-width: 743px) 100vw, 743px\" \/><\/figure>\n<\/figure>\n\n\n\n<p>Czytaj r\u00f3wnie\u017c: <a href=\"https:\/\/www.sklep.demarco.pl\/blog\/polskie-ubrania-z-jedwabiu-naturalnego-szyte-na-miare\/\">Polskie ubrania z jedwabiu naturalnego szyte na miar\u0119 \u2013 luksus w najbardziej szlachetnej ods\u0142onie<\/a><\/p>\n\n\n\n<h2 class=\"wp-block-heading\">Szanowne Panie, dbajmy o siebie.<\/h2>\n\n\n\n<p>Zobaczycie, \u017ce wraz z trosk\u0105 o w\u0142asny wygl\u0105d poprawi si\u0119 nie tylko wizerunek zewn\u0119trzny, ale r\u00f3wnie\u017c samopoczucie, kondycja psychiczna oraz poczucie w\u0142asnej warto\u015bci. Ludzie zaczn\u0105 nie tylko patrze\u0107 \u2013 zaczn\u0105 r\u00f3wnie\u017c uwa\u017cniej s\u0142ucha\u0107 tego, co macie do powiedzenia.<\/p>\n\n\n\n<p>Poniewa\u017c elegancja przyci\u0105ga uwag\u0119.<br>A uwaga otwiera drog\u0119 dla idei.<\/p>\n\n\n\n<p>Ka\u017cda kobieta zas\u0142uguje na to, aby wygl\u0105da\u0107 dobrze i czu\u0107 si\u0119 dobrze we w\u0142asnym ciele.<\/p>\n\n\n\n<p>Czytaj r\u00f3wnie\u017c: <a href=\"https:\/\/www.demarco.pl\/nie-zwracam-uwagi-na-mode-bo-nie-lubie-swojego-rozmiaru\/\">Nie zwracam uwagi na mod\u0119, bo nie lubi\u0119 swojego rozmiaru<\/a><\/p>\n\n\n\n<figure class=\"wp-block-embed is-type-wp-embed is-provider-de-marco wp-block-embed-de-marco\"><div class=\"wp-block-embed__wrapper\">\n<blockquote class=\"wp-embedded-content\" data-secret=\"Zzj76gm5MT\"><a href=\"https:\/\/www.sklep.demarco.pl\/blog\/cudowna-sukienka-koktajlowa-jak-wyglada-i-kiedy-ja-nosic\/\">Cudowna sukienka koktajlowa &#8211; Jak wygl\u0105da i kiedy j\u0105 nosi\u0107?<\/a><\/blockquote><iframe loading=\"lazy\" class=\"wp-embedded-content\" sandbox=\"allow-scripts\" security=\"restricted\" style=\"position: absolute; visibility: hidden;\" title=\"&#8222;Cudowna sukienka koktajlowa &#8211; Jak wygl\u0105da i kiedy j\u0105 nosi\u0107?&#8221; &#8212; De Marco\" src=\"https:\/\/www.sklep.demarco.pl\/blog\/cudowna-sukienka-koktajlowa-jak-wyglada-i-kiedy-ja-nosic\/embed\/#?secret=4NiqaDTwQP#?secret=Zzj76gm5MT\" data-secret=\"Zzj76gm5MT\" width=\"500\" height=\"282\" frameborder=\"0\" marginwidth=\"0\" marginheight=\"0\" scrolling=\"no\"><\/iframe>\n<\/div><\/figure>\n\n\n<!-- wp:themify-builder\/canvas \/-->","protected":false},"excerpt":{"rendered":"<p>To spo\u0142ecze\u0144stwo jest powierzchowne! Kobieta nie powinna o siebie dba\u0107! Poniewa\u017c: &#8222;Liczy si\u0119 wn\u0119trze, a nie wygl\u0105d&#8221; Szanowni Pa\u0144stwo, W przestrzeni publicznej bardzo cz\u0119sto powtarzamy zdanie, kt\u00f3re z pozoru brzmi niezwykle szlachetnie: \u201eliczy si\u0119 wn\u0119trze, a nie wygl\u0105d\u201d. W swojej pierwotnej intencji ma ono przypomina\u0107, \u017ce prawdziw\u0105 warto\u015bci\u0105 cz\u0142owieka jest jego charakter, inteligencja, wra\u017cliwo\u015b\u0107 oraz [&hellip;]<\/p>\n","protected":false},"author":1,"featured_media":19175,"comment_status":"closed","ping_status":"closed","sticky":false,"template":"","format":"standard","meta":{"footnotes":"","_links_to":"","_links_to_target":""},"categories":[15],"tags":[469,135,171,3491,3339],"class_list":["post-19170","post","type-post","status-publish","format-standard","has-post-thumbnail","hentry","category-metamorfoza","tag-de-marco-ekskluzywna-marka","tag-de-marco-frydrychowice","tag-ekskluzywna-odziez-damska","tag-ekskluzywna-odziez-damska-polskich-producentow","tag-elegancka-odziez-damska-sklep-internetowy"],"yoast_head":"<!-- This site is optimized with the Yoast SEO plugin v27.5 - https:\/\/yoast.com\/product\/yoast-seo-wordpress\/ -->\n<title>&quot;Liczy si\u0119 wn\u0119trze, a nie wygl\u0105d&quot; czy\u017cby to by\u0142a tylko wym\u00f3wka? - De Marco<\/title>\n<meta name=\"description\" content=\"To spo\u0142ecze\u0144stwo jest powierzchowne! Dlaczego wmawia si\u0119 kobiet\u0105 \u017ce nie zas\u0142uguj\u0105 na dobr\u0105 jako\u015b\u0107? Kobieta nie powinna o siebie dba\u0107!\" \/>\n<meta name=\"robots\" content=\"index, follow, max-snippet:-1, max-image-preview:large, max-video-preview:-1\" \/>\n<link rel=\"canonical\" href=\"https:\/\/www.sklep.demarco.pl\/blog\/liczy-sie-wnetrze-a-nie-wyglad-czyzby-to-byla-tylko-wymowka\/\" \/>\n<meta property=\"og:locale\" content=\"pl_PL\" \/>\n<meta property=\"og:type\" content=\"article\" \/>\n<meta property=\"og:title\" content=\"&quot;Liczy si\u0119 wn\u0119trze, a nie wygl\u0105d&quot; czy\u017cby to by\u0142a tylko wym\u00f3wka? - De Marco\" \/>\n<meta property=\"og:description\" content=\"To spo\u0142ecze\u0144stwo jest powierzchowne! Dlaczego wmawia si\u0119 kobiet\u0105 \u017ce nie zas\u0142uguj\u0105 na dobr\u0105 jako\u015b\u0107? Kobieta nie powinna o siebie dba\u0107!\" \/>\n<meta property=\"og:url\" content=\"https:\/\/www.sklep.demarco.pl\/blog\/liczy-sie-wnetrze-a-nie-wyglad-czyzby-to-byla-tylko-wymowka\/\" \/>\n<meta property=\"og:site_name\" content=\"De Marco\" \/>\n<meta property=\"article:publisher\" content=\"https:\/\/www.facebook.com\/DeMarco.Styl\" \/>\n<meta property=\"article:published_time\" content=\"2026-03-13T16:47:33+00:00\" \/>\n<meta property=\"article:modified_time\" content=\"2026-03-13T17:01:25+00:00\" \/>\n<meta property=\"og:image\" content=\"https:\/\/www.sklep.demarco.pl\/blog\/wp-content\/uploads\/2026\/03\/Wlsyslawa-Fraczek-odziez-dyplomatyczna-3.jpg\" \/>\n\t<meta property=\"og:image:width\" content=\"1024\" \/>\n\t<meta property=\"og:image:height\" content=\"1024\" \/>\n\t<meta property=\"og:image:type\" content=\"image\/jpeg\" \/>\n<meta name=\"author\" content=\"de marco\" \/>\n<meta name=\"twitter:label1\" content=\"Napisane przez\" \/>\n\t<meta name=\"twitter:data1\" content=\"de marco\" \/>\n\t<meta name=\"twitter:label2\" content=\"Szacowany czas czytania\" \/>\n\t<meta name=\"twitter:data2\" content=\"7 minut\" \/>\n<script type=\"application\/ld+json\" class=\"yoast-schema-graph\">{\"@context\":\"https:\\\/\\\/schema.org\",\"@graph\":[{\"@type\":\"Article\",\"@id\":\"https:\\\/\\\/www.sklep.demarco.pl\\\/blog\\\/liczy-sie-wnetrze-a-nie-wyglad-czyzby-to-byla-tylko-wymowka\\\/#article\",\"isPartOf\":{\"@id\":\"https:\\\/\\\/www.sklep.demarco.pl\\\/blog\\\/liczy-sie-wnetrze-a-nie-wyglad-czyzby-to-byla-tylko-wymowka\\\/\"},\"author\":{\"name\":\"de marco\",\"@id\":\"https:\\\/\\\/www.sklep.demarco.pl\\\/blog\\\/#\\\/schema\\\/person\\\/38456e8269588abfbbdda5bc04dad142\"},\"headline\":\"&#8222;Liczy si\u0119 wn\u0119trze, a nie wygl\u0105d&#8221; czy\u017cby to by\u0142a tylko wym\u00f3wka?\",\"datePublished\":\"2026-03-13T16:47:33+00:00\",\"dateModified\":\"2026-03-13T17:01:25+00:00\",\"mainEntityOfPage\":{\"@id\":\"https:\\\/\\\/www.sklep.demarco.pl\\\/blog\\\/liczy-sie-wnetrze-a-nie-wyglad-czyzby-to-byla-tylko-wymowka\\\/\"},\"wordCount\":941,\"image\":{\"@id\":\"https:\\\/\\\/www.sklep.demarco.pl\\\/blog\\\/liczy-sie-wnetrze-a-nie-wyglad-czyzby-to-byla-tylko-wymowka\\\/#primaryimage\"},\"thumbnailUrl\":\"https:\\\/\\\/www.sklep.demarco.pl\\\/blog\\\/wp-content\\\/uploads\\\/2026\\\/03\\\/Wlsyslawa-Fraczek-odziez-dyplomatyczna-3.jpg\",\"keywords\":[\"De Marco ekskluzywna marka\",\"De Marco Frydrychowice\",\"Ekskluzywna odzie\u017c damska\",\"Ekskluzywna odzie\u017c damska polskich producent\u00f3w\",\"Elegancka odzie\u017c damska sklep internetowy\"],\"articleSection\":[\"METAMORFOZA\"],\"inLanguage\":\"pl-PL\"},{\"@type\":\"WebPage\",\"@id\":\"https:\\\/\\\/www.sklep.demarco.pl\\\/blog\\\/liczy-sie-wnetrze-a-nie-wyglad-czyzby-to-byla-tylko-wymowka\\\/\",\"url\":\"https:\\\/\\\/www.sklep.demarco.pl\\\/blog\\\/liczy-sie-wnetrze-a-nie-wyglad-czyzby-to-byla-tylko-wymowka\\\/\",\"name\":\"\\\"Liczy si\u0119 wn\u0119trze, a nie wygl\u0105d\\\" czy\u017cby to by\u0142a tylko wym\u00f3wka? - De Marco\",\"isPartOf\":{\"@id\":\"https:\\\/\\\/www.sklep.demarco.pl\\\/blog\\\/#website\"},\"primaryImageOfPage\":{\"@id\":\"https:\\\/\\\/www.sklep.demarco.pl\\\/blog\\\/liczy-sie-wnetrze-a-nie-wyglad-czyzby-to-byla-tylko-wymowka\\\/#primaryimage\"},\"image\":{\"@id\":\"https:\\\/\\\/www.sklep.demarco.pl\\\/blog\\\/liczy-sie-wnetrze-a-nie-wyglad-czyzby-to-byla-tylko-wymowka\\\/#primaryimage\"},\"thumbnailUrl\":\"https:\\\/\\\/www.sklep.demarco.pl\\\/blog\\\/wp-content\\\/uploads\\\/2026\\\/03\\\/Wlsyslawa-Fraczek-odziez-dyplomatyczna-3.jpg\",\"datePublished\":\"2026-03-13T16:47:33+00:00\",\"dateModified\":\"2026-03-13T17:01:25+00:00\",\"author\":{\"@id\":\"https:\\\/\\\/www.sklep.demarco.pl\\\/blog\\\/#\\\/schema\\\/person\\\/38456e8269588abfbbdda5bc04dad142\"},\"description\":\"To spo\u0142ecze\u0144stwo jest powierzchowne! Dlaczego wmawia si\u0119 kobiet\u0105 \u017ce nie zas\u0142uguj\u0105 na dobr\u0105 jako\u015b\u0107? Kobieta nie powinna o siebie dba\u0107!\",\"breadcrumb\":{\"@id\":\"https:\\\/\\\/www.sklep.demarco.pl\\\/blog\\\/liczy-sie-wnetrze-a-nie-wyglad-czyzby-to-byla-tylko-wymowka\\\/#breadcrumb\"},\"inLanguage\":\"pl-PL\",\"potentialAction\":[{\"@type\":\"ReadAction\",\"target\":[\"https:\\\/\\\/www.sklep.demarco.pl\\\/blog\\\/liczy-sie-wnetrze-a-nie-wyglad-czyzby-to-byla-tylko-wymowka\\\/\"]}]},{\"@type\":\"ImageObject\",\"inLanguage\":\"pl-PL\",\"@id\":\"https:\\\/\\\/www.sklep.demarco.pl\\\/blog\\\/liczy-sie-wnetrze-a-nie-wyglad-czyzby-to-byla-tylko-wymowka\\\/#primaryimage\",\"url\":\"https:\\\/\\\/www.sklep.demarco.pl\\\/blog\\\/wp-content\\\/uploads\\\/2026\\\/03\\\/Wlsyslawa-Fraczek-odziez-dyplomatyczna-3.jpg\",\"contentUrl\":\"https:\\\/\\\/www.sklep.demarco.pl\\\/blog\\\/wp-content\\\/uploads\\\/2026\\\/03\\\/Wlsyslawa-Fraczek-odziez-dyplomatyczna-3.jpg\",\"width\":1024,\"height\":1024,\"caption\":\"Polska projektantka ekskluzywnej odzie\u017cy damskiej W\u0142adys\u0142awa Fr\u0105czek w\u0142a\u015bcicielka marki De Marco\"},{\"@type\":\"BreadcrumbList\",\"@id\":\"https:\\\/\\\/www.sklep.demarco.pl\\\/blog\\\/liczy-sie-wnetrze-a-nie-wyglad-czyzby-to-byla-tylko-wymowka\\\/#breadcrumb\",\"itemListElement\":[{\"@type\":\"ListItem\",\"position\":1,\"name\":\"Strona g\u0142\u00f3wna\",\"item\":\"https:\\\/\\\/www.sklep.demarco.pl\\\/blog\\\/\"},{\"@type\":\"ListItem\",\"position\":2,\"name\":\"&#8222;Liczy si\u0119 wn\u0119trze, a nie wygl\u0105d&#8221; czy\u017cby to by\u0142a tylko wym\u00f3wka?\"}]},{\"@type\":\"WebSite\",\"@id\":\"https:\\\/\\\/www.sklep.demarco.pl\\\/blog\\\/#website\",\"url\":\"https:\\\/\\\/www.sklep.demarco.pl\\\/blog\\\/\",\"name\":\"De Marco\",\"description\":\"The finest women&#039;s clothing manufacturer\",\"potentialAction\":[{\"@type\":\"SearchAction\",\"target\":{\"@type\":\"EntryPoint\",\"urlTemplate\":\"https:\\\/\\\/www.sklep.demarco.pl\\\/blog\\\/?s={search_term_string}\"},\"query-input\":{\"@type\":\"PropertyValueSpecification\",\"valueRequired\":true,\"valueName\":\"search_term_string\"}}],\"inLanguage\":\"pl-PL\"},{\"@type\":\"Person\",\"@id\":\"https:\\\/\\\/www.sklep.demarco.pl\\\/blog\\\/#\\\/schema\\\/person\\\/38456e8269588abfbbdda5bc04dad142\",\"name\":\"de marco\",\"image\":{\"@type\":\"ImageObject\",\"inLanguage\":\"pl-PL\",\"@id\":\"https:\\\/\\\/secure.gravatar.com\\\/avatar\\\/1d03f06a246921ea2531e9b59fe2dcd5a125b6b3339bedd531ae0d7e4bb25f99?s=96&d=mm&r=g\",\"url\":\"https:\\\/\\\/secure.gravatar.com\\\/avatar\\\/1d03f06a246921ea2531e9b59fe2dcd5a125b6b3339bedd531ae0d7e4bb25f99?s=96&d=mm&r=g\",\"contentUrl\":\"https:\\\/\\\/secure.gravatar.com\\\/avatar\\\/1d03f06a246921ea2531e9b59fe2dcd5a125b6b3339bedd531ae0d7e4bb25f99?s=96&d=mm&r=g\",\"caption\":\"de marco\"},\"url\":\"https:\\\/\\\/www.sklep.demarco.pl\\\/blog\\\/author\\\/de-marco\\\/\"}]}<\/script>\n<!-- \/ Yoast SEO plugin. -->","yoast_head_json":{"title":"\"Liczy si\u0119 wn\u0119trze, a nie wygl\u0105d\" czy\u017cby to by\u0142a tylko wym\u00f3wka? - De Marco","description":"To spo\u0142ecze\u0144stwo jest powierzchowne! Dlaczego wmawia si\u0119 kobiet\u0105 \u017ce nie zas\u0142uguj\u0105 na dobr\u0105 jako\u015b\u0107? Kobieta nie powinna o siebie dba\u0107!","robots":{"index":"index","follow":"follow","max-snippet":"max-snippet:-1","max-image-preview":"max-image-preview:large","max-video-preview":"max-video-preview:-1"},"canonical":"https:\/\/www.sklep.demarco.pl\/blog\/liczy-sie-wnetrze-a-nie-wyglad-czyzby-to-byla-tylko-wymowka\/","og_locale":"pl_PL","og_type":"article","og_title":"\"Liczy si\u0119 wn\u0119trze, a nie wygl\u0105d\" czy\u017cby to by\u0142a tylko wym\u00f3wka? - De Marco","og_description":"To spo\u0142ecze\u0144stwo jest powierzchowne! Dlaczego wmawia si\u0119 kobiet\u0105 \u017ce nie zas\u0142uguj\u0105 na dobr\u0105 jako\u015b\u0107? Kobieta nie powinna o siebie dba\u0107!","og_url":"https:\/\/www.sklep.demarco.pl\/blog\/liczy-sie-wnetrze-a-nie-wyglad-czyzby-to-byla-tylko-wymowka\/","og_site_name":"De Marco","article_publisher":"https:\/\/www.facebook.com\/DeMarco.Styl","article_published_time":"2026-03-13T16:47:33+00:00","article_modified_time":"2026-03-13T17:01:25+00:00","og_image":[{"width":1024,"height":1024,"url":"https:\/\/www.sklep.demarco.pl\/blog\/wp-content\/uploads\/2026\/03\/Wlsyslawa-Fraczek-odziez-dyplomatyczna-3.jpg","type":"image\/jpeg"}],"author":"de marco","twitter_misc":{"Napisane przez":"de marco","Szacowany czas czytania":"7 minut"},"schema":{"@context":"https:\/\/schema.org","@graph":[{"@type":"Article","@id":"https:\/\/www.sklep.demarco.pl\/blog\/liczy-sie-wnetrze-a-nie-wyglad-czyzby-to-byla-tylko-wymowka\/#article","isPartOf":{"@id":"https:\/\/www.sklep.demarco.pl\/blog\/liczy-sie-wnetrze-a-nie-wyglad-czyzby-to-byla-tylko-wymowka\/"},"author":{"name":"de marco","@id":"https:\/\/www.sklep.demarco.pl\/blog\/#\/schema\/person\/38456e8269588abfbbdda5bc04dad142"},"headline":"&#8222;Liczy si\u0119 wn\u0119trze, a nie wygl\u0105d&#8221; czy\u017cby to by\u0142a tylko wym\u00f3wka?","datePublished":"2026-03-13T16:47:33+00:00","dateModified":"2026-03-13T17:01:25+00:00","mainEntityOfPage":{"@id":"https:\/\/www.sklep.demarco.pl\/blog\/liczy-sie-wnetrze-a-nie-wyglad-czyzby-to-byla-tylko-wymowka\/"},"wordCount":941,"image":{"@id":"https:\/\/www.sklep.demarco.pl\/blog\/liczy-sie-wnetrze-a-nie-wyglad-czyzby-to-byla-tylko-wymowka\/#primaryimage"},"thumbnailUrl":"https:\/\/www.sklep.demarco.pl\/blog\/wp-content\/uploads\/2026\/03\/Wlsyslawa-Fraczek-odziez-dyplomatyczna-3.jpg","keywords":["De Marco ekskluzywna marka","De Marco Frydrychowice","Ekskluzywna odzie\u017c damska","Ekskluzywna odzie\u017c damska polskich producent\u00f3w","Elegancka odzie\u017c damska sklep internetowy"],"articleSection":["METAMORFOZA"],"inLanguage":"pl-PL"},{"@type":"WebPage","@id":"https:\/\/www.sklep.demarco.pl\/blog\/liczy-sie-wnetrze-a-nie-wyglad-czyzby-to-byla-tylko-wymowka\/","url":"https:\/\/www.sklep.demarco.pl\/blog\/liczy-sie-wnetrze-a-nie-wyglad-czyzby-to-byla-tylko-wymowka\/","name":"\"Liczy si\u0119 wn\u0119trze, a nie wygl\u0105d\" czy\u017cby to by\u0142a tylko wym\u00f3wka? - De Marco","isPartOf":{"@id":"https:\/\/www.sklep.demarco.pl\/blog\/#website"},"primaryImageOfPage":{"@id":"https:\/\/www.sklep.demarco.pl\/blog\/liczy-sie-wnetrze-a-nie-wyglad-czyzby-to-byla-tylko-wymowka\/#primaryimage"},"image":{"@id":"https:\/\/www.sklep.demarco.pl\/blog\/liczy-sie-wnetrze-a-nie-wyglad-czyzby-to-byla-tylko-wymowka\/#primaryimage"},"thumbnailUrl":"https:\/\/www.sklep.demarco.pl\/blog\/wp-content\/uploads\/2026\/03\/Wlsyslawa-Fraczek-odziez-dyplomatyczna-3.jpg","datePublished":"2026-03-13T16:47:33+00:00","dateModified":"2026-03-13T17:01:25+00:00","author":{"@id":"https:\/\/www.sklep.demarco.pl\/blog\/#\/schema\/person\/38456e8269588abfbbdda5bc04dad142"},"description":"To spo\u0142ecze\u0144stwo jest powierzchowne! Dlaczego wmawia si\u0119 kobiet\u0105 \u017ce nie zas\u0142uguj\u0105 na dobr\u0105 jako\u015b\u0107? Kobieta nie powinna o siebie dba\u0107!","breadcrumb":{"@id":"https:\/\/www.sklep.demarco.pl\/blog\/liczy-sie-wnetrze-a-nie-wyglad-czyzby-to-byla-tylko-wymowka\/#breadcrumb"},"inLanguage":"pl-PL","potentialAction":[{"@type":"ReadAction","target":["https:\/\/www.sklep.demarco.pl\/blog\/liczy-sie-wnetrze-a-nie-wyglad-czyzby-to-byla-tylko-wymowka\/"]}]},{"@type":"ImageObject","inLanguage":"pl-PL","@id":"https:\/\/www.sklep.demarco.pl\/blog\/liczy-sie-wnetrze-a-nie-wyglad-czyzby-to-byla-tylko-wymowka\/#primaryimage","url":"https:\/\/www.sklep.demarco.pl\/blog\/wp-content\/uploads\/2026\/03\/Wlsyslawa-Fraczek-odziez-dyplomatyczna-3.jpg","contentUrl":"https:\/\/www.sklep.demarco.pl\/blog\/wp-content\/uploads\/2026\/03\/Wlsyslawa-Fraczek-odziez-dyplomatyczna-3.jpg","width":1024,"height":1024,"caption":"Polska projektantka ekskluzywnej odzie\u017cy damskiej W\u0142adys\u0142awa Fr\u0105czek w\u0142a\u015bcicielka marki De Marco"},{"@type":"BreadcrumbList","@id":"https:\/\/www.sklep.demarco.pl\/blog\/liczy-sie-wnetrze-a-nie-wyglad-czyzby-to-byla-tylko-wymowka\/#breadcrumb","itemListElement":[{"@type":"ListItem","position":1,"name":"Strona g\u0142\u00f3wna","item":"https:\/\/www.sklep.demarco.pl\/blog\/"},{"@type":"ListItem","position":2,"name":"&#8222;Liczy si\u0119 wn\u0119trze, a nie wygl\u0105d&#8221; czy\u017cby to by\u0142a tylko wym\u00f3wka?"}]},{"@type":"WebSite","@id":"https:\/\/www.sklep.demarco.pl\/blog\/#website","url":"https:\/\/www.sklep.demarco.pl\/blog\/","name":"De Marco","description":"The finest women&#039;s clothing manufacturer","potentialAction":[{"@type":"SearchAction","target":{"@type":"EntryPoint","urlTemplate":"https:\/\/www.sklep.demarco.pl\/blog\/?s={search_term_string}"},"query-input":{"@type":"PropertyValueSpecification","valueRequired":true,"valueName":"search_term_string"}}],"inLanguage":"pl-PL"},{"@type":"Person","@id":"https:\/\/www.sklep.demarco.pl\/blog\/#\/schema\/person\/38456e8269588abfbbdda5bc04dad142","name":"de marco","image":{"@type":"ImageObject","inLanguage":"pl-PL","@id":"https:\/\/secure.gravatar.com\/avatar\/1d03f06a246921ea2531e9b59fe2dcd5a125b6b3339bedd531ae0d7e4bb25f99?s=96&d=mm&r=g","url":"https:\/\/secure.gravatar.com\/avatar\/1d03f06a246921ea2531e9b59fe2dcd5a125b6b3339bedd531ae0d7e4bb25f99?s=96&d=mm&r=g","contentUrl":"https:\/\/secure.gravatar.com\/avatar\/1d03f06a246921ea2531e9b59fe2dcd5a125b6b3339bedd531ae0d7e4bb25f99?s=96&d=mm&r=g","caption":"de marco"},"url":"https:\/\/www.sklep.demarco.pl\/blog\/author\/de-marco\/"}]}},"builder_content":"","_links":{"self":[{"href":"https:\/\/www.sklep.demarco.pl\/blog\/wp-json\/wp\/v2\/posts\/19170","targetHints":{"allow":["GET"]}}],"collection":[{"href":"https:\/\/www.sklep.demarco.pl\/blog\/wp-json\/wp\/v2\/posts"}],"about":[{"href":"https:\/\/www.sklep.demarco.pl\/blog\/wp-json\/wp\/v2\/types\/post"}],"author":[{"embeddable":true,"href":"https:\/\/www.sklep.demarco.pl\/blog\/wp-json\/wp\/v2\/users\/1"}],"replies":[{"embeddable":true,"href":"https:\/\/www.sklep.demarco.pl\/blog\/wp-json\/wp\/v2\/comments?post=19170"}],"version-history":[{"count":6,"href":"https:\/\/www.sklep.demarco.pl\/blog\/wp-json\/wp\/v2\/posts\/19170\/revisions"}],"predecessor-version":[{"id":19179,"href":"https:\/\/www.sklep.demarco.pl\/blog\/wp-json\/wp\/v2\/posts\/19170\/revisions\/19179"}],"wp:featuredmedia":[{"embeddable":true,"href":"https:\/\/www.sklep.demarco.pl\/blog\/wp-json\/wp\/v2\/media\/19175"}],"wp:attachment":[{"href":"https:\/\/www.sklep.demarco.pl\/blog\/wp-json\/wp\/v2\/media?parent=19170"}],"wp:term":[{"taxonomy":"category","embeddable":true,"href":"https:\/\/www.sklep.demarco.pl\/blog\/wp-json\/wp\/v2\/categories?post=19170"},{"taxonomy":"post_tag","embeddable":true,"href":"https:\/\/www.sklep.demarco.pl\/blog\/wp-json\/wp\/v2\/tags?post=19170"}],"curies":[{"name":"wp","href":"https:\/\/api.w.org\/{rel}","templated":true}]}}