{"id":19146,"date":"2026-03-12T18:30:59","date_gmt":"2026-03-12T18:30:59","guid":{"rendered":"https:\/\/www.sklep.demarco.pl\/blog\/?p=19146"},"modified":"2026-03-12T18:31:04","modified_gmt":"2026-03-12T18:31:04","slug":"modne-stylizacje-na-komunie-ekskluzywne-ubrania-damskie","status":"publish","type":"post","link":"https:\/\/www.sklep.demarco.pl\/blog\/modne-stylizacje-na-komunie-ekskluzywne-ubrania-damskie\/","title":{"rendered":"Modne stylizacje na komuni\u0119. Ekskluzywne ubrania damskie"},"content":{"rendered":"\n<p>Szanowni Pa\u0144stwo,<\/p>\n\n\n\n<p>Pierwsza Komunia \u015awi\u0119ta jest jednym z najbardziej wzruszaj\u0105cych i radosnych wydarze\u0144 w \u017cyciu rodziny. To moment szczeg\u00f3lny, w kt\u00f3rym nasze dziecko \u2013 a niekiedy r\u00f3wnie\u017c wnuczka lub wnuk \u2013 prze\u017cywa wa\u017cny etap swojej duchowej drogi. Dla m\u0142odego cz\u0142owieka jest to pierwsza tak uroczysta chwila, w kt\u00f3rej uczestniczy ca\u0142a rodzina, bliscy i przyjaciele.<\/p>\n\n\n\n<p>Doskonale wiemy, jak wielkie emocje towarzysz\u0105 temu dniu. Jest to \u015bwi\u0119to pe\u0142ne dumy, wzruszenia i rodzinnego ciep\u0142a. Nic wi\u0119c dziwnego, \u017ce pragniemy, aby tak\u017ce nasza obecno\u015b\u0107 i nasz str\u00f3j by\u0142y godne tej wyj\u0105tkowej okazji.<\/p>\n\n\n\n<p>Czytaj r\u00f3wnie\u017c: <a href=\"https:\/\/www.demarco.pl\/nie-zwracam-uwagi-na-mode-bo-nie-lubie-swojego-rozmiaru\/\">Nie zwracam uwagi na mod\u0119, bo nie lubi\u0119 swojego rozmiaru<\/a><\/p>\n\n\n\n<div class=\"wp-block-media-text is-stacked-on-mobile\"><figure class=\"wp-block-media-text__media\"><a href=\"https:\/\/www.sklep.demarco.pl\/ekskluzywny-komplet-do-slubu-lea\" target=\"_blank\" rel=\"noreferrer noopener\"><img loading=\"lazy\" decoding=\"async\" width=\"683\" height=\"1024\" src=\"https:\/\/www.sklep.demarco.pl\/blog\/wp-content\/uploads\/2026\/03\/mama-na-komunie_1-683x1024.jpg\" alt=\"Eleganckie komplety ze sp\u00f3dnic\u0105 na komuni\u0119 dziecka De Marco szycie na miar\u0119 \" class=\"wp-image-19159 size-full\" srcset=\"https:\/\/www.sklep.demarco.pl\/blog\/wp-content\/uploads\/2026\/03\/mama-na-komunie_1-683x1024.jpg 683w, https:\/\/www.sklep.demarco.pl\/blog\/wp-content\/uploads\/2026\/03\/mama-na-komunie_1-200x300.jpg 200w, https:\/\/www.sklep.demarco.pl\/blog\/wp-content\/uploads\/2026\/03\/mama-na-komunie_1-768x1152.jpg 768w, https:\/\/www.sklep.demarco.pl\/blog\/wp-content\/uploads\/2026\/03\/mama-na-komunie_1.jpg 832w\" sizes=\"auto, (max-width: 683px) 100vw, 683px\" \/><\/a><\/figure><div class=\"wp-block-media-text__content\">\n<h2 class=\"wp-block-heading\">Jakie stylizacje b\u0119d\u0105 szczeg\u00f3lnie modne podczas komunijnych uroczysto\u015bci w sezonie 2026 oraz 2027?<\/h2>\n\n\n\n<p>W nadchodz\u0105cych sezonach projektanci zgodnie wskazuj\u0105 na jasn\u0105, \u015bwietlist\u0105 palet\u0119 kolor\u00f3w. Szczeg\u00f3lnie popularne b\u0119d\u0105 odcienie bieli \u2013 od klasycznej, czystej bieli, przez krem, a\u017c po subtelne odcienie \u00e9cru i ko\u015bci s\u0142oniowej. To wyb\u00f3r niezwykle symboliczny, poniewa\u017c biel od wiek\u00f3w kojarzona jest z czysto\u015bci\u0105, niewinno\u015bci\u0105 i rado\u015bci\u0105.<\/p>\n\n\n\n<p>Komunia jest jedn\u0105 z tych nielicznych okazji, podczas kt\u00f3rych osoby doros\u0142e mog\u0105 bez skr\u0119powania si\u0119gn\u0105\u0107 po tak jasne, eleganckie barwy. Wiosenna aura dodatkowo sprzyja lekkim i \u015bwie\u017cym stylizacjom, kt\u00f3re podkre\u015blaj\u0105 uroczysty charakter wydarzenia.<\/p>\n<\/div><\/div>\n\n\n\n<p>Czytaj r\u00f3wnie\u017c: <a href=\"https:\/\/www.sklep.demarco.pl\/blog\/jak-ubrac-sie-na-wyscigi-royal-ascot-2026\/\">Jak ubra\u0107 si\u0119 na wy\u015bcigi Royal Ascot 2026?<\/a><\/p>\n\n\n\n<div class=\"wp-block-media-text is-stacked-on-mobile\"><figure class=\"wp-block-media-text__media\"><a href=\"https:\/\/www.sklep.demarco.pl\/ekskluzywna-wizytowa-garsonka-lara\" target=\"_blank\" rel=\"noreferrer noopener\"><img loading=\"lazy\" decoding=\"async\" width=\"683\" height=\"1024\" src=\"https:\/\/www.sklep.demarco.pl\/blog\/wp-content\/uploads\/2026\/03\/wiosenna_garsonka_2-683x1024.jpg\" alt=\"Modna garsonka na komuni\u0119, wesele, \u015bwi\u0119ta i chrzciny De Marco najlepsza polska marka odzie\u017cowa z luksusowymi ubraniami dla kobiet\" class=\"wp-image-19153 size-full\" srcset=\"https:\/\/www.sklep.demarco.pl\/blog\/wp-content\/uploads\/2026\/03\/wiosenna_garsonka_2-683x1024.jpg 683w, https:\/\/www.sklep.demarco.pl\/blog\/wp-content\/uploads\/2026\/03\/wiosenna_garsonka_2-200x300.jpg 200w, https:\/\/www.sklep.demarco.pl\/blog\/wp-content\/uploads\/2026\/03\/wiosenna_garsonka_2-768x1152.jpg 768w, https:\/\/www.sklep.demarco.pl\/blog\/wp-content\/uploads\/2026\/03\/wiosenna_garsonka_2.jpg 832w\" sizes=\"auto, (max-width: 683px) 100vw, 683px\" \/><\/a><\/figure><div class=\"wp-block-media-text__content\">\n<h2 class=\"wp-block-heading\">Modne fasony garsonek na komuni\u0119<\/h2>\n\n\n\n<p>Je\u015bli chodzi o fasony, szczeg\u00f3ln\u0105 popularno\u015bci\u0105 ciesz\u0105 si\u0119 nowoczesne garsonki. To niezwykle eleganckie zestawienie \u017cakietu oraz sp\u00f3dnicy, kt\u00f3re od wielu lat pozostaje symbolem klasy i dobrego stylu. Garsonka jest strojem ch\u0119tnie wybieranym przez kobiety reprezentuj\u0105ce najwy\u017csze standardy elegancji \u2013 zar\u00f3wno w Polsce, jak i w wielu krajach Europy.<\/p>\n\n\n\n<p>Dobrze skrojona garsonka potrafi podkre\u015bli\u0107 sylwetk\u0119, doda\u0107 powagi i jednocze\u015bnie zachowa\u0107 subteln\u0105 kobieco\u015b\u0107. Jest to wyb\u00f3r niezwykle odpowiedni na uroczysto\u015b\u0107 rodzinn\u0105 o tak podnios\u0142ym charakterze.<\/p>\n<\/div><\/div>\n\n\n\n<p>Czytaj r\u00f3wnie\u017c: <a href=\"https:\/\/www.demarco.pl\/najpiekniejsze-luksusowe-stylizacje-na-zjazd-starych-samochodow\/\">Najpi\u0119kniejsze luksusowe stylizacje na zjazd starych samochod\u00f3w<\/a><\/p>\n\n\n\n<div class=\"wp-block-media-text is-stacked-on-mobile\"><figure class=\"wp-block-media-text__media\"><a href=\"https:\/\/www.sklep.demarco.pl\/ekskluzywne-garnitury-damskie-orchidea-ii\" target=\"_blank\" rel=\"noreferrer noopener\"><img loading=\"lazy\" decoding=\"async\" width=\"747\" height=\"1024\" src=\"https:\/\/www.sklep.demarco.pl\/blog\/wp-content\/uploads\/2026\/03\/garnitur_damski_de_marco_1-747x1024.jpg\" alt=\"Luksusowy garnitur damski na komuni\u0119 dla mamy dziecka. Szycie na miar\u0119 garnitur\u00f3w dla kobiet po 30 tce, 40 tce, 50 tce.\" class=\"wp-image-19158 size-full\" srcset=\"https:\/\/www.sklep.demarco.pl\/blog\/wp-content\/uploads\/2026\/03\/garnitur_damski_de_marco_1-747x1024.jpg 747w, https:\/\/www.sklep.demarco.pl\/blog\/wp-content\/uploads\/2026\/03\/garnitur_damski_de_marco_1-219x300.jpg 219w, https:\/\/www.sklep.demarco.pl\/blog\/wp-content\/uploads\/2026\/03\/garnitur_damski_de_marco_1-768x1052.jpg 768w, https:\/\/www.sklep.demarco.pl\/blog\/wp-content\/uploads\/2026\/03\/garnitur_damski_de_marco_1.jpg 864w\" sizes=\"auto, (max-width: 747px) 100vw, 747px\" \/><\/a><\/figure><div class=\"wp-block-media-text__content\">\n<h2 class=\"wp-block-heading\">Najmodniejsze garnitury damskie na komuni\u0119 <\/h2>\n\n\n\n<p>Drug\u0105 doskona\u0142\u0105 propozycj\u0105 jest elegancki garnitur damski. Po\u0142\u0105czenie spodni, marynarki oraz eleganckiej bluzki stanowi rozwi\u0105zanie nowoczesne, komfortowe i niezwykle stylowe. Taka stylizacja szczeg\u00f3lnie dobrze sprawdza si\u0119 w przypadku mam dziecka komunijnego, kt\u00f3re w tym dniu maj\u0105 wiele obowi\u0105zk\u00f3w i potrzebuj\u0105 stroju nie tylko pi\u0119knego, ale r\u00f3wnie\u017c praktycznego.<\/p>\n<\/div><\/div>\n\n\n\n<p>Czytaj r\u00f3wnie\u017c: <a href=\"https:\/\/www.sklep.demarco.pl\/blog\/wiosenne-garsonki-na-wesele\/\">Wiosenne garsonki na wesele.<\/a><\/p>\n\n\n\n<div class=\"wp-block-media-text is-stacked-on-mobile\"><figure class=\"wp-block-media-text__media\"><a href=\"https:\/\/www.sklep.demarco.pl\/garsonki\" target=\"_blank\" rel=\"noreferrer noopener\"><img loading=\"lazy\" decoding=\"async\" width=\"702\" height=\"1024\" src=\"https:\/\/www.sklep.demarco.pl\/blog\/wp-content\/uploads\/2026\/03\/wiosenna_garsonka_4-702x1024.jpg\" alt=\"Elegancka garsonka De Marco Unikatowe komplety damskie projektowanie indywidualnie i szyte na miar\u0119 w Atelier De Marco ko\u0142o Krakowa\" class=\"wp-image-19157 size-full\" srcset=\"https:\/\/www.sklep.demarco.pl\/blog\/wp-content\/uploads\/2026\/03\/wiosenna_garsonka_4-702x1024.jpg 702w, https:\/\/www.sklep.demarco.pl\/blog\/wp-content\/uploads\/2026\/03\/wiosenna_garsonka_4-206x300.jpg 206w, https:\/\/www.sklep.demarco.pl\/blog\/wp-content\/uploads\/2026\/03\/wiosenna_garsonka_4-768x1120.jpg 768w, https:\/\/www.sklep.demarco.pl\/blog\/wp-content\/uploads\/2026\/03\/wiosenna_garsonka_4.jpg 779w\" sizes=\"auto, (max-width: 702px) 100vw, 702px\" \/><\/a><\/figure><div class=\"wp-block-media-text__content\">\n<h2 class=\"wp-block-heading\">Biel i pastele najlepszymi kolorami na wiosn\u0119<\/h2>\n\n\n\n<p>Cho\u0107 biel jest w nadchodz\u0105cych sezonach wyj\u0105tkowo modna, warto pami\u0119ta\u0107, \u017ce komunia jest uroczysto\u015bci\u0105 wiosenn\u0105, a wi\u0119c pozwala na szerok\u0105 palet\u0119 jasnych, \u015bwie\u017cych barw. Delikatne pastele, subtelne odcienie be\u017cu, pudrowego r\u00f3\u017cu, jasnego b\u0142\u0119kitu czy roz\u015bwietlonego kremu r\u00f3wnie\u017c doskonale wpisuj\u0105 si\u0119 w charakter tej okazji.<\/p>\n\n\n\n<p>Najwa\u017cniejszym kryterium wyboru stroju powinno jednak zawsze pozostawa\u0107 nasze samopoczucie. Str\u00f3j powinien harmonizowa\u0107 z nasz\u0105 osobowo\u015bci\u0105, temperamentem oraz naturaln\u0105 urod\u0105. Moda mo\u017ce by\u0107 inspiracj\u0105 i podpowiedzi\u0105, ale nigdy nie powinna by\u0107 bezwzgl\u0119dnym nakazem.<\/p>\n<\/div><\/div>\n\n\n\n<p>Czytaj r\u00f3wnie\u017c: <a href=\"https:\/\/www.demarco.pl\/modne-ubrania-na-wielkanoc\/\">Modne ubrania na Wielkanoc!<\/a><\/p>\n\n\n\n<div class=\"wp-block-media-text is-stacked-on-mobile\"><figure class=\"wp-block-media-text__media\"><a href=\"https:\/\/www.sklep.demarco.pl\/luksusowa-sukienka-manuela\" target=\"_blank\" rel=\"noreferrer noopener\"><img loading=\"lazy\" decoding=\"async\" width=\"683\" height=\"1024\" src=\"https:\/\/www.sklep.demarco.pl\/blog\/wp-content\/uploads\/2025\/12\/elegancka_kobieta_1pg-683x1024.jpg\" alt=\"Co kupi\u0107 eleganckiej kobiecie? Inspiracje na prezent dla kobiety kt\u00f3r\u0105 kochasz\" class=\"wp-image-18880 size-full\" srcset=\"https:\/\/www.sklep.demarco.pl\/blog\/wp-content\/uploads\/2025\/12\/elegancka_kobieta_1pg-683x1024.jpg 683w, https:\/\/www.sklep.demarco.pl\/blog\/wp-content\/uploads\/2025\/12\/elegancka_kobieta_1pg-200x300.jpg 200w, https:\/\/www.sklep.demarco.pl\/blog\/wp-content\/uploads\/2025\/12\/elegancka_kobieta_1pg-768x1152.jpg 768w, https:\/\/www.sklep.demarco.pl\/blog\/wp-content\/uploads\/2025\/12\/elegancka_kobieta_1pg-1024x1536.jpg 1024w, https:\/\/www.sklep.demarco.pl\/blog\/wp-content\/uploads\/2025\/12\/elegancka_kobieta_1pg.jpg 1200w\" sizes=\"auto, (max-width: 683px) 100vw, 683px\" \/><\/a><\/figure><div class=\"wp-block-media-text__content\">\n<h2 class=\"wp-block-heading\">Elegancja to trafne wybory<\/h2>\n\n\n\n<p>Szanowni Pa\u0144stwo, prawdziwa elegancja polega na umiej\u0119tno\u015bci wyboru tego, co najlepiej podkre\u015bla nasz\u0105 indywidualno\u015b\u0107.<\/p>\n\n\n\n<p>Dlatego nie pod\u0105\u017cajmy \u015blepo za trendami. Wybierajmy stylizacje, kt\u00f3re sprawiaj\u0105, \u017ce czujemy si\u0119 pewnie, naturalnie i pi\u0119knie \u2013 poniewa\u017c w\u0142a\u015bnie wtedy nasza elegancja staje si\u0119 najbardziej autentyczna.<\/p>\n\n\n\n<p>Serdecznie zapraszamy r\u00f3wnie\u017c do odwiedzenia strony internetowej marki De Marco, gdzie mog\u0105 Pa\u0144stwo zapozna\u0107 si\u0119 z propozycjami wyj\u0105tkowych stylizacji szytych na miar\u0119 \u2013 projektowanych z my\u015bl\u0105 o kobietach, kt\u00f3re ceni\u0105 klas\u0119, komfort i ponadczasow\u0105 elegancj\u0119.<\/p>\n\n\n\n<p>Z wyrazami serdecznego pozdrowienia<br>W\u0142adys\u0142awa Fr\u0105czek<br>stylistka i projektantka ekskluzywnej odzie\u017cy damskiej<br>w\u0142a\u015bcicielka marki De Marco<\/p>\n<\/div><\/div>\n\n\n\n<p>Czytaj r\u00f3wnie\u017c: <a href=\"https:\/\/www.sklep.demarco.pl\/blog\/jak-ubrac-sie-na-kameralne-przyjecie\/\">Jak ubra\u0107 si\u0119 na kameralne przyj\u0119cie?<\/a><\/p>\n\n\n\n<figure class=\"wp-block-embed is-type-wp-embed is-provider-de-marco wp-block-embed-de-marco\"><div class=\"wp-block-embed__wrapper\">\n<blockquote class=\"wp-embedded-content\" data-secret=\"pwHNi97qfo\"><a href=\"https:\/\/www.sklep.demarco.pl\/blog\/najpiekniejsza-suknia-slubna-dla-panny-mlodej-z-pokolenia-z\/\">Najpi\u0119kniejsza suknia \u015blubna dla Panny M\u0142odej z pokolenia Z<\/a><\/blockquote><iframe loading=\"lazy\" class=\"wp-embedded-content\" sandbox=\"allow-scripts\" security=\"restricted\" style=\"position: absolute; visibility: hidden;\" title=\"&#8222;Najpi\u0119kniejsza suknia \u015blubna dla Panny M\u0142odej z pokolenia Z&#8221; &#8212; De Marco\" src=\"https:\/\/www.sklep.demarco.pl\/blog\/najpiekniejsza-suknia-slubna-dla-panny-mlodej-z-pokolenia-z\/embed\/#?secret=T7hbba0UFc#?secret=pwHNi97qfo\" data-secret=\"pwHNi97qfo\" width=\"500\" height=\"282\" frameborder=\"0\" marginwidth=\"0\" marginheight=\"0\" scrolling=\"no\"><\/iframe>\n<\/div><\/figure>\n\n\n<!-- wp:themify-builder\/canvas \/-->","protected":false},"excerpt":{"rendered":"<p>Szanowni Pa\u0144stwo, Pierwsza Komunia \u015awi\u0119ta jest jednym z najbardziej wzruszaj\u0105cych i radosnych wydarze\u0144 w \u017cyciu rodziny. To moment szczeg\u00f3lny, w kt\u00f3rym nasze dziecko \u2013 a niekiedy r\u00f3wnie\u017c wnuczka lub wnuk \u2013 prze\u017cywa wa\u017cny etap swojej duchowej drogi. Dla m\u0142odego cz\u0142owieka jest to pierwsza tak uroczysta chwila, w kt\u00f3rej uczestniczy ca\u0142a rodzina, bliscy i przyjaciele. Doskonale [&hellip;]<\/p>\n","protected":false},"author":1,"featured_media":19156,"comment_status":"closed","ping_status":"closed","sticky":false,"template":"","format":"standard","meta":{"footnotes":"","_links_to":"","_links_to_target":""},"categories":[15],"tags":[82,469,169,171,3491,3339,478,176],"class_list":["post-19146","post","type-post","status-publish","format-standard","has-post-thumbnail","hentry","category-metamorfoza","tag-de-marco","tag-de-marco-ekskluzywna-marka","tag-de-marco-kolekcja","tag-ekskluzywna-odziez-damska","tag-ekskluzywna-odziez-damska-polskich-producentow","tag-elegancka-odziez-damska-sklep-internetowy","tag-markowa-odziez-damska","tag-sklep-de-marco"],"yoast_head":"<!-- This site is optimized with the Yoast SEO plugin v27.5 - https:\/\/yoast.com\/product\/yoast-seo-wordpress\/ -->\n<title>Modne stylizacje na komuni\u0119. Ekskluzywne ubrania damskie - De Marco<\/title>\n<meta name=\"description\" content=\"Jakie stylizacje b\u0119d\u0105 szczeg\u00f3lnie modne podczas komunijnych uroczysto\u015bci w sezonie 2026 oraz 2027? Biel i pastele na wiosn\u0119\" \/>\n<meta name=\"robots\" content=\"index, follow, max-snippet:-1, max-image-preview:large, max-video-preview:-1\" \/>\n<link rel=\"canonical\" href=\"https:\/\/www.sklep.demarco.pl\/blog\/modne-stylizacje-na-komunie-ekskluzywne-ubrania-damskie\/\" \/>\n<meta property=\"og:locale\" content=\"pl_PL\" \/>\n<meta property=\"og:type\" content=\"article\" \/>\n<meta property=\"og:title\" content=\"Modne stylizacje na komuni\u0119. Ekskluzywne ubrania damskie - De Marco\" \/>\n<meta property=\"og:description\" content=\"Jakie stylizacje b\u0119d\u0105 szczeg\u00f3lnie modne podczas komunijnych uroczysto\u015bci w sezonie 2026 oraz 2027? Biel i pastele na wiosn\u0119\" \/>\n<meta property=\"og:url\" content=\"https:\/\/www.sklep.demarco.pl\/blog\/modne-stylizacje-na-komunie-ekskluzywne-ubrania-damskie\/\" \/>\n<meta property=\"og:site_name\" content=\"De Marco\" \/>\n<meta property=\"article:publisher\" content=\"https:\/\/www.facebook.com\/DeMarco.Styl\" \/>\n<meta property=\"article:published_time\" content=\"2026-03-12T18:30:59+00:00\" \/>\n<meta property=\"article:modified_time\" content=\"2026-03-12T18:31:04+00:00\" \/>\n<meta property=\"og:image\" content=\"https:\/\/www.sklep.demarco.pl\/blog\/wp-content\/uploads\/2026\/03\/wiosenna_garsonka_1.jpg\" \/>\n\t<meta property=\"og:image:width\" content=\"896\" \/>\n\t<meta property=\"og:image:height\" content=\"1195\" \/>\n\t<meta property=\"og:image:type\" content=\"image\/jpeg\" \/>\n<meta name=\"author\" content=\"de marco\" \/>\n<meta name=\"twitter:label1\" content=\"Napisane przez\" \/>\n\t<meta name=\"twitter:data1\" content=\"de marco\" \/>\n\t<meta name=\"twitter:label2\" content=\"Szacowany czas czytania\" \/>\n\t<meta name=\"twitter:data2\" content=\"5 minut\" \/>\n<script type=\"application\/ld+json\" class=\"yoast-schema-graph\">{\"@context\":\"https:\\\/\\\/schema.org\",\"@graph\":[{\"@type\":\"Article\",\"@id\":\"https:\\\/\\\/www.sklep.demarco.pl\\\/blog\\\/modne-stylizacje-na-komunie-ekskluzywne-ubrania-damskie\\\/#article\",\"isPartOf\":{\"@id\":\"https:\\\/\\\/www.sklep.demarco.pl\\\/blog\\\/modne-stylizacje-na-komunie-ekskluzywne-ubrania-damskie\\\/\"},\"author\":{\"name\":\"de marco\",\"@id\":\"https:\\\/\\\/www.sklep.demarco.pl\\\/blog\\\/#\\\/schema\\\/person\\\/38456e8269588abfbbdda5bc04dad142\"},\"headline\":\"Modne stylizacje na komuni\u0119. Ekskluzywne ubrania damskie\",\"datePublished\":\"2026-03-12T18:30:59+00:00\",\"dateModified\":\"2026-03-12T18:31:04+00:00\",\"mainEntityOfPage\":{\"@id\":\"https:\\\/\\\/www.sklep.demarco.pl\\\/blog\\\/modne-stylizacje-na-komunie-ekskluzywne-ubrania-damskie\\\/\"},\"wordCount\":651,\"image\":{\"@id\":\"https:\\\/\\\/www.sklep.demarco.pl\\\/blog\\\/modne-stylizacje-na-komunie-ekskluzywne-ubrania-damskie\\\/#primaryimage\"},\"thumbnailUrl\":\"https:\\\/\\\/www.sklep.demarco.pl\\\/blog\\\/wp-content\\\/uploads\\\/2026\\\/03\\\/wiosenna_garsonka_1.jpg\",\"keywords\":[\"De Marco\",\"De Marco ekskluzywna marka\",\"de marco-kolekcja\",\"Ekskluzywna odzie\u017c damska\",\"Ekskluzywna odzie\u017c damska polskich producent\u00f3w\",\"Elegancka odzie\u017c damska sklep internetowy\",\"markowa odzie\u017c damska\",\"sklep De marco\"],\"articleSection\":[\"METAMORFOZA\"],\"inLanguage\":\"pl-PL\"},{\"@type\":\"WebPage\",\"@id\":\"https:\\\/\\\/www.sklep.demarco.pl\\\/blog\\\/modne-stylizacje-na-komunie-ekskluzywne-ubrania-damskie\\\/\",\"url\":\"https:\\\/\\\/www.sklep.demarco.pl\\\/blog\\\/modne-stylizacje-na-komunie-ekskluzywne-ubrania-damskie\\\/\",\"name\":\"Modne stylizacje na komuni\u0119. Ekskluzywne ubrania damskie - De Marco\",\"isPartOf\":{\"@id\":\"https:\\\/\\\/www.sklep.demarco.pl\\\/blog\\\/#website\"},\"primaryImageOfPage\":{\"@id\":\"https:\\\/\\\/www.sklep.demarco.pl\\\/blog\\\/modne-stylizacje-na-komunie-ekskluzywne-ubrania-damskie\\\/#primaryimage\"},\"image\":{\"@id\":\"https:\\\/\\\/www.sklep.demarco.pl\\\/blog\\\/modne-stylizacje-na-komunie-ekskluzywne-ubrania-damskie\\\/#primaryimage\"},\"thumbnailUrl\":\"https:\\\/\\\/www.sklep.demarco.pl\\\/blog\\\/wp-content\\\/uploads\\\/2026\\\/03\\\/wiosenna_garsonka_1.jpg\",\"datePublished\":\"2026-03-12T18:30:59+00:00\",\"dateModified\":\"2026-03-12T18:31:04+00:00\",\"author\":{\"@id\":\"https:\\\/\\\/www.sklep.demarco.pl\\\/blog\\\/#\\\/schema\\\/person\\\/38456e8269588abfbbdda5bc04dad142\"},\"description\":\"Jakie stylizacje b\u0119d\u0105 szczeg\u00f3lnie modne podczas komunijnych uroczysto\u015bci w sezonie 2026 oraz 2027? Biel i pastele na wiosn\u0119\",\"breadcrumb\":{\"@id\":\"https:\\\/\\\/www.sklep.demarco.pl\\\/blog\\\/modne-stylizacje-na-komunie-ekskluzywne-ubrania-damskie\\\/#breadcrumb\"},\"inLanguage\":\"pl-PL\",\"potentialAction\":[{\"@type\":\"ReadAction\",\"target\":[\"https:\\\/\\\/www.sklep.demarco.pl\\\/blog\\\/modne-stylizacje-na-komunie-ekskluzywne-ubrania-damskie\\\/\"]}]},{\"@type\":\"ImageObject\",\"inLanguage\":\"pl-PL\",\"@id\":\"https:\\\/\\\/www.sklep.demarco.pl\\\/blog\\\/modne-stylizacje-na-komunie-ekskluzywne-ubrania-damskie\\\/#primaryimage\",\"url\":\"https:\\\/\\\/www.sklep.demarco.pl\\\/blog\\\/wp-content\\\/uploads\\\/2026\\\/03\\\/wiosenna_garsonka_1.jpg\",\"contentUrl\":\"https:\\\/\\\/www.sklep.demarco.pl\\\/blog\\\/wp-content\\\/uploads\\\/2026\\\/03\\\/wiosenna_garsonka_1.jpg\",\"width\":896,\"height\":1195,\"caption\":\"Ekskluzywne wiosenne garsonki szyte na miar\u0119 w Salonie Mody De Marco. Bia\u0142y \u017cakiet ze sp\u00f3dnic\u0105 w pepitk\u0119\"},{\"@type\":\"BreadcrumbList\",\"@id\":\"https:\\\/\\\/www.sklep.demarco.pl\\\/blog\\\/modne-stylizacje-na-komunie-ekskluzywne-ubrania-damskie\\\/#breadcrumb\",\"itemListElement\":[{\"@type\":\"ListItem\",\"position\":1,\"name\":\"Strona g\u0142\u00f3wna\",\"item\":\"https:\\\/\\\/www.sklep.demarco.pl\\\/blog\\\/\"},{\"@type\":\"ListItem\",\"position\":2,\"name\":\"Modne stylizacje na komuni\u0119. Ekskluzywne ubrania damskie\"}]},{\"@type\":\"WebSite\",\"@id\":\"https:\\\/\\\/www.sklep.demarco.pl\\\/blog\\\/#website\",\"url\":\"https:\\\/\\\/www.sklep.demarco.pl\\\/blog\\\/\",\"name\":\"De Marco\",\"description\":\"The finest women&#039;s clothing manufacturer\",\"potentialAction\":[{\"@type\":\"SearchAction\",\"target\":{\"@type\":\"EntryPoint\",\"urlTemplate\":\"https:\\\/\\\/www.sklep.demarco.pl\\\/blog\\\/?s={search_term_string}\"},\"query-input\":{\"@type\":\"PropertyValueSpecification\",\"valueRequired\":true,\"valueName\":\"search_term_string\"}}],\"inLanguage\":\"pl-PL\"},{\"@type\":\"Person\",\"@id\":\"https:\\\/\\\/www.sklep.demarco.pl\\\/blog\\\/#\\\/schema\\\/person\\\/38456e8269588abfbbdda5bc04dad142\",\"name\":\"de marco\",\"image\":{\"@type\":\"ImageObject\",\"inLanguage\":\"pl-PL\",\"@id\":\"https:\\\/\\\/secure.gravatar.com\\\/avatar\\\/1d03f06a246921ea2531e9b59fe2dcd5a125b6b3339bedd531ae0d7e4bb25f99?s=96&d=mm&r=g\",\"url\":\"https:\\\/\\\/secure.gravatar.com\\\/avatar\\\/1d03f06a246921ea2531e9b59fe2dcd5a125b6b3339bedd531ae0d7e4bb25f99?s=96&d=mm&r=g\",\"contentUrl\":\"https:\\\/\\\/secure.gravatar.com\\\/avatar\\\/1d03f06a246921ea2531e9b59fe2dcd5a125b6b3339bedd531ae0d7e4bb25f99?s=96&d=mm&r=g\",\"caption\":\"de marco\"},\"url\":\"https:\\\/\\\/www.sklep.demarco.pl\\\/blog\\\/author\\\/de-marco\\\/\"}]}<\/script>\n<!-- \/ Yoast SEO plugin. -->","yoast_head_json":{"title":"Modne stylizacje na komuni\u0119. Ekskluzywne ubrania damskie - De Marco","description":"Jakie stylizacje b\u0119d\u0105 szczeg\u00f3lnie modne podczas komunijnych uroczysto\u015bci w sezonie 2026 oraz 2027? Biel i pastele na wiosn\u0119","robots":{"index":"index","follow":"follow","max-snippet":"max-snippet:-1","max-image-preview":"max-image-preview:large","max-video-preview":"max-video-preview:-1"},"canonical":"https:\/\/www.sklep.demarco.pl\/blog\/modne-stylizacje-na-komunie-ekskluzywne-ubrania-damskie\/","og_locale":"pl_PL","og_type":"article","og_title":"Modne stylizacje na komuni\u0119. Ekskluzywne ubrania damskie - De Marco","og_description":"Jakie stylizacje b\u0119d\u0105 szczeg\u00f3lnie modne podczas komunijnych uroczysto\u015bci w sezonie 2026 oraz 2027? Biel i pastele na wiosn\u0119","og_url":"https:\/\/www.sklep.demarco.pl\/blog\/modne-stylizacje-na-komunie-ekskluzywne-ubrania-damskie\/","og_site_name":"De Marco","article_publisher":"https:\/\/www.facebook.com\/DeMarco.Styl","article_published_time":"2026-03-12T18:30:59+00:00","article_modified_time":"2026-03-12T18:31:04+00:00","og_image":[{"width":896,"height":1195,"url":"https:\/\/www.sklep.demarco.pl\/blog\/wp-content\/uploads\/2026\/03\/wiosenna_garsonka_1.jpg","type":"image\/jpeg"}],"author":"de marco","twitter_misc":{"Napisane przez":"de marco","Szacowany czas czytania":"5 minut"},"schema":{"@context":"https:\/\/schema.org","@graph":[{"@type":"Article","@id":"https:\/\/www.sklep.demarco.pl\/blog\/modne-stylizacje-na-komunie-ekskluzywne-ubrania-damskie\/#article","isPartOf":{"@id":"https:\/\/www.sklep.demarco.pl\/blog\/modne-stylizacje-na-komunie-ekskluzywne-ubrania-damskie\/"},"author":{"name":"de marco","@id":"https:\/\/www.sklep.demarco.pl\/blog\/#\/schema\/person\/38456e8269588abfbbdda5bc04dad142"},"headline":"Modne stylizacje na komuni\u0119. Ekskluzywne ubrania damskie","datePublished":"2026-03-12T18:30:59+00:00","dateModified":"2026-03-12T18:31:04+00:00","mainEntityOfPage":{"@id":"https:\/\/www.sklep.demarco.pl\/blog\/modne-stylizacje-na-komunie-ekskluzywne-ubrania-damskie\/"},"wordCount":651,"image":{"@id":"https:\/\/www.sklep.demarco.pl\/blog\/modne-stylizacje-na-komunie-ekskluzywne-ubrania-damskie\/#primaryimage"},"thumbnailUrl":"https:\/\/www.sklep.demarco.pl\/blog\/wp-content\/uploads\/2026\/03\/wiosenna_garsonka_1.jpg","keywords":["De Marco","De Marco ekskluzywna marka","de marco-kolekcja","Ekskluzywna odzie\u017c damska","Ekskluzywna odzie\u017c damska polskich producent\u00f3w","Elegancka odzie\u017c damska sklep internetowy","markowa odzie\u017c damska","sklep De marco"],"articleSection":["METAMORFOZA"],"inLanguage":"pl-PL"},{"@type":"WebPage","@id":"https:\/\/www.sklep.demarco.pl\/blog\/modne-stylizacje-na-komunie-ekskluzywne-ubrania-damskie\/","url":"https:\/\/www.sklep.demarco.pl\/blog\/modne-stylizacje-na-komunie-ekskluzywne-ubrania-damskie\/","name":"Modne stylizacje na komuni\u0119. Ekskluzywne ubrania damskie - De Marco","isPartOf":{"@id":"https:\/\/www.sklep.demarco.pl\/blog\/#website"},"primaryImageOfPage":{"@id":"https:\/\/www.sklep.demarco.pl\/blog\/modne-stylizacje-na-komunie-ekskluzywne-ubrania-damskie\/#primaryimage"},"image":{"@id":"https:\/\/www.sklep.demarco.pl\/blog\/modne-stylizacje-na-komunie-ekskluzywne-ubrania-damskie\/#primaryimage"},"thumbnailUrl":"https:\/\/www.sklep.demarco.pl\/blog\/wp-content\/uploads\/2026\/03\/wiosenna_garsonka_1.jpg","datePublished":"2026-03-12T18:30:59+00:00","dateModified":"2026-03-12T18:31:04+00:00","author":{"@id":"https:\/\/www.sklep.demarco.pl\/blog\/#\/schema\/person\/38456e8269588abfbbdda5bc04dad142"},"description":"Jakie stylizacje b\u0119d\u0105 szczeg\u00f3lnie modne podczas komunijnych uroczysto\u015bci w sezonie 2026 oraz 2027? Biel i pastele na wiosn\u0119","breadcrumb":{"@id":"https:\/\/www.sklep.demarco.pl\/blog\/modne-stylizacje-na-komunie-ekskluzywne-ubrania-damskie\/#breadcrumb"},"inLanguage":"pl-PL","potentialAction":[{"@type":"ReadAction","target":["https:\/\/www.sklep.demarco.pl\/blog\/modne-stylizacje-na-komunie-ekskluzywne-ubrania-damskie\/"]}]},{"@type":"ImageObject","inLanguage":"pl-PL","@id":"https:\/\/www.sklep.demarco.pl\/blog\/modne-stylizacje-na-komunie-ekskluzywne-ubrania-damskie\/#primaryimage","url":"https:\/\/www.sklep.demarco.pl\/blog\/wp-content\/uploads\/2026\/03\/wiosenna_garsonka_1.jpg","contentUrl":"https:\/\/www.sklep.demarco.pl\/blog\/wp-content\/uploads\/2026\/03\/wiosenna_garsonka_1.jpg","width":896,"height":1195,"caption":"Ekskluzywne wiosenne garsonki szyte na miar\u0119 w Salonie Mody De Marco. Bia\u0142y \u017cakiet ze sp\u00f3dnic\u0105 w pepitk\u0119"},{"@type":"BreadcrumbList","@id":"https:\/\/www.sklep.demarco.pl\/blog\/modne-stylizacje-na-komunie-ekskluzywne-ubrania-damskie\/#breadcrumb","itemListElement":[{"@type":"ListItem","position":1,"name":"Strona g\u0142\u00f3wna","item":"https:\/\/www.sklep.demarco.pl\/blog\/"},{"@type":"ListItem","position":2,"name":"Modne stylizacje na komuni\u0119. Ekskluzywne ubrania damskie"}]},{"@type":"WebSite","@id":"https:\/\/www.sklep.demarco.pl\/blog\/#website","url":"https:\/\/www.sklep.demarco.pl\/blog\/","name":"De Marco","description":"The finest women&#039;s clothing manufacturer","potentialAction":[{"@type":"SearchAction","target":{"@type":"EntryPoint","urlTemplate":"https:\/\/www.sklep.demarco.pl\/blog\/?s={search_term_string}"},"query-input":{"@type":"PropertyValueSpecification","valueRequired":true,"valueName":"search_term_string"}}],"inLanguage":"pl-PL"},{"@type":"Person","@id":"https:\/\/www.sklep.demarco.pl\/blog\/#\/schema\/person\/38456e8269588abfbbdda5bc04dad142","name":"de marco","image":{"@type":"ImageObject","inLanguage":"pl-PL","@id":"https:\/\/secure.gravatar.com\/avatar\/1d03f06a246921ea2531e9b59fe2dcd5a125b6b3339bedd531ae0d7e4bb25f99?s=96&d=mm&r=g","url":"https:\/\/secure.gravatar.com\/avatar\/1d03f06a246921ea2531e9b59fe2dcd5a125b6b3339bedd531ae0d7e4bb25f99?s=96&d=mm&r=g","contentUrl":"https:\/\/secure.gravatar.com\/avatar\/1d03f06a246921ea2531e9b59fe2dcd5a125b6b3339bedd531ae0d7e4bb25f99?s=96&d=mm&r=g","caption":"de marco"},"url":"https:\/\/www.sklep.demarco.pl\/blog\/author\/de-marco\/"}]}},"builder_content":"","_links":{"self":[{"href":"https:\/\/www.sklep.demarco.pl\/blog\/wp-json\/wp\/v2\/posts\/19146","targetHints":{"allow":["GET"]}}],"collection":[{"href":"https:\/\/www.sklep.demarco.pl\/blog\/wp-json\/wp\/v2\/posts"}],"about":[{"href":"https:\/\/www.sklep.demarco.pl\/blog\/wp-json\/wp\/v2\/types\/post"}],"author":[{"embeddable":true,"href":"https:\/\/www.sklep.demarco.pl\/blog\/wp-json\/wp\/v2\/users\/1"}],"replies":[{"embeddable":true,"href":"https:\/\/www.sklep.demarco.pl\/blog\/wp-json\/wp\/v2\/comments?post=19146"}],"version-history":[{"count":4,"href":"https:\/\/www.sklep.demarco.pl\/blog\/wp-json\/wp\/v2\/posts\/19146\/revisions"}],"predecessor-version":[{"id":19160,"href":"https:\/\/www.sklep.demarco.pl\/blog\/wp-json\/wp\/v2\/posts\/19146\/revisions\/19160"}],"wp:featuredmedia":[{"embeddable":true,"href":"https:\/\/www.sklep.demarco.pl\/blog\/wp-json\/wp\/v2\/media\/19156"}],"wp:attachment":[{"href":"https:\/\/www.sklep.demarco.pl\/blog\/wp-json\/wp\/v2\/media?parent=19146"}],"wp:term":[{"taxonomy":"category","embeddable":true,"href":"https:\/\/www.sklep.demarco.pl\/blog\/wp-json\/wp\/v2\/categories?post=19146"},{"taxonomy":"post_tag","embeddable":true,"href":"https:\/\/www.sklep.demarco.pl\/blog\/wp-json\/wp\/v2\/tags?post=19146"}],"curies":[{"name":"wp","href":"https:\/\/api.w.org\/{rel}","templated":true}]}}