{"id":18994,"date":"2026-01-22T10:48:01","date_gmt":"2026-01-22T10:48:01","guid":{"rendered":"https:\/\/www.sklep.demarco.pl\/blog\/?p=18994"},"modified":"2026-01-22T11:03:13","modified_gmt":"2026-01-22T11:03:13","slug":"czy-warto-sie-stroic-oraz-czy-warto-organizowac-przyjecia","status":"publish","type":"post","link":"https:\/\/www.sklep.demarco.pl\/blog\/czy-warto-sie-stroic-oraz-czy-warto-organizowac-przyjecia\/","title":{"rendered":"Czy warto si\u0119 stroi\u0107, oraz czy warto organizowa\u0107 przyj\u0119cia?"},"content":{"rendered":"\n<p>Szanowni Pa\u0144stwo,<\/p>\n\n\n\n<p>Pytanie, czy warto si\u0119 stroi\u0107 oraz czy warto organizowa\u0107 przyj\u0119cia, w istocie dotyka znacznie g\u0142\u0119bszego zagadnienia: czy warto si\u0119 stara\u0107. Odpowied\u017a, cho\u0107 dla wielu mo\u017ce by\u0107 niewygodna, brzmi jednoznacznie \u2013 <strong>tak<\/strong>. Warto, a nawet nale\u017cy. Przede wszystkim dla w\u0142asnego dobrostanu psychicznego, dla poczucia sensu oraz dla umiej\u0119tno\u015bci zatrzymania w pami\u0119ci chwil, kt\u00f3re sk\u0142adaj\u0105 si\u0119 na nasze \u017cycie.<\/p>\n\n\n\n<div class=\"wp-block-media-text is-stacked-on-mobile\"><figure class=\"wp-block-media-text__media\"><a href=\"https:\/\/www.sklep.demarco.pl\/sukienki-z-jedwabiu-naturalnego-marisa-ii\" target=\"_blank\" rel=\"noreferrer noopener\"><img loading=\"lazy\" decoding=\"async\" width=\"683\" height=\"1024\" src=\"https:\/\/www.sklep.demarco.pl\/blog\/wp-content\/uploads\/2026\/01\/jedwabna_koktajlowa_sukienka_-683x1024.jpg\" alt=\"Najpi\u0119kniejsze sukienki koktajlowe dla 50 latki, 60 latki, 70 latki szyte na miar\u0119 u projektantki ekskluzywnej odzie\u017cy damskiej W\u0142adys\u0142awy Fr\u0105czek. Polskie jedwabne sukienki - s\u0142ynne marki odzie\u017cowe premium\" class=\"wp-image-18998 size-full\" srcset=\"https:\/\/www.sklep.demarco.pl\/blog\/wp-content\/uploads\/2026\/01\/jedwabna_koktajlowa_sukienka_-683x1024.jpg 683w, https:\/\/www.sklep.demarco.pl\/blog\/wp-content\/uploads\/2026\/01\/jedwabna_koktajlowa_sukienka_-200x300.jpg 200w, https:\/\/www.sklep.demarco.pl\/blog\/wp-content\/uploads\/2026\/01\/jedwabna_koktajlowa_sukienka_-768x1152.jpg 768w, https:\/\/www.sklep.demarco.pl\/blog\/wp-content\/uploads\/2026\/01\/jedwabna_koktajlowa_sukienka_.jpg 832w\" sizes=\"auto, (max-width: 683px) 100vw, 683px\" \/><\/a><\/figure><div class=\"wp-block-media-text__content\">\n<h2 class=\"wp-block-heading\">Cz\u0142owiek potrzebuje symboli i rytua\u0142\u00f3w.<\/h2>\n\n\n\n<p> Uroczysto\u015bci, spotkania rodzinne, przyj\u0119cia \u2013 nawet te kameralne \u2013 pe\u0142ni\u0105 rol\u0119 kotwic pami\u0119ci. To w\u0142a\u015bnie dzi\u0119ki nim kolejne etapy naszego \u017cycia nie zlewaj\u0105 si\u0119 w jednolit\u0105, trudn\u0105 do rozr\u00f3\u017cnienia codzienno\u015b\u0107. Je\u017celi my sami oraz nasi bliscy mamy co\u015b zapami\u0119ta\u0107, warto zadba\u0107 o to, aby w tych wspomnieniach zapisa\u0107 si\u0119 jako osoby eleganckie, \u015bwiadome i si\u0119gaj\u0105ce wy\u017cej ni\u017c przeci\u0119tno\u015b\u0107.<\/p>\n<\/div><\/div>\n\n\n\n<p>Czytaj r\u00f3wnie\u017c: <a href=\"https:\/\/www.sklep.demarco.pl\/blog\/wiosenne-garsonki-na-wesele\/\">Wiosenne garsonki na wesele.<\/a><\/p>\n\n\n\n<div class=\"wp-block-media-text is-stacked-on-mobile\"><figure class=\"wp-block-media-text__media\"><a href=\"https:\/\/www.sklep.demarco.pl\/eleganckie-plisowane-spodnie-kornela\" target=\"_blank\" rel=\"noreferrer noopener\"><img loading=\"lazy\" decoding=\"async\" width=\"601\" height=\"900\" src=\"https:\/\/www.sklep.demarco.pl\/blog\/wp-content\/uploads\/2025\/06\/16892887063864_de_marco_szerokie_spodnie_002.jpg\" alt=\"Eleganckie szerokie plisowane spodnie z jedwabn\u0105 bluzk\u0105 De Marco\" class=\"wp-image-18130 size-full\" srcset=\"https:\/\/www.sklep.demarco.pl\/blog\/wp-content\/uploads\/2025\/06\/16892887063864_de_marco_szerokie_spodnie_002.jpg 601w, https:\/\/www.sklep.demarco.pl\/blog\/wp-content\/uploads\/2025\/06\/16892887063864_de_marco_szerokie_spodnie_002-200x300.jpg 200w\" sizes=\"auto, (max-width: 601px) 100vw, 601px\" \/><\/a><\/figure><div class=\"wp-block-media-text__content\">\n<h2 class=\"wp-block-heading\"> Wyj\u015bcia bywaj\u0105 \u017ar\u00f3d\u0142em stresu<\/h2>\n\n\n\n<p>Dla wielu Pa\u0144, kt\u00f3re na co dzie\u0144 nie nosz\u0105 odzie\u017cy wizytowej, przygotowania do eleganckiego wyj\u015bcia bywaj\u0105 \u017ar\u00f3d\u0142em stresu. Stylizacje formalne mog\u0105 wydawa\u0107 si\u0119 obce, a nawet kr\u0119puj\u0105ce. Warto jednak pami\u0119ta\u0107, \u017ce wsp\u00f3\u0142czesny rynek mody oferuje ogromne bogactwo fason\u00f3w i rozwi\u0105za\u0144, dzi\u0119ki kt\u00f3rym elegancj\u0119 mo\u017cna dopasowa\u0107 do indywidualnego charakteru oraz temperamentu. Kluczem jest \u015bwiadomy dob\u00f3r kroju \u2013 takiego, kt\u00f3ry harmonijnie wsp\u00f3\u0142gra z sylwetk\u0105 i osobowo\u015bci\u0105.<\/p>\n<\/div><\/div>\n\n\n\n<p>Czytaj r\u00f3wnie\u017c: <a href=\"https:\/\/www.demarco.pl\/jak-ubrac-sie-na-slub-corki-lub-syna-modne-sukienki-nowoczesne-garsonki\/\">Jak ubra\u0107 si\u0119 na \u015blub c\u00f3rki lub syna \u2013 modne sukienki, nowoczesne garsonki<\/a><\/p>\n\n\n\n<div class=\"wp-block-media-text is-stacked-on-mobile\"><figure class=\"wp-block-media-text__media\"><a href=\"https:\/\/www.sklep.demarco.pl\/sukienka-lidia\" target=\"_blank\" rel=\"noreferrer noopener\"><img loading=\"lazy\" decoding=\"async\" width=\"747\" height=\"1024\" src=\"https:\/\/www.sklep.demarco.pl\/blog\/wp-content\/uploads\/2026\/01\/stylizacja-na-wesele_1-747x1024.jpg\" alt=\"Elegancka i lekka stylizacja na przyj\u0119cie. De Marco minimalistyczna luksusowa marka odzie\u017cowa - szycie miarowe Warszawa, Krak\u00f3w, Wroc\u0142aw, Katowice, Opole, Lublin..\" class=\"wp-image-18980 size-full\" srcset=\"https:\/\/www.sklep.demarco.pl\/blog\/wp-content\/uploads\/2026\/01\/stylizacja-na-wesele_1-747x1024.jpg 747w, https:\/\/www.sklep.demarco.pl\/blog\/wp-content\/uploads\/2026\/01\/stylizacja-na-wesele_1-219x300.jpg 219w, https:\/\/www.sklep.demarco.pl\/blog\/wp-content\/uploads\/2026\/01\/stylizacja-na-wesele_1-768x1052.jpg 768w, https:\/\/www.sklep.demarco.pl\/blog\/wp-content\/uploads\/2026\/01\/stylizacja-na-wesele_1.jpg 864w\" sizes=\"auto, (max-width: 747px) 100vw, 747px\" \/><\/a><\/figure><div class=\"wp-block-media-text__content\">\n<h2 class=\"wp-block-heading\">Elegancja nie musi by\u0107 dopasowana i niewygodna<\/h2>\n\n\n\n<p>Je\u017celi nie przepadamy za ubraniami dopasowanymi, warto zwr\u00f3ci\u0107 uwag\u0119 na bardziej swobodne formy. Odpowiednio zaprojektowane fasony o lu\u017aniejszej linii potrafi\u0105 dzia\u0142a\u0107 na nasz\u0105 korzy\u015b\u0107, podkre\u015blaj\u0105c atuty i maskuj\u0105c ewentualne niedoskona\u0142o\u015bci. R\u00f3wnie istotne jest zachowanie umiaru w drug\u0105 stron\u0119 \u2013 zbyt obcis\u0142e stylizacje, eksponuj\u0105ce bielizn\u0119 lub nadmiernie opinaj\u0105ce cia\u0142o, odbieraj\u0105 kreacji elegancj\u0119 i wprowadzaj\u0105 niepo\u017c\u0105dan\u0105 dos\u0142owno\u015b\u0107.<\/p>\n<\/div><\/div>\n\n\n\n<p>Czytaj r\u00f3wnie\u017c: <a href=\"https:\/\/www.demarco.pl\/najpiekniejsze-polskie-sukienki-szyte-na-miare\/\">Najpi\u0119kniejsze polskie sukienki szyte na miar\u0119<\/a><\/p>\n\n\n\n<div class=\"wp-block-media-text is-stacked-on-mobile\"><figure class=\"wp-block-media-text__media\"><a href=\"https:\/\/www.sklep.demarco.pl\/elmira-ekskluzywne-garnitury-damskie-na-wesele\" target=\"_blank\" rel=\"noreferrer noopener\"><img loading=\"lazy\" decoding=\"async\" width=\"1024\" height=\"769\" src=\"https:\/\/www.sklep.demarco.pl\/blog\/wp-content\/uploads\/2026\/01\/17.03.24-post-x3-Artboard11-1024x769.jpg\" alt=\"Najpi\u0119kniejsze garnitury damskie na wesele i komuni\u0119 De Marco szycie na miar\u0119 Krak\u00f3w, Warszawa, Wroc\u0142aw, Katowice, Lublin, Elbl\u0105g,\" class=\"wp-image-18960 size-full\" srcset=\"https:\/\/www.sklep.demarco.pl\/blog\/wp-content\/uploads\/2026\/01\/17.03.24-post-x3-Artboard11-1024x769.jpg 1024w, https:\/\/www.sklep.demarco.pl\/blog\/wp-content\/uploads\/2026\/01\/17.03.24-post-x3-Artboard11-300x225.jpg 300w, https:\/\/www.sklep.demarco.pl\/blog\/wp-content\/uploads\/2026\/01\/17.03.24-post-x3-Artboard11-768x577.jpg 768w, https:\/\/www.sklep.demarco.pl\/blog\/wp-content\/uploads\/2026\/01\/17.03.24-post-x3-Artboard11.jpg 1440w\" sizes=\"auto, (max-width: 1024px) 100vw, 1024px\" \/><\/a><\/figure><div class=\"wp-block-media-text__content\">\n<h2 class=\"wp-block-heading\">Stylizacje przeznaczone na wa\u017cne wyj\u015bcia<\/h2>\n\n\n\n<p>Stylizacje przeznaczone na wa\u017cne wyj\u015bcia powinny wyra\u017anie r\u00f3\u017cni\u0107 si\u0119 od codziennych zestaw\u00f3w. Oczywi\u015bcie m\u00f3wimy tu o osobach doros\u0142ych, kt\u00f3re samodzielnie decyduj\u0105 o swoim wizerunku. Jeansy, dresy czy dzianinowe bluzki s\u0105 doskona\u0142ym wyborem na co dzie\u0144 \u2013 wygodne, praktyczne i funkcjonalne \u2013 jednak nie spe\u0142niaj\u0105 roli stroj\u00f3w odpowiednich na przyj\u0119cia, uroczysto\u015bci czy spotkania o bardziej podnios\u0142ym charakterze.<\/p>\n<\/div><\/div>\n\n\n\n<p>Czytaj r\u00f3wnie\u017c: <a href=\"https:\/\/www.sklep.demarco.pl\/blog\/najmodniejsze-kreacje-na-komunie-dziecka-szycie-na-miare-de-marco\/\">Najmodniejsze kreacje na komuni\u0119 dziecka \u2013 szycie na miar\u0119 De Marco<\/a><\/p>\n\n\n\n<div class=\"wp-block-media-text is-stacked-on-mobile\"><figure class=\"wp-block-media-text__media\"><a href=\"https:\/\/www.sklep.demarco.pl\/ekskluzywna-garsonka-niniwa-ii\" target=\"_blank\" rel=\"noreferrer noopener\"><img loading=\"lazy\" decoding=\"async\" width=\"640\" height=\"1024\" src=\"https:\/\/www.sklep.demarco.pl\/blog\/wp-content\/uploads\/2026\/01\/Luksusowa-garsonka--640x1024.png\" alt=\"Ekskluzywne garsonki dla 50 latki, 60 latki, szyte na miar\u0119 w De Marco. Najpi\u0119kniejsze stylizacje na wesele dla dojrza\u0142ych Pa\u0144\" class=\"wp-image-18952 size-full\" srcset=\"https:\/\/www.sklep.demarco.pl\/blog\/wp-content\/uploads\/2026\/01\/Luksusowa-garsonka--640x1024.png 640w, https:\/\/www.sklep.demarco.pl\/blog\/wp-content\/uploads\/2026\/01\/Luksusowa-garsonka--188x300.png 188w, https:\/\/www.sklep.demarco.pl\/blog\/wp-content\/uploads\/2026\/01\/Luksusowa-garsonka--768x1229.png 768w, https:\/\/www.sklep.demarco.pl\/blog\/wp-content\/uploads\/2026\/01\/Luksusowa-garsonka-.png 800w\" sizes=\"auto, (max-width: 640px) 100vw, 640px\" \/><\/a><\/figure><div class=\"wp-block-media-text__content\">\n<h2 class=\"wp-block-heading\">Znaczenie \u015bwiadomych wybor\u00f3w zakupowych<\/h2>\n\n\n\n<p>Warto r\u00f3wnie\u017c podkre\u015bli\u0107 znaczenie \u015bwiadomych wybor\u00f3w zakupowych. Zach\u0119camy Szanownych Pa\u0144stwa do zapoznawania si\u0119 z ofert\u0105 polskich marek. Wspieraj\u0105c rodzimy przemys\u0142, nie tylko inwestujemy w jako\u015b\u0107 i rzemios\u0142o, lecz tak\u017ce realnie przyczyniamy si\u0119 do rozwoju lokalnej gospodarki. Kupuj\u0105c w polskich firmach, wspieramy miejsca pracy i budujemy warto\u015b\u0107, kt\u00f3ra wraca do nas wszystkich.<\/p>\n<\/div><\/div>\n\n\n\n<p>Czytaj r\u00f3wnie\u017c: <a href=\"https:\/\/www.demarco.pl\/noworoczny-koncert-opery-krakowskiej-w-wieliczce-wieczorowa-elegancja-iwony-gibas-w-stylizacji-de-marco\/\">Noworoczny Koncert Opery Krakowskiej w Wieliczce. Wieczorowa elegancja Iwony Gibas w stylizacji De Marco<\/a><\/p>\n\n\n\n<p>Serdecznie zapraszamy do zapoznania si\u0119 z ofert\u0105 sklepu internetowego De Marco \u2013 miejscem, w kt\u00f3rym elegancja, \u015bwiadome wybory i dba\u0142o\u015b\u0107 o detale spotykaj\u0105 si\u0119 z szacunkiem do tradycji oraz nowoczesnym podej\u015bciem do kobiecego wizerunku.<\/p>\n\n\n\n<p>Czytaj r\u00f3wnie\u017c: <a href=\"https:\/\/www.sklep.demarco.pl\/blog\/cudowne-sukienki-na-wesele-de-marco-szycie-na-miare\/\">Cudowne sukienki na wesele De Marco szycie na miar\u0119<\/a><\/p>\n\n\n<!-- wp:themify-builder\/canvas \/-->","protected":false},"excerpt":{"rendered":"<p>Szanowni Pa\u0144stwo, Pytanie, czy warto si\u0119 stroi\u0107 oraz czy warto organizowa\u0107 przyj\u0119cia, w istocie dotyka znacznie g\u0142\u0119bszego zagadnienia: czy warto si\u0119 stara\u0107. Odpowied\u017a, cho\u0107 dla wielu mo\u017ce by\u0107 niewygodna, brzmi jednoznacznie \u2013 tak. Warto, a nawet nale\u017cy. Przede wszystkim dla w\u0142asnego dobrostanu psychicznego, dla poczucia sensu oraz dla umiej\u0119tno\u015bci zatrzymania w pami\u0119ci chwil, kt\u00f3re sk\u0142adaj\u0105 [&hellip;]<\/p>\n","protected":false},"author":1,"featured_media":19006,"comment_status":"closed","ping_status":"closed","sticky":false,"template":"","format":"standard","meta":{"footnotes":"","_links_to":"","_links_to_target":""},"categories":[15],"tags":[82,469,135,169,171,3491,3339,478,176,217],"class_list":["post-18994","post","type-post","status-publish","format-standard","has-post-thumbnail","hentry","category-metamorfoza","tag-de-marco","tag-de-marco-ekskluzywna-marka","tag-de-marco-frydrychowice","tag-de-marco-kolekcja","tag-ekskluzywna-odziez-damska","tag-ekskluzywna-odziez-damska-polskich-producentow","tag-elegancka-odziez-damska-sklep-internetowy","tag-markowa-odziez-damska","tag-sklep-de-marco","tag-sklep-internetowy"],"yoast_head":"<!-- This site is optimized with the Yoast SEO plugin v27.4 - https:\/\/yoast.com\/product\/yoast-seo-wordpress\/ -->\n<title>Czy warto si\u0119 stroi\u0107, oraz czy warto organizowa\u0107 przyj\u0119cia? - De Marco<\/title>\n<meta name=\"description\" content=\"T\u0119po \u017cycia, zalew informacji, b\u0142yskawicznie mijaj\u0105ce dni jaki maj\u0105 wp\u0142yw na nasz\u0105 psychik\u0119 i co do tego maj\u0105 przyj\u0119cia, spotkania i imprezy?\" \/>\n<meta name=\"robots\" content=\"index, follow, max-snippet:-1, max-image-preview:large, max-video-preview:-1\" \/>\n<link rel=\"canonical\" href=\"https:\/\/www.sklep.demarco.pl\/blog\/czy-warto-sie-stroic-oraz-czy-warto-organizowac-przyjecia\/\" \/>\n<meta property=\"og:locale\" content=\"pl_PL\" \/>\n<meta property=\"og:type\" content=\"article\" \/>\n<meta property=\"og:title\" content=\"Czy warto si\u0119 stroi\u0107, oraz czy warto organizowa\u0107 przyj\u0119cia? - De Marco\" \/>\n<meta property=\"og:description\" content=\"T\u0119po \u017cycia, zalew informacji, b\u0142yskawicznie mijaj\u0105ce dni jaki maj\u0105 wp\u0142yw na nasz\u0105 psychik\u0119 i co do tego maj\u0105 przyj\u0119cia, spotkania i imprezy?\" \/>\n<meta property=\"og:url\" content=\"https:\/\/www.sklep.demarco.pl\/blog\/czy-warto-sie-stroic-oraz-czy-warto-organizowac-przyjecia\/\" \/>\n<meta property=\"og:site_name\" content=\"De Marco\" \/>\n<meta property=\"article:publisher\" content=\"https:\/\/www.facebook.com\/DeMarco.Styl\" \/>\n<meta property=\"article:published_time\" content=\"2026-01-22T10:48:01+00:00\" \/>\n<meta property=\"article:modified_time\" content=\"2026-01-22T11:03:13+00:00\" \/>\n<meta property=\"og:image\" content=\"https:\/\/www.sklep.demarco.pl\/blog\/wp-content\/uploads\/2026\/01\/Garsonka_na_przyjecie_1.jpg\" \/>\n\t<meta property=\"og:image:width\" content=\"992\" \/>\n\t<meta property=\"og:image:height\" content=\"1072\" \/>\n\t<meta property=\"og:image:type\" content=\"image\/jpeg\" \/>\n<meta name=\"author\" content=\"de marco\" \/>\n<meta name=\"twitter:label1\" content=\"Napisane przez\" \/>\n\t<meta name=\"twitter:data1\" content=\"de marco\" \/>\n\t<meta name=\"twitter:label2\" content=\"Szacowany czas czytania\" \/>\n\t<meta name=\"twitter:data2\" content=\"4 minuty\" \/>\n<script type=\"application\/ld+json\" class=\"yoast-schema-graph\">{\"@context\":\"https:\\\/\\\/schema.org\",\"@graph\":[{\"@type\":\"Article\",\"@id\":\"https:\\\/\\\/www.sklep.demarco.pl\\\/blog\\\/czy-warto-sie-stroic-oraz-czy-warto-organizowac-przyjecia\\\/#article\",\"isPartOf\":{\"@id\":\"https:\\\/\\\/www.sklep.demarco.pl\\\/blog\\\/czy-warto-sie-stroic-oraz-czy-warto-organizowac-przyjecia\\\/\"},\"author\":{\"name\":\"de marco\",\"@id\":\"https:\\\/\\\/www.sklep.demarco.pl\\\/blog\\\/#\\\/schema\\\/person\\\/38456e8269588abfbbdda5bc04dad142\"},\"headline\":\"Czy warto si\u0119 stroi\u0107, oraz czy warto organizowa\u0107 przyj\u0119cia?\",\"datePublished\":\"2026-01-22T10:48:01+00:00\",\"dateModified\":\"2026-01-22T11:03:13+00:00\",\"mainEntityOfPage\":{\"@id\":\"https:\\\/\\\/www.sklep.demarco.pl\\\/blog\\\/czy-warto-sie-stroic-oraz-czy-warto-organizowac-przyjecia\\\/\"},\"wordCount\":574,\"image\":{\"@id\":\"https:\\\/\\\/www.sklep.demarco.pl\\\/blog\\\/czy-warto-sie-stroic-oraz-czy-warto-organizowac-przyjecia\\\/#primaryimage\"},\"thumbnailUrl\":\"https:\\\/\\\/www.sklep.demarco.pl\\\/blog\\\/wp-content\\\/uploads\\\/2026\\\/01\\\/Garsonka_na_przyjecie_1.jpg\",\"keywords\":[\"De Marco\",\"De Marco ekskluzywna marka\",\"De Marco Frydrychowice\",\"de marco-kolekcja\",\"Ekskluzywna odzie\u017c damska\",\"Ekskluzywna odzie\u017c damska polskich producent\u00f3w\",\"Elegancka odzie\u017c damska sklep internetowy\",\"markowa odzie\u017c damska\",\"sklep De marco\",\"sklep internetowy\"],\"articleSection\":[\"METAMORFOZA\"],\"inLanguage\":\"pl-PL\"},{\"@type\":\"WebPage\",\"@id\":\"https:\\\/\\\/www.sklep.demarco.pl\\\/blog\\\/czy-warto-sie-stroic-oraz-czy-warto-organizowac-przyjecia\\\/\",\"url\":\"https:\\\/\\\/www.sklep.demarco.pl\\\/blog\\\/czy-warto-sie-stroic-oraz-czy-warto-organizowac-przyjecia\\\/\",\"name\":\"Czy warto si\u0119 stroi\u0107, oraz czy warto organizowa\u0107 przyj\u0119cia? - De Marco\",\"isPartOf\":{\"@id\":\"https:\\\/\\\/www.sklep.demarco.pl\\\/blog\\\/#website\"},\"primaryImageOfPage\":{\"@id\":\"https:\\\/\\\/www.sklep.demarco.pl\\\/blog\\\/czy-warto-sie-stroic-oraz-czy-warto-organizowac-przyjecia\\\/#primaryimage\"},\"image\":{\"@id\":\"https:\\\/\\\/www.sklep.demarco.pl\\\/blog\\\/czy-warto-sie-stroic-oraz-czy-warto-organizowac-przyjecia\\\/#primaryimage\"},\"thumbnailUrl\":\"https:\\\/\\\/www.sklep.demarco.pl\\\/blog\\\/wp-content\\\/uploads\\\/2026\\\/01\\\/Garsonka_na_przyjecie_1.jpg\",\"datePublished\":\"2026-01-22T10:48:01+00:00\",\"dateModified\":\"2026-01-22T11:03:13+00:00\",\"author\":{\"@id\":\"https:\\\/\\\/www.sklep.demarco.pl\\\/blog\\\/#\\\/schema\\\/person\\\/38456e8269588abfbbdda5bc04dad142\"},\"description\":\"T\u0119po \u017cycia, zalew informacji, b\u0142yskawicznie mijaj\u0105ce dni jaki maj\u0105 wp\u0142yw na nasz\u0105 psychik\u0119 i co do tego maj\u0105 przyj\u0119cia, spotkania i imprezy?\",\"breadcrumb\":{\"@id\":\"https:\\\/\\\/www.sklep.demarco.pl\\\/blog\\\/czy-warto-sie-stroic-oraz-czy-warto-organizowac-przyjecia\\\/#breadcrumb\"},\"inLanguage\":\"pl-PL\",\"potentialAction\":[{\"@type\":\"ReadAction\",\"target\":[\"https:\\\/\\\/www.sklep.demarco.pl\\\/blog\\\/czy-warto-sie-stroic-oraz-czy-warto-organizowac-przyjecia\\\/\"]}]},{\"@type\":\"ImageObject\",\"inLanguage\":\"pl-PL\",\"@id\":\"https:\\\/\\\/www.sklep.demarco.pl\\\/blog\\\/czy-warto-sie-stroic-oraz-czy-warto-organizowac-przyjecia\\\/#primaryimage\",\"url\":\"https:\\\/\\\/www.sklep.demarco.pl\\\/blog\\\/wp-content\\\/uploads\\\/2026\\\/01\\\/Garsonka_na_przyjecie_1.jpg\",\"contentUrl\":\"https:\\\/\\\/www.sklep.demarco.pl\\\/blog\\\/wp-content\\\/uploads\\\/2026\\\/01\\\/Garsonka_na_przyjecie_1.jpg\",\"width\":992,\"height\":1072,\"caption\":\"Ekskluzywna odzie\u017c damska De Marco niepowta\u017calne ubrania szyte na miar\u0119 pod Krakowem. Niepowtarzalna garsonka od projektantki W. Fr\u0105czek\"},{\"@type\":\"BreadcrumbList\",\"@id\":\"https:\\\/\\\/www.sklep.demarco.pl\\\/blog\\\/czy-warto-sie-stroic-oraz-czy-warto-organizowac-przyjecia\\\/#breadcrumb\",\"itemListElement\":[{\"@type\":\"ListItem\",\"position\":1,\"name\":\"Strona g\u0142\u00f3wna\",\"item\":\"https:\\\/\\\/www.sklep.demarco.pl\\\/blog\\\/\"},{\"@type\":\"ListItem\",\"position\":2,\"name\":\"Czy warto si\u0119 stroi\u0107, oraz czy warto organizowa\u0107 przyj\u0119cia?\"}]},{\"@type\":\"WebSite\",\"@id\":\"https:\\\/\\\/www.sklep.demarco.pl\\\/blog\\\/#website\",\"url\":\"https:\\\/\\\/www.sklep.demarco.pl\\\/blog\\\/\",\"name\":\"De Marco\",\"description\":\"The finest women&#039;s clothing manufacturer\",\"potentialAction\":[{\"@type\":\"SearchAction\",\"target\":{\"@type\":\"EntryPoint\",\"urlTemplate\":\"https:\\\/\\\/www.sklep.demarco.pl\\\/blog\\\/?s={search_term_string}\"},\"query-input\":{\"@type\":\"PropertyValueSpecification\",\"valueRequired\":true,\"valueName\":\"search_term_string\"}}],\"inLanguage\":\"pl-PL\"},{\"@type\":\"Person\",\"@id\":\"https:\\\/\\\/www.sklep.demarco.pl\\\/blog\\\/#\\\/schema\\\/person\\\/38456e8269588abfbbdda5bc04dad142\",\"name\":\"de marco\",\"image\":{\"@type\":\"ImageObject\",\"inLanguage\":\"pl-PL\",\"@id\":\"https:\\\/\\\/secure.gravatar.com\\\/avatar\\\/1d03f06a246921ea2531e9b59fe2dcd5a125b6b3339bedd531ae0d7e4bb25f99?s=96&d=mm&r=g\",\"url\":\"https:\\\/\\\/secure.gravatar.com\\\/avatar\\\/1d03f06a246921ea2531e9b59fe2dcd5a125b6b3339bedd531ae0d7e4bb25f99?s=96&d=mm&r=g\",\"contentUrl\":\"https:\\\/\\\/secure.gravatar.com\\\/avatar\\\/1d03f06a246921ea2531e9b59fe2dcd5a125b6b3339bedd531ae0d7e4bb25f99?s=96&d=mm&r=g\",\"caption\":\"de marco\"},\"url\":\"https:\\\/\\\/www.sklep.demarco.pl\\\/blog\\\/author\\\/de-marco\\\/\"}]}<\/script>\n<!-- \/ Yoast SEO plugin. -->","yoast_head_json":{"title":"Czy warto si\u0119 stroi\u0107, oraz czy warto organizowa\u0107 przyj\u0119cia? - De Marco","description":"T\u0119po \u017cycia, zalew informacji, b\u0142yskawicznie mijaj\u0105ce dni jaki maj\u0105 wp\u0142yw na nasz\u0105 psychik\u0119 i co do tego maj\u0105 przyj\u0119cia, spotkania i imprezy?","robots":{"index":"index","follow":"follow","max-snippet":"max-snippet:-1","max-image-preview":"max-image-preview:large","max-video-preview":"max-video-preview:-1"},"canonical":"https:\/\/www.sklep.demarco.pl\/blog\/czy-warto-sie-stroic-oraz-czy-warto-organizowac-przyjecia\/","og_locale":"pl_PL","og_type":"article","og_title":"Czy warto si\u0119 stroi\u0107, oraz czy warto organizowa\u0107 przyj\u0119cia? - De Marco","og_description":"T\u0119po \u017cycia, zalew informacji, b\u0142yskawicznie mijaj\u0105ce dni jaki maj\u0105 wp\u0142yw na nasz\u0105 psychik\u0119 i co do tego maj\u0105 przyj\u0119cia, spotkania i imprezy?","og_url":"https:\/\/www.sklep.demarco.pl\/blog\/czy-warto-sie-stroic-oraz-czy-warto-organizowac-przyjecia\/","og_site_name":"De Marco","article_publisher":"https:\/\/www.facebook.com\/DeMarco.Styl","article_published_time":"2026-01-22T10:48:01+00:00","article_modified_time":"2026-01-22T11:03:13+00:00","og_image":[{"width":992,"height":1072,"url":"https:\/\/www.sklep.demarco.pl\/blog\/wp-content\/uploads\/2026\/01\/Garsonka_na_przyjecie_1.jpg","type":"image\/jpeg"}],"author":"de marco","twitter_misc":{"Napisane przez":"de marco","Szacowany czas czytania":"4 minuty"},"schema":{"@context":"https:\/\/schema.org","@graph":[{"@type":"Article","@id":"https:\/\/www.sklep.demarco.pl\/blog\/czy-warto-sie-stroic-oraz-czy-warto-organizowac-przyjecia\/#article","isPartOf":{"@id":"https:\/\/www.sklep.demarco.pl\/blog\/czy-warto-sie-stroic-oraz-czy-warto-organizowac-przyjecia\/"},"author":{"name":"de marco","@id":"https:\/\/www.sklep.demarco.pl\/blog\/#\/schema\/person\/38456e8269588abfbbdda5bc04dad142"},"headline":"Czy warto si\u0119 stroi\u0107, oraz czy warto organizowa\u0107 przyj\u0119cia?","datePublished":"2026-01-22T10:48:01+00:00","dateModified":"2026-01-22T11:03:13+00:00","mainEntityOfPage":{"@id":"https:\/\/www.sklep.demarco.pl\/blog\/czy-warto-sie-stroic-oraz-czy-warto-organizowac-przyjecia\/"},"wordCount":574,"image":{"@id":"https:\/\/www.sklep.demarco.pl\/blog\/czy-warto-sie-stroic-oraz-czy-warto-organizowac-przyjecia\/#primaryimage"},"thumbnailUrl":"https:\/\/www.sklep.demarco.pl\/blog\/wp-content\/uploads\/2026\/01\/Garsonka_na_przyjecie_1.jpg","keywords":["De Marco","De Marco ekskluzywna marka","De Marco Frydrychowice","de marco-kolekcja","Ekskluzywna odzie\u017c damska","Ekskluzywna odzie\u017c damska polskich producent\u00f3w","Elegancka odzie\u017c damska sklep internetowy","markowa odzie\u017c damska","sklep De marco","sklep internetowy"],"articleSection":["METAMORFOZA"],"inLanguage":"pl-PL"},{"@type":"WebPage","@id":"https:\/\/www.sklep.demarco.pl\/blog\/czy-warto-sie-stroic-oraz-czy-warto-organizowac-przyjecia\/","url":"https:\/\/www.sklep.demarco.pl\/blog\/czy-warto-sie-stroic-oraz-czy-warto-organizowac-przyjecia\/","name":"Czy warto si\u0119 stroi\u0107, oraz czy warto organizowa\u0107 przyj\u0119cia? - De Marco","isPartOf":{"@id":"https:\/\/www.sklep.demarco.pl\/blog\/#website"},"primaryImageOfPage":{"@id":"https:\/\/www.sklep.demarco.pl\/blog\/czy-warto-sie-stroic-oraz-czy-warto-organizowac-przyjecia\/#primaryimage"},"image":{"@id":"https:\/\/www.sklep.demarco.pl\/blog\/czy-warto-sie-stroic-oraz-czy-warto-organizowac-przyjecia\/#primaryimage"},"thumbnailUrl":"https:\/\/www.sklep.demarco.pl\/blog\/wp-content\/uploads\/2026\/01\/Garsonka_na_przyjecie_1.jpg","datePublished":"2026-01-22T10:48:01+00:00","dateModified":"2026-01-22T11:03:13+00:00","author":{"@id":"https:\/\/www.sklep.demarco.pl\/blog\/#\/schema\/person\/38456e8269588abfbbdda5bc04dad142"},"description":"T\u0119po \u017cycia, zalew informacji, b\u0142yskawicznie mijaj\u0105ce dni jaki maj\u0105 wp\u0142yw na nasz\u0105 psychik\u0119 i co do tego maj\u0105 przyj\u0119cia, spotkania i imprezy?","breadcrumb":{"@id":"https:\/\/www.sklep.demarco.pl\/blog\/czy-warto-sie-stroic-oraz-czy-warto-organizowac-przyjecia\/#breadcrumb"},"inLanguage":"pl-PL","potentialAction":[{"@type":"ReadAction","target":["https:\/\/www.sklep.demarco.pl\/blog\/czy-warto-sie-stroic-oraz-czy-warto-organizowac-przyjecia\/"]}]},{"@type":"ImageObject","inLanguage":"pl-PL","@id":"https:\/\/www.sklep.demarco.pl\/blog\/czy-warto-sie-stroic-oraz-czy-warto-organizowac-przyjecia\/#primaryimage","url":"https:\/\/www.sklep.demarco.pl\/blog\/wp-content\/uploads\/2026\/01\/Garsonka_na_przyjecie_1.jpg","contentUrl":"https:\/\/www.sklep.demarco.pl\/blog\/wp-content\/uploads\/2026\/01\/Garsonka_na_przyjecie_1.jpg","width":992,"height":1072,"caption":"Ekskluzywna odzie\u017c damska De Marco niepowta\u017calne ubrania szyte na miar\u0119 pod Krakowem. Niepowtarzalna garsonka od projektantki W. Fr\u0105czek"},{"@type":"BreadcrumbList","@id":"https:\/\/www.sklep.demarco.pl\/blog\/czy-warto-sie-stroic-oraz-czy-warto-organizowac-przyjecia\/#breadcrumb","itemListElement":[{"@type":"ListItem","position":1,"name":"Strona g\u0142\u00f3wna","item":"https:\/\/www.sklep.demarco.pl\/blog\/"},{"@type":"ListItem","position":2,"name":"Czy warto si\u0119 stroi\u0107, oraz czy warto organizowa\u0107 przyj\u0119cia?"}]},{"@type":"WebSite","@id":"https:\/\/www.sklep.demarco.pl\/blog\/#website","url":"https:\/\/www.sklep.demarco.pl\/blog\/","name":"De Marco","description":"The finest women&#039;s clothing manufacturer","potentialAction":[{"@type":"SearchAction","target":{"@type":"EntryPoint","urlTemplate":"https:\/\/www.sklep.demarco.pl\/blog\/?s={search_term_string}"},"query-input":{"@type":"PropertyValueSpecification","valueRequired":true,"valueName":"search_term_string"}}],"inLanguage":"pl-PL"},{"@type":"Person","@id":"https:\/\/www.sklep.demarco.pl\/blog\/#\/schema\/person\/38456e8269588abfbbdda5bc04dad142","name":"de marco","image":{"@type":"ImageObject","inLanguage":"pl-PL","@id":"https:\/\/secure.gravatar.com\/avatar\/1d03f06a246921ea2531e9b59fe2dcd5a125b6b3339bedd531ae0d7e4bb25f99?s=96&d=mm&r=g","url":"https:\/\/secure.gravatar.com\/avatar\/1d03f06a246921ea2531e9b59fe2dcd5a125b6b3339bedd531ae0d7e4bb25f99?s=96&d=mm&r=g","contentUrl":"https:\/\/secure.gravatar.com\/avatar\/1d03f06a246921ea2531e9b59fe2dcd5a125b6b3339bedd531ae0d7e4bb25f99?s=96&d=mm&r=g","caption":"de marco"},"url":"https:\/\/www.sklep.demarco.pl\/blog\/author\/de-marco\/"}]}},"builder_content":"","_links":{"self":[{"href":"https:\/\/www.sklep.demarco.pl\/blog\/wp-json\/wp\/v2\/posts\/18994","targetHints":{"allow":["GET"]}}],"collection":[{"href":"https:\/\/www.sklep.demarco.pl\/blog\/wp-json\/wp\/v2\/posts"}],"about":[{"href":"https:\/\/www.sklep.demarco.pl\/blog\/wp-json\/wp\/v2\/types\/post"}],"author":[{"embeddable":true,"href":"https:\/\/www.sklep.demarco.pl\/blog\/wp-json\/wp\/v2\/users\/1"}],"replies":[{"embeddable":true,"href":"https:\/\/www.sklep.demarco.pl\/blog\/wp-json\/wp\/v2\/comments?post=18994"}],"version-history":[{"count":7,"href":"https:\/\/www.sklep.demarco.pl\/blog\/wp-json\/wp\/v2\/posts\/18994\/revisions"}],"predecessor-version":[{"id":19008,"href":"https:\/\/www.sklep.demarco.pl\/blog\/wp-json\/wp\/v2\/posts\/18994\/revisions\/19008"}],"wp:featuredmedia":[{"embeddable":true,"href":"https:\/\/www.sklep.demarco.pl\/blog\/wp-json\/wp\/v2\/media\/19006"}],"wp:attachment":[{"href":"https:\/\/www.sklep.demarco.pl\/blog\/wp-json\/wp\/v2\/media?parent=18994"}],"wp:term":[{"taxonomy":"category","embeddable":true,"href":"https:\/\/www.sklep.demarco.pl\/blog\/wp-json\/wp\/v2\/categories?post=18994"},{"taxonomy":"post_tag","embeddable":true,"href":"https:\/\/www.sklep.demarco.pl\/blog\/wp-json\/wp\/v2\/tags?post=18994"}],"curies":[{"name":"wp","href":"https:\/\/api.w.org\/{rel}","templated":true}]}}