{"id":18991,"date":"2026-01-22T11:44:44","date_gmt":"2026-01-22T11:44:44","guid":{"rendered":"https:\/\/www.sklep.demarco.pl\/blog\/?p=18991"},"modified":"2026-01-22T11:45:28","modified_gmt":"2026-01-22T11:45:28","slug":"jak-ubrac-sie-na-kameralne-przyjecie","status":"publish","type":"post","link":"https:\/\/www.sklep.demarco.pl\/blog\/jak-ubrac-sie-na-kameralne-przyjecie\/","title":{"rendered":"Jak ubra\u0107 si\u0119 na kameralne przyj\u0119cie?"},"content":{"rendered":"\n<div class=\"wp-block-media-text is-stacked-on-mobile\"><figure class=\"wp-block-media-text__media\"><a href=\"https:\/\/www.sklep.demarco.pl\/letnia-sukienka-na-wesele-libusze-iii\" target=\"_blank\" rel=\"noreferrer noopener\"><img loading=\"lazy\" decoding=\"async\" width=\"640\" height=\"1024\" src=\"https:\/\/www.sklep.demarco.pl\/blog\/wp-content\/uploads\/2026\/01\/sukienka-na-wesele-2-640x1024.png\" alt=\"Eleganckie i wygodne sukienki z dzianiny \u017cakardowej - szycie na miar\u0119 unikatowych kreacji w Salonie Mody De Marco W\u0142adys\u0142awa Fr\u0105czek\" class=\"wp-image-19010 size-full\" srcset=\"https:\/\/www.sklep.demarco.pl\/blog\/wp-content\/uploads\/2026\/01\/sukienka-na-wesele-2-640x1024.png 640w, https:\/\/www.sklep.demarco.pl\/blog\/wp-content\/uploads\/2026\/01\/sukienka-na-wesele-2-188x300.png 188w, https:\/\/www.sklep.demarco.pl\/blog\/wp-content\/uploads\/2026\/01\/sukienka-na-wesele-2-768x1229.png 768w, https:\/\/www.sklep.demarco.pl\/blog\/wp-content\/uploads\/2026\/01\/sukienka-na-wesele-2.png 800w\" sizes=\"auto, (max-width: 640px) 100vw, 640px\" \/><\/a><\/figure><div class=\"wp-block-media-text__content\">\n<p>Modne sukienki i komplety damskie na kameralne przyj\u0119cie De Marco szycie na miar\u0119 <\/p>\n\n\n\n<p>Szanowni Pa\u0144stwo,<\/p>\n\n\n\n<p>Kameralne przyj\u0119cie to jedna z najpi\u0119kniejszych form celebrowania codzienno\u015bci i wa\u017cnych moment\u00f3w \u017cycia. Urodziny, rocznice czy spotkania w gronie najbli\u017cszych s\u0105 doskona\u0142ym pretekstem, by na chwil\u0119 zwolni\u0107 tempo, spotka\u0107 si\u0119 z rodzin\u0105 oraz przyjaci\u00f3\u0142mi i wsp\u00f3lnie cieszy\u0107 si\u0119 obecno\u015bci\u0105. Takie uroczysto\u015bci staj\u0105 si\u0119 r\u00f3wnie\u017c swoistymi markerami czasu \u2013 pomagaj\u0105 nam zakotwiczy\u0107 kolejne etapy naszego istnienia i nada\u0107 im osobisty, emocjonalny wymiar.<\/p>\n<\/div><\/div>\n\n\n\n<p>Czytaj r\u00f3wnie\u017c: <a href=\"https:\/\/www.demarco.pl\/najpiekniejsze-stylizacje-na-komunie-dla-mamy\/\">Najpi\u0119kniejsze stylizacje na komuni\u0119 dla mamy<\/a><\/p>\n\n\n\n<div class=\"wp-block-media-text is-stacked-on-mobile\"><figure class=\"wp-block-media-text__media\"><a href=\"https:\/\/www.sklep.demarco.pl\/polskie-sukienki-z-jedwabiu-naturalnego-julitta\" target=\"_blank\" rel=\"noreferrer noopener\"><img loading=\"lazy\" decoding=\"async\" width=\"640\" height=\"1024\" src=\"https:\/\/www.sklep.demarco.pl\/blog\/wp-content\/uploads\/2026\/01\/koktajlowe-stylizacje-640x1024.jpg\" alt=\"Jedwabna koktajlowa sukienka dla 50 latki, 60 latki, 70 latki szyta na miar\u0119 w De Marco- najmodniejsza luksusowa marka odzie\u017cowa\" class=\"wp-image-19009 size-full\" srcset=\"https:\/\/www.sklep.demarco.pl\/blog\/wp-content\/uploads\/2026\/01\/koktajlowe-stylizacje-640x1024.jpg 640w, https:\/\/www.sklep.demarco.pl\/blog\/wp-content\/uploads\/2026\/01\/koktajlowe-stylizacje-188x300.jpg 188w, https:\/\/www.sklep.demarco.pl\/blog\/wp-content\/uploads\/2026\/01\/koktajlowe-stylizacje-768x1229.jpg 768w, https:\/\/www.sklep.demarco.pl\/blog\/wp-content\/uploads\/2026\/01\/koktajlowe-stylizacje.jpg 800w\" sizes=\"auto, (max-width: 640px) 100vw, 640px\" \/><\/a><\/figure><div class=\"wp-block-media-text__content\">\n<h2 class=\"wp-block-heading\">Kameralne przyj\u0119cie<\/h2>\n\n\n\n<p>To tak\u017ce wyj\u0105tkowa okazja, by zaprezentowa\u0107 swoje kulinarne umiej\u0119tno\u015bci, stworzy\u0107 przyjazn\u0105 atmosfer\u0119 i \u2013 co nie bez znaczenia \u2013 pozwoli\u0107 sobie na starannie przemy\u015blan\u0105 stylizacj\u0119. W sezonie letnim szczeg\u00f3ln\u0105 popularno\u015bci\u0105 ciesz\u0105 si\u0119 przyj\u0119cia organizowane na tarasie lub w ogrodzie. Blisko\u015b\u0107 natury, \u015bwiat\u0142o dzienne i swobodniejsza forma spotkania sprzyjaj\u0105 elegancji w lekkim, niewymuszonym wydaniu. R\u00f3wnie doskona\u0142ym rozwi\u0105zaniem s\u0105 kameralne obiady czy kolacje w restauracji, kt\u00f3re w pi\u0119kny spos\u00f3b zacie\u015bniaj\u0105 wi\u0119zi rodzinne i towarzyskie.<\/p>\n<\/div><\/div>\n\n\n\n<p>Czytaj r\u00f3wnie\u017c: <a href=\"https:\/\/www.sklep.demarco.pl\/blog\/wiosenne-garnitury-damskie-na-wesele\/\">Wiosenne garnitury damskie na wesele<\/a><\/p>\n\n\n\n<div class=\"wp-block-media-text is-stacked-on-mobile\"><figure class=\"wp-block-media-text__media\"><a href=\"https:\/\/www.sklep.demarco.pl\/sukienki-z-jedwabiu-naturalnego-marisa-ii\" target=\"_blank\" rel=\"noreferrer noopener\"><img loading=\"lazy\" decoding=\"async\" width=\"683\" height=\"1024\" src=\"https:\/\/www.sklep.demarco.pl\/blog\/wp-content\/uploads\/2026\/01\/jedwabna_koktajlowa_sukienka_-683x1024.jpg\" alt=\"Najpi\u0119kniejsze sukienki koktajlowe dla 50 latki, 60 latki, 70 latki szyte na miar\u0119 u projektantki ekskluzywnej odzie\u017cy damskiej W\u0142adys\u0142awy Fr\u0105czek. Polskie jedwabne sukienki - s\u0142ynne marki odzie\u017cowe premium\" class=\"wp-image-18998 size-full\" srcset=\"https:\/\/www.sklep.demarco.pl\/blog\/wp-content\/uploads\/2026\/01\/jedwabna_koktajlowa_sukienka_-683x1024.jpg 683w, https:\/\/www.sklep.demarco.pl\/blog\/wp-content\/uploads\/2026\/01\/jedwabna_koktajlowa_sukienka_-200x300.jpg 200w, https:\/\/www.sklep.demarco.pl\/blog\/wp-content\/uploads\/2026\/01\/jedwabna_koktajlowa_sukienka_-768x1152.jpg 768w, https:\/\/www.sklep.demarco.pl\/blog\/wp-content\/uploads\/2026\/01\/jedwabna_koktajlowa_sukienka_.jpg 832w\" sizes=\"auto, (max-width: 683px) 100vw, 683px\" \/><\/a><\/figure><div class=\"wp-block-media-text__content\">\n<h2 class=\"wp-block-heading\">Ekskluzywne koktajlowe sukienki z jedwabiu naturalnego <\/h2>\n\n\n\n<p>Na tego typu uroczysto\u015bci szczeg\u00f3lnie polecamy sukienki koktajlowe. Modele wzbogacone o wyrafinowane printy s\u0105 nie tylko niezwykle efektowne, lecz tak\u017ce bardzo praktyczne \u2013 drobne wzory skutecznie maskuj\u0105 ewentualne zagniecenia czy niewielkie zabrudzenia. Nale\u017cy jednak pami\u0119ta\u0107, aby kolorystyka i charakter tkaniny by\u0142y starannie dobrane do typu urody oraz karnacji, tak aby kreacja podkre\u015bla\u0142a naturalne atuty, a nie przyt\u0142acza\u0142a sylwetki.<\/p>\n<\/div><\/div>\n\n\n\n<p>Czytaj r\u00f3wnie\u017c: <a href=\"https:\/\/www.demarco.pl\/eleganckie-sukienki-na-wesele-niepowtarzalne-stylizacje-inspiracje\/\">Eleganckie sukienki na wesele \u2013 niepowtarzalne stylizacje \u2013 inspiracje<\/a><\/p>\n\n\n\n<div class=\"wp-block-media-text is-stacked-on-mobile\"><figure class=\"wp-block-media-text__media\"><a href=\"https:\/\/www.sklep.demarco.pl\/ekskluzywna-garsonka-ze-spodniami-eleonora\" target=\"_blank\" rel=\"noreferrer noopener\"><img loading=\"lazy\" decoding=\"async\" width=\"784\" height=\"1024\" src=\"https:\/\/www.sklep.demarco.pl\/blog\/wp-content\/uploads\/2026\/01\/najmodniejsze_kreacje_de_marco_1-784x1024.jpg\" alt=\"Najmodniejsze kreacje na komuni\u0119 i wesele. Unikatowe sukienki, i garnitury damskie dla mamy i c\u00f3rki De Marco szycie na miar\u0119\" class=\"wp-image-18966 size-full\" srcset=\"https:\/\/www.sklep.demarco.pl\/blog\/wp-content\/uploads\/2026\/01\/najmodniejsze_kreacje_de_marco_1-784x1024.jpg 784w, https:\/\/www.sklep.demarco.pl\/blog\/wp-content\/uploads\/2026\/01\/najmodniejsze_kreacje_de_marco_1-230x300.jpg 230w, https:\/\/www.sklep.demarco.pl\/blog\/wp-content\/uploads\/2026\/01\/najmodniejsze_kreacje_de_marco_1-768x1003.jpg 768w, https:\/\/www.sklep.demarco.pl\/blog\/wp-content\/uploads\/2026\/01\/najmodniejsze_kreacje_de_marco_1.jpg 928w\" sizes=\"auto, (max-width: 784px) 100vw, 784px\" \/><\/a><\/figure><div class=\"wp-block-media-text__content\">\n<h2 class=\"wp-block-heading\">Ekskluzywne garnitury damskie<\/h2>\n\n\n\n<p>Alternatyw\u0105, kt\u00f3ra zyskuje coraz wi\u0119ksze uznanie, s\u0105 eleganckie garnitury damskie. To propozycja nowoczesna, wygodna i niezwykle dynamiczna, doskonale sprawdzaj\u0105ca si\u0119 u kobiet w ka\u017cdym wieku. Garnitur, odpowiednio zaprojektowany i dopasowany do sylwetki, pozwala zachowa\u0107 formalny charakter stylizacji, jednocze\u015bnie zapewniaj\u0105c komfort i swobod\u0119 ruchu. Kluczowe znaczenie ma tutaj w\u0142a\u015bciwy kr\u00f3j i rozmiar \u2013 \u017ale dobrany fason mo\u017ce zaburzy\u0107 proporcje sylwetki, zamiast je podkre\u015bla\u0107.<\/p>\n<\/div><\/div>\n\n\n\n<p>Czytaj r\u00f3wnie\u017c: <a href=\"https:\/\/www.sklep.demarco.pl\/blog\/najmodniejsze-kreacje-na-komunie-dziecka-szycie-na-miare-de-marco\/\">Najmodniejsze kreacje na komuni\u0119 dziecka \u2013 szycie na miar\u0119 De Marco<\/a><\/p>\n\n\n\n<div class=\"wp-block-media-text is-stacked-on-mobile\"><figure class=\"wp-block-media-text__media\"><a href=\"https:\/\/www.sklep.demarco.pl\/ekskluzywny-komplet-z-jedwabna-spodnica-clea\" target=\"_blank\" rel=\"noreferrer noopener\"><img loading=\"lazy\" decoding=\"async\" width=\"747\" height=\"1024\" src=\"https:\/\/www.sklep.demarco.pl\/blog\/wp-content\/uploads\/2026\/01\/spodnica_z_kieszeniami_1-747x1024.jpg\" alt=\"Jedwabna sp\u00f3dnica z kieszeniami idealna do gorsetu. De Marco najlepsza pracownia krawiecka w Polsce\" class=\"wp-image-19011 size-full\" srcset=\"https:\/\/www.sklep.demarco.pl\/blog\/wp-content\/uploads\/2026\/01\/spodnica_z_kieszeniami_1-747x1024.jpg 747w, https:\/\/www.sklep.demarco.pl\/blog\/wp-content\/uploads\/2026\/01\/spodnica_z_kieszeniami_1-219x300.jpg 219w, https:\/\/www.sklep.demarco.pl\/blog\/wp-content\/uploads\/2026\/01\/spodnica_z_kieszeniami_1-768x1052.jpg 768w, https:\/\/www.sklep.demarco.pl\/blog\/wp-content\/uploads\/2026\/01\/spodnica_z_kieszeniami_1.jpg 864w\" sizes=\"auto, (max-width: 747px) 100vw, 747px\" \/><\/a><\/figure><div class=\"wp-block-media-text__content\">\n<h2 class=\"wp-block-heading\">Eleganckie komplety z jedwabn\u0105 sp\u00f3dnic\u0105<\/h2>\n\n\n\n<p>Warto r\u00f3wnie\u017c zwr\u00f3ci\u0107 uwag\u0119 na d\u0142ugie sp\u00f3dnice, kt\u00f3re stanowi\u0105 znakomit\u0105 propozycj\u0119 na kameralne przyj\u0119cia. Zapewniaj\u0105 one poczucie lekko\u015bci i swobody, nie kr\u0119puj\u0105 ruch\u00f3w, a jednocze\u015bnie pozostaj\u0105 synonimem elegancji i dobrego smaku. W po\u0142\u0105czeniu z dopracowan\u0105 g\u00f3r\u0105 tworz\u0105 stylizacj\u0119 wywa\u017con\u0105, kobiec\u0105 i ponadczasow\u0105.<\/p>\n<\/div><\/div>\n\n\n\n<p>Czytaj r\u00f3wnie\u017c: <a href=\"https:\/\/www.demarco.pl\/czy-warto-organizowac-urodziny-zbedny-klopot-czy-lekarstwo\/\">Czy warto organizowa\u0107 urodziny? Zb\u0119dny k\u0142opot czy lekarstwo<\/a><\/p>\n\n\n\n<div class=\"wp-block-media-text is-stacked-on-mobile\"><figure class=\"wp-block-media-text__media\"><a href=\"https:\/\/www.sklep.demarco.pl\/luksusowa-sukienka-manuela\" target=\"_blank\" rel=\"noreferrer noopener\"><img loading=\"lazy\" decoding=\"async\" width=\"671\" height=\"1024\" src=\"https:\/\/www.sklep.demarco.pl\/blog\/wp-content\/uploads\/2025\/12\/De_marco_najlepsza_projektantka_1-671x1024.jpg\" alt=\"2026 pantone - Cloud Dancer. Kolor roku w stylu nurt\u00f3w takich jak old money oraz quiet luxury. Symbol czysto\u015bci ale tak\u017ce dobrobytu.\" class=\"wp-image-18877 size-full\" srcset=\"https:\/\/www.sklep.demarco.pl\/blog\/wp-content\/uploads\/2025\/12\/De_marco_najlepsza_projektantka_1-671x1024.jpg 671w, https:\/\/www.sklep.demarco.pl\/blog\/wp-content\/uploads\/2025\/12\/De_marco_najlepsza_projektantka_1-197x300.jpg 197w, https:\/\/www.sklep.demarco.pl\/blog\/wp-content\/uploads\/2025\/12\/De_marco_najlepsza_projektantka_1-768x1172.jpg 768w, https:\/\/www.sklep.demarco.pl\/blog\/wp-content\/uploads\/2025\/12\/De_marco_najlepsza_projektantka_1-1006x1536.jpg 1006w, https:\/\/www.sklep.demarco.pl\/blog\/wp-content\/uploads\/2025\/12\/De_marco_najlepsza_projektantka_1.jpg 1200w\" sizes=\"auto, (max-width: 671px) 100vw, 671px\" \/><\/a><\/figure><div class=\"wp-block-media-text__content\">\n<h2 class=\"wp-block-heading\">Ekskluzywna odzie\u017c damska De Marco<\/h2>\n\n\n\n<p>Serdecznie zapraszamy Szanownych Pa\u0144stwa do zapoznania si\u0119 z kolekcjami autorstwa W\u0142adys\u0142awy Fr\u0105czek dost\u0119pnymi w sklepie internetowym De Marco, gdzie elegancja spotyka si\u0119 z komfortem, a ka\u017cda stylizacja powstaje z my\u015bl\u0105 o wyj\u0105tkowych chwilach i osobistych celebracjach.<\/p>\n<\/div><\/div>\n\n\n\n<p>Czytaj r\u00f3wnie\u017c: <a href=\"https:\/\/www.sklep.demarco.pl\/blog\/polskie-sukienki-z-jedwabiu-naturalnego-na-wesele-komunie-jubileusz\/\">Polskie sukienki z jedwabiu naturalnego na wesele, komuni\u0119, jubileusz<\/a><\/p>\n\n\n<!-- wp:themify-builder\/canvas \/-->","protected":false},"excerpt":{"rendered":"<p>Modne sukienki i komplety damskie na kameralne przyj\u0119cie De Marco szycie na miar\u0119 Szanowni Pa\u0144stwo, Kameralne przyj\u0119cie to jedna z najpi\u0119kniejszych form celebrowania codzienno\u015bci i wa\u017cnych moment\u00f3w \u017cycia. Urodziny, rocznice czy spotkania w gronie najbli\u017cszych s\u0105 doskona\u0142ym pretekstem, by na chwil\u0119 zwolni\u0107 tempo, spotka\u0107 si\u0119 z rodzin\u0105 oraz przyjaci\u00f3\u0142mi i wsp\u00f3lnie cieszy\u0107 si\u0119 obecno\u015bci\u0105. Takie [&hellip;]<\/p>\n","protected":false},"author":1,"featured_media":18997,"comment_status":"closed","ping_status":"closed","sticky":false,"template":"","format":"standard","meta":{"footnotes":"","_links_to":"","_links_to_target":""},"categories":[15],"tags":[82,469,135,169,171,3491,3339,478,176,217],"class_list":["post-18991","post","type-post","status-publish","format-standard","has-post-thumbnail","hentry","category-metamorfoza","tag-de-marco","tag-de-marco-ekskluzywna-marka","tag-de-marco-frydrychowice","tag-de-marco-kolekcja","tag-ekskluzywna-odziez-damska","tag-ekskluzywna-odziez-damska-polskich-producentow","tag-elegancka-odziez-damska-sklep-internetowy","tag-markowa-odziez-damska","tag-sklep-de-marco","tag-sklep-internetowy"],"yoast_head":"<!-- This site is optimized with the Yoast SEO plugin v27.5 - https:\/\/yoast.com\/product\/yoast-seo-wordpress\/ -->\n<title>Jak ubra\u0107 si\u0119 na kameralne przyj\u0119cie? - De Marco<\/title>\n<meta name=\"description\" content=\"Eleganckie stylizacje na kameralne przyj\u0119cie szyte na miar\u0119 w polskiej pracowni krawieckiej De Marco Atelier W. Fr\u0105czek - modne sukienki\" \/>\n<meta name=\"robots\" content=\"index, follow, max-snippet:-1, max-image-preview:large, max-video-preview:-1\" \/>\n<link rel=\"canonical\" href=\"https:\/\/www.sklep.demarco.pl\/blog\/jak-ubrac-sie-na-kameralne-przyjecie\/\" \/>\n<meta property=\"og:locale\" content=\"pl_PL\" \/>\n<meta property=\"og:type\" content=\"article\" \/>\n<meta property=\"og:title\" content=\"Jak ubra\u0107 si\u0119 na kameralne przyj\u0119cie? - De Marco\" \/>\n<meta property=\"og:description\" content=\"Eleganckie stylizacje na kameralne przyj\u0119cie szyte na miar\u0119 w polskiej pracowni krawieckiej De Marco Atelier W. Fr\u0105czek - modne sukienki\" \/>\n<meta property=\"og:url\" content=\"https:\/\/www.sklep.demarco.pl\/blog\/jak-ubrac-sie-na-kameralne-przyjecie\/\" \/>\n<meta property=\"og:site_name\" content=\"De Marco\" \/>\n<meta property=\"article:publisher\" content=\"https:\/\/www.facebook.com\/DeMarco.Styl\" \/>\n<meta property=\"article:published_time\" content=\"2026-01-22T11:44:44+00:00\" \/>\n<meta property=\"article:modified_time\" content=\"2026-01-22T11:45:28+00:00\" \/>\n<meta property=\"og:image\" content=\"https:\/\/www.sklep.demarco.pl\/blog\/wp-content\/uploads\/2026\/01\/jedwabna_koktajlowa_sukienka_1.jpg\" \/>\n\t<meta property=\"og:image:width\" content=\"832\" \/>\n\t<meta property=\"og:image:height\" content=\"1280\" \/>\n\t<meta property=\"og:image:type\" content=\"image\/jpeg\" \/>\n<meta name=\"author\" content=\"de marco\" \/>\n<meta name=\"twitter:label1\" content=\"Napisane przez\" \/>\n\t<meta name=\"twitter:data1\" content=\"de marco\" \/>\n\t<meta name=\"twitter:label2\" content=\"Szacowany czas czytania\" \/>\n\t<meta name=\"twitter:data2\" content=\"4 minuty\" \/>\n<script type=\"application\/ld+json\" class=\"yoast-schema-graph\">{\"@context\":\"https:\\\/\\\/schema.org\",\"@graph\":[{\"@type\":\"Article\",\"@id\":\"https:\\\/\\\/www.sklep.demarco.pl\\\/blog\\\/jak-ubrac-sie-na-kameralne-przyjecie\\\/#article\",\"isPartOf\":{\"@id\":\"https:\\\/\\\/www.sklep.demarco.pl\\\/blog\\\/jak-ubrac-sie-na-kameralne-przyjecie\\\/\"},\"author\":{\"name\":\"de marco\",\"@id\":\"https:\\\/\\\/www.sklep.demarco.pl\\\/blog\\\/#\\\/schema\\\/person\\\/38456e8269588abfbbdda5bc04dad142\"},\"headline\":\"Jak ubra\u0107 si\u0119 na kameralne przyj\u0119cie?\",\"datePublished\":\"2026-01-22T11:44:44+00:00\",\"dateModified\":\"2026-01-22T11:45:28+00:00\",\"mainEntityOfPage\":{\"@id\":\"https:\\\/\\\/www.sklep.demarco.pl\\\/blog\\\/jak-ubrac-sie-na-kameralne-przyjecie\\\/\"},\"wordCount\":510,\"image\":{\"@id\":\"https:\\\/\\\/www.sklep.demarco.pl\\\/blog\\\/jak-ubrac-sie-na-kameralne-przyjecie\\\/#primaryimage\"},\"thumbnailUrl\":\"https:\\\/\\\/www.sklep.demarco.pl\\\/blog\\\/wp-content\\\/uploads\\\/2026\\\/01\\\/jedwabna_koktajlowa_sukienka_1.jpg\",\"keywords\":[\"De Marco\",\"De Marco ekskluzywna marka\",\"De Marco Frydrychowice\",\"de marco-kolekcja\",\"Ekskluzywna odzie\u017c damska\",\"Ekskluzywna odzie\u017c damska polskich producent\u00f3w\",\"Elegancka odzie\u017c damska sklep internetowy\",\"markowa odzie\u017c damska\",\"sklep De marco\",\"sklep internetowy\"],\"articleSection\":[\"METAMORFOZA\"],\"inLanguage\":\"pl-PL\"},{\"@type\":\"WebPage\",\"@id\":\"https:\\\/\\\/www.sklep.demarco.pl\\\/blog\\\/jak-ubrac-sie-na-kameralne-przyjecie\\\/\",\"url\":\"https:\\\/\\\/www.sklep.demarco.pl\\\/blog\\\/jak-ubrac-sie-na-kameralne-przyjecie\\\/\",\"name\":\"Jak ubra\u0107 si\u0119 na kameralne przyj\u0119cie? - De Marco\",\"isPartOf\":{\"@id\":\"https:\\\/\\\/www.sklep.demarco.pl\\\/blog\\\/#website\"},\"primaryImageOfPage\":{\"@id\":\"https:\\\/\\\/www.sklep.demarco.pl\\\/blog\\\/jak-ubrac-sie-na-kameralne-przyjecie\\\/#primaryimage\"},\"image\":{\"@id\":\"https:\\\/\\\/www.sklep.demarco.pl\\\/blog\\\/jak-ubrac-sie-na-kameralne-przyjecie\\\/#primaryimage\"},\"thumbnailUrl\":\"https:\\\/\\\/www.sklep.demarco.pl\\\/blog\\\/wp-content\\\/uploads\\\/2026\\\/01\\\/jedwabna_koktajlowa_sukienka_1.jpg\",\"datePublished\":\"2026-01-22T11:44:44+00:00\",\"dateModified\":\"2026-01-22T11:45:28+00:00\",\"author\":{\"@id\":\"https:\\\/\\\/www.sklep.demarco.pl\\\/blog\\\/#\\\/schema\\\/person\\\/38456e8269588abfbbdda5bc04dad142\"},\"description\":\"Eleganckie stylizacje na kameralne przyj\u0119cie szyte na miar\u0119 w polskiej pracowni krawieckiej De Marco Atelier W. Fr\u0105czek - modne sukienki\",\"breadcrumb\":{\"@id\":\"https:\\\/\\\/www.sklep.demarco.pl\\\/blog\\\/jak-ubrac-sie-na-kameralne-przyjecie\\\/#breadcrumb\"},\"inLanguage\":\"pl-PL\",\"potentialAction\":[{\"@type\":\"ReadAction\",\"target\":[\"https:\\\/\\\/www.sklep.demarco.pl\\\/blog\\\/jak-ubrac-sie-na-kameralne-przyjecie\\\/\"]}]},{\"@type\":\"ImageObject\",\"inLanguage\":\"pl-PL\",\"@id\":\"https:\\\/\\\/www.sklep.demarco.pl\\\/blog\\\/jak-ubrac-sie-na-kameralne-przyjecie\\\/#primaryimage\",\"url\":\"https:\\\/\\\/www.sklep.demarco.pl\\\/blog\\\/wp-content\\\/uploads\\\/2026\\\/01\\\/jedwabna_koktajlowa_sukienka_1.jpg\",\"contentUrl\":\"https:\\\/\\\/www.sklep.demarco.pl\\\/blog\\\/wp-content\\\/uploads\\\/2026\\\/01\\\/jedwabna_koktajlowa_sukienka_1.jpg\",\"width\":832,\"height\":1280,\"caption\":\"Ekskluzywna koktajlowa sukienka z jedwabiu naturalnego w pi\u0119kne durze kwiaty De Marco szycie na miar\u0119 Warszawa, Krak\u00f3w, Katowice, Wroc\u0142aw, Pozna\u0144, Szczecin, Gdynia, Gda\u0144ska ....\"},{\"@type\":\"BreadcrumbList\",\"@id\":\"https:\\\/\\\/www.sklep.demarco.pl\\\/blog\\\/jak-ubrac-sie-na-kameralne-przyjecie\\\/#breadcrumb\",\"itemListElement\":[{\"@type\":\"ListItem\",\"position\":1,\"name\":\"Strona g\u0142\u00f3wna\",\"item\":\"https:\\\/\\\/www.sklep.demarco.pl\\\/blog\\\/\"},{\"@type\":\"ListItem\",\"position\":2,\"name\":\"Jak ubra\u0107 si\u0119 na kameralne przyj\u0119cie?\"}]},{\"@type\":\"WebSite\",\"@id\":\"https:\\\/\\\/www.sklep.demarco.pl\\\/blog\\\/#website\",\"url\":\"https:\\\/\\\/www.sklep.demarco.pl\\\/blog\\\/\",\"name\":\"De Marco\",\"description\":\"The finest women&#039;s clothing manufacturer\",\"potentialAction\":[{\"@type\":\"SearchAction\",\"target\":{\"@type\":\"EntryPoint\",\"urlTemplate\":\"https:\\\/\\\/www.sklep.demarco.pl\\\/blog\\\/?s={search_term_string}\"},\"query-input\":{\"@type\":\"PropertyValueSpecification\",\"valueRequired\":true,\"valueName\":\"search_term_string\"}}],\"inLanguage\":\"pl-PL\"},{\"@type\":\"Person\",\"@id\":\"https:\\\/\\\/www.sklep.demarco.pl\\\/blog\\\/#\\\/schema\\\/person\\\/38456e8269588abfbbdda5bc04dad142\",\"name\":\"de marco\",\"image\":{\"@type\":\"ImageObject\",\"inLanguage\":\"pl-PL\",\"@id\":\"https:\\\/\\\/secure.gravatar.com\\\/avatar\\\/1d03f06a246921ea2531e9b59fe2dcd5a125b6b3339bedd531ae0d7e4bb25f99?s=96&d=mm&r=g\",\"url\":\"https:\\\/\\\/secure.gravatar.com\\\/avatar\\\/1d03f06a246921ea2531e9b59fe2dcd5a125b6b3339bedd531ae0d7e4bb25f99?s=96&d=mm&r=g\",\"contentUrl\":\"https:\\\/\\\/secure.gravatar.com\\\/avatar\\\/1d03f06a246921ea2531e9b59fe2dcd5a125b6b3339bedd531ae0d7e4bb25f99?s=96&d=mm&r=g\",\"caption\":\"de marco\"},\"url\":\"https:\\\/\\\/www.sklep.demarco.pl\\\/blog\\\/author\\\/de-marco\\\/\"}]}<\/script>\n<!-- \/ Yoast SEO plugin. -->","yoast_head_json":{"title":"Jak ubra\u0107 si\u0119 na kameralne przyj\u0119cie? - De Marco","description":"Eleganckie stylizacje na kameralne przyj\u0119cie szyte na miar\u0119 w polskiej pracowni krawieckiej De Marco Atelier W. Fr\u0105czek - modne sukienki","robots":{"index":"index","follow":"follow","max-snippet":"max-snippet:-1","max-image-preview":"max-image-preview:large","max-video-preview":"max-video-preview:-1"},"canonical":"https:\/\/www.sklep.demarco.pl\/blog\/jak-ubrac-sie-na-kameralne-przyjecie\/","og_locale":"pl_PL","og_type":"article","og_title":"Jak ubra\u0107 si\u0119 na kameralne przyj\u0119cie? - De Marco","og_description":"Eleganckie stylizacje na kameralne przyj\u0119cie szyte na miar\u0119 w polskiej pracowni krawieckiej De Marco Atelier W. Fr\u0105czek - modne sukienki","og_url":"https:\/\/www.sklep.demarco.pl\/blog\/jak-ubrac-sie-na-kameralne-przyjecie\/","og_site_name":"De Marco","article_publisher":"https:\/\/www.facebook.com\/DeMarco.Styl","article_published_time":"2026-01-22T11:44:44+00:00","article_modified_time":"2026-01-22T11:45:28+00:00","og_image":[{"width":832,"height":1280,"url":"https:\/\/www.sklep.demarco.pl\/blog\/wp-content\/uploads\/2026\/01\/jedwabna_koktajlowa_sukienka_1.jpg","type":"image\/jpeg"}],"author":"de marco","twitter_misc":{"Napisane przez":"de marco","Szacowany czas czytania":"4 minuty"},"schema":{"@context":"https:\/\/schema.org","@graph":[{"@type":"Article","@id":"https:\/\/www.sklep.demarco.pl\/blog\/jak-ubrac-sie-na-kameralne-przyjecie\/#article","isPartOf":{"@id":"https:\/\/www.sklep.demarco.pl\/blog\/jak-ubrac-sie-na-kameralne-przyjecie\/"},"author":{"name":"de marco","@id":"https:\/\/www.sklep.demarco.pl\/blog\/#\/schema\/person\/38456e8269588abfbbdda5bc04dad142"},"headline":"Jak ubra\u0107 si\u0119 na kameralne przyj\u0119cie?","datePublished":"2026-01-22T11:44:44+00:00","dateModified":"2026-01-22T11:45:28+00:00","mainEntityOfPage":{"@id":"https:\/\/www.sklep.demarco.pl\/blog\/jak-ubrac-sie-na-kameralne-przyjecie\/"},"wordCount":510,"image":{"@id":"https:\/\/www.sklep.demarco.pl\/blog\/jak-ubrac-sie-na-kameralne-przyjecie\/#primaryimage"},"thumbnailUrl":"https:\/\/www.sklep.demarco.pl\/blog\/wp-content\/uploads\/2026\/01\/jedwabna_koktajlowa_sukienka_1.jpg","keywords":["De Marco","De Marco ekskluzywna marka","De Marco Frydrychowice","de marco-kolekcja","Ekskluzywna odzie\u017c damska","Ekskluzywna odzie\u017c damska polskich producent\u00f3w","Elegancka odzie\u017c damska sklep internetowy","markowa odzie\u017c damska","sklep De marco","sklep internetowy"],"articleSection":["METAMORFOZA"],"inLanguage":"pl-PL"},{"@type":"WebPage","@id":"https:\/\/www.sklep.demarco.pl\/blog\/jak-ubrac-sie-na-kameralne-przyjecie\/","url":"https:\/\/www.sklep.demarco.pl\/blog\/jak-ubrac-sie-na-kameralne-przyjecie\/","name":"Jak ubra\u0107 si\u0119 na kameralne przyj\u0119cie? - De Marco","isPartOf":{"@id":"https:\/\/www.sklep.demarco.pl\/blog\/#website"},"primaryImageOfPage":{"@id":"https:\/\/www.sklep.demarco.pl\/blog\/jak-ubrac-sie-na-kameralne-przyjecie\/#primaryimage"},"image":{"@id":"https:\/\/www.sklep.demarco.pl\/blog\/jak-ubrac-sie-na-kameralne-przyjecie\/#primaryimage"},"thumbnailUrl":"https:\/\/www.sklep.demarco.pl\/blog\/wp-content\/uploads\/2026\/01\/jedwabna_koktajlowa_sukienka_1.jpg","datePublished":"2026-01-22T11:44:44+00:00","dateModified":"2026-01-22T11:45:28+00:00","author":{"@id":"https:\/\/www.sklep.demarco.pl\/blog\/#\/schema\/person\/38456e8269588abfbbdda5bc04dad142"},"description":"Eleganckie stylizacje na kameralne przyj\u0119cie szyte na miar\u0119 w polskiej pracowni krawieckiej De Marco Atelier W. Fr\u0105czek - modne sukienki","breadcrumb":{"@id":"https:\/\/www.sklep.demarco.pl\/blog\/jak-ubrac-sie-na-kameralne-przyjecie\/#breadcrumb"},"inLanguage":"pl-PL","potentialAction":[{"@type":"ReadAction","target":["https:\/\/www.sklep.demarco.pl\/blog\/jak-ubrac-sie-na-kameralne-przyjecie\/"]}]},{"@type":"ImageObject","inLanguage":"pl-PL","@id":"https:\/\/www.sklep.demarco.pl\/blog\/jak-ubrac-sie-na-kameralne-przyjecie\/#primaryimage","url":"https:\/\/www.sklep.demarco.pl\/blog\/wp-content\/uploads\/2026\/01\/jedwabna_koktajlowa_sukienka_1.jpg","contentUrl":"https:\/\/www.sklep.demarco.pl\/blog\/wp-content\/uploads\/2026\/01\/jedwabna_koktajlowa_sukienka_1.jpg","width":832,"height":1280,"caption":"Ekskluzywna koktajlowa sukienka z jedwabiu naturalnego w pi\u0119kne durze kwiaty De Marco szycie na miar\u0119 Warszawa, Krak\u00f3w, Katowice, Wroc\u0142aw, Pozna\u0144, Szczecin, Gdynia, Gda\u0144ska ...."},{"@type":"BreadcrumbList","@id":"https:\/\/www.sklep.demarco.pl\/blog\/jak-ubrac-sie-na-kameralne-przyjecie\/#breadcrumb","itemListElement":[{"@type":"ListItem","position":1,"name":"Strona g\u0142\u00f3wna","item":"https:\/\/www.sklep.demarco.pl\/blog\/"},{"@type":"ListItem","position":2,"name":"Jak ubra\u0107 si\u0119 na kameralne przyj\u0119cie?"}]},{"@type":"WebSite","@id":"https:\/\/www.sklep.demarco.pl\/blog\/#website","url":"https:\/\/www.sklep.demarco.pl\/blog\/","name":"De Marco","description":"The finest women&#039;s clothing manufacturer","potentialAction":[{"@type":"SearchAction","target":{"@type":"EntryPoint","urlTemplate":"https:\/\/www.sklep.demarco.pl\/blog\/?s={search_term_string}"},"query-input":{"@type":"PropertyValueSpecification","valueRequired":true,"valueName":"search_term_string"}}],"inLanguage":"pl-PL"},{"@type":"Person","@id":"https:\/\/www.sklep.demarco.pl\/blog\/#\/schema\/person\/38456e8269588abfbbdda5bc04dad142","name":"de marco","image":{"@type":"ImageObject","inLanguage":"pl-PL","@id":"https:\/\/secure.gravatar.com\/avatar\/1d03f06a246921ea2531e9b59fe2dcd5a125b6b3339bedd531ae0d7e4bb25f99?s=96&d=mm&r=g","url":"https:\/\/secure.gravatar.com\/avatar\/1d03f06a246921ea2531e9b59fe2dcd5a125b6b3339bedd531ae0d7e4bb25f99?s=96&d=mm&r=g","contentUrl":"https:\/\/secure.gravatar.com\/avatar\/1d03f06a246921ea2531e9b59fe2dcd5a125b6b3339bedd531ae0d7e4bb25f99?s=96&d=mm&r=g","caption":"de marco"},"url":"https:\/\/www.sklep.demarco.pl\/blog\/author\/de-marco\/"}]}},"builder_content":"","_links":{"self":[{"href":"https:\/\/www.sklep.demarco.pl\/blog\/wp-json\/wp\/v2\/posts\/18991","targetHints":{"allow":["GET"]}}],"collection":[{"href":"https:\/\/www.sklep.demarco.pl\/blog\/wp-json\/wp\/v2\/posts"}],"about":[{"href":"https:\/\/www.sklep.demarco.pl\/blog\/wp-json\/wp\/v2\/types\/post"}],"author":[{"embeddable":true,"href":"https:\/\/www.sklep.demarco.pl\/blog\/wp-json\/wp\/v2\/users\/1"}],"replies":[{"embeddable":true,"href":"https:\/\/www.sklep.demarco.pl\/blog\/wp-json\/wp\/v2\/comments?post=18991"}],"version-history":[{"count":7,"href":"https:\/\/www.sklep.demarco.pl\/blog\/wp-json\/wp\/v2\/posts\/18991\/revisions"}],"predecessor-version":[{"id":19014,"href":"https:\/\/www.sklep.demarco.pl\/blog\/wp-json\/wp\/v2\/posts\/18991\/revisions\/19014"}],"wp:featuredmedia":[{"embeddable":true,"href":"https:\/\/www.sklep.demarco.pl\/blog\/wp-json\/wp\/v2\/media\/18997"}],"wp:attachment":[{"href":"https:\/\/www.sklep.demarco.pl\/blog\/wp-json\/wp\/v2\/media?parent=18991"}],"wp:term":[{"taxonomy":"category","embeddable":true,"href":"https:\/\/www.sklep.demarco.pl\/blog\/wp-json\/wp\/v2\/categories?post=18991"},{"taxonomy":"post_tag","embeddable":true,"href":"https:\/\/www.sklep.demarco.pl\/blog\/wp-json\/wp\/v2\/tags?post=18991"}],"curies":[{"name":"wp","href":"https:\/\/api.w.org\/{rel}","templated":true}]}}