{"id":18884,"date":"2025-12-09T14:29:51","date_gmt":"2025-12-09T14:29:51","guid":{"rendered":"https:\/\/www.sklep.demarco.pl\/blog\/?p=18884"},"modified":"2025-12-09T14:30:00","modified_gmt":"2025-12-09T14:30:00","slug":"co-zalozyc-na-wigilie-a-czego-unikac","status":"publish","type":"post","link":"https:\/\/www.sklep.demarco.pl\/blog\/co-zalozyc-na-wigilie-a-czego-unikac\/","title":{"rendered":"Co za\u0142o\u017cy\u0107 na wigilie a czego unika\u0107?"},"content":{"rendered":"\n<p>Co za\u0142o\u017cy\u0107 na wigilie a czego unika\u0107?<\/p>\n\n\n\n<p>Szanowni Pa\u0144stwo,<\/p>\n\n\n\n<p>Wigilia oraz ca\u0142y okres \u015awi\u0105t Bo\u017cego Narodzenia to czas o wyj\u0105tkowej atmosferze \u2013 pe\u0142en czu\u0142o\u015bci, rodzinnych spotka\u0144, wzruszaj\u0105cych rozm\u00f3w i wsp\u00f3lnego \u015bwi\u0119towania. To r\u00f3wnie\u017c moment, w kt\u00f3rym zje\u017cd\u017caj\u0105 do dom\u00f3w bliscy z najdalszych zak\u0105tk\u00f3w \u015bwiata, aby cho\u0107 przez chwil\u0119 poby\u0107 razem, celebrowa\u0107 tradycj\u0119 i obdarowa\u0107 si\u0119 nie tylko prezentami, lecz przede wszystkim obecno\u015bci\u0105. W tak uroczystej przestrzeni naturalne staje si\u0119 pragnienie, by r\u00f3wnie\u017c nasz str\u00f3j oddawa\u0142 powag\u0119 i pi\u0119kno tych chwil.<\/p>\n\n\n\n<div class=\"wp-block-media-text is-stacked-on-mobile\"><figure class=\"wp-block-media-text__media\"><a href=\"https:\/\/www.sklep.demarco.pl\/modna-sukienka-eva-ii\" target=\"_blank\" rel=\"noreferrer noopener\"><img loading=\"lazy\" decoding=\"async\" width=\"1024\" height=\"904\" src=\"https:\/\/www.sklep.demarco.pl\/blog\/wp-content\/uploads\/2025\/10\/sukienka-fiolet-de-marco_sukienki-od-krawca-2-1024x904.jpg\" alt=\"Modne sukienki z r\u0119kawem De Marco luksusowa polska marka odzie\u017cowa \" class=\"wp-image-18702 size-full\" srcset=\"https:\/\/www.sklep.demarco.pl\/blog\/wp-content\/uploads\/2025\/10\/sukienka-fiolet-de-marco_sukienki-od-krawca-2-1024x904.jpg 1024w, https:\/\/www.sklep.demarco.pl\/blog\/wp-content\/uploads\/2025\/10\/sukienka-fiolet-de-marco_sukienki-od-krawca-2-300x265.jpg 300w, https:\/\/www.sklep.demarco.pl\/blog\/wp-content\/uploads\/2025\/10\/sukienka-fiolet-de-marco_sukienki-od-krawca-2-768x678.jpg 768w, https:\/\/www.sklep.demarco.pl\/blog\/wp-content\/uploads\/2025\/10\/sukienka-fiolet-de-marco_sukienki-od-krawca-2.jpg 1088w\" sizes=\"auto, (max-width: 1024px) 100vw, 1024px\" \/><\/a><\/figure><div class=\"wp-block-media-text__content\">\n<h2 class=\"wp-block-heading\"><strong>Jak ubra\u0107 si\u0119 na Wigili\u0119?<\/strong><\/h2>\n\n\n\n<p>Stylizacja na Wigili\u0119 powinna \u0142\u0105czy\u0107 w sobie elegancj\u0119, umiar oraz ponadczasowy szyk. To nie jest wiecz\u00f3r pe\u0142en ekstrawagancji czy kokieterii \u2013 to \u015bwi\u0119to rodzinne, wyj\u0105tkowe i przepe\u0142nione tradycj\u0105. Dlatego warto postawi\u0107 na styl, kt\u00f3ry wyrazi szacunek wobec bliskich oraz samego wydarzenia.<\/p>\n<\/div><\/div>\n\n\n\n<p>Czytaj r\u00f3wnie\u017c: <a href=\"https:\/\/www.demarco.pl\/pomysl-na-luksusowy-prezent-swiateczny-dla-ukochanej\/\">Pomys\u0142 na luksusowy prezent \u015bwi\u0105teczny dla ukochanej<\/a><\/p>\n\n\n\n<div class=\"wp-block-media-text is-stacked-on-mobile\"><figure class=\"wp-block-media-text__media\"><a href=\"https:\/\/www.sklep.demarco.pl\/sukienki?s%5Battribute_1%5D%5B%5D=14&amp;s%5Bsearch_text%5D=\" target=\"_blank\" rel=\"noreferrer noopener\"><img loading=\"lazy\" decoding=\"async\" width=\"682\" height=\"1024\" src=\"https:\/\/www.sklep.demarco.pl\/blog\/wp-content\/uploads\/2025\/12\/IMG_2294a-682x1024.jpg\" alt=\"\" class=\"wp-image-18887 size-full\" srcset=\"https:\/\/www.sklep.demarco.pl\/blog\/wp-content\/uploads\/2025\/12\/IMG_2294a-682x1024.jpg 682w, https:\/\/www.sklep.demarco.pl\/blog\/wp-content\/uploads\/2025\/12\/IMG_2294a-200x300.jpg 200w, https:\/\/www.sklep.demarco.pl\/blog\/wp-content\/uploads\/2025\/12\/IMG_2294a-768x1152.jpg 768w, https:\/\/www.sklep.demarco.pl\/blog\/wp-content\/uploads\/2025\/12\/IMG_2294a-1024x1536.jpg 1024w, https:\/\/www.sklep.demarco.pl\/blog\/wp-content\/uploads\/2025\/12\/IMG_2294a.jpg 1333w\" sizes=\"auto, (max-width: 682px) 100vw, 682px\" \/><\/a><\/figure><div class=\"wp-block-media-text__content\">\n<h3 class=\"wp-block-heading\"><strong>Postawmy na elegancj\u0119 z klas\u0105<\/strong><\/h3>\n\n\n\n<p>Wybieraj\u0105c kreacj\u0119 na Wigili\u0119, kierujmy si\u0119 zasad\u0105 subtelno\u015bci i dobrego smaku. Idealnym wyborem b\u0119d\u0105:<\/p>\n\n\n\n<ul class=\"wp-block-list\">\n<li><strong>sukienki wizytowe<\/strong> o klasycznej d\u0142ugo\u015bci \u2013 do kolan, za kolano lub midi,<\/li>\n\n\n\n<li><strong>garsonki<\/strong> i <strong>eleganckie kostiumy<\/strong>,<\/li>\n\n\n\n<li><strong>stylowe zestawy wieczorowe<\/strong> w stonowanych barwach.<\/li>\n<\/ul>\n\n\n\n<p>Warto si\u0119gn\u0105\u0107 po tkaniny mi\u0119kko uk\u0142adaj\u0105ce si\u0119, kt\u00f3re podkre\u015blaj\u0105 sylwetk\u0119, ale nie kr\u0119puj\u0105 ruch\u00f3w, daj\u0105c pe\u0142en komfort podczas wielogodzinnego spotkania przy stole.<\/p>\n<\/div><\/div>\n\n\n\n<p>Czytaj r\u00f3wnie\u017c: <a href=\"https:\/\/www.sklep.demarco.pl\/blog\/nowoczesne-wieczorowe-sukienki-na-studniowke\/\">Nowoczesne wieczorowe sukienki na studni\u00f3wk\u0119<\/a><\/p>\n\n\n\n<h3 class=\"wp-block-heading\"><strong>Czego unika\u0107?<\/strong><\/h3>\n\n\n\n<p>Cho\u0107 moda daje przestrze\u0144 do wyra\u017cania siebie, Wigilia nie jest momentem na kreacje:<\/p>\n\n\n\n<ul class=\"wp-block-list\">\n<li>ze <strong>zbyt g\u0142\u0119bokim dekoltem<\/strong>,<\/li>\n\n\n\n<li>z <strong>ods\u0142oni\u0119tymi plecami<\/strong>,<\/li>\n\n\n\n<li><strong>zbyt kr\u00f3tkie<\/strong> czy wyzywaj\u0105ce,<\/li>\n\n\n\n<li>przesadnie b\u0142yszcz\u0105ce lub kojarz\u0105ce si\u0119 z zabaw\u0105 sylwestrow\u0105.<\/li>\n<\/ul>\n\n\n\n<p>To nie randka ani bal \u2013 to rodzinne \u015bwi\u0119to o g\u0142\u0119boko symbolicznym wymiarze. Warto prze\u017cy\u0107 je z klas\u0105, tak jak podpowiada tradycja.<\/p>\n\n\n\n<p>Czytaj r\u00f3wnie\u017c: <a href=\"https:\/\/www.sklep.demarco.pl\/blog\/elegancja-swiateczna-priorytety-i-wartosci\/\">Elegancja \u015bwi\u0105teczna \u2013 priorytety i warto\u015bci<\/a><\/p>\n\n\n\n<div class=\"wp-block-media-text is-stacked-on-mobile\"><figure class=\"wp-block-media-text__media\"><a href=\"https:\/\/www.sklep.demarco.pl\/pl\/?s%5Battribute_1%5D%5B%5D=2&amp;s%5Bsearch_text%5D=\" target=\"_blank\" rel=\"noreferrer noopener\"><img loading=\"lazy\" decoding=\"async\" width=\"832\" height=\"881\" src=\"https:\/\/www.sklep.demarco.pl\/blog\/wp-content\/uploads\/2025\/09\/swiateczne-sukienki-1.jpg\" alt=\"Eleganckie polskie sukienki na \u015bwi\u0119ta Bo\u017cego narodzenia. De Marco krawiec damski - szycie na miar\u0119 dla kobiet. Bordowa sukienka na wigilie\" class=\"wp-image-18565 size-full\" srcset=\"https:\/\/www.sklep.demarco.pl\/blog\/wp-content\/uploads\/2025\/09\/swiateczne-sukienki-1.jpg 832w, https:\/\/www.sklep.demarco.pl\/blog\/wp-content\/uploads\/2025\/09\/swiateczne-sukienki-1-283x300.jpg 283w, https:\/\/www.sklep.demarco.pl\/blog\/wp-content\/uploads\/2025\/09\/swiateczne-sukienki-1-768x813.jpg 768w\" sizes=\"auto, (max-width: 832px) 100vw, 832px\" \/><\/a><\/figure><div class=\"wp-block-media-text__content\">\n<h3 class=\"wp-block-heading\"><strong>Jakie kolory wybra\u0107?<\/strong><\/h3>\n\n\n\n<p>Na wigilijny wiecz\u00f3r szczeg\u00f3lnie polecamy:<\/p>\n\n\n\n<ul class=\"wp-block-list\">\n<li><strong>biel, \u00e9cru, \u015bmietan\u0119<\/strong> \u2013 barwy czysto\u015bci i \u015bwiat\u0142a,<\/li>\n\n\n\n<li><strong>czerwie\u0144<\/strong> i <strong>burgund<\/strong> \u2013 kolory \u015bwi\u0105t i dostojno\u015bci,<\/li>\n\n\n\n<li><strong>ziele\u0144<\/strong> \u2013 elegancki, szlachetny akcent,<\/li>\n\n\n\n<li><strong>granat<\/strong> i <strong>czer\u0144<\/strong> \u2013 pe\u0142ne powagi i ponadczasowego szyku,<\/li>\n<\/ul>\n\n\n\n<p>Kolorystyka powinna harmonizowa\u0107 z typem urody oraz charakterem ca\u0142ej stylizacji.<\/p>\n<\/div><\/div>\n\n\n\n<p>Czytaj r\u00f3wnie\u017c: <a href=\"https:\/\/www.demarco.pl\/piekne-wieczorowe-sukienki-projektowane-i-szyte-na-miare-w-de-marco\/\">Pi\u0119kne wieczorowe sukienki projektowane i szyte na miar\u0119 w De Marco<\/a><\/p>\n\n\n\n<div class=\"wp-block-media-text is-stacked-on-mobile\"><figure class=\"wp-block-media-text__media\"><a href=\"https:\/\/www.sklep.demarco.pl\/elegancki-garnitur-kamila-iii\" target=\"_blank\" rel=\"noreferrer noopener\"><img loading=\"lazy\" decoding=\"async\" width=\"513\" height=\"852\" src=\"https:\/\/www.sklep.demarco.pl\/blog\/wp-content\/uploads\/2025\/11\/wieczorowe_garnitury_1.jpg\" alt=\"Ekskluzywne garnitury damskie dla kobiet dojrza\u0142ych. Eleganckie komplet ze spodniami na gale, bal charytatywny, wigilia, sylwester. De Marco najlepsze polskie garnitury\" class=\"wp-image-18810 size-full\" srcset=\"https:\/\/www.sklep.demarco.pl\/blog\/wp-content\/uploads\/2025\/11\/wieczorowe_garnitury_1.jpg 513w, https:\/\/www.sklep.demarco.pl\/blog\/wp-content\/uploads\/2025\/11\/wieczorowe_garnitury_1-181x300.jpg 181w\" sizes=\"auto, (max-width: 513px) 100vw, 513px\" \/><\/a><\/figure><div class=\"wp-block-media-text__content\">\n<h3 class=\"wp-block-heading\"><strong>Elegancja, w kt\u00f3rej poczuj\u0105 si\u0119 Panie wyj\u0105tkowo<\/strong><\/h3>\n\n\n\n<p>W De Marco od lat tworzymy kreacje, kt\u00f3re pomagaj\u0105 prze\u017cy\u0107 \u015awi\u0119ta z jeszcze wi\u0119ksz\u0105 rado\u015bci\u0105. Nasze sukienki, garsonki i kostiumy powstaj\u0105 z dba\u0142o\u015bci\u0105 o najmniejszy detal, tak aby ka\u017cda kobieta \u2013 niezale\u017cnie od wieku, sylwetki czy rozmiaru \u2013 mog\u0142a poczu\u0107 si\u0119 pi\u0119knie, komfortowo i godnie w tym szczeg\u00f3lnym czasie.<\/p>\n\n\n\n<p>Zapewniamy profesjonalne doradztwo, pe\u0142n\u0105 dyskrecj\u0119 oraz mo\u017cliwo\u015b\u0107 indywidualnego projektu i szycia na miar\u0119.<\/p>\n<\/div><\/div>\n\n\n\n<p>Czytaj r\u00f3wnie\u017c: <a href=\"https:\/\/www.sklep.demarco.pl\/blog\/najpiekniejsze-stylizacje-wieczorowe-2026\/\">Najpi\u0119kniejsze Stylizacje Wieczorowe 2026<\/a><\/p>\n\n\n\n<hr class=\"wp-block-separator has-alpha-channel-opacity\"\/>\n\n\n\n<p>Szanowni Pa\u0144stwo,<br>je\u015bli szukaj\u0105 Pa\u0144stwo stylizacji, kt\u00f3ra podkre\u015bli magi\u0119 Wigilii i pozwoli godnie celebrowa\u0107 \u015bwi\u0105teczny czas, serdecznie zapraszamy do kontaktu oraz do odwiedzenia Salonu Mody De Marco. Ch\u0119tnie stworzymy dla Pa\u0144stwa kreacj\u0119, kt\u00f3ra sprawi, \u017ce te chwile nabior\u0105 jeszcze wi\u0119kszego blasku.<\/p>\n\n\n\n<p>Czytaj r\u00f3wnie\u017c: <a href=\"https:\/\/www.sklep.demarco.pl\/blog\/eleganckie-polskie-ubrania-dobrej-jakosci-de-marco-luksusowa-marka-odziezowa\/\">Eleganckie polskie ubrania dobrej jako\u015bci De Marco luksusowa marka odzie\u017cowa.<\/a><\/p>\n\n\n\n<figure class=\"wp-block-embed is-type-wp-embed is-provider-de-marco wp-block-embed-de-marco\"><div class=\"wp-block-embed__wrapper\">\n<blockquote class=\"wp-embedded-content\" data-secret=\"RFpYl81e7O\"><a href=\"https:\/\/www.sklep.demarco.pl\/blog\/jaka-sukienka-na-sylwestra-2025-2026-inspiracje-modowe\/\">Jaka sukienka na Sylwestra 2025 &#8211; 2026? Inspiracje modowe<\/a><\/blockquote><iframe loading=\"lazy\" class=\"wp-embedded-content\" sandbox=\"allow-scripts\" security=\"restricted\" style=\"position: absolute; visibility: hidden;\" title=\"&#8222;Jaka sukienka na Sylwestra 2025 &#8211; 2026? Inspiracje modowe&#8221; &#8212; De Marco\" src=\"https:\/\/www.sklep.demarco.pl\/blog\/jaka-sukienka-na-sylwestra-2025-2026-inspiracje-modowe\/embed\/#?secret=YCXmqMcCoz#?secret=RFpYl81e7O\" data-secret=\"RFpYl81e7O\" width=\"500\" height=\"282\" frameborder=\"0\" marginwidth=\"0\" marginheight=\"0\" scrolling=\"no\"><\/iframe>\n<\/div><\/figure>\n\n\n<!-- wp:themify-builder\/canvas \/-->","protected":false},"excerpt":{"rendered":"<p>Co za\u0142o\u017cy\u0107 na wigilie a czego unika\u0107? Szanowni Pa\u0144stwo, Wigilia oraz ca\u0142y okres \u015awi\u0105t Bo\u017cego Narodzenia to czas o wyj\u0105tkowej atmosferze \u2013 pe\u0142en czu\u0142o\u015bci, rodzinnych spotka\u0144, wzruszaj\u0105cych rozm\u00f3w i wsp\u00f3lnego \u015bwi\u0119towania. To r\u00f3wnie\u017c moment, w kt\u00f3rym zje\u017cd\u017caj\u0105 do dom\u00f3w bliscy z najdalszych zak\u0105tk\u00f3w \u015bwiata, aby cho\u0107 przez chwil\u0119 poby\u0107 razem, celebrowa\u0107 tradycj\u0119 i obdarowa\u0107 si\u0119 [&hellip;]<\/p>\n","protected":false},"author":1,"featured_media":18886,"comment_status":"closed","ping_status":"closed","sticky":false,"template":"","format":"standard","meta":{"footnotes":"","_links_to":"","_links_to_target":""},"categories":[15],"tags":[82,469,135,169,171,3491,3339,478,176,217],"class_list":["post-18884","post","type-post","status-publish","format-standard","has-post-thumbnail","hentry","category-metamorfoza","tag-de-marco","tag-de-marco-ekskluzywna-marka","tag-de-marco-frydrychowice","tag-de-marco-kolekcja","tag-ekskluzywna-odziez-damska","tag-ekskluzywna-odziez-damska-polskich-producentow","tag-elegancka-odziez-damska-sklep-internetowy","tag-markowa-odziez-damska","tag-sklep-de-marco","tag-sklep-internetowy"],"yoast_head":"<!-- This site is optimized with the Yoast SEO plugin v27.5 - https:\/\/yoast.com\/product\/yoast-seo-wordpress\/ -->\n<title>Co za\u0142o\u017cy\u0107 na wigilie a czego unika\u0107? - De Marco<\/title>\n<meta name=\"description\" content=\"Co za\u0142o\u017cy\u0107 na wigilie? Eleganckie sukienki, sp\u00f3dnice, garnitury damskie De Marco szycie na miar\u0119 ko\u0142o Krakowa. Polski producent\" \/>\n<meta name=\"robots\" content=\"index, follow, max-snippet:-1, max-image-preview:large, max-video-preview:-1\" \/>\n<link rel=\"canonical\" href=\"https:\/\/www.sklep.demarco.pl\/blog\/co-zalozyc-na-wigilie-a-czego-unikac\/\" \/>\n<meta property=\"og:locale\" content=\"pl_PL\" \/>\n<meta property=\"og:type\" content=\"article\" \/>\n<meta property=\"og:title\" content=\"Co za\u0142o\u017cy\u0107 na wigilie a czego unika\u0107? - De Marco\" \/>\n<meta property=\"og:description\" content=\"Co za\u0142o\u017cy\u0107 na wigilie? Eleganckie sukienki, sp\u00f3dnice, garnitury damskie De Marco szycie na miar\u0119 ko\u0142o Krakowa. Polski producent\" \/>\n<meta property=\"og:url\" content=\"https:\/\/www.sklep.demarco.pl\/blog\/co-zalozyc-na-wigilie-a-czego-unikac\/\" \/>\n<meta property=\"og:site_name\" content=\"De Marco\" \/>\n<meta property=\"article:publisher\" content=\"https:\/\/www.facebook.com\/DeMarco.Styl\" \/>\n<meta property=\"article:published_time\" content=\"2025-12-09T14:29:51+00:00\" \/>\n<meta property=\"article:modified_time\" content=\"2025-12-09T14:30:00+00:00\" \/>\n<meta property=\"og:image\" content=\"https:\/\/www.sklep.demarco.pl\/blog\/wp-content\/uploads\/2025\/12\/sukienka_na_wigiliw_1-1.jpg\" \/>\n\t<meta property=\"og:image:width\" content=\"896\" \/>\n\t<meta property=\"og:image:height\" content=\"1152\" \/>\n\t<meta property=\"og:image:type\" content=\"image\/jpeg\" \/>\n<meta name=\"author\" content=\"de marco\" \/>\n<meta name=\"twitter:label1\" content=\"Napisane przez\" \/>\n\t<meta name=\"twitter:data1\" content=\"de marco\" \/>\n\t<meta name=\"twitter:label2\" content=\"Szacowany czas czytania\" \/>\n\t<meta name=\"twitter:data2\" content=\"4 minuty\" \/>\n<script type=\"application\/ld+json\" class=\"yoast-schema-graph\">{\"@context\":\"https:\\\/\\\/schema.org\",\"@graph\":[{\"@type\":\"Article\",\"@id\":\"https:\\\/\\\/www.sklep.demarco.pl\\\/blog\\\/co-zalozyc-na-wigilie-a-czego-unikac\\\/#article\",\"isPartOf\":{\"@id\":\"https:\\\/\\\/www.sklep.demarco.pl\\\/blog\\\/co-zalozyc-na-wigilie-a-czego-unikac\\\/\"},\"author\":{\"name\":\"de marco\",\"@id\":\"https:\\\/\\\/www.sklep.demarco.pl\\\/blog\\\/#\\\/schema\\\/person\\\/38456e8269588abfbbdda5bc04dad142\"},\"headline\":\"Co za\u0142o\u017cy\u0107 na wigilie a czego unika\u0107?\",\"datePublished\":\"2025-12-09T14:29:51+00:00\",\"dateModified\":\"2025-12-09T14:30:00+00:00\",\"mainEntityOfPage\":{\"@id\":\"https:\\\/\\\/www.sklep.demarco.pl\\\/blog\\\/co-zalozyc-na-wigilie-a-czego-unikac\\\/\"},\"wordCount\":570,\"image\":{\"@id\":\"https:\\\/\\\/www.sklep.demarco.pl\\\/blog\\\/co-zalozyc-na-wigilie-a-czego-unikac\\\/#primaryimage\"},\"thumbnailUrl\":\"https:\\\/\\\/www.sklep.demarco.pl\\\/blog\\\/wp-content\\\/uploads\\\/2025\\\/12\\\/sukienka_na_wigiliw_1-1.jpg\",\"keywords\":[\"De Marco\",\"De Marco ekskluzywna marka\",\"De Marco Frydrychowice\",\"de marco-kolekcja\",\"Ekskluzywna odzie\u017c damska\",\"Ekskluzywna odzie\u017c damska polskich producent\u00f3w\",\"Elegancka odzie\u017c damska sklep internetowy\",\"markowa odzie\u017c damska\",\"sklep De marco\",\"sklep internetowy\"],\"articleSection\":[\"METAMORFOZA\"],\"inLanguage\":\"pl-PL\"},{\"@type\":\"WebPage\",\"@id\":\"https:\\\/\\\/www.sklep.demarco.pl\\\/blog\\\/co-zalozyc-na-wigilie-a-czego-unikac\\\/\",\"url\":\"https:\\\/\\\/www.sklep.demarco.pl\\\/blog\\\/co-zalozyc-na-wigilie-a-czego-unikac\\\/\",\"name\":\"Co za\u0142o\u017cy\u0107 na wigilie a czego unika\u0107? - De Marco\",\"isPartOf\":{\"@id\":\"https:\\\/\\\/www.sklep.demarco.pl\\\/blog\\\/#website\"},\"primaryImageOfPage\":{\"@id\":\"https:\\\/\\\/www.sklep.demarco.pl\\\/blog\\\/co-zalozyc-na-wigilie-a-czego-unikac\\\/#primaryimage\"},\"image\":{\"@id\":\"https:\\\/\\\/www.sklep.demarco.pl\\\/blog\\\/co-zalozyc-na-wigilie-a-czego-unikac\\\/#primaryimage\"},\"thumbnailUrl\":\"https:\\\/\\\/www.sklep.demarco.pl\\\/blog\\\/wp-content\\\/uploads\\\/2025\\\/12\\\/sukienka_na_wigiliw_1-1.jpg\",\"datePublished\":\"2025-12-09T14:29:51+00:00\",\"dateModified\":\"2025-12-09T14:30:00+00:00\",\"author\":{\"@id\":\"https:\\\/\\\/www.sklep.demarco.pl\\\/blog\\\/#\\\/schema\\\/person\\\/38456e8269588abfbbdda5bc04dad142\"},\"description\":\"Co za\u0142o\u017cy\u0107 na wigilie? Eleganckie sukienki, sp\u00f3dnice, garnitury damskie De Marco szycie na miar\u0119 ko\u0142o Krakowa. Polski producent\",\"breadcrumb\":{\"@id\":\"https:\\\/\\\/www.sklep.demarco.pl\\\/blog\\\/co-zalozyc-na-wigilie-a-czego-unikac\\\/#breadcrumb\"},\"inLanguage\":\"pl-PL\",\"potentialAction\":[{\"@type\":\"ReadAction\",\"target\":[\"https:\\\/\\\/www.sklep.demarco.pl\\\/blog\\\/co-zalozyc-na-wigilie-a-czego-unikac\\\/\"]}]},{\"@type\":\"ImageObject\",\"inLanguage\":\"pl-PL\",\"@id\":\"https:\\\/\\\/www.sklep.demarco.pl\\\/blog\\\/co-zalozyc-na-wigilie-a-czego-unikac\\\/#primaryimage\",\"url\":\"https:\\\/\\\/www.sklep.demarco.pl\\\/blog\\\/wp-content\\\/uploads\\\/2025\\\/12\\\/sukienka_na_wigiliw_1-1.jpg\",\"contentUrl\":\"https:\\\/\\\/www.sklep.demarco.pl\\\/blog\\\/wp-content\\\/uploads\\\/2025\\\/12\\\/sukienka_na_wigiliw_1-1.jpg\",\"width\":896,\"height\":1152,\"caption\":\"Eleganckie sukienki na wigili\u0119 dla 30 latki, 40 latki De Marco luksusowa odzie\u017c damska szyta na miar\u0119\"},{\"@type\":\"BreadcrumbList\",\"@id\":\"https:\\\/\\\/www.sklep.demarco.pl\\\/blog\\\/co-zalozyc-na-wigilie-a-czego-unikac\\\/#breadcrumb\",\"itemListElement\":[{\"@type\":\"ListItem\",\"position\":1,\"name\":\"Strona g\u0142\u00f3wna\",\"item\":\"https:\\\/\\\/www.sklep.demarco.pl\\\/blog\\\/\"},{\"@type\":\"ListItem\",\"position\":2,\"name\":\"Co za\u0142o\u017cy\u0107 na wigilie a czego unika\u0107?\"}]},{\"@type\":\"WebSite\",\"@id\":\"https:\\\/\\\/www.sklep.demarco.pl\\\/blog\\\/#website\",\"url\":\"https:\\\/\\\/www.sklep.demarco.pl\\\/blog\\\/\",\"name\":\"De Marco\",\"description\":\"The finest women&#039;s clothing manufacturer\",\"potentialAction\":[{\"@type\":\"SearchAction\",\"target\":{\"@type\":\"EntryPoint\",\"urlTemplate\":\"https:\\\/\\\/www.sklep.demarco.pl\\\/blog\\\/?s={search_term_string}\"},\"query-input\":{\"@type\":\"PropertyValueSpecification\",\"valueRequired\":true,\"valueName\":\"search_term_string\"}}],\"inLanguage\":\"pl-PL\"},{\"@type\":\"Person\",\"@id\":\"https:\\\/\\\/www.sklep.demarco.pl\\\/blog\\\/#\\\/schema\\\/person\\\/38456e8269588abfbbdda5bc04dad142\",\"name\":\"de marco\",\"image\":{\"@type\":\"ImageObject\",\"inLanguage\":\"pl-PL\",\"@id\":\"https:\\\/\\\/secure.gravatar.com\\\/avatar\\\/1d03f06a246921ea2531e9b59fe2dcd5a125b6b3339bedd531ae0d7e4bb25f99?s=96&d=mm&r=g\",\"url\":\"https:\\\/\\\/secure.gravatar.com\\\/avatar\\\/1d03f06a246921ea2531e9b59fe2dcd5a125b6b3339bedd531ae0d7e4bb25f99?s=96&d=mm&r=g\",\"contentUrl\":\"https:\\\/\\\/secure.gravatar.com\\\/avatar\\\/1d03f06a246921ea2531e9b59fe2dcd5a125b6b3339bedd531ae0d7e4bb25f99?s=96&d=mm&r=g\",\"caption\":\"de marco\"},\"url\":\"https:\\\/\\\/www.sklep.demarco.pl\\\/blog\\\/author\\\/de-marco\\\/\"}]}<\/script>\n<!-- \/ Yoast SEO plugin. -->","yoast_head_json":{"title":"Co za\u0142o\u017cy\u0107 na wigilie a czego unika\u0107? - De Marco","description":"Co za\u0142o\u017cy\u0107 na wigilie? Eleganckie sukienki, sp\u00f3dnice, garnitury damskie De Marco szycie na miar\u0119 ko\u0142o Krakowa. Polski producent","robots":{"index":"index","follow":"follow","max-snippet":"max-snippet:-1","max-image-preview":"max-image-preview:large","max-video-preview":"max-video-preview:-1"},"canonical":"https:\/\/www.sklep.demarco.pl\/blog\/co-zalozyc-na-wigilie-a-czego-unikac\/","og_locale":"pl_PL","og_type":"article","og_title":"Co za\u0142o\u017cy\u0107 na wigilie a czego unika\u0107? - De Marco","og_description":"Co za\u0142o\u017cy\u0107 na wigilie? Eleganckie sukienki, sp\u00f3dnice, garnitury damskie De Marco szycie na miar\u0119 ko\u0142o Krakowa. Polski producent","og_url":"https:\/\/www.sklep.demarco.pl\/blog\/co-zalozyc-na-wigilie-a-czego-unikac\/","og_site_name":"De Marco","article_publisher":"https:\/\/www.facebook.com\/DeMarco.Styl","article_published_time":"2025-12-09T14:29:51+00:00","article_modified_time":"2025-12-09T14:30:00+00:00","og_image":[{"width":896,"height":1152,"url":"https:\/\/www.sklep.demarco.pl\/blog\/wp-content\/uploads\/2025\/12\/sukienka_na_wigiliw_1-1.jpg","type":"image\/jpeg"}],"author":"de marco","twitter_misc":{"Napisane przez":"de marco","Szacowany czas czytania":"4 minuty"},"schema":{"@context":"https:\/\/schema.org","@graph":[{"@type":"Article","@id":"https:\/\/www.sklep.demarco.pl\/blog\/co-zalozyc-na-wigilie-a-czego-unikac\/#article","isPartOf":{"@id":"https:\/\/www.sklep.demarco.pl\/blog\/co-zalozyc-na-wigilie-a-czego-unikac\/"},"author":{"name":"de marco","@id":"https:\/\/www.sklep.demarco.pl\/blog\/#\/schema\/person\/38456e8269588abfbbdda5bc04dad142"},"headline":"Co za\u0142o\u017cy\u0107 na wigilie a czego unika\u0107?","datePublished":"2025-12-09T14:29:51+00:00","dateModified":"2025-12-09T14:30:00+00:00","mainEntityOfPage":{"@id":"https:\/\/www.sklep.demarco.pl\/blog\/co-zalozyc-na-wigilie-a-czego-unikac\/"},"wordCount":570,"image":{"@id":"https:\/\/www.sklep.demarco.pl\/blog\/co-zalozyc-na-wigilie-a-czego-unikac\/#primaryimage"},"thumbnailUrl":"https:\/\/www.sklep.demarco.pl\/blog\/wp-content\/uploads\/2025\/12\/sukienka_na_wigiliw_1-1.jpg","keywords":["De Marco","De Marco ekskluzywna marka","De Marco Frydrychowice","de marco-kolekcja","Ekskluzywna odzie\u017c damska","Ekskluzywna odzie\u017c damska polskich producent\u00f3w","Elegancka odzie\u017c damska sklep internetowy","markowa odzie\u017c damska","sklep De marco","sklep internetowy"],"articleSection":["METAMORFOZA"],"inLanguage":"pl-PL"},{"@type":"WebPage","@id":"https:\/\/www.sklep.demarco.pl\/blog\/co-zalozyc-na-wigilie-a-czego-unikac\/","url":"https:\/\/www.sklep.demarco.pl\/blog\/co-zalozyc-na-wigilie-a-czego-unikac\/","name":"Co za\u0142o\u017cy\u0107 na wigilie a czego unika\u0107? - De Marco","isPartOf":{"@id":"https:\/\/www.sklep.demarco.pl\/blog\/#website"},"primaryImageOfPage":{"@id":"https:\/\/www.sklep.demarco.pl\/blog\/co-zalozyc-na-wigilie-a-czego-unikac\/#primaryimage"},"image":{"@id":"https:\/\/www.sklep.demarco.pl\/blog\/co-zalozyc-na-wigilie-a-czego-unikac\/#primaryimage"},"thumbnailUrl":"https:\/\/www.sklep.demarco.pl\/blog\/wp-content\/uploads\/2025\/12\/sukienka_na_wigiliw_1-1.jpg","datePublished":"2025-12-09T14:29:51+00:00","dateModified":"2025-12-09T14:30:00+00:00","author":{"@id":"https:\/\/www.sklep.demarco.pl\/blog\/#\/schema\/person\/38456e8269588abfbbdda5bc04dad142"},"description":"Co za\u0142o\u017cy\u0107 na wigilie? Eleganckie sukienki, sp\u00f3dnice, garnitury damskie De Marco szycie na miar\u0119 ko\u0142o Krakowa. Polski producent","breadcrumb":{"@id":"https:\/\/www.sklep.demarco.pl\/blog\/co-zalozyc-na-wigilie-a-czego-unikac\/#breadcrumb"},"inLanguage":"pl-PL","potentialAction":[{"@type":"ReadAction","target":["https:\/\/www.sklep.demarco.pl\/blog\/co-zalozyc-na-wigilie-a-czego-unikac\/"]}]},{"@type":"ImageObject","inLanguage":"pl-PL","@id":"https:\/\/www.sklep.demarco.pl\/blog\/co-zalozyc-na-wigilie-a-czego-unikac\/#primaryimage","url":"https:\/\/www.sklep.demarco.pl\/blog\/wp-content\/uploads\/2025\/12\/sukienka_na_wigiliw_1-1.jpg","contentUrl":"https:\/\/www.sklep.demarco.pl\/blog\/wp-content\/uploads\/2025\/12\/sukienka_na_wigiliw_1-1.jpg","width":896,"height":1152,"caption":"Eleganckie sukienki na wigili\u0119 dla 30 latki, 40 latki De Marco luksusowa odzie\u017c damska szyta na miar\u0119"},{"@type":"BreadcrumbList","@id":"https:\/\/www.sklep.demarco.pl\/blog\/co-zalozyc-na-wigilie-a-czego-unikac\/#breadcrumb","itemListElement":[{"@type":"ListItem","position":1,"name":"Strona g\u0142\u00f3wna","item":"https:\/\/www.sklep.demarco.pl\/blog\/"},{"@type":"ListItem","position":2,"name":"Co za\u0142o\u017cy\u0107 na wigilie a czego unika\u0107?"}]},{"@type":"WebSite","@id":"https:\/\/www.sklep.demarco.pl\/blog\/#website","url":"https:\/\/www.sklep.demarco.pl\/blog\/","name":"De Marco","description":"The finest women&#039;s clothing manufacturer","potentialAction":[{"@type":"SearchAction","target":{"@type":"EntryPoint","urlTemplate":"https:\/\/www.sklep.demarco.pl\/blog\/?s={search_term_string}"},"query-input":{"@type":"PropertyValueSpecification","valueRequired":true,"valueName":"search_term_string"}}],"inLanguage":"pl-PL"},{"@type":"Person","@id":"https:\/\/www.sklep.demarco.pl\/blog\/#\/schema\/person\/38456e8269588abfbbdda5bc04dad142","name":"de marco","image":{"@type":"ImageObject","inLanguage":"pl-PL","@id":"https:\/\/secure.gravatar.com\/avatar\/1d03f06a246921ea2531e9b59fe2dcd5a125b6b3339bedd531ae0d7e4bb25f99?s=96&d=mm&r=g","url":"https:\/\/secure.gravatar.com\/avatar\/1d03f06a246921ea2531e9b59fe2dcd5a125b6b3339bedd531ae0d7e4bb25f99?s=96&d=mm&r=g","contentUrl":"https:\/\/secure.gravatar.com\/avatar\/1d03f06a246921ea2531e9b59fe2dcd5a125b6b3339bedd531ae0d7e4bb25f99?s=96&d=mm&r=g","caption":"de marco"},"url":"https:\/\/www.sklep.demarco.pl\/blog\/author\/de-marco\/"}]}},"builder_content":"","_links":{"self":[{"href":"https:\/\/www.sklep.demarco.pl\/blog\/wp-json\/wp\/v2\/posts\/18884","targetHints":{"allow":["GET"]}}],"collection":[{"href":"https:\/\/www.sklep.demarco.pl\/blog\/wp-json\/wp\/v2\/posts"}],"about":[{"href":"https:\/\/www.sklep.demarco.pl\/blog\/wp-json\/wp\/v2\/types\/post"}],"author":[{"embeddable":true,"href":"https:\/\/www.sklep.demarco.pl\/blog\/wp-json\/wp\/v2\/users\/1"}],"replies":[{"embeddable":true,"href":"https:\/\/www.sklep.demarco.pl\/blog\/wp-json\/wp\/v2\/comments?post=18884"}],"version-history":[{"count":1,"href":"https:\/\/www.sklep.demarco.pl\/blog\/wp-json\/wp\/v2\/posts\/18884\/revisions"}],"predecessor-version":[{"id":18888,"href":"https:\/\/www.sklep.demarco.pl\/blog\/wp-json\/wp\/v2\/posts\/18884\/revisions\/18888"}],"wp:featuredmedia":[{"embeddable":true,"href":"https:\/\/www.sklep.demarco.pl\/blog\/wp-json\/wp\/v2\/media\/18886"}],"wp:attachment":[{"href":"https:\/\/www.sklep.demarco.pl\/blog\/wp-json\/wp\/v2\/media?parent=18884"}],"wp:term":[{"taxonomy":"category","embeddable":true,"href":"https:\/\/www.sklep.demarco.pl\/blog\/wp-json\/wp\/v2\/categories?post=18884"},{"taxonomy":"post_tag","embeddable":true,"href":"https:\/\/www.sklep.demarco.pl\/blog\/wp-json\/wp\/v2\/tags?post=18884"}],"curies":[{"name":"wp","href":"https:\/\/api.w.org\/{rel}","templated":true}]}}