{"id":18754,"date":"2025-10-22T11:13:16","date_gmt":"2025-10-22T11:13:16","guid":{"rendered":"https:\/\/www.sklep.demarco.pl\/blog\/?p=18754"},"modified":"2025-10-22T11:21:29","modified_gmt":"2025-10-22T11:21:29","slug":"najpiekniejsze-sukienki-na-wesele-rocznice-i-jubileusz","status":"publish","type":"post","link":"https:\/\/www.sklep.demarco.pl\/blog\/najpiekniejsze-sukienki-na-wesele-rocznice-i-jubileusz\/","title":{"rendered":"Najpi\u0119kniejsze sukienki na wesele, rocznic\u0119 i jubileusz"},"content":{"rendered":"\n<div class=\"wp-block-media-text is-stacked-on-mobile\"><figure class=\"wp-block-media-text__media\"><a href=\"https:\/\/www.sklep.demarco.pl\/suknia-wieczorowa-jamila\" target=\"_blank\" rel=\"noreferrer noopener\"><img loading=\"lazy\" decoding=\"async\" width=\"683\" height=\"1024\" src=\"https:\/\/www.sklep.demarco.pl\/blog\/wp-content\/uploads\/2025\/10\/Gemini_Generated_Image_gygkcrgygkcrgygk-683x1024.png\" alt=\"Ekskluzywna d\u0142uga suknia na wesele dla mamy i te\u015bciowej. Unikatowe kreacje, niepowtarzalne sukienki De Marco\" class=\"wp-image-18641 size-full\" srcset=\"https:\/\/www.sklep.demarco.pl\/blog\/wp-content\/uploads\/2025\/10\/Gemini_Generated_Image_gygkcrgygkcrgygk-683x1024.png 683w, https:\/\/www.sklep.demarco.pl\/blog\/wp-content\/uploads\/2025\/10\/Gemini_Generated_Image_gygkcrgygkcrgygk-200x300.png 200w, https:\/\/www.sklep.demarco.pl\/blog\/wp-content\/uploads\/2025\/10\/Gemini_Generated_Image_gygkcrgygkcrgygk-768x1152.png 768w, https:\/\/www.sklep.demarco.pl\/blog\/wp-content\/uploads\/2025\/10\/Gemini_Generated_Image_gygkcrgygkcrgygk.png 832w\" sizes=\"(max-width: 683px) 100vw, 683px\" \/><\/a><\/figure><div class=\"wp-block-media-text__content\">\n<h4 class=\"wp-block-heading\"><em>De Marco \u2013 Kreacje, kt\u00f3re podkre\u015blaj\u0105 pi\u0119kno, klas\u0119 i niezale\u017cno\u015b\u0107 kobiety<\/em><\/h4>\n\n\n\n<p><strong>Szanowni Pa\u0144stwo,<\/strong><\/p>\n\n\n\n<p>W \u017cyciu ka\u017cdej kobiety s\u0105 chwile, kt\u00f3re zas\u0142uguj\u0105 na szczeg\u00f3ln\u0105 opraw\u0119 \u2013 <strong>wesele, rocznica \u015blubu, jubileusz<\/strong>. To momenty, w kt\u00f3rych pragniemy wygl\u0105da\u0107 wyj\u0105tkowo, z klas\u0105 i wdzi\u0119kiem. W\u0142a\u015bnie z my\u015bl\u0105 o takich okazjach powstaj\u0105 <strong>unikatowe sukienki projektowane i szyte na miar\u0119 w Pracowni Krawieckiej De Marco<\/strong> \u2013 miejscu, gdzie <strong>sztuka mistrzowskiego krawiectw spotyka si\u0119 z filozofi\u0105 \u201equiet luxury\u201d<\/strong>.<\/p>\n<\/div><\/div>\n\n\n\n<p>Czytaj r\u00f3wnie\u017c: <a href=\"https:\/\/www.sklep.demarco.pl\/blog\/sukienki-na-wesele-dla-mamy-i-tesciowej-elegancja-w-najpiekniejszym-wydaniu\/\">Sukienki na wesele dla mamy i te\u015bciowej \u2013 elegancja w najpi\u0119kniejszym wydaniu<\/a><\/p>\n\n\n\n<hr class=\"wp-block-separator has-alpha-channel-opacity\"\/>\n\n\n\n<div class=\"wp-block-media-text is-stacked-on-mobile\"><figure class=\"wp-block-media-text__media\"><a href=\"https:\/\/www.sklep.demarco.pl\/wizytowa-czerwona-sukienka-minerwa-ii\" target=\"_blank\" rel=\"noreferrer noopener\"><img loading=\"lazy\" decoding=\"async\" width=\"1024\" height=\"1024\" src=\"https:\/\/www.sklep.demarco.pl\/blog\/wp-content\/uploads\/2024\/07\/pierwsza-dama16-1024x1024.jpg\" alt=\"Szczyt NATO Agata Kornhauser Duda w sukience polskiej firmy\" class=\"wp-image-16977 size-full\" srcset=\"https:\/\/www.sklep.demarco.pl\/blog\/wp-content\/uploads\/2024\/07\/pierwsza-dama16-1024x1024.jpg 1024w, https:\/\/www.sklep.demarco.pl\/blog\/wp-content\/uploads\/2024\/07\/pierwsza-dama16-300x300.jpg 300w, https:\/\/www.sklep.demarco.pl\/blog\/wp-content\/uploads\/2024\/07\/pierwsza-dama16-150x150.jpg 150w, https:\/\/www.sklep.demarco.pl\/blog\/wp-content\/uploads\/2024\/07\/pierwsza-dama16-768x769.jpg 768w, https:\/\/www.sklep.demarco.pl\/blog\/wp-content\/uploads\/2024\/07\/pierwsza-dama16.jpg 1440w\" sizes=\"(max-width: 1024px) 100vw, 1024px\" \/><\/a><\/figure><div class=\"wp-block-media-text__content\">\n<h3 class=\"wp-block-heading\">\ud83d\udc57 <strong>De Marco \u2013 Styl, kt\u00f3ry M\u00f3wi pi\u0119knem, nie s\u0142owami<\/strong><\/h3>\n\n\n\n<p>Ka\u017cda kreacja z Atelier W\u0142adys\u0142awy Fr\u0105czek to <strong>wyraz dumy z kobieco\u015bci<\/strong> \u2013 jej si\u0142y, delikatno\u015bci i wewn\u0119trznego blasku.<br>Projekty De Marco to <strong>eleganckie interpretacje klasyki<\/strong>, w kt\u00f3rych subtelne detale i perfekcyjny kr\u00f3j tworz\u0105 harmonijn\u0105 ca\u0142o\u015b\u0107.<\/p>\n\n\n\n<p>Artystyczne zabiegi krawieckie wprowadzane przez projektantk\u0119 maj\u0105 na celu <strong>podkre\u015blenie dynamiki i charakteru nowoczesnej kobiety<\/strong>, a jednocze\u015bnie wydobycie <strong>pi\u0119kna jej sylwetki<\/strong> \u2013 bez nadmiernego ods\u0142aniania cia\u0142a, ale te\u017c bez jego ukrywania.<\/p>\n\n\n\n<p>To w\u0142a\u015bnie ten <strong>doskona\u0142y balans mi\u0119dzy form\u0105, elegancj\u0105 a kobieco\u015bci\u0105<\/strong> stanowi o wyj\u0105tkowo\u015bci marki De Marco.<\/p>\n<\/div><\/div>\n\n\n\n<p>Czytaj r\u00f3wnie\u017c: <a href=\"https:\/\/www.sklep.demarco.pl\/blog\/modne-sukienki-pierwszej-damy-rp-gdzie-ubiera-sie-prezydentowa\/\">Modne sukienki Pierwszej Damy RP \u2013 Gdzie ubiera si\u0119 Prezydentowa?<\/a><\/p>\n\n\n\n<hr class=\"wp-block-separator has-alpha-channel-opacity\"\/>\n\n\n\n<div class=\"wp-block-media-text is-stacked-on-mobile\"><figure class=\"wp-block-media-text__media\"><a href=\"https:\/\/www.sklep.demarco.pl\/ekskluzywna-sukienka-na-wesele-marlen\" target=\"_blank\" rel=\"noreferrer noopener\"><img loading=\"lazy\" decoding=\"async\" width=\"490\" height=\"1024\" src=\"https:\/\/www.sklep.demarco.pl\/blog\/wp-content\/uploads\/2025\/10\/Gemini_Generated_Image_62xve762xve762xv-490x1024.png\" alt=\"Elegancka sukienka na wesele De Marco prawdziwa klasyka - nie\u015bmiertelna i ponad czasowa moda dla eleganckiej kobiety. Najmodniejsza marka odzie\u017cowa Premium De Marco\" class=\"wp-image-18640 size-full\" srcset=\"https:\/\/www.sklep.demarco.pl\/blog\/wp-content\/uploads\/2025\/10\/Gemini_Generated_Image_62xve762xve762xv-490x1024.png 490w, https:\/\/www.sklep.demarco.pl\/blog\/wp-content\/uploads\/2025\/10\/Gemini_Generated_Image_62xve762xve762xv-143x300.png 143w, https:\/\/www.sklep.demarco.pl\/blog\/wp-content\/uploads\/2025\/10\/Gemini_Generated_Image_62xve762xve762xv.png 704w\" sizes=\"(max-width: 490px) 100vw, 490px\" \/><\/a><\/figure><div class=\"wp-block-media-text__content\">\n<h3 class=\"wp-block-heading\">\u2728 <strong>Quiet Luxury w Polskim Wydaniu<\/strong><\/h3>\n\n\n\n<p>Styl De Marco wpisuje si\u0119 w <strong>\u015bwiatowy trend \u201equiet luxury\u201d<\/strong>, w kt\u00f3rym liczy si\u0119 <strong>doskona\u0142a jako\u015b\u0107 tkanin, precyzyjne wykonanie i szlachetna prostota<\/strong>.<br>W tych kreacjach nie potrzeba logotyp\u00f3w czy krzykliwych ozd\u00f3b \u2013 <strong>klasa widoczna jest od pierwszego spojrzenia<\/strong>.<\/p>\n\n\n\n<p>Ka\u017cda suknia, garsonka czy kostium powstaje indywidualnie \u2013 <strong>projektowany i dopasowywany do sylwetki klientki<\/strong>, z uwzgl\u0119dnieniem jej proporcji, temperamentu i urody. Dzi\u0119ki temu ka\u017cda kobieta mo\u017ce poczu\u0107 si\u0119 wyj\u0105tkowo \u2013 <strong>naturalnie pi\u0119kna, pewna siebie i elegancka.<\/strong><\/p>\n<\/div><\/div>\n\n\n\n<p>Czytaj r\u00f3wnie\u017c: <a href=\"https:\/\/www.demarco.pl\/najpiekniejsze-garsonki-slubne-komplety-oraz-suknie-dla-mlodej-pani\/\">Najpi\u0119kniejsze garsonki \u015blubne, komplety oraz suknie dla m\u0142odej pani<\/a><\/p>\n\n\n\n<hr class=\"wp-block-separator has-alpha-channel-opacity\"\/>\n\n\n\n<div class=\"wp-block-media-text is-stacked-on-mobile\"><figure class=\"wp-block-media-text__media\"><a href=\"https:\/\/www.sklep.demarco.pl\/ekskluzywna-sukienka-dalida-ii\" target=\"_blank\" rel=\"noreferrer noopener\"><img loading=\"lazy\" decoding=\"async\" width=\"474\" height=\"631\" src=\"https:\/\/www.sklep.demarco.pl\/blog\/wp-content\/uploads\/2025\/09\/sukienki-na-swienta-.png\" alt=\"Ekskluzywne sukienki na wesele w listopadzie, grudniu i styczniu, w pi\u0119knym zielonym kolorze. Kreacje eleganckie dla kobiet po 50 tce, 60 tce, 70 tce De Marco ekskluzywne sukienki weselne\" class=\"wp-image-18609 size-full\" srcset=\"https:\/\/www.sklep.demarco.pl\/blog\/wp-content\/uploads\/2025\/09\/sukienki-na-swienta-.png 474w, https:\/\/www.sklep.demarco.pl\/blog\/wp-content\/uploads\/2025\/09\/sukienki-na-swienta--225x300.png 225w\" sizes=\"(max-width: 474px) 100vw, 474px\" \/><\/a><\/figure><div class=\"wp-block-media-text__content\">\n<h3 class=\"wp-block-heading\">\ud83c\udf39 <strong>Kreacje na Wesele, Rocznic\u0119 i Jubileusz<\/strong><\/h3>\n\n\n\n<p>W zak\u0142adce <strong>\u201eDla Mamy Wesela\u201d<\/strong> na sklepie internetowym De Marco znajd\u0105 Pa\u0144stwo liczne propozycje stylizacji idealnych na:<\/p>\n\n\n\n<ul>\n<li><strong>\u015blub syna lub c\u00f3rki<\/strong>,<\/li>\n\n\n\n<li><strong>uroczysto\u015b\u0107 rocznicow\u0105<\/strong>,<\/li>\n\n\n\n<li><strong>jubileusz zawodowy lub rodzinny<\/strong>,<\/li>\n\n\n\n<li>oraz wszystkie <strong>wa\u017cne chwile, kt\u00f3re pragniemy zapami\u0119ta\u0107 na lata.<\/strong><\/li>\n<\/ul>\n\n\n\n<p>Ka\u017cda kreacja mo\u017ce zosta\u0107 zaprojektowana od podstaw \u2013 <strong>unikatowa, jedyna w swoim rodzaju<\/strong>, wykonana z tkanin najwy\u017cszej jako\u015bci i dopracowana w najmniejszym detalu.<\/p>\n<\/div><\/div>\n\n\n\n<p>Czytaj r\u00f3wnie\u017c: <a href=\"https:\/\/www.demarco.pl\/najpiekniejsze-sukienki-na-wesele-dla-mamy-panny-mlodej-i-pana-mlodego\/\">Najpi\u0119kniejsze sukienki na wesele dla Mamy Panny M\u0142odej i Pana M\u0142odego<\/a><\/p>\n\n\n\n<hr class=\"wp-block-separator has-alpha-channel-opacity\"\/>\n\n\n\n<div class=\"wp-block-media-text is-stacked-on-mobile\"><figure class=\"wp-block-media-text__media\"><a href=\"https:\/\/www.sklep.demarco.pl\/ekskluzywna-smietanowa-garsonka-do-slubu-cywilnego-muriel\" target=\"_blank\" rel=\"noreferrer noopener\"><img loading=\"lazy\" decoding=\"async\" width=\"1024\" height=\"1024\" src=\"https:\/\/www.sklep.demarco.pl\/blog\/wp-content\/uploads\/2025\/05\/garsonki-Wladyslawy-Fraczek-De-Marco_1.jpg\" alt=\"Unikatowa odzie\u017c damska szyta za zam\u00f3wienie u projektantki z Ma\u0142opolski. Luksusowe ubrania De Marco Najmodniejsza polska marka premium\" class=\"wp-image-17951 size-full\" srcset=\"https:\/\/www.sklep.demarco.pl\/blog\/wp-content\/uploads\/2025\/05\/garsonki-Wladyslawy-Fraczek-De-Marco_1.jpg 1024w, https:\/\/www.sklep.demarco.pl\/blog\/wp-content\/uploads\/2025\/05\/garsonki-Wladyslawy-Fraczek-De-Marco_1-300x300.jpg 300w, https:\/\/www.sklep.demarco.pl\/blog\/wp-content\/uploads\/2025\/05\/garsonki-Wladyslawy-Fraczek-De-Marco_1-150x150.jpg 150w, https:\/\/www.sklep.demarco.pl\/blog\/wp-content\/uploads\/2025\/05\/garsonki-Wladyslawy-Fraczek-De-Marco_1-768x768.jpg 768w\" sizes=\"(max-width: 1024px) 100vw, 1024px\" \/><\/a><\/figure><div class=\"wp-block-media-text__content\">\n<h3 class=\"wp-block-heading\">\u2615 <strong>Zapraszamy do Atelier De Marco<\/strong><\/h3>\n\n\n\n<p><strong>Szanowni Pa\u0144stwo,<\/strong><br>je\u015bli marz\u0105 Pa\u0144stwo o stylizacji, kt\u00f3ra po\u0142\u0105czy <strong>elegancj\u0119, komfort i indywidualny charakter<\/strong>, serdecznie zapraszamy do <strong>Atelier De Marco W\u0142adys\u0142awy Fr\u0105czek<\/strong>.<br>Podczas spotkania przy fili\u017cance aromatycznej kawy wsp\u00f3lnie stworzymy kreacj\u0119, kt\u00f3ra stanie si\u0119 nie tylko cz\u0119\u015bci\u0105 garderoby, lecz tak\u017ce pi\u0119knym wspomnieniem.<\/p>\n\n\n\n<p>\ud83d\udcde <strong>Kontakt w celu rezerwacji terminu realizacji:<\/strong><br><strong>+48 731 309 307<\/strong><\/p>\n\n\n\n<p>\ud83c\udf10 <strong>Przyk\u0142adowe realizacje<\/strong> mo\u017cna obejrze\u0107 w sklepie internetowym De Marco \u2013 w zak\u0142adce <strong><a href=\"https:\/\/www.sklep.demarco.pl\/dla-mamy-wesela\">\u201eDla Mamy Wesela\u201d<\/a><\/strong>.<\/p>\n\n\n\n<p><strong><em>Dzi\u0119kujemy naszym wspania\u0142ym klientkom za udost\u0119pnienie zdj\u0119\u0107. \u017byczymy dalszych sukces\u00f3w, zdrowia i szcz\u0119\u015bcia w rodzinie.<\/em><\/strong><\/p>\n<\/div><\/div>\n\n\n\n<p>Czytaj r\u00f3wnie\u017c: <a href=\"https:\/\/www.sklep.demarco.pl\/blog\/mlodziezowe-garsonki-i-nowoczesne-garnitury-damskie-na-komunie-dziecka\/\">M\u0142odzie\u017cowe garsonki i nowoczesne garnitury damskie na komuni\u0119 dziecka<\/a><\/p>\n\n\n\n<figure class=\"wp-block-embed is-type-wp-embed is-provider-de-marco wp-block-embed-de-marco\"><div class=\"wp-block-embed__wrapper\">\n<blockquote class=\"wp-embedded-content\" data-secret=\"8FouUyqQ2G\"><a href=\"https:\/\/www.sklep.demarco.pl\/blog\/ten-tweedowy-zakiet-to-hit-na-jesien-zime-2025-2026\/\">Ten tweedowy \u017cakiet to HIT na jesie\u0144\/zim\u0119 2025-2026<\/a><\/blockquote><iframe class=\"wp-embedded-content\" sandbox=\"allow-scripts\" security=\"restricted\" style=\"position: absolute; clip: rect(1px, 1px, 1px, 1px);\" title=\"&#8222;Ten tweedowy \u017cakiet to HIT na jesie\u0144\/zim\u0119 2025-2026&#8221; &#8212; De Marco\" src=\"https:\/\/www.sklep.demarco.pl\/blog\/ten-tweedowy-zakiet-to-hit-na-jesien-zime-2025-2026\/embed\/#?secret=QdYLSndn3D#?secret=8FouUyqQ2G\" data-secret=\"8FouUyqQ2G\" width=\"500\" height=\"282\" frameborder=\"0\" marginwidth=\"0\" marginheight=\"0\" scrolling=\"no\"><\/iframe>\n<\/div><\/figure>\n\n\n<!-- wp:themify-builder\/canvas \/-->","protected":false},"excerpt":{"rendered":"<p>De Marco \u2013 Kreacje, kt\u00f3re podkre\u015blaj\u0105 pi\u0119kno, klas\u0119 i niezale\u017cno\u015b\u0107 kobiety Szanowni Pa\u0144stwo, W \u017cyciu ka\u017cdej kobiety s\u0105 chwile, kt\u00f3re zas\u0142uguj\u0105 na szczeg\u00f3ln\u0105 opraw\u0119 \u2013 wesele, rocznica \u015blubu, jubileusz. To momenty, w kt\u00f3rych pragniemy wygl\u0105da\u0107 wyj\u0105tkowo, z klas\u0105 i wdzi\u0119kiem. W\u0142a\u015bnie z my\u015bl\u0105 o takich okazjach powstaj\u0105 unikatowe sukienki projektowane i szyte na miar\u0119 w [&hellip;]<\/p>\n","protected":false},"author":1,"featured_media":18755,"comment_status":"closed","ping_status":"closed","sticky":false,"template":"","format":"standard","meta":{"footnotes":"","_links_to":"","_links_to_target":""},"categories":[15],"tags":[200,4456,469,135,169,299,300,4470,322,3491,287,484,3529,4454,466,324,227,313,4472,515,516,526,478,3750],"yoast_head":"<!-- This site is optimized with the Yoast SEO plugin v23.5 - https:\/\/yoast.com\/wordpress\/plugins\/seo\/ -->\n<title>Najpi\u0119kniejsze sukienki na wesele, rocznic\u0119 i jubileusz - De Marco<\/title>\n<meta name=\"description\" content=\"De Marco Kreacje, kt\u00f3re podkre\u015blaj\u0105 pi\u0119kno, klas\u0119 i niezale\u017cno\u015b\u0107 kobiety. Najpi\u0119kniejsze sukienki na wesele, jubileusz, rocznic\u0119 dla 50 latki\" \/>\n<meta name=\"robots\" content=\"index, follow, max-snippet:-1, max-image-preview:large, max-video-preview:-1\" \/>\n<link rel=\"canonical\" href=\"https:\/\/www.sklep.demarco.pl\/blog\/najpiekniejsze-sukienki-na-wesele-rocznice-i-jubileusz\/\" \/>\n<meta property=\"og:locale\" content=\"pl_PL\" \/>\n<meta property=\"og:type\" content=\"article\" \/>\n<meta property=\"og:title\" content=\"Najpi\u0119kniejsze sukienki na wesele, rocznic\u0119 i jubileusz - De Marco\" \/>\n<meta property=\"og:description\" content=\"De Marco Kreacje, kt\u00f3re podkre\u015blaj\u0105 pi\u0119kno, klas\u0119 i niezale\u017cno\u015b\u0107 kobiety. Najpi\u0119kniejsze sukienki na wesele, jubileusz, rocznic\u0119 dla 50 latki\" \/>\n<meta property=\"og:url\" content=\"https:\/\/www.sklep.demarco.pl\/blog\/najpiekniejsze-sukienki-na-wesele-rocznice-i-jubileusz\/\" \/>\n<meta property=\"og:site_name\" content=\"De Marco\" \/>\n<meta property=\"article:publisher\" content=\"https:\/\/www.facebook.com\/DeMarco.Styl\" \/>\n<meta property=\"article:published_time\" content=\"2025-10-22T11:13:16+00:00\" \/>\n<meta property=\"article:modified_time\" content=\"2025-10-22T11:21:29+00:00\" \/>\n<meta property=\"og:image\" content=\"https:\/\/www.sklep.demarco.pl\/blog\/wp-content\/uploads\/2025\/10\/sukienki-na-jubileusz-de-marco.jpg\" \/>\n\t<meta property=\"og:image:width\" content=\"672\" \/>\n\t<meta property=\"og:image:height\" content=\"1002\" \/>\n\t<meta property=\"og:image:type\" content=\"image\/jpeg\" \/>\n<meta name=\"author\" content=\"de marco\" \/>\n<meta name=\"twitter:label1\" content=\"Napisane przez\" \/>\n\t<meta name=\"twitter:data1\" content=\"de marco\" \/>\n\t<meta name=\"twitter:label2\" content=\"Szacowany czas czytania\" \/>\n\t<meta name=\"twitter:data2\" content=\"4 minuty\" \/>\n<script type=\"application\/ld+json\" class=\"yoast-schema-graph\">{\"@context\":\"https:\/\/schema.org\",\"@graph\":[{\"@type\":\"WebPage\",\"@id\":\"https:\/\/www.sklep.demarco.pl\/blog\/najpiekniejsze-sukienki-na-wesele-rocznice-i-jubileusz\/\",\"url\":\"https:\/\/www.sklep.demarco.pl\/blog\/najpiekniejsze-sukienki-na-wesele-rocznice-i-jubileusz\/\",\"name\":\"Najpi\u0119kniejsze sukienki na wesele, rocznic\u0119 i jubileusz - De Marco\",\"isPartOf\":{\"@id\":\"https:\/\/www.sklep.demarco.pl\/blog\/#website\"},\"primaryImageOfPage\":{\"@id\":\"https:\/\/www.sklep.demarco.pl\/blog\/najpiekniejsze-sukienki-na-wesele-rocznice-i-jubileusz\/#primaryimage\"},\"image\":{\"@id\":\"https:\/\/www.sklep.demarco.pl\/blog\/najpiekniejsze-sukienki-na-wesele-rocznice-i-jubileusz\/#primaryimage\"},\"thumbnailUrl\":\"https:\/\/www.sklep.demarco.pl\/blog\/wp-content\/uploads\/2025\/10\/sukienki-na-jubileusz-de-marco.jpg\",\"datePublished\":\"2025-10-22T11:13:16+00:00\",\"dateModified\":\"2025-10-22T11:21:29+00:00\",\"author\":{\"@id\":\"https:\/\/www.sklep.demarco.pl\/blog\/#\/schema\/person\/38456e8269588abfbbdda5bc04dad142\"},\"description\":\"De Marco Kreacje, kt\u00f3re podkre\u015blaj\u0105 pi\u0119kno, klas\u0119 i niezale\u017cno\u015b\u0107 kobiety. Najpi\u0119kniejsze sukienki na wesele, jubileusz, rocznic\u0119 dla 50 latki\",\"breadcrumb\":{\"@id\":\"https:\/\/www.sklep.demarco.pl\/blog\/najpiekniejsze-sukienki-na-wesele-rocznice-i-jubileusz\/#breadcrumb\"},\"inLanguage\":\"pl-PL\",\"potentialAction\":[{\"@type\":\"ReadAction\",\"target\":[\"https:\/\/www.sklep.demarco.pl\/blog\/najpiekniejsze-sukienki-na-wesele-rocznice-i-jubileusz\/\"]}]},{\"@type\":\"ImageObject\",\"inLanguage\":\"pl-PL\",\"@id\":\"https:\/\/www.sklep.demarco.pl\/blog\/najpiekniejsze-sukienki-na-wesele-rocznice-i-jubileusz\/#primaryimage\",\"url\":\"https:\/\/www.sklep.demarco.pl\/blog\/wp-content\/uploads\/2025\/10\/sukienki-na-jubileusz-de-marco.jpg\",\"contentUrl\":\"https:\/\/www.sklep.demarco.pl\/blog\/wp-content\/uploads\/2025\/10\/sukienki-na-jubileusz-de-marco.jpg\",\"width\":672,\"height\":1002,\"caption\":\"Najpi\u0119kniejsze sukienki na wesele, jubileusz, rocznic\u0119 De Marco krawiectwo miarowe dla kobiet Warszawa, Krak\u00f3w, Bydgoszcz, Cz\u0119stochowa, Wa\u0142brzych, Zamo\u015b\u0107, Toru\u0144, Bielsko, Wroc\u0142aw, Lublin, Opole, Bia\u0142ystok, Katowice, Gliwice ... ca\u0142a polska szycie na miar\u0119 online.\"},{\"@type\":\"BreadcrumbList\",\"@id\":\"https:\/\/www.sklep.demarco.pl\/blog\/najpiekniejsze-sukienki-na-wesele-rocznice-i-jubileusz\/#breadcrumb\",\"itemListElement\":[{\"@type\":\"ListItem\",\"position\":1,\"name\":\"Strona g\u0142\u00f3wna\",\"item\":\"https:\/\/www.sklep.demarco.pl\/blog\/\"},{\"@type\":\"ListItem\",\"position\":2,\"name\":\"Najpi\u0119kniejsze sukienki na wesele, rocznic\u0119 i jubileusz\"}]},{\"@type\":\"WebSite\",\"@id\":\"https:\/\/www.sklep.demarco.pl\/blog\/#website\",\"url\":\"https:\/\/www.sklep.demarco.pl\/blog\/\",\"name\":\"De Marco\",\"description\":\"The finest women&#039;s clothing manufacturer\",\"potentialAction\":[{\"@type\":\"SearchAction\",\"target\":{\"@type\":\"EntryPoint\",\"urlTemplate\":\"https:\/\/www.sklep.demarco.pl\/blog\/?s={search_term_string}\"},\"query-input\":{\"@type\":\"PropertyValueSpecification\",\"valueRequired\":true,\"valueName\":\"search_term_string\"}}],\"inLanguage\":\"pl-PL\"},{\"@type\":\"Person\",\"@id\":\"https:\/\/www.sklep.demarco.pl\/blog\/#\/schema\/person\/38456e8269588abfbbdda5bc04dad142\",\"name\":\"de marco\",\"image\":{\"@type\":\"ImageObject\",\"inLanguage\":\"pl-PL\",\"@id\":\"https:\/\/www.sklep.demarco.pl\/blog\/#\/schema\/person\/image\/\",\"url\":\"https:\/\/secure.gravatar.com\/avatar\/1b20e08b3adbb353c5dde8de1566598d?s=96&d=mm&r=g\",\"contentUrl\":\"https:\/\/secure.gravatar.com\/avatar\/1b20e08b3adbb353c5dde8de1566598d?s=96&d=mm&r=g\",\"caption\":\"de marco\"},\"url\":\"https:\/\/www.sklep.demarco.pl\/blog\/author\/de-marco\/\"}]}<\/script>\n<!-- \/ Yoast SEO plugin. -->","yoast_head_json":{"title":"Najpi\u0119kniejsze sukienki na wesele, rocznic\u0119 i jubileusz - De Marco","description":"De Marco Kreacje, kt\u00f3re podkre\u015blaj\u0105 pi\u0119kno, klas\u0119 i niezale\u017cno\u015b\u0107 kobiety. Najpi\u0119kniejsze sukienki na wesele, jubileusz, rocznic\u0119 dla 50 latki","robots":{"index":"index","follow":"follow","max-snippet":"max-snippet:-1","max-image-preview":"max-image-preview:large","max-video-preview":"max-video-preview:-1"},"canonical":"https:\/\/www.sklep.demarco.pl\/blog\/najpiekniejsze-sukienki-na-wesele-rocznice-i-jubileusz\/","og_locale":"pl_PL","og_type":"article","og_title":"Najpi\u0119kniejsze sukienki na wesele, rocznic\u0119 i jubileusz - De Marco","og_description":"De Marco Kreacje, kt\u00f3re podkre\u015blaj\u0105 pi\u0119kno, klas\u0119 i niezale\u017cno\u015b\u0107 kobiety. Najpi\u0119kniejsze sukienki na wesele, jubileusz, rocznic\u0119 dla 50 latki","og_url":"https:\/\/www.sklep.demarco.pl\/blog\/najpiekniejsze-sukienki-na-wesele-rocznice-i-jubileusz\/","og_site_name":"De Marco","article_publisher":"https:\/\/www.facebook.com\/DeMarco.Styl","article_published_time":"2025-10-22T11:13:16+00:00","article_modified_time":"2025-10-22T11:21:29+00:00","og_image":[{"width":672,"height":1002,"url":"https:\/\/www.sklep.demarco.pl\/blog\/wp-content\/uploads\/2025\/10\/sukienki-na-jubileusz-de-marco.jpg","type":"image\/jpeg"}],"author":"de marco","twitter_misc":{"Napisane przez":"de marco","Szacowany czas czytania":"4 minuty"},"schema":{"@context":"https:\/\/schema.org","@graph":[{"@type":"WebPage","@id":"https:\/\/www.sklep.demarco.pl\/blog\/najpiekniejsze-sukienki-na-wesele-rocznice-i-jubileusz\/","url":"https:\/\/www.sklep.demarco.pl\/blog\/najpiekniejsze-sukienki-na-wesele-rocznice-i-jubileusz\/","name":"Najpi\u0119kniejsze sukienki na wesele, rocznic\u0119 i jubileusz - De Marco","isPartOf":{"@id":"https:\/\/www.sklep.demarco.pl\/blog\/#website"},"primaryImageOfPage":{"@id":"https:\/\/www.sklep.demarco.pl\/blog\/najpiekniejsze-sukienki-na-wesele-rocznice-i-jubileusz\/#primaryimage"},"image":{"@id":"https:\/\/www.sklep.demarco.pl\/blog\/najpiekniejsze-sukienki-na-wesele-rocznice-i-jubileusz\/#primaryimage"},"thumbnailUrl":"https:\/\/www.sklep.demarco.pl\/blog\/wp-content\/uploads\/2025\/10\/sukienki-na-jubileusz-de-marco.jpg","datePublished":"2025-10-22T11:13:16+00:00","dateModified":"2025-10-22T11:21:29+00:00","author":{"@id":"https:\/\/www.sklep.demarco.pl\/blog\/#\/schema\/person\/38456e8269588abfbbdda5bc04dad142"},"description":"De Marco Kreacje, kt\u00f3re podkre\u015blaj\u0105 pi\u0119kno, klas\u0119 i niezale\u017cno\u015b\u0107 kobiety. Najpi\u0119kniejsze sukienki na wesele, jubileusz, rocznic\u0119 dla 50 latki","breadcrumb":{"@id":"https:\/\/www.sklep.demarco.pl\/blog\/najpiekniejsze-sukienki-na-wesele-rocznice-i-jubileusz\/#breadcrumb"},"inLanguage":"pl-PL","potentialAction":[{"@type":"ReadAction","target":["https:\/\/www.sklep.demarco.pl\/blog\/najpiekniejsze-sukienki-na-wesele-rocznice-i-jubileusz\/"]}]},{"@type":"ImageObject","inLanguage":"pl-PL","@id":"https:\/\/www.sklep.demarco.pl\/blog\/najpiekniejsze-sukienki-na-wesele-rocznice-i-jubileusz\/#primaryimage","url":"https:\/\/www.sklep.demarco.pl\/blog\/wp-content\/uploads\/2025\/10\/sukienki-na-jubileusz-de-marco.jpg","contentUrl":"https:\/\/www.sklep.demarco.pl\/blog\/wp-content\/uploads\/2025\/10\/sukienki-na-jubileusz-de-marco.jpg","width":672,"height":1002,"caption":"Najpi\u0119kniejsze sukienki na wesele, jubileusz, rocznic\u0119 De Marco krawiectwo miarowe dla kobiet Warszawa, Krak\u00f3w, Bydgoszcz, Cz\u0119stochowa, Wa\u0142brzych, Zamo\u015b\u0107, Toru\u0144, Bielsko, Wroc\u0142aw, Lublin, Opole, Bia\u0142ystok, Katowice, Gliwice ... ca\u0142a polska szycie na miar\u0119 online."},{"@type":"BreadcrumbList","@id":"https:\/\/www.sklep.demarco.pl\/blog\/najpiekniejsze-sukienki-na-wesele-rocznice-i-jubileusz\/#breadcrumb","itemListElement":[{"@type":"ListItem","position":1,"name":"Strona g\u0142\u00f3wna","item":"https:\/\/www.sklep.demarco.pl\/blog\/"},{"@type":"ListItem","position":2,"name":"Najpi\u0119kniejsze sukienki na wesele, rocznic\u0119 i jubileusz"}]},{"@type":"WebSite","@id":"https:\/\/www.sklep.demarco.pl\/blog\/#website","url":"https:\/\/www.sklep.demarco.pl\/blog\/","name":"De Marco","description":"The finest women&#039;s clothing manufacturer","potentialAction":[{"@type":"SearchAction","target":{"@type":"EntryPoint","urlTemplate":"https:\/\/www.sklep.demarco.pl\/blog\/?s={search_term_string}"},"query-input":{"@type":"PropertyValueSpecification","valueRequired":true,"valueName":"search_term_string"}}],"inLanguage":"pl-PL"},{"@type":"Person","@id":"https:\/\/www.sklep.demarco.pl\/blog\/#\/schema\/person\/38456e8269588abfbbdda5bc04dad142","name":"de marco","image":{"@type":"ImageObject","inLanguage":"pl-PL","@id":"https:\/\/www.sklep.demarco.pl\/blog\/#\/schema\/person\/image\/","url":"https:\/\/secure.gravatar.com\/avatar\/1b20e08b3adbb353c5dde8de1566598d?s=96&d=mm&r=g","contentUrl":"https:\/\/secure.gravatar.com\/avatar\/1b20e08b3adbb353c5dde8de1566598d?s=96&d=mm&r=g","caption":"de marco"},"url":"https:\/\/www.sklep.demarco.pl\/blog\/author\/de-marco\/"}]}},"builder_content":"","_links":{"self":[{"href":"https:\/\/www.sklep.demarco.pl\/blog\/wp-json\/wp\/v2\/posts\/18754"}],"collection":[{"href":"https:\/\/www.sklep.demarco.pl\/blog\/wp-json\/wp\/v2\/posts"}],"about":[{"href":"https:\/\/www.sklep.demarco.pl\/blog\/wp-json\/wp\/v2\/types\/post"}],"author":[{"embeddable":true,"href":"https:\/\/www.sklep.demarco.pl\/blog\/wp-json\/wp\/v2\/users\/1"}],"replies":[{"embeddable":true,"href":"https:\/\/www.sklep.demarco.pl\/blog\/wp-json\/wp\/v2\/comments?post=18754"}],"version-history":[{"count":0,"href":"https:\/\/www.sklep.demarco.pl\/blog\/wp-json\/wp\/v2\/posts\/18754\/revisions"}],"wp:featuredmedia":[{"embeddable":true,"href":"https:\/\/www.sklep.demarco.pl\/blog\/wp-json\/wp\/v2\/media\/18755"}],"wp:attachment":[{"href":"https:\/\/www.sklep.demarco.pl\/blog\/wp-json\/wp\/v2\/media?parent=18754"}],"wp:term":[{"taxonomy":"category","embeddable":true,"href":"https:\/\/www.sklep.demarco.pl\/blog\/wp-json\/wp\/v2\/categories?post=18754"},{"taxonomy":"post_tag","embeddable":true,"href":"https:\/\/www.sklep.demarco.pl\/blog\/wp-json\/wp\/v2\/tags?post=18754"}],"curies":[{"name":"wp","href":"https:\/\/api.w.org\/{rel}","templated":true}]}}