{"id":18328,"date":"2025-07-20T14:34:02","date_gmt":"2025-07-20T14:34:02","guid":{"rendered":"https:\/\/www.sklep.demarco.pl\/blog\/?p=18328"},"modified":"2025-07-20T14:34:56","modified_gmt":"2025-07-20T14:34:56","slug":"najpiekniejsze-jesienne-sukienki-dla-mamy-wesela","status":"publish","type":"post","link":"https:\/\/www.sklep.demarco.pl\/blog\/najpiekniejsze-jesienne-sukienki-dla-mamy-wesela\/","title":{"rendered":"Najpi\u0119kniejsze jesienne sukienki dla mamy wesela"},"content":{"rendered":"\n<div class=\"wp-block-media-text is-stacked-on-mobile\"><figure class=\"wp-block-media-text__media\"><a href=\"https:\/\/www.sklep.demarco.pl\/dla-mamy-wesela\" target=\"_blank\" rel=\"noreferrer noopener\"><img loading=\"lazy\" decoding=\"async\" width=\"1000\" height=\"1001\" src=\"https:\/\/www.sklep.demarco.pl\/blog\/wp-content\/uploads\/2025\/06\/013-Artboard33.jpg\" alt=\"Modne lekkie zwiewne i eleganckie sukienki na wesele dla 40 latki, 50 latki i 60 latki\" class=\"wp-image-17997 size-full\" srcset=\"https:\/\/www.sklep.demarco.pl\/blog\/wp-content\/uploads\/2025\/06\/013-Artboard33.jpg 1000w, https:\/\/www.sklep.demarco.pl\/blog\/wp-content\/uploads\/2025\/06\/013-Artboard33-300x300.jpg 300w, https:\/\/www.sklep.demarco.pl\/blog\/wp-content\/uploads\/2025\/06\/013-Artboard33-150x150.jpg 150w, https:\/\/www.sklep.demarco.pl\/blog\/wp-content\/uploads\/2025\/06\/013-Artboard33-768x769.jpg 768w\" sizes=\"auto, (max-width: 1000px) 100vw, 1000px\" \/><\/a><\/figure><div class=\"wp-block-media-text__content\">\n<h3 class=\"wp-block-heading\"><strong>Jesienne sukienki dla Mamy Wesela \u2013 Ekskluzywne kreacje na miar\u0119 od De Marco<\/strong><\/h3>\n\n\n\n<p>Jesie\u0144, ze swoj\u0105 szlachetn\u0105 palet\u0105 barw, mi\u0119kkim \u015bwiat\u0142em i atmosfer\u0105 dojrza\u0142o\u015bci, jest wyj\u0105tkow\u0105 por\u0105 roku na celebrowanie najwa\u017cniejszych chwil w \u017cyciu \u2013 takich jak \u015blub dziecka. W\u0142a\u015bnie w tym okresie z najwi\u0119ksz\u0105 przyjemno\u015bci\u0105 tworzymy w De Marco <strong>jesienne kreacje dla Mamy Wesela<\/strong>, kt\u00f3re \u0142\u0105cz\u0105 w sobie <strong>dostojno\u015b\u0107, komfort i ponadczasow\u0105 elegancj\u0119<\/strong>.<\/p>\n<\/div><\/div>\n\n\n\n<p>Czytaj r\u00f3wnie\u017c: <a href=\"https:\/\/www.sklep.demarco.pl\/blog\/eleganckie-komplety-z-plisowana-spodnica-polaczenie-klasyki-komfortu-i-uniwersalnej-elegancji\/\">Eleganckie komplety z plisowan\u0105 sp\u00f3dnic\u0105 \u2013 po\u0142\u0105czenie klasyki, komfortu i uniwersalnej elegancji<\/a><\/p>\n\n\n\n<hr class=\"wp-block-separator has-alpha-channel-opacity\"\/>\n\n\n\n<div class=\"wp-block-media-text is-stacked-on-mobile\"><figure class=\"wp-block-media-text__media\"><a href=\"https:\/\/www.sklep.demarco.pl\/dla-mamy-wesela\" target=\"_blank\" rel=\"noreferrer noopener\"><img loading=\"lazy\" decoding=\"async\" width=\"1024\" height=\"1024\" src=\"https:\/\/www.sklep.demarco.pl\/blog\/wp-content\/uploads\/2025\/07\/ekskluzywna_sukienka_na_wesele_2.jpg\" alt=\"Ekskluzywna minimalistyczna sukienka na wesele c\u00f3rki lub syna\" class=\"wp-image-18256 size-full\" srcset=\"https:\/\/www.sklep.demarco.pl\/blog\/wp-content\/uploads\/2025\/07\/ekskluzywna_sukienka_na_wesele_2.jpg 1024w, https:\/\/www.sklep.demarco.pl\/blog\/wp-content\/uploads\/2025\/07\/ekskluzywna_sukienka_na_wesele_2-300x300.jpg 300w, https:\/\/www.sklep.demarco.pl\/blog\/wp-content\/uploads\/2025\/07\/ekskluzywna_sukienka_na_wesele_2-150x150.jpg 150w, https:\/\/www.sklep.demarco.pl\/blog\/wp-content\/uploads\/2025\/07\/ekskluzywna_sukienka_na_wesele_2-768x768.jpg 768w\" sizes=\"auto, (max-width: 1024px) 100vw, 1024px\" \/><\/a><\/figure><div class=\"wp-block-media-text__content\">\n<h3 class=\"wp-block-heading\"><strong>Jesienne Sukienki dla Mamy Wesela \u2013 Ekskluzywne Kreacje na Miar\u0119 od De Marco<\/strong><\/h3>\n\n\n\n<p>Jesie\u0144, ze swoj\u0105 szlachetn\u0105 palet\u0105 barw, mi\u0119kkim \u015bwiat\u0142em i atmosfer\u0105 dojrza\u0142o\u015bci, jest wyj\u0105tkow\u0105 por\u0105 roku na celebrowanie najwa\u017cniejszych chwil w \u017cyciu \u2013 takich jak \u015blub dziecka. W\u0142a\u015bnie w tym okresie z najwi\u0119ksz\u0105 przyjemno\u015bci\u0105 tworzymy w De Marco <strong>jesienne kreacje dla Mamy Wesela<\/strong>, kt\u00f3re \u0142\u0105cz\u0105 w sobie <strong>dostojno\u015b\u0107, komfort i ponadczasow\u0105 elegancj\u0119<\/strong>.<\/p>\n<\/div><\/div>\n\n\n\n<p>Czytaj r\u00f3wnie\u017c: <a href=\"https:\/\/www.demarco.pl\/jaka-jest-roznica-pomiedzy-garniturem-wieczorowym-a-biznesowym\/\">Jaka jest r\u00f3\u017cnica pomi\u0119dzy garniturem wieczorowym a biznesowym?<\/a><\/p>\n\n\n\n<hr class=\"wp-block-separator has-alpha-channel-opacity\"\/>\n\n\n\n<div class=\"wp-block-media-text is-stacked-on-mobile\"><figure class=\"wp-block-media-text__media\"><a href=\"https:\/\/www.sklep.demarco.pl\/dla-mamy-wesela\" target=\"_blank\" rel=\"noreferrer noopener\"><img loading=\"lazy\" decoding=\"async\" width=\"1024\" height=\"1024\" src=\"https:\/\/www.sklep.demarco.pl\/blog\/wp-content\/uploads\/2024\/09\/040-Artboard13-1024x1024.jpg\" alt=\"Eleganckie komplety sukienka z p\u0142aszczykiem na wesele\" class=\"wp-image-17082 size-full\" srcset=\"https:\/\/www.sklep.demarco.pl\/blog\/wp-content\/uploads\/2024\/09\/040-Artboard13-1024x1024.jpg 1024w, https:\/\/www.sklep.demarco.pl\/blog\/wp-content\/uploads\/2024\/09\/040-Artboard13-300x300.jpg 300w, https:\/\/www.sklep.demarco.pl\/blog\/wp-content\/uploads\/2024\/09\/040-Artboard13-150x150.jpg 150w, https:\/\/www.sklep.demarco.pl\/blog\/wp-content\/uploads\/2024\/09\/040-Artboard13-768x769.jpg 768w, https:\/\/www.sklep.demarco.pl\/blog\/wp-content\/uploads\/2024\/09\/040-Artboard13.jpg 1080w\" sizes=\"auto, (max-width: 1024px) 100vw, 1024px\" \/><\/a><\/figure><div class=\"wp-block-media-text__content\">\n<h3 class=\"wp-block-heading\"><strong>Fasony Dopasowane do Figury i Urody<\/strong><\/h3>\n\n\n\n<p>W De Marco ka\u017cda suknia jest <strong>projektowana indywidualnie<\/strong>, dlatego mamy pewno\u015b\u0107, \u017ce kreacja Mamy Wesela:<\/p>\n\n\n\n<ul class=\"wp-block-list\">\n<li>b\u0119dzie harmonizowa\u0107 z sylwetk\u0105,<\/li>\n\n\n\n<li>podkre\u015bli jej atuty z klas\u0105 i delikatno\u015bci\u0105,<\/li>\n\n\n\n<li>zapewni wygod\u0119 i komfort nawet podczas wielogodzinnych uroczysto\u015bci,<\/li>\n\n\n\n<li>i \u2013 co najwa\u017cniejsze \u2013 b\u0119dzie <strong>unikalna i niepowtarzalna<\/strong>.<\/li>\n<\/ul>\n\n\n\n<p>Nasze jesienne propozycje cz\u0119sto wzbogacamy o <strong>eleganckie p\u0142aszczyki, \u017cakiety lub peleryny<\/strong>, kt\u00f3re nie tylko pe\u0142ni\u0105 funkcj\u0119 praktyczn\u0105, ale r\u00f3wnie\u017c buduj\u0105 spektakularny, kompletny wizerunek.<\/p>\n<\/div><\/div>\n\n\n\n<p>Czytaj r\u00f3wnie\u017c: <a href=\"https:\/\/www.sklep.demarco.pl\/blog\/ekskluzywny-casual-wieczorowy-od-de-marco-elegancja-w-lekkim-artystycznym-wydaniu\/\">Ekskluzywny casual wieczorowy od De Marco \u2013 elegancja w lekkim, artystycznym wydaniu<\/a><\/p>\n\n\n\n<hr class=\"wp-block-separator has-alpha-channel-opacity\"\/>\n\n\n\n<div class=\"wp-block-media-text is-stacked-on-mobile\"><figure class=\"wp-block-media-text__media\"><img loading=\"lazy\" decoding=\"async\" width=\"1024\" height=\"1024\" src=\"https:\/\/www.sklep.demarco.pl\/blog\/wp-content\/uploads\/2025\/03\/szycie-na-miare-sukienki-na-wesele-.jpg\" alt=\"Elegancka sukienka dla 50 latki, 60 latki De Marco szycie na miar\u0119 ekskluzywnej odzie\u017cy damskiej\" class=\"wp-image-17735 size-full\" srcset=\"https:\/\/www.sklep.demarco.pl\/blog\/wp-content\/uploads\/2025\/03\/szycie-na-miare-sukienki-na-wesele-.jpg 1024w, https:\/\/www.sklep.demarco.pl\/blog\/wp-content\/uploads\/2025\/03\/szycie-na-miare-sukienki-na-wesele--300x300.jpg 300w, https:\/\/www.sklep.demarco.pl\/blog\/wp-content\/uploads\/2025\/03\/szycie-na-miare-sukienki-na-wesele--150x150.jpg 150w, https:\/\/www.sklep.demarco.pl\/blog\/wp-content\/uploads\/2025\/03\/szycie-na-miare-sukienki-na-wesele--768x768.jpg 768w\" sizes=\"auto, (max-width: 1024px) 100vw, 1024px\" \/><\/figure><div class=\"wp-block-media-text__content\">\n<h3 class=\"wp-block-heading\"><strong>Paleta Barw \u2013 Jesienna Elegancja<\/strong><\/h3>\n\n\n\n<p>Jesie\u0144 to czas g\u0142\u0119bokich, nasyconych ton\u00f3w \u2013 bordo, szafir, fuksja, granatu, butelkowej zieleni, go\u0142\u0119biej szaro\u015bci czy be\u017cu prze\u0142amanego z\u0142otem. W De Marco starannie dobieramy odcienie tak, aby wsp\u00f3\u0142gra\u0142y z typem urody Klientki oraz charakterem uroczysto\u015bci.<\/p>\n\n\n\n<p>Stylizacje Mamy Wesela nie musz\u0105 by\u0107 krzykliwe \u2013 mog\u0105 by\u0107 <strong>pow\u015bci\u0105gliwe w formie, ale pe\u0142ne wyrafinowanego uroku<\/strong>. Taki w\u0142a\u015bnie kierunek reprezentujemy: <strong>elegancj\u0119 opart\u0105 na szlachetno\u015bci tkaniny, wywa\u017conym kroju i mistrzowskim szyciu.<\/strong><\/p>\n<\/div><\/div>\n\n\n\n<p>Czytaj r\u00f3wnie\u017c: <a href=\"https:\/\/www.demarco.pl\/luksusowe-kreacje-na-wesele-jubileusz-rocznice-gale-etc\/\">Luksusowe kreacje na wesele, jubileusz, rocznic\u0119, gal\u0119 etc.<\/a><\/p>\n\n\n\n<hr class=\"wp-block-separator has-alpha-channel-opacity\"\/>\n\n\n\n<div class=\"wp-block-media-text is-stacked-on-mobile\"><figure class=\"wp-block-media-text__media\"><a href=\"https:\/\/www.sklep.demarco.pl\/dla-mamy-wesela\" target=\"_blank\" rel=\"noreferrer noopener\"><img loading=\"lazy\" decoding=\"async\" width=\"1024\" height=\"1024\" src=\"https:\/\/www.sklep.demarco.pl\/blog\/wp-content\/uploads\/2024\/12\/03.11.2023-Artboard2-4770p-1024x1024.jpg\" alt=\"Sukienki szyte na miar\u0119 u projektantki ekskluzywnej odzie\u017cy damskiej W\u0142adys\u0142awy Fr\u0105czek - najlepsza polska pracownia krawiecka\" class=\"wp-image-17344 size-full\" srcset=\"https:\/\/www.sklep.demarco.pl\/blog\/wp-content\/uploads\/2024\/12\/03.11.2023-Artboard2-4770p-1024x1024.jpg 1024w, https:\/\/www.sklep.demarco.pl\/blog\/wp-content\/uploads\/2024\/12\/03.11.2023-Artboard2-4770p-300x300.jpg 300w, https:\/\/www.sklep.demarco.pl\/blog\/wp-content\/uploads\/2024\/12\/03.11.2023-Artboard2-4770p-150x150.jpg 150w, https:\/\/www.sklep.demarco.pl\/blog\/wp-content\/uploads\/2024\/12\/03.11.2023-Artboard2-4770p-768x767.jpg 768w, https:\/\/www.sklep.demarco.pl\/blog\/wp-content\/uploads\/2024\/12\/03.11.2023-Artboard2-4770p.jpg 1441w\" sizes=\"auto, (max-width: 1024px) 100vw, 1024px\" \/><\/a><\/figure><div class=\"wp-block-media-text__content\">\n<h3 class=\"wp-block-heading\">De Marco profesjonalne krawiectwo miarowe<\/h3>\n\n\n\n<p>Szanowni Pa\u0144stwo, od lat mamy zaszczyt ubiera\u0107 kobiety na najwa\u017cniejsze momenty ich \u017cycia. Kreacje De Marco s\u0105 znane i cenione w Polsce i za granic\u0105 \u2013 m.in. w \u015brodowiskach dyplomatycznych, artystycznych i biznesowych.<\/p>\n\n\n\n<p>Jeste\u015bmy wdzi\u0119czni, \u017ce tak wiele Mam Wesela wybiera nasz\u0105 pracowni\u0119 jako miejsce, gdzie mog\u0105 poczu\u0107 si\u0119 wys\u0142uchane, zaopiekowane i pi\u0119kne.<\/p>\n<\/div><\/div>\n\n\n\n<p>Czytaj r\u00f3wnie\u017c: <a href=\"https:\/\/www.sklep.demarco.pl\/blog\/ekskluzywne-sukienki-szyte-na-miare-od-de-marco-elegancja-stworzona-na-wyjatkowe-okazje\/\">Ekskluzywne sukienki szyte na miar\u0119 od De Marco \u2013 elegancja stworzona na wyj\u0105tkowe okazje<\/a><\/p>\n\n\n\n<hr class=\"wp-block-separator has-alpha-channel-opacity\"\/>\n\n\n\n<div class=\"wp-block-media-text is-stacked-on-mobile\"><figure class=\"wp-block-media-text__media\"><a href=\"https:\/\/www.sklep.demarco.pl\/dla-mamy-wesela\" target=\"_blank\" rel=\"noreferrer noopener\"><img loading=\"lazy\" decoding=\"async\" width=\"683\" height=\"1024\" src=\"https:\/\/www.sklep.demarco.pl\/blog\/wp-content\/uploads\/2024\/03\/signal-2024-01-22-130117_002-683x1024.jpeg\" alt=\"Zjawiskowe sukienki i suknie wieczorowe dla mamy i te\u015bciowej wesela- polska marka odzie\u017cowa, kt\u00f3r\u0105 warto poleca\u0107 De Marco\" class=\"wp-image-16266 size-full\" srcset=\"https:\/\/www.sklep.demarco.pl\/blog\/wp-content\/uploads\/2024\/03\/signal-2024-01-22-130117_002-683x1024.jpeg 683w, https:\/\/www.sklep.demarco.pl\/blog\/wp-content\/uploads\/2024\/03\/signal-2024-01-22-130117_002-200x300.jpeg 200w, https:\/\/www.sklep.demarco.pl\/blog\/wp-content\/uploads\/2024\/03\/signal-2024-01-22-130117_002-768x1152.jpeg 768w, https:\/\/www.sklep.demarco.pl\/blog\/wp-content\/uploads\/2024\/03\/signal-2024-01-22-130117_002-1024x1536.jpeg 1024w, https:\/\/www.sklep.demarco.pl\/blog\/wp-content\/uploads\/2024\/03\/signal-2024-01-22-130117_002.jpeg 1067w\" sizes=\"auto, (max-width: 683px) 100vw, 683px\" \/><\/a><\/figure><div class=\"wp-block-media-text__content\">\n<h3 class=\"wp-block-heading\"><strong>Zapraszamy do na spotkanie w Atelier De Marco<\/strong><\/h3>\n\n\n\n<p>Wszystkie nasze stylizacje powstaj\u0105 <strong>wy\u0142\u0105cznie na indywidualne zam\u00f3wienie<\/strong>, dlatego uprzejmie prosimy o wcze\u015bniejszy kontakt i rezerwacj\u0119 terminu realizacji.<\/p>\n\n\n\n<p>Zach\u0119camy do odwiedzenia naszej strony internetowej:<br>\ud83d\udd37 <a class=\"\" href=\"https:\/\/www.demarco.pl\">www.demarco.pl<\/a><\/p>\n\n\n\n<p><strong><em>Dzi\u0119kujemy naszym wspania\u0142ym klientkom za udost\u0119pnienie zdj\u0119\u0107. \u017byczymy dalszych sukces\u00f3w, zdrowia i szcz\u0119\u015bcia w rodzinie.<\/em><\/strong><\/p>\n\n\n\n<p>Z najwy\u017cszym szacunkiem i serdeczno\u015bci\u0105,<br><strong>Zesp\u00f3\u0142 De Marco<\/strong><br>Polska marka haute couture \u2013 projektowanie i szycie na miar\u0119 z sercem i klas\u0105<\/p>\n<\/div><\/div>\n\n\n\n<p>Czytaj r\u00f3wnie\u017c: <a href=\"https:\/\/www.sklep.demarco.pl\/blog\/eleganckie-ubrania-inne-niz-wszystkie\/\">Eleganckie ubrania inne ni\u017c wszystkie \u2014 stylizacja jako wyraz osobowo\u015bci i profesjonalizmu<\/a><\/p>\n\n\n\n<figure class=\"wp-block-embed is-type-wp-embed is-provider-de-marco wp-block-embed-de-marco\"><div class=\"wp-block-embed__wrapper\">\n<blockquote class=\"wp-embedded-content\" data-secret=\"cAtOJPokLW\"><a href=\"https:\/\/www.sklep.demarco.pl\/blog\/jak-ubrac-sie-na-przyjecie-weselne-elegancki-komplet-z-maxi-spodnica-i-zakietem\/\">Jak ubra\u0107 si\u0119 na przyj\u0119cie weselne \u2013 elegancki komplet z maxi sp\u00f3dnic\u0105 i \u017cakietem<\/a><\/blockquote><iframe loading=\"lazy\" class=\"wp-embedded-content\" sandbox=\"allow-scripts\" security=\"restricted\" style=\"position: absolute; visibility: hidden;\" title=\"&#8222;Jak ubra\u0107 si\u0119 na przyj\u0119cie weselne \u2013 elegancki komplet z maxi sp\u00f3dnic\u0105 i \u017cakietem&#8221; &#8212; De Marco\" src=\"https:\/\/www.sklep.demarco.pl\/blog\/jak-ubrac-sie-na-przyjecie-weselne-elegancki-komplet-z-maxi-spodnica-i-zakietem\/embed\/#?secret=hzbUaTt3UI#?secret=cAtOJPokLW\" data-secret=\"cAtOJPokLW\" width=\"500\" height=\"282\" frameborder=\"0\" marginwidth=\"0\" marginheight=\"0\" scrolling=\"no\"><\/iframe>\n<\/div><\/figure>\n\n\n<!-- wp:themify-builder\/canvas \/-->","protected":false},"excerpt":{"rendered":"<p>Jesienne sukienki dla Mamy Wesela \u2013 Ekskluzywne kreacje na miar\u0119 od De Marco Jesie\u0144, ze swoj\u0105 szlachetn\u0105 palet\u0105 barw, mi\u0119kkim \u015bwiat\u0142em i atmosfer\u0105 dojrza\u0142o\u015bci, jest wyj\u0105tkow\u0105 por\u0105 roku na celebrowanie najwa\u017cniejszych chwil w \u017cyciu \u2013 takich jak \u015blub dziecka. W\u0142a\u015bnie w tym okresie z najwi\u0119ksz\u0105 przyjemno\u015bci\u0105 tworzymy w De Marco jesienne kreacje dla Mamy Wesela, [&hellip;]<\/p>\n","protected":false},"author":1,"featured_media":17738,"comment_status":"closed","ping_status":"closed","sticky":false,"template":"","format":"standard","meta":{"footnotes":"","_links_to":"","_links_to_target":""},"categories":[15],"tags":[82,469,135,169,299,171,3491,484,466,3339,227,515,516,417,4506,456,4560,459,460,478,217,470,518],"class_list":["post-18328","post","type-post","status-publish","format-standard","has-post-thumbnail","hentry","category-metamorfoza","tag-de-marco","tag-de-marco-ekskluzywna-marka","tag-de-marco-frydrychowice","tag-de-marco-kolekcja","tag-dla-mamy-wesela-2","tag-ekskluzywna-odziez-damska","tag-ekskluzywna-odziez-damska-polskich-producentow","tag-ekskluzywna-suknia-dla-mamy-wesela","tag-ekskluzywne-suknie-dla-mamy-weselnej","tag-elegancka-odziez-damska-sklep-internetowy","tag-elegancka-sukienka-dla-puszystej-mamy-wesela","tag-eleganckie-sukienki-na-wesele-dla-mamy-puszystej","tag-eleganckie-sukienki-na-wesele-dla-mamy-sklep-warszawa","tag-garnitur-damski-dla-mamy-wesela","tag-garnitur-na-komunie-dla-mamy","tag-komplety-dla-mamy-wesela","tag-komplety-dla-mamy-wesela-zakiet-z-sukienka-plaszcz-z-sukienka-szal-etole","tag-mama-pana-mlodego","tag-mama-panny-mlodej","tag-markowa-odziez-damska","tag-sklep-internetowy","tag-sukienki-dla-mamy-i-tesciowej","tag-sukienki-na-wesele-dla-mamy-i-tesciowej"],"yoast_head":"<!-- This site is optimized with the Yoast SEO plugin v27.5 - https:\/\/yoast.com\/product\/yoast-seo-wordpress\/ -->\n<title>Najpi\u0119kniejsze jesienne sukienki dla mamy wesela - De Marco<\/title>\n<meta name=\"description\" content=\"Jesienne sukienki dla Mamy Wesela \u2013 Ekskluzywne kreacje na miar\u0119 od De Marco. Profesjonalne krawiectwo miarowe mistrzowski poziom\" \/>\n<meta name=\"robots\" content=\"index, follow, max-snippet:-1, max-image-preview:large, max-video-preview:-1\" \/>\n<link rel=\"canonical\" href=\"https:\/\/www.sklep.demarco.pl\/blog\/najpiekniejsze-jesienne-sukienki-dla-mamy-wesela\/\" \/>\n<meta property=\"og:locale\" content=\"pl_PL\" \/>\n<meta property=\"og:type\" content=\"article\" \/>\n<meta property=\"og:title\" content=\"Najpi\u0119kniejsze jesienne sukienki dla mamy wesela - De Marco\" \/>\n<meta property=\"og:description\" content=\"Jesienne sukienki dla Mamy Wesela \u2013 Ekskluzywne kreacje na miar\u0119 od De Marco. Profesjonalne krawiectwo miarowe mistrzowski poziom\" \/>\n<meta property=\"og:url\" content=\"https:\/\/www.sklep.demarco.pl\/blog\/najpiekniejsze-jesienne-sukienki-dla-mamy-wesela\/\" \/>\n<meta property=\"og:site_name\" content=\"De Marco\" \/>\n<meta property=\"article:publisher\" content=\"https:\/\/www.facebook.com\/DeMarco.Styl\" \/>\n<meta property=\"article:published_time\" content=\"2025-07-20T14:34:02+00:00\" \/>\n<meta property=\"article:modified_time\" content=\"2025-07-20T14:34:56+00:00\" \/>\n<meta property=\"og:image\" content=\"https:\/\/www.sklep.demarco.pl\/blog\/wp-content\/uploads\/2025\/03\/rocznica-slubu-40.jpg\" \/>\n\t<meta property=\"og:image:width\" content=\"720\" \/>\n\t<meta property=\"og:image:height\" content=\"770\" \/>\n\t<meta property=\"og:image:type\" content=\"image\/jpeg\" \/>\n<meta name=\"author\" content=\"de marco\" \/>\n<meta name=\"twitter:label1\" content=\"Napisane przez\" \/>\n\t<meta name=\"twitter:data1\" content=\"de marco\" \/>\n\t<meta name=\"twitter:label2\" content=\"Szacowany czas czytania\" \/>\n\t<meta name=\"twitter:data2\" content=\"5 minut\" \/>\n<script type=\"application\/ld+json\" class=\"yoast-schema-graph\">{\"@context\":\"https:\\\/\\\/schema.org\",\"@graph\":[{\"@type\":\"Article\",\"@id\":\"https:\\\/\\\/www.sklep.demarco.pl\\\/blog\\\/najpiekniejsze-jesienne-sukienki-dla-mamy-wesela\\\/#article\",\"isPartOf\":{\"@id\":\"https:\\\/\\\/www.sklep.demarco.pl\\\/blog\\\/najpiekniejsze-jesienne-sukienki-dla-mamy-wesela\\\/\"},\"author\":{\"name\":\"de marco\",\"@id\":\"https:\\\/\\\/www.sklep.demarco.pl\\\/blog\\\/#\\\/schema\\\/person\\\/38456e8269588abfbbdda5bc04dad142\"},\"headline\":\"Najpi\u0119kniejsze jesienne sukienki dla mamy wesela\",\"datePublished\":\"2025-07-20T14:34:02+00:00\",\"dateModified\":\"2025-07-20T14:34:56+00:00\",\"mainEntityOfPage\":{\"@id\":\"https:\\\/\\\/www.sklep.demarco.pl\\\/blog\\\/najpiekniejsze-jesienne-sukienki-dla-mamy-wesela\\\/\"},\"wordCount\":559,\"image\":{\"@id\":\"https:\\\/\\\/www.sklep.demarco.pl\\\/blog\\\/najpiekniejsze-jesienne-sukienki-dla-mamy-wesela\\\/#primaryimage\"},\"thumbnailUrl\":\"https:\\\/\\\/www.sklep.demarco.pl\\\/blog\\\/wp-content\\\/uploads\\\/2025\\\/03\\\/rocznica-slubu-40.jpg\",\"keywords\":[\"De Marco\",\"De Marco ekskluzywna marka\",\"De Marco Frydrychowice\",\"de marco-kolekcja\",\"dla mamy wesela\",\"Ekskluzywna odzie\u017c damska\",\"Ekskluzywna odzie\u017c damska polskich producent\u00f3w\",\"Ekskluzywna suknia dla mamy wesela\",\"Ekskluzywne suknie dla mamy weselnej\",\"Elegancka odzie\u017c damska sklep internetowy\",\"Elegancka sukienka dla puszystej mamy wesela\",\"Eleganckie sukienki na wesele dla mamy puszystej\",\"Eleganckie sukienki na wesele dla mamy sklep Warszawa\",\"garnitur damski dla mamy wesela\",\"Garnitur na komuni\u0119 dla mamy\",\"komplety dla mamy wesela\",\"Komplety dla mamy wesela: \u017cakiet z sukienka, p\u0142aszcz z sukienk\u0105, szal, etole.\",\"mama pana m\u0142odego\",\"mama panny m\u0142odej\",\"markowa odzie\u017c damska\",\"sklep internetowy\",\"sukienki dla mamy i te\u015bciowej\",\"Sukienki na wesele dla mamy i te\u015bciowej\"],\"articleSection\":[\"METAMORFOZA\"],\"inLanguage\":\"pl-PL\"},{\"@type\":\"WebPage\",\"@id\":\"https:\\\/\\\/www.sklep.demarco.pl\\\/blog\\\/najpiekniejsze-jesienne-sukienki-dla-mamy-wesela\\\/\",\"url\":\"https:\\\/\\\/www.sklep.demarco.pl\\\/blog\\\/najpiekniejsze-jesienne-sukienki-dla-mamy-wesela\\\/\",\"name\":\"Najpi\u0119kniejsze jesienne sukienki dla mamy wesela - De Marco\",\"isPartOf\":{\"@id\":\"https:\\\/\\\/www.sklep.demarco.pl\\\/blog\\\/#website\"},\"primaryImageOfPage\":{\"@id\":\"https:\\\/\\\/www.sklep.demarco.pl\\\/blog\\\/najpiekniejsze-jesienne-sukienki-dla-mamy-wesela\\\/#primaryimage\"},\"image\":{\"@id\":\"https:\\\/\\\/www.sklep.demarco.pl\\\/blog\\\/najpiekniejsze-jesienne-sukienki-dla-mamy-wesela\\\/#primaryimage\"},\"thumbnailUrl\":\"https:\\\/\\\/www.sklep.demarco.pl\\\/blog\\\/wp-content\\\/uploads\\\/2025\\\/03\\\/rocznica-slubu-40.jpg\",\"datePublished\":\"2025-07-20T14:34:02+00:00\",\"dateModified\":\"2025-07-20T14:34:56+00:00\",\"author\":{\"@id\":\"https:\\\/\\\/www.sklep.demarco.pl\\\/blog\\\/#\\\/schema\\\/person\\\/38456e8269588abfbbdda5bc04dad142\"},\"description\":\"Jesienne sukienki dla Mamy Wesela \u2013 Ekskluzywne kreacje na miar\u0119 od De Marco. Profesjonalne krawiectwo miarowe mistrzowski poziom\",\"breadcrumb\":{\"@id\":\"https:\\\/\\\/www.sklep.demarco.pl\\\/blog\\\/najpiekniejsze-jesienne-sukienki-dla-mamy-wesela\\\/#breadcrumb\"},\"inLanguage\":\"pl-PL\",\"potentialAction\":[{\"@type\":\"ReadAction\",\"target\":[\"https:\\\/\\\/www.sklep.demarco.pl\\\/blog\\\/najpiekniejsze-jesienne-sukienki-dla-mamy-wesela\\\/\"]}]},{\"@type\":\"ImageObject\",\"inLanguage\":\"pl-PL\",\"@id\":\"https:\\\/\\\/www.sklep.demarco.pl\\\/blog\\\/najpiekniejsze-jesienne-sukienki-dla-mamy-wesela\\\/#primaryimage\",\"url\":\"https:\\\/\\\/www.sklep.demarco.pl\\\/blog\\\/wp-content\\\/uploads\\\/2025\\\/03\\\/rocznica-slubu-40.jpg\",\"contentUrl\":\"https:\\\/\\\/www.sklep.demarco.pl\\\/blog\\\/wp-content\\\/uploads\\\/2025\\\/03\\\/rocznica-slubu-40.jpg\",\"width\":720,\"height\":770,\"caption\":\"Najpi\u0119kniejsze sukienki dla mamy, matki chrzestnej, jubilatki, babci na wesele, przyj\u0119cie, jubileusz rocznic\u0119 etc. De Marco profesjonalne krawiectwo miarowe\"},{\"@type\":\"BreadcrumbList\",\"@id\":\"https:\\\/\\\/www.sklep.demarco.pl\\\/blog\\\/najpiekniejsze-jesienne-sukienki-dla-mamy-wesela\\\/#breadcrumb\",\"itemListElement\":[{\"@type\":\"ListItem\",\"position\":1,\"name\":\"Strona g\u0142\u00f3wna\",\"item\":\"https:\\\/\\\/www.sklep.demarco.pl\\\/blog\\\/\"},{\"@type\":\"ListItem\",\"position\":2,\"name\":\"Najpi\u0119kniejsze jesienne sukienki dla mamy wesela\"}]},{\"@type\":\"WebSite\",\"@id\":\"https:\\\/\\\/www.sklep.demarco.pl\\\/blog\\\/#website\",\"url\":\"https:\\\/\\\/www.sklep.demarco.pl\\\/blog\\\/\",\"name\":\"De Marco\",\"description\":\"The finest women&#039;s clothing manufacturer\",\"potentialAction\":[{\"@type\":\"SearchAction\",\"target\":{\"@type\":\"EntryPoint\",\"urlTemplate\":\"https:\\\/\\\/www.sklep.demarco.pl\\\/blog\\\/?s={search_term_string}\"},\"query-input\":{\"@type\":\"PropertyValueSpecification\",\"valueRequired\":true,\"valueName\":\"search_term_string\"}}],\"inLanguage\":\"pl-PL\"},{\"@type\":\"Person\",\"@id\":\"https:\\\/\\\/www.sklep.demarco.pl\\\/blog\\\/#\\\/schema\\\/person\\\/38456e8269588abfbbdda5bc04dad142\",\"name\":\"de marco\",\"image\":{\"@type\":\"ImageObject\",\"inLanguage\":\"pl-PL\",\"@id\":\"https:\\\/\\\/secure.gravatar.com\\\/avatar\\\/1d03f06a246921ea2531e9b59fe2dcd5a125b6b3339bedd531ae0d7e4bb25f99?s=96&d=mm&r=g\",\"url\":\"https:\\\/\\\/secure.gravatar.com\\\/avatar\\\/1d03f06a246921ea2531e9b59fe2dcd5a125b6b3339bedd531ae0d7e4bb25f99?s=96&d=mm&r=g\",\"contentUrl\":\"https:\\\/\\\/secure.gravatar.com\\\/avatar\\\/1d03f06a246921ea2531e9b59fe2dcd5a125b6b3339bedd531ae0d7e4bb25f99?s=96&d=mm&r=g\",\"caption\":\"de marco\"},\"url\":\"https:\\\/\\\/www.sklep.demarco.pl\\\/blog\\\/author\\\/de-marco\\\/\"}]}<\/script>\n<!-- \/ Yoast SEO plugin. -->","yoast_head_json":{"title":"Najpi\u0119kniejsze jesienne sukienki dla mamy wesela - De Marco","description":"Jesienne sukienki dla Mamy Wesela \u2013 Ekskluzywne kreacje na miar\u0119 od De Marco. Profesjonalne krawiectwo miarowe mistrzowski poziom","robots":{"index":"index","follow":"follow","max-snippet":"max-snippet:-1","max-image-preview":"max-image-preview:large","max-video-preview":"max-video-preview:-1"},"canonical":"https:\/\/www.sklep.demarco.pl\/blog\/najpiekniejsze-jesienne-sukienki-dla-mamy-wesela\/","og_locale":"pl_PL","og_type":"article","og_title":"Najpi\u0119kniejsze jesienne sukienki dla mamy wesela - De Marco","og_description":"Jesienne sukienki dla Mamy Wesela \u2013 Ekskluzywne kreacje na miar\u0119 od De Marco. Profesjonalne krawiectwo miarowe mistrzowski poziom","og_url":"https:\/\/www.sklep.demarco.pl\/blog\/najpiekniejsze-jesienne-sukienki-dla-mamy-wesela\/","og_site_name":"De Marco","article_publisher":"https:\/\/www.facebook.com\/DeMarco.Styl","article_published_time":"2025-07-20T14:34:02+00:00","article_modified_time":"2025-07-20T14:34:56+00:00","og_image":[{"width":720,"height":770,"url":"https:\/\/www.sklep.demarco.pl\/blog\/wp-content\/uploads\/2025\/03\/rocznica-slubu-40.jpg","type":"image\/jpeg"}],"author":"de marco","twitter_misc":{"Napisane przez":"de marco","Szacowany czas czytania":"5 minut"},"schema":{"@context":"https:\/\/schema.org","@graph":[{"@type":"Article","@id":"https:\/\/www.sklep.demarco.pl\/blog\/najpiekniejsze-jesienne-sukienki-dla-mamy-wesela\/#article","isPartOf":{"@id":"https:\/\/www.sklep.demarco.pl\/blog\/najpiekniejsze-jesienne-sukienki-dla-mamy-wesela\/"},"author":{"name":"de marco","@id":"https:\/\/www.sklep.demarco.pl\/blog\/#\/schema\/person\/38456e8269588abfbbdda5bc04dad142"},"headline":"Najpi\u0119kniejsze jesienne sukienki dla mamy wesela","datePublished":"2025-07-20T14:34:02+00:00","dateModified":"2025-07-20T14:34:56+00:00","mainEntityOfPage":{"@id":"https:\/\/www.sklep.demarco.pl\/blog\/najpiekniejsze-jesienne-sukienki-dla-mamy-wesela\/"},"wordCount":559,"image":{"@id":"https:\/\/www.sklep.demarco.pl\/blog\/najpiekniejsze-jesienne-sukienki-dla-mamy-wesela\/#primaryimage"},"thumbnailUrl":"https:\/\/www.sklep.demarco.pl\/blog\/wp-content\/uploads\/2025\/03\/rocznica-slubu-40.jpg","keywords":["De Marco","De Marco ekskluzywna marka","De Marco Frydrychowice","de marco-kolekcja","dla mamy wesela","Ekskluzywna odzie\u017c damska","Ekskluzywna odzie\u017c damska polskich producent\u00f3w","Ekskluzywna suknia dla mamy wesela","Ekskluzywne suknie dla mamy weselnej","Elegancka odzie\u017c damska sklep internetowy","Elegancka sukienka dla puszystej mamy wesela","Eleganckie sukienki na wesele dla mamy puszystej","Eleganckie sukienki na wesele dla mamy sklep Warszawa","garnitur damski dla mamy wesela","Garnitur na komuni\u0119 dla mamy","komplety dla mamy wesela","Komplety dla mamy wesela: \u017cakiet z sukienka, p\u0142aszcz z sukienk\u0105, szal, etole.","mama pana m\u0142odego","mama panny m\u0142odej","markowa odzie\u017c damska","sklep internetowy","sukienki dla mamy i te\u015bciowej","Sukienki na wesele dla mamy i te\u015bciowej"],"articleSection":["METAMORFOZA"],"inLanguage":"pl-PL"},{"@type":"WebPage","@id":"https:\/\/www.sklep.demarco.pl\/blog\/najpiekniejsze-jesienne-sukienki-dla-mamy-wesela\/","url":"https:\/\/www.sklep.demarco.pl\/blog\/najpiekniejsze-jesienne-sukienki-dla-mamy-wesela\/","name":"Najpi\u0119kniejsze jesienne sukienki dla mamy wesela - De Marco","isPartOf":{"@id":"https:\/\/www.sklep.demarco.pl\/blog\/#website"},"primaryImageOfPage":{"@id":"https:\/\/www.sklep.demarco.pl\/blog\/najpiekniejsze-jesienne-sukienki-dla-mamy-wesela\/#primaryimage"},"image":{"@id":"https:\/\/www.sklep.demarco.pl\/blog\/najpiekniejsze-jesienne-sukienki-dla-mamy-wesela\/#primaryimage"},"thumbnailUrl":"https:\/\/www.sklep.demarco.pl\/blog\/wp-content\/uploads\/2025\/03\/rocznica-slubu-40.jpg","datePublished":"2025-07-20T14:34:02+00:00","dateModified":"2025-07-20T14:34:56+00:00","author":{"@id":"https:\/\/www.sklep.demarco.pl\/blog\/#\/schema\/person\/38456e8269588abfbbdda5bc04dad142"},"description":"Jesienne sukienki dla Mamy Wesela \u2013 Ekskluzywne kreacje na miar\u0119 od De Marco. Profesjonalne krawiectwo miarowe mistrzowski poziom","breadcrumb":{"@id":"https:\/\/www.sklep.demarco.pl\/blog\/najpiekniejsze-jesienne-sukienki-dla-mamy-wesela\/#breadcrumb"},"inLanguage":"pl-PL","potentialAction":[{"@type":"ReadAction","target":["https:\/\/www.sklep.demarco.pl\/blog\/najpiekniejsze-jesienne-sukienki-dla-mamy-wesela\/"]}]},{"@type":"ImageObject","inLanguage":"pl-PL","@id":"https:\/\/www.sklep.demarco.pl\/blog\/najpiekniejsze-jesienne-sukienki-dla-mamy-wesela\/#primaryimage","url":"https:\/\/www.sklep.demarco.pl\/blog\/wp-content\/uploads\/2025\/03\/rocznica-slubu-40.jpg","contentUrl":"https:\/\/www.sklep.demarco.pl\/blog\/wp-content\/uploads\/2025\/03\/rocznica-slubu-40.jpg","width":720,"height":770,"caption":"Najpi\u0119kniejsze sukienki dla mamy, matki chrzestnej, jubilatki, babci na wesele, przyj\u0119cie, jubileusz rocznic\u0119 etc. De Marco profesjonalne krawiectwo miarowe"},{"@type":"BreadcrumbList","@id":"https:\/\/www.sklep.demarco.pl\/blog\/najpiekniejsze-jesienne-sukienki-dla-mamy-wesela\/#breadcrumb","itemListElement":[{"@type":"ListItem","position":1,"name":"Strona g\u0142\u00f3wna","item":"https:\/\/www.sklep.demarco.pl\/blog\/"},{"@type":"ListItem","position":2,"name":"Najpi\u0119kniejsze jesienne sukienki dla mamy wesela"}]},{"@type":"WebSite","@id":"https:\/\/www.sklep.demarco.pl\/blog\/#website","url":"https:\/\/www.sklep.demarco.pl\/blog\/","name":"De Marco","description":"The finest women&#039;s clothing manufacturer","potentialAction":[{"@type":"SearchAction","target":{"@type":"EntryPoint","urlTemplate":"https:\/\/www.sklep.demarco.pl\/blog\/?s={search_term_string}"},"query-input":{"@type":"PropertyValueSpecification","valueRequired":true,"valueName":"search_term_string"}}],"inLanguage":"pl-PL"},{"@type":"Person","@id":"https:\/\/www.sklep.demarco.pl\/blog\/#\/schema\/person\/38456e8269588abfbbdda5bc04dad142","name":"de marco","image":{"@type":"ImageObject","inLanguage":"pl-PL","@id":"https:\/\/secure.gravatar.com\/avatar\/1d03f06a246921ea2531e9b59fe2dcd5a125b6b3339bedd531ae0d7e4bb25f99?s=96&d=mm&r=g","url":"https:\/\/secure.gravatar.com\/avatar\/1d03f06a246921ea2531e9b59fe2dcd5a125b6b3339bedd531ae0d7e4bb25f99?s=96&d=mm&r=g","contentUrl":"https:\/\/secure.gravatar.com\/avatar\/1d03f06a246921ea2531e9b59fe2dcd5a125b6b3339bedd531ae0d7e4bb25f99?s=96&d=mm&r=g","caption":"de marco"},"url":"https:\/\/www.sklep.demarco.pl\/blog\/author\/de-marco\/"}]}},"builder_content":"","_links":{"self":[{"href":"https:\/\/www.sklep.demarco.pl\/blog\/wp-json\/wp\/v2\/posts\/18328","targetHints":{"allow":["GET"]}}],"collection":[{"href":"https:\/\/www.sklep.demarco.pl\/blog\/wp-json\/wp\/v2\/posts"}],"about":[{"href":"https:\/\/www.sklep.demarco.pl\/blog\/wp-json\/wp\/v2\/types\/post"}],"author":[{"embeddable":true,"href":"https:\/\/www.sklep.demarco.pl\/blog\/wp-json\/wp\/v2\/users\/1"}],"replies":[{"embeddable":true,"href":"https:\/\/www.sklep.demarco.pl\/blog\/wp-json\/wp\/v2\/comments?post=18328"}],"version-history":[{"count":4,"href":"https:\/\/www.sklep.demarco.pl\/blog\/wp-json\/wp\/v2\/posts\/18328\/revisions"}],"predecessor-version":[{"id":18332,"href":"https:\/\/www.sklep.demarco.pl\/blog\/wp-json\/wp\/v2\/posts\/18328\/revisions\/18332"}],"wp:featuredmedia":[{"embeddable":true,"href":"https:\/\/www.sklep.demarco.pl\/blog\/wp-json\/wp\/v2\/media\/17738"}],"wp:attachment":[{"href":"https:\/\/www.sklep.demarco.pl\/blog\/wp-json\/wp\/v2\/media?parent=18328"}],"wp:term":[{"taxonomy":"category","embeddable":true,"href":"https:\/\/www.sklep.demarco.pl\/blog\/wp-json\/wp\/v2\/categories?post=18328"},{"taxonomy":"post_tag","embeddable":true,"href":"https:\/\/www.sklep.demarco.pl\/blog\/wp-json\/wp\/v2\/tags?post=18328"}],"curies":[{"name":"wp","href":"https:\/\/api.w.org\/{rel}","templated":true}]}}