{"id":18313,"date":"2025-07-17T16:43:19","date_gmt":"2025-07-17T16:43:19","guid":{"rendered":"https:\/\/www.sklep.demarco.pl\/blog\/?p=18313"},"modified":"2025-07-17T16:49:42","modified_gmt":"2025-07-17T16:49:42","slug":"wysokie-krawiectwo-de-marco-polska-marka-dla-kobiet-swiadomych-stylu-i-klasy","status":"publish","type":"post","link":"https:\/\/www.sklep.demarco.pl\/blog\/wysokie-krawiectwo-de-marco-polska-marka-dla-kobiet-swiadomych-stylu-i-klasy\/","title":{"rendered":"Wysokie krawiectwo De Marco \u2013 Polska marka dla kobiet \u015bwiadomych stylu i klasy"},"content":{"rendered":"\n<div class=\"wp-block-media-text is-stacked-on-mobile\"><figure class=\"wp-block-media-text__media\"><a href=\"https:\/\/www.sklep.demarco.pl\/wieczorowy-garnitur-damski-lamassu\" target=\"_blank\" rel=\"noreferrer noopener\"><img loading=\"lazy\" decoding=\"async\" width=\"1024\" height=\"1024\" src=\"https:\/\/www.sklep.demarco.pl\/blog\/wp-content\/uploads\/2025\/06\/008-Artboard12-1024x1024.jpg\" alt=\"Profesjonalne szycie na miar\u0119 w De Marco Atelier W\u0142adys\u0142awy Fraczek polskiej projektantki ekskluzywnej odzie\u017cy damskiej\" class=\"wp-image-18021 size-full\" srcset=\"https:\/\/www.sklep.demarco.pl\/blog\/wp-content\/uploads\/2025\/06\/008-Artboard12-1024x1024.jpg 1024w, https:\/\/www.sklep.demarco.pl\/blog\/wp-content\/uploads\/2025\/06\/008-Artboard12-300x300.jpg 300w, https:\/\/www.sklep.demarco.pl\/blog\/wp-content\/uploads\/2025\/06\/008-Artboard12-150x150.jpg 150w, https:\/\/www.sklep.demarco.pl\/blog\/wp-content\/uploads\/2025\/06\/008-Artboard12-768x768.jpg 768w, https:\/\/www.sklep.demarco.pl\/blog\/wp-content\/uploads\/2025\/06\/008-Artboard12.jpg 1081w\" sizes=\"auto, (max-width: 1024px) 100vw, 1024px\" \/><\/a><\/figure><div class=\"wp-block-media-text__content\">\n<p> <p>W czasach, gdy moda ulega nieustannym przemianom, a sezonowo\u015b\u0107 wypiera trwa\u0142o\u015b\u0107 i warto\u015b\u0107, szczeg\u00f3lnego znaczenia nabiera odzie\u017c tworzona z my\u015bl\u0105 o indywidualnych potrzebach, to\u017csamo\u015bci oraz kulturze estetycznej. Marka <strong>De Marco<\/strong>, prowadzona przez wybitn\u0105 polsk\u0105 projektantk\u0119 \u2013 <strong>W\u0142adys\u0142aw\u0119 Fr\u0105czek<\/strong>, to odpowied\u017a na pragnienie elegancji, szlachetno\u015bci i kunsztu w najczystszym wydaniu.<\/p>   <p>Nasza pracownia kultywuje ide\u0119 <strong>Profesjonalnego krawiectwa<\/strong> \u2013 mody wysokiej, szytej na miar\u0119 z najlepszych europejskich tkanin, dopasowanej do osobowo\u015bci, urody i sylwetki ka\u017cdej Klientki. <strong>Ka\u017cda kreacja jest unikatowa, powstaje w spos\u00f3b r\u0119kodzielniczy, z najwy\u017csz\u0105 dba\u0142o\u015bci\u0105 o szczeg\u00f3\u0142y konstrukcyjne i artystyczne<\/strong>.<\/p> <\/p>\n<\/div><\/div>\n\n\n\n<p>Czytaj r\u00f3wnie\u017c: <a href=\"https:\/\/www.sklep.demarco.pl\/blog\/ekskluzywna-stylizacja-na-slub-cywilny-elegancja-w-duchu-minimalizmu-od-de-marco\/\">Ekskluzywna stylizacja na \u015blub cywilny \u2013 elegancja w duchu minimalizmu od De Marco<\/a><\/p>\n\n\n\n<hr class=\"wp-block-separator has-alpha-channel-opacity\"\/>\n\n\n\n<div class=\"wp-block-media-text is-stacked-on-mobile\"><figure class=\"wp-block-media-text__media\"><a href=\"https:\/\/www.sklep.demarco.pl\/ekskluzywne-suknie-dla-matki-wesela-luna-iii\" target=\"_blank\" rel=\"noreferrer noopener\"><img loading=\"lazy\" decoding=\"async\" width=\"595\" height=\"596\" src=\"https:\/\/www.sklep.demarco.pl\/blog\/wp-content\/uploads\/2025\/02\/suknia_na_wesele.jpeg\" alt=\"Eleganckie klasyczne i minimalistyczne sukienki na \u015blub c\u00f3rki. De Marco unikatowe kreacje szyte na miar\u0119 w profesjonalnej pracowni krawieckiej\" class=\"wp-image-17577 size-full\" srcset=\"https:\/\/www.sklep.demarco.pl\/blog\/wp-content\/uploads\/2025\/02\/suknia_na_wesele.jpeg 595w, https:\/\/www.sklep.demarco.pl\/blog\/wp-content\/uploads\/2025\/02\/suknia_na_wesele-300x300.jpeg 300w, https:\/\/www.sklep.demarco.pl\/blog\/wp-content\/uploads\/2025\/02\/suknia_na_wesele-150x150.jpeg 150w\" sizes=\"auto, (max-width: 595px) 100vw, 595px\" \/><\/a><\/figure><div class=\"wp-block-media-text__content\">\n<h3 class=\"wp-block-heading\"><strong>Ekskluzywne Stylizacje dla Mamy Wesela \u2013 Godno\u015b\u0107, Urok i Ponadczasowo\u015b\u0107<\/strong><\/h3>\n\n\n\n<p>W\u015br\u00f3d najwa\u017cniejszych uroczysto\u015bci w \u017cyciu kobiety niew\u0105tpliwie znajduje si\u0119 <strong>dzie\u0144 \u015blubu c\u00f3rki lub syna<\/strong> \u2013 moment pe\u0142en wzrusze\u0144, dumy i blasku. W\u0142a\u015bnie z my\u015bl\u0105 o <strong>mamach weselnych<\/strong>, kt\u00f3re pragn\u0105 prezentowa\u0107 si\u0119 z klas\u0105, wdzi\u0119kiem i naturaln\u0105 elegancj\u0105, tworzymy nasze wyj\u0105tkowe projekty: <strong>suknie wieczorowe, eleganckie garsonki oraz ekskluzywne garnitury damskie.<\/strong><\/p>\n\n\n\n<p>Stylizacje te \u2013 projektowane i szyte indywidualnie \u2013 wyr\u00f3\u017cniaj\u0105 si\u0119 <strong>eleganck\u0105 pow\u015bci\u0105gliwo\u015bci\u0105, wyrafinowan\u0105 lini\u0105 oraz subtelnym podkre\u015bleniem kobiecej sylwetki<\/strong>. To propozycje dla pa\u0144, kt\u00f3re nie poszukuj\u0105 krzykliwych trend\u00f3w, lecz ceni\u0105 <strong>pi\u0119kno zakl\u0119te w formie, jako\u015bci i proporcji<\/strong>.<\/p>\n<\/div><\/div>\n\n\n\n<p>Czytaj r\u00f3wnie\u017c: <a href=\"https:\/\/www.demarco.pl\/plisowana-spodnica-w-duecie-z-zakietem-uniwersalna-elegancja-w-ekskluzywnym-wydaniu-de-marco\/\">Plisowana sp\u00f3dnica w duecie z \u017cakietem \u2013 uniwersalna elegancja w ekskluzywnym wydaniu De Marco<\/a><\/p>\n\n\n\n<hr class=\"wp-block-separator has-alpha-channel-opacity\"\/>\n\n\n\n<div class=\"wp-block-media-text is-stacked-on-mobile\"><figure class=\"wp-block-media-text__media\"><a href=\"https:\/\/www.sklep.demarco.pl\/ekskluzywna-suknia-rachela\" target=\"_blank\" rel=\"noreferrer noopener\"><img loading=\"lazy\" decoding=\"async\" width=\"1024\" height=\"1024\" src=\"https:\/\/www.sklep.demarco.pl\/blog\/wp-content\/uploads\/2024\/07\/pierwsza-dama11-1024x1024.jpg\" alt=\"Elegancka odzie\u017c dla 50 latki De Marco unikatowe kracie szyte na miar\u0119 dla Pierwszej Damy. Czarno bia\u0142a sukienka\" class=\"wp-image-16971 size-full\" srcset=\"https:\/\/www.sklep.demarco.pl\/blog\/wp-content\/uploads\/2024\/07\/pierwsza-dama11-1024x1024.jpg 1024w, https:\/\/www.sklep.demarco.pl\/blog\/wp-content\/uploads\/2024\/07\/pierwsza-dama11-300x300.jpg 300w, https:\/\/www.sklep.demarco.pl\/blog\/wp-content\/uploads\/2024\/07\/pierwsza-dama11-150x150.jpg 150w, https:\/\/www.sklep.demarco.pl\/blog\/wp-content\/uploads\/2024\/07\/pierwsza-dama11-768x769.jpg 768w, https:\/\/www.sklep.demarco.pl\/blog\/wp-content\/uploads\/2024\/07\/pierwsza-dama11.jpg 1440w\" sizes=\"auto, (max-width: 1024px) 100vw, 1024px\" \/><\/a><\/figure><div class=\"wp-block-media-text__content\">\n<h3 class=\"wp-block-heading\"><strong>Polski Design \u2013 Polska Marka \u2013 Polska Jako\u015b\u0107<\/strong><\/h3>\n\n\n\n<p>Kreacje De Marco s\u0105 <strong>rozpoznawalne w salonach dyplomatycznych, w\u015br\u00f3d elit kulturalnych i artystycznych, a tak\u017ce w\u015br\u00f3d kobiet, kt\u00f3re ceni\u0105 sobie godno\u015b\u0107 i si\u0142\u0119 wyrazu poprzez ubi\u00f3r<\/strong>. Nasza filozofia opiera si\u0119 na szacunku dla klientki, jej indywidualno\u015bci i wyj\u0105tkowo\u015bci.<\/p>\n\n\n\n<p>W naszej pracowni powstaj\u0105 zar\u00f3wno <strong>sukienki koktajlowe, komplety \u017cakietowe, jak i wyrafinowane stylizacje wieczorowe<\/strong>, kt\u00f3re towarzysz\u0105 Klientkom podczas najwa\u017cniejszych moment\u00f3w w \u017cyciu \u2013 od \u015blub\u00f3w i jubileuszy po wyst\u0105pienia publiczne i gale.<\/p>\n<\/div><\/div>\n\n\n\n<p>Czytaj r\u00f3wnie\u017c: <a href=\"https:\/\/www.demarco.pl\/garsonka-biznesowa-szyta-na-miare-stylizacja-de-marco-na-konferencji-jak-nie-biegac\/\">Garsonka biznesowa szyta na miar\u0119. Stylizacja De Marco na konferencji Jak NIE biega\u0107<\/a><\/p>\n\n\n\n<hr class=\"wp-block-separator has-alpha-channel-opacity\"\/>\n\n\n\n<div class=\"wp-block-media-text is-stacked-on-mobile\"><figure class=\"wp-block-media-text__media\"><a href=\"https:\/\/www.sklep.demarco.pl\/ekskluzywne-sukienki-na-wesele-luna-iv\" target=\"_blank\" rel=\"noreferrer noopener\"><img loading=\"lazy\" decoding=\"async\" width=\"768\" height=\"1024\" src=\"https:\/\/www.sklep.demarco.pl\/blog\/wp-content\/uploads\/2024\/12\/Projektant-mody-768x1024.jpeg\" alt=\"Szycie na miar\u0119 damskie w profesjonalnej pracowni krawieckiej i atelier W\u0142adys\u0142awy Fr\u0105czek polskiej projektantki ekskluzywnej odzie\u017cy damskiej\" class=\"wp-image-17364 size-full\" srcset=\"https:\/\/www.sklep.demarco.pl\/blog\/wp-content\/uploads\/2024\/12\/Projektant-mody-768x1024.jpeg 768w, https:\/\/www.sklep.demarco.pl\/blog\/wp-content\/uploads\/2024\/12\/Projektant-mody-225x300.jpeg 225w, https:\/\/www.sklep.demarco.pl\/blog\/wp-content\/uploads\/2024\/12\/Projektant-mody-1152x1536.jpeg 1152w, https:\/\/www.sklep.demarco.pl\/blog\/wp-content\/uploads\/2024\/12\/Projektant-mody.jpeg 1200w\" sizes=\"auto, (max-width: 768px) 100vw, 768px\" \/><\/a><\/figure><div class=\"wp-block-media-text__content\">\n<h3 class=\"wp-block-heading\"><strong>Szycie na Miar\u0119 \u2013 Profesjonalne krawiectwo<\/strong><\/h3>\n\n\n\n<p>Ka\u017cda stylizacja w De Marco jest efektem <strong>dialogu projektanta z Klientk\u0105<\/strong> \u2013 procesu, w kt\u00f3rym zrodzona zostaje kreacja b\u0119d\u0105ca wyrazem nie tylko estetyki, ale i charakteru osoby, kt\u00f3ra j\u0105 nosi.<\/p>\n\n\n\n<p>Zach\u0119camy Szanownych Pa\u0144stwa do odwiedzenia naszej strony internetowej <a class=\"\" href=\"https:\/\/www.demarco.pl\">www.demarco.pl<\/a>, gdzie prezentujemy portfolio naszych realizacji. Z uwagi na indywidualny proces projektowania i szycia, uprzejmie prosimy o wcze\u015bniejsz\u0105 <strong>rezerwacj\u0119 terminu spotkania lub realizacji zam\u00f3wienia<\/strong>.<\/p>\n\n\n\n<p><strong><em>Dzi\u0119kujemy naszym wspania\u0142ym klientkom za udost\u0119pnienie zdj\u0119\u0107. \u017byczymy dalszych sukces\u00f3w, zdrowia i szcz\u0119\u015bcia w rodzinie.<\/em><\/strong><\/p>\n\n\n\n<hr class=\"wp-block-separator has-alpha-channel-opacity\"\/>\n\n\n\n<p>Z najwy\u017cszym szacunkiem i serdecznym zaproszeniem,<br><strong>Zesp\u00f3\u0142 De Marco<\/strong><br>Atelier W\u0142adys\u0142awy Fr\u0105czek<br>Polska marka &#8211; wysokie krawiectwo<\/p>\n<\/div><\/div>\n\n\n\n<p>Czytaj r\u00f3wnie\u017c: <a href=\"https:\/\/www.sklep.demarco.pl\/blog\/niepowtarzalne-sukienki-dla-mamy-i-tesciowej-de-marco\/\">Niepowtarzalne sukienki dla mamy i te\u015bciowej \u2013 De Marco<\/a><\/p>\n\n\n\n<figure class=\"wp-block-embed is-type-wp-embed is-provider-de-marco wp-block-embed-de-marco\"><div class=\"wp-block-embed__wrapper\">\n<blockquote class=\"wp-embedded-content\" data-secret=\"WjLjJFy4SH\"><a href=\"https:\/\/www.sklep.demarco.pl\/blog\/ponad-czasowa-elegancja-ktora-inspiruje-polska-marka-de-marco\/\">Ponad czasowa elegancja, kt\u00f3ra Inspiruje &#8211; Polska marka De Marco<\/a><\/blockquote><iframe loading=\"lazy\" class=\"wp-embedded-content\" sandbox=\"allow-scripts\" security=\"restricted\" style=\"position: absolute; visibility: hidden;\" title=\"&#8222;Ponad czasowa elegancja, kt\u00f3ra Inspiruje &#8211; Polska marka De Marco&#8221; &#8212; De Marco\" src=\"https:\/\/www.sklep.demarco.pl\/blog\/ponad-czasowa-elegancja-ktora-inspiruje-polska-marka-de-marco\/embed\/#?secret=HLVI7l4zgD#?secret=WjLjJFy4SH\" data-secret=\"WjLjJFy4SH\" width=\"500\" height=\"282\" frameborder=\"0\" marginwidth=\"0\" marginheight=\"0\" scrolling=\"no\"><\/iframe>\n<\/div><\/figure>\n\n\n<!-- wp:themify-builder\/canvas \/-->","protected":false},"excerpt":{"rendered":"<p>W czasach, gdy moda ulega nieustannym przemianom, a sezonowo\u015b\u0107 wypiera trwa\u0142o\u015b\u0107 i warto\u015b\u0107, szczeg\u00f3lnego znaczenia nabiera odzie\u017c tworzona z my\u015bl\u0105 o indywidualnych potrzebach, to\u017csamo\u015bci oraz kulturze estetycznej. Marka De Marco, prowadzona przez wybitn\u0105 polsk\u0105 projektantk\u0119 \u2013 W\u0142adys\u0142aw\u0119 Fr\u0105czek, to odpowied\u017a na pragnienie elegancji, szlachetno\u015bci i kunsztu w najczystszym wydaniu. Nasza pracownia kultywuje ide\u0119 Profesjonalnego krawiectwa [&hellip;]<\/p>\n","protected":false},"author":1,"featured_media":18314,"comment_status":"closed","ping_status":"closed","sticky":false,"template":"","format":"standard","meta":{"footnotes":"","_links_to":"","_links_to_target":""},"categories":[15],"tags":[82,469,135,169,171,3491,3339,3820,136,4522,478,48,4520,4526,4424,176,217],"class_list":["post-18313","post","type-post","status-publish","format-standard","has-post-thumbnail","hentry","category-metamorfoza","tag-de-marco","tag-de-marco-ekskluzywna-marka","tag-de-marco-frydrychowice","tag-de-marco-kolekcja","tag-ekskluzywna-odziez-damska","tag-ekskluzywna-odziez-damska-polskich-producentow","tag-elegancka-odziez-damska-sklep-internetowy","tag-krawcowa","tag-krawiec","tag-krawiec-krolewski","tag-markowa-odziez-damska","tag-moda","tag-pracownia-krawiecka","tag-prezydencka-pracownia-krawiecka","tag-salon-slubny-krakow","tag-sklep-de-marco","tag-sklep-internetowy"],"yoast_head":"<!-- This site is optimized with the Yoast SEO plugin v27.5 - https:\/\/yoast.com\/product\/yoast-seo-wordpress\/ -->\n<title>Wysokie krawiectwo De Marco \u2013 Polska marka<\/title>\n<meta name=\"description\" content=\"Profesjonalne wysokie krawiectwo De Marco polska pracownia spod Krakowa. Unikatowa ekskluzywna odzie\u017c damska\" \/>\n<meta name=\"robots\" content=\"index, follow, max-snippet:-1, max-image-preview:large, max-video-preview:-1\" \/>\n<link rel=\"canonical\" href=\"https:\/\/www.sklep.demarco.pl\/blog\/wysokie-krawiectwo-de-marco-polska-marka-dla-kobiet-swiadomych-stylu-i-klasy\/\" \/>\n<meta property=\"og:locale\" content=\"pl_PL\" \/>\n<meta property=\"og:type\" content=\"article\" \/>\n<meta property=\"og:title\" content=\"Wysokie krawiectwo De Marco \u2013 Polska marka\" \/>\n<meta property=\"og:description\" content=\"Profesjonalne wysokie krawiectwo De Marco polska pracownia spod Krakowa. Unikatowa ekskluzywna odzie\u017c damska\" \/>\n<meta property=\"og:url\" content=\"https:\/\/www.sklep.demarco.pl\/blog\/wysokie-krawiectwo-de-marco-polska-marka-dla-kobiet-swiadomych-stylu-i-klasy\/\" \/>\n<meta property=\"og:site_name\" content=\"De Marco\" \/>\n<meta property=\"article:publisher\" content=\"https:\/\/www.facebook.com\/DeMarco.Styl\" \/>\n<meta property=\"article:published_time\" content=\"2025-07-17T16:43:19+00:00\" \/>\n<meta property=\"article:modified_time\" content=\"2025-07-17T16:49:42+00:00\" \/>\n<meta property=\"og:image\" content=\"https:\/\/www.sklep.demarco.pl\/blog\/wp-content\/uploads\/2025\/07\/Wlsyslawa-Fraczek-odziez-dyplomatyczna-2.jpg\" \/>\n\t<meta property=\"og:image:width\" content=\"1024\" \/>\n\t<meta property=\"og:image:height\" content=\"1024\" \/>\n\t<meta property=\"og:image:type\" content=\"image\/jpeg\" \/>\n<meta name=\"author\" content=\"de marco\" \/>\n<meta name=\"twitter:label1\" content=\"Napisane przez\" \/>\n\t<meta name=\"twitter:data1\" content=\"de marco\" \/>\n\t<meta name=\"twitter:label2\" content=\"Szacowany czas czytania\" \/>\n\t<meta name=\"twitter:data2\" content=\"4 minuty\" \/>\n<script type=\"application\/ld+json\" class=\"yoast-schema-graph\">{\"@context\":\"https:\\\/\\\/schema.org\",\"@graph\":[{\"@type\":\"Article\",\"@id\":\"https:\\\/\\\/www.sklep.demarco.pl\\\/blog\\\/wysokie-krawiectwo-de-marco-polska-marka-dla-kobiet-swiadomych-stylu-i-klasy\\\/#article\",\"isPartOf\":{\"@id\":\"https:\\\/\\\/www.sklep.demarco.pl\\\/blog\\\/wysokie-krawiectwo-de-marco-polska-marka-dla-kobiet-swiadomych-stylu-i-klasy\\\/\"},\"author\":{\"name\":\"de marco\",\"@id\":\"https:\\\/\\\/www.sklep.demarco.pl\\\/blog\\\/#\\\/schema\\\/person\\\/38456e8269588abfbbdda5bc04dad142\"},\"headline\":\"Wysokie krawiectwo De Marco \u2013 Polska marka dla kobiet \u015bwiadomych stylu i klasy\",\"datePublished\":\"2025-07-17T16:43:19+00:00\",\"dateModified\":\"2025-07-17T16:49:42+00:00\",\"mainEntityOfPage\":{\"@id\":\"https:\\\/\\\/www.sklep.demarco.pl\\\/blog\\\/wysokie-krawiectwo-de-marco-polska-marka-dla-kobiet-swiadomych-stylu-i-klasy\\\/\"},\"wordCount\":507,\"image\":{\"@id\":\"https:\\\/\\\/www.sklep.demarco.pl\\\/blog\\\/wysokie-krawiectwo-de-marco-polska-marka-dla-kobiet-swiadomych-stylu-i-klasy\\\/#primaryimage\"},\"thumbnailUrl\":\"https:\\\/\\\/www.sklep.demarco.pl\\\/blog\\\/wp-content\\\/uploads\\\/2025\\\/07\\\/Wlsyslawa-Fraczek-odziez-dyplomatyczna-2.jpg\",\"keywords\":[\"De Marco\",\"De Marco ekskluzywna marka\",\"De Marco Frydrychowice\",\"de marco-kolekcja\",\"Ekskluzywna odzie\u017c damska\",\"Ekskluzywna odzie\u017c damska polskich producent\u00f3w\",\"Elegancka odzie\u017c damska sklep internetowy\",\"krawcowa\",\"krawiec\",\"krawiec kr\u00f3lewski\",\"markowa odzie\u017c damska\",\"moda\",\"pracownia krawiecka\",\"prezydencka pracownia krawiecka\",\"Salon \u015blubny Krak\u00f3w\",\"sklep De marco\",\"sklep internetowy\"],\"articleSection\":[\"METAMORFOZA\"],\"inLanguage\":\"pl-PL\"},{\"@type\":\"WebPage\",\"@id\":\"https:\\\/\\\/www.sklep.demarco.pl\\\/blog\\\/wysokie-krawiectwo-de-marco-polska-marka-dla-kobiet-swiadomych-stylu-i-klasy\\\/\",\"url\":\"https:\\\/\\\/www.sklep.demarco.pl\\\/blog\\\/wysokie-krawiectwo-de-marco-polska-marka-dla-kobiet-swiadomych-stylu-i-klasy\\\/\",\"name\":\"Wysokie krawiectwo De Marco \u2013 Polska marka\",\"isPartOf\":{\"@id\":\"https:\\\/\\\/www.sklep.demarco.pl\\\/blog\\\/#website\"},\"primaryImageOfPage\":{\"@id\":\"https:\\\/\\\/www.sklep.demarco.pl\\\/blog\\\/wysokie-krawiectwo-de-marco-polska-marka-dla-kobiet-swiadomych-stylu-i-klasy\\\/#primaryimage\"},\"image\":{\"@id\":\"https:\\\/\\\/www.sklep.demarco.pl\\\/blog\\\/wysokie-krawiectwo-de-marco-polska-marka-dla-kobiet-swiadomych-stylu-i-klasy\\\/#primaryimage\"},\"thumbnailUrl\":\"https:\\\/\\\/www.sklep.demarco.pl\\\/blog\\\/wp-content\\\/uploads\\\/2025\\\/07\\\/Wlsyslawa-Fraczek-odziez-dyplomatyczna-2.jpg\",\"datePublished\":\"2025-07-17T16:43:19+00:00\",\"dateModified\":\"2025-07-17T16:49:42+00:00\",\"author\":{\"@id\":\"https:\\\/\\\/www.sklep.demarco.pl\\\/blog\\\/#\\\/schema\\\/person\\\/38456e8269588abfbbdda5bc04dad142\"},\"description\":\"Profesjonalne wysokie krawiectwo De Marco polska pracownia spod Krakowa. Unikatowa ekskluzywna odzie\u017c damska\",\"breadcrumb\":{\"@id\":\"https:\\\/\\\/www.sklep.demarco.pl\\\/blog\\\/wysokie-krawiectwo-de-marco-polska-marka-dla-kobiet-swiadomych-stylu-i-klasy\\\/#breadcrumb\"},\"inLanguage\":\"pl-PL\",\"potentialAction\":[{\"@type\":\"ReadAction\",\"target\":[\"https:\\\/\\\/www.sklep.demarco.pl\\\/blog\\\/wysokie-krawiectwo-de-marco-polska-marka-dla-kobiet-swiadomych-stylu-i-klasy\\\/\"]}]},{\"@type\":\"ImageObject\",\"inLanguage\":\"pl-PL\",\"@id\":\"https:\\\/\\\/www.sklep.demarco.pl\\\/blog\\\/wysokie-krawiectwo-de-marco-polska-marka-dla-kobiet-swiadomych-stylu-i-klasy\\\/#primaryimage\",\"url\":\"https:\\\/\\\/www.sklep.demarco.pl\\\/blog\\\/wp-content\\\/uploads\\\/2025\\\/07\\\/Wlsyslawa-Fraczek-odziez-dyplomatyczna-2.jpg\",\"contentUrl\":\"https:\\\/\\\/www.sklep.demarco.pl\\\/blog\\\/wp-content\\\/uploads\\\/2025\\\/07\\\/Wlsyslawa-Fraczek-odziez-dyplomatyczna-2.jpg\",\"width\":1024,\"height\":1024,\"caption\":\"Polska projektantka i w\u0142a\u015bcicielka marki De Marco wiod\u0105ca pracownia - wysoka moda\"},{\"@type\":\"BreadcrumbList\",\"@id\":\"https:\\\/\\\/www.sklep.demarco.pl\\\/blog\\\/wysokie-krawiectwo-de-marco-polska-marka-dla-kobiet-swiadomych-stylu-i-klasy\\\/#breadcrumb\",\"itemListElement\":[{\"@type\":\"ListItem\",\"position\":1,\"name\":\"Strona g\u0142\u00f3wna\",\"item\":\"https:\\\/\\\/www.sklep.demarco.pl\\\/blog\\\/\"},{\"@type\":\"ListItem\",\"position\":2,\"name\":\"Wysokie krawiectwo De Marco \u2013 Polska marka dla kobiet \u015bwiadomych stylu i klasy\"}]},{\"@type\":\"WebSite\",\"@id\":\"https:\\\/\\\/www.sklep.demarco.pl\\\/blog\\\/#website\",\"url\":\"https:\\\/\\\/www.sklep.demarco.pl\\\/blog\\\/\",\"name\":\"De Marco\",\"description\":\"The finest women&#039;s clothing manufacturer\",\"potentialAction\":[{\"@type\":\"SearchAction\",\"target\":{\"@type\":\"EntryPoint\",\"urlTemplate\":\"https:\\\/\\\/www.sklep.demarco.pl\\\/blog\\\/?s={search_term_string}\"},\"query-input\":{\"@type\":\"PropertyValueSpecification\",\"valueRequired\":true,\"valueName\":\"search_term_string\"}}],\"inLanguage\":\"pl-PL\"},{\"@type\":\"Person\",\"@id\":\"https:\\\/\\\/www.sklep.demarco.pl\\\/blog\\\/#\\\/schema\\\/person\\\/38456e8269588abfbbdda5bc04dad142\",\"name\":\"de marco\",\"image\":{\"@type\":\"ImageObject\",\"inLanguage\":\"pl-PL\",\"@id\":\"https:\\\/\\\/secure.gravatar.com\\\/avatar\\\/1d03f06a246921ea2531e9b59fe2dcd5a125b6b3339bedd531ae0d7e4bb25f99?s=96&d=mm&r=g\",\"url\":\"https:\\\/\\\/secure.gravatar.com\\\/avatar\\\/1d03f06a246921ea2531e9b59fe2dcd5a125b6b3339bedd531ae0d7e4bb25f99?s=96&d=mm&r=g\",\"contentUrl\":\"https:\\\/\\\/secure.gravatar.com\\\/avatar\\\/1d03f06a246921ea2531e9b59fe2dcd5a125b6b3339bedd531ae0d7e4bb25f99?s=96&d=mm&r=g\",\"caption\":\"de marco\"},\"url\":\"https:\\\/\\\/www.sklep.demarco.pl\\\/blog\\\/author\\\/de-marco\\\/\"}]}<\/script>\n<!-- \/ Yoast SEO plugin. -->","yoast_head_json":{"title":"Wysokie krawiectwo De Marco \u2013 Polska marka","description":"Profesjonalne wysokie krawiectwo De Marco polska pracownia spod Krakowa. Unikatowa ekskluzywna odzie\u017c damska","robots":{"index":"index","follow":"follow","max-snippet":"max-snippet:-1","max-image-preview":"max-image-preview:large","max-video-preview":"max-video-preview:-1"},"canonical":"https:\/\/www.sklep.demarco.pl\/blog\/wysokie-krawiectwo-de-marco-polska-marka-dla-kobiet-swiadomych-stylu-i-klasy\/","og_locale":"pl_PL","og_type":"article","og_title":"Wysokie krawiectwo De Marco \u2013 Polska marka","og_description":"Profesjonalne wysokie krawiectwo De Marco polska pracownia spod Krakowa. Unikatowa ekskluzywna odzie\u017c damska","og_url":"https:\/\/www.sklep.demarco.pl\/blog\/wysokie-krawiectwo-de-marco-polska-marka-dla-kobiet-swiadomych-stylu-i-klasy\/","og_site_name":"De Marco","article_publisher":"https:\/\/www.facebook.com\/DeMarco.Styl","article_published_time":"2025-07-17T16:43:19+00:00","article_modified_time":"2025-07-17T16:49:42+00:00","og_image":[{"width":1024,"height":1024,"url":"https:\/\/www.sklep.demarco.pl\/blog\/wp-content\/uploads\/2025\/07\/Wlsyslawa-Fraczek-odziez-dyplomatyczna-2.jpg","type":"image\/jpeg"}],"author":"de marco","twitter_misc":{"Napisane przez":"de marco","Szacowany czas czytania":"4 minuty"},"schema":{"@context":"https:\/\/schema.org","@graph":[{"@type":"Article","@id":"https:\/\/www.sklep.demarco.pl\/blog\/wysokie-krawiectwo-de-marco-polska-marka-dla-kobiet-swiadomych-stylu-i-klasy\/#article","isPartOf":{"@id":"https:\/\/www.sklep.demarco.pl\/blog\/wysokie-krawiectwo-de-marco-polska-marka-dla-kobiet-swiadomych-stylu-i-klasy\/"},"author":{"name":"de marco","@id":"https:\/\/www.sklep.demarco.pl\/blog\/#\/schema\/person\/38456e8269588abfbbdda5bc04dad142"},"headline":"Wysokie krawiectwo De Marco \u2013 Polska marka dla kobiet \u015bwiadomych stylu i klasy","datePublished":"2025-07-17T16:43:19+00:00","dateModified":"2025-07-17T16:49:42+00:00","mainEntityOfPage":{"@id":"https:\/\/www.sklep.demarco.pl\/blog\/wysokie-krawiectwo-de-marco-polska-marka-dla-kobiet-swiadomych-stylu-i-klasy\/"},"wordCount":507,"image":{"@id":"https:\/\/www.sklep.demarco.pl\/blog\/wysokie-krawiectwo-de-marco-polska-marka-dla-kobiet-swiadomych-stylu-i-klasy\/#primaryimage"},"thumbnailUrl":"https:\/\/www.sklep.demarco.pl\/blog\/wp-content\/uploads\/2025\/07\/Wlsyslawa-Fraczek-odziez-dyplomatyczna-2.jpg","keywords":["De Marco","De Marco ekskluzywna marka","De Marco Frydrychowice","de marco-kolekcja","Ekskluzywna odzie\u017c damska","Ekskluzywna odzie\u017c damska polskich producent\u00f3w","Elegancka odzie\u017c damska sklep internetowy","krawcowa","krawiec","krawiec kr\u00f3lewski","markowa odzie\u017c damska","moda","pracownia krawiecka","prezydencka pracownia krawiecka","Salon \u015blubny Krak\u00f3w","sklep De marco","sklep internetowy"],"articleSection":["METAMORFOZA"],"inLanguage":"pl-PL"},{"@type":"WebPage","@id":"https:\/\/www.sklep.demarco.pl\/blog\/wysokie-krawiectwo-de-marco-polska-marka-dla-kobiet-swiadomych-stylu-i-klasy\/","url":"https:\/\/www.sklep.demarco.pl\/blog\/wysokie-krawiectwo-de-marco-polska-marka-dla-kobiet-swiadomych-stylu-i-klasy\/","name":"Wysokie krawiectwo De Marco \u2013 Polska marka","isPartOf":{"@id":"https:\/\/www.sklep.demarco.pl\/blog\/#website"},"primaryImageOfPage":{"@id":"https:\/\/www.sklep.demarco.pl\/blog\/wysokie-krawiectwo-de-marco-polska-marka-dla-kobiet-swiadomych-stylu-i-klasy\/#primaryimage"},"image":{"@id":"https:\/\/www.sklep.demarco.pl\/blog\/wysokie-krawiectwo-de-marco-polska-marka-dla-kobiet-swiadomych-stylu-i-klasy\/#primaryimage"},"thumbnailUrl":"https:\/\/www.sklep.demarco.pl\/blog\/wp-content\/uploads\/2025\/07\/Wlsyslawa-Fraczek-odziez-dyplomatyczna-2.jpg","datePublished":"2025-07-17T16:43:19+00:00","dateModified":"2025-07-17T16:49:42+00:00","author":{"@id":"https:\/\/www.sklep.demarco.pl\/blog\/#\/schema\/person\/38456e8269588abfbbdda5bc04dad142"},"description":"Profesjonalne wysokie krawiectwo De Marco polska pracownia spod Krakowa. Unikatowa ekskluzywna odzie\u017c damska","breadcrumb":{"@id":"https:\/\/www.sklep.demarco.pl\/blog\/wysokie-krawiectwo-de-marco-polska-marka-dla-kobiet-swiadomych-stylu-i-klasy\/#breadcrumb"},"inLanguage":"pl-PL","potentialAction":[{"@type":"ReadAction","target":["https:\/\/www.sklep.demarco.pl\/blog\/wysokie-krawiectwo-de-marco-polska-marka-dla-kobiet-swiadomych-stylu-i-klasy\/"]}]},{"@type":"ImageObject","inLanguage":"pl-PL","@id":"https:\/\/www.sklep.demarco.pl\/blog\/wysokie-krawiectwo-de-marco-polska-marka-dla-kobiet-swiadomych-stylu-i-klasy\/#primaryimage","url":"https:\/\/www.sklep.demarco.pl\/blog\/wp-content\/uploads\/2025\/07\/Wlsyslawa-Fraczek-odziez-dyplomatyczna-2.jpg","contentUrl":"https:\/\/www.sklep.demarco.pl\/blog\/wp-content\/uploads\/2025\/07\/Wlsyslawa-Fraczek-odziez-dyplomatyczna-2.jpg","width":1024,"height":1024,"caption":"Polska projektantka i w\u0142a\u015bcicielka marki De Marco wiod\u0105ca pracownia - wysoka moda"},{"@type":"BreadcrumbList","@id":"https:\/\/www.sklep.demarco.pl\/blog\/wysokie-krawiectwo-de-marco-polska-marka-dla-kobiet-swiadomych-stylu-i-klasy\/#breadcrumb","itemListElement":[{"@type":"ListItem","position":1,"name":"Strona g\u0142\u00f3wna","item":"https:\/\/www.sklep.demarco.pl\/blog\/"},{"@type":"ListItem","position":2,"name":"Wysokie krawiectwo De Marco \u2013 Polska marka dla kobiet \u015bwiadomych stylu i klasy"}]},{"@type":"WebSite","@id":"https:\/\/www.sklep.demarco.pl\/blog\/#website","url":"https:\/\/www.sklep.demarco.pl\/blog\/","name":"De Marco","description":"The finest women&#039;s clothing manufacturer","potentialAction":[{"@type":"SearchAction","target":{"@type":"EntryPoint","urlTemplate":"https:\/\/www.sklep.demarco.pl\/blog\/?s={search_term_string}"},"query-input":{"@type":"PropertyValueSpecification","valueRequired":true,"valueName":"search_term_string"}}],"inLanguage":"pl-PL"},{"@type":"Person","@id":"https:\/\/www.sklep.demarco.pl\/blog\/#\/schema\/person\/38456e8269588abfbbdda5bc04dad142","name":"de marco","image":{"@type":"ImageObject","inLanguage":"pl-PL","@id":"https:\/\/secure.gravatar.com\/avatar\/1d03f06a246921ea2531e9b59fe2dcd5a125b6b3339bedd531ae0d7e4bb25f99?s=96&d=mm&r=g","url":"https:\/\/secure.gravatar.com\/avatar\/1d03f06a246921ea2531e9b59fe2dcd5a125b6b3339bedd531ae0d7e4bb25f99?s=96&d=mm&r=g","contentUrl":"https:\/\/secure.gravatar.com\/avatar\/1d03f06a246921ea2531e9b59fe2dcd5a125b6b3339bedd531ae0d7e4bb25f99?s=96&d=mm&r=g","caption":"de marco"},"url":"https:\/\/www.sklep.demarco.pl\/blog\/author\/de-marco\/"}]}},"builder_content":"","_links":{"self":[{"href":"https:\/\/www.sklep.demarco.pl\/blog\/wp-json\/wp\/v2\/posts\/18313","targetHints":{"allow":["GET"]}}],"collection":[{"href":"https:\/\/www.sklep.demarco.pl\/blog\/wp-json\/wp\/v2\/posts"}],"about":[{"href":"https:\/\/www.sklep.demarco.pl\/blog\/wp-json\/wp\/v2\/types\/post"}],"author":[{"embeddable":true,"href":"https:\/\/www.sklep.demarco.pl\/blog\/wp-json\/wp\/v2\/users\/1"}],"replies":[{"embeddable":true,"href":"https:\/\/www.sklep.demarco.pl\/blog\/wp-json\/wp\/v2\/comments?post=18313"}],"version-history":[{"count":4,"href":"https:\/\/www.sklep.demarco.pl\/blog\/wp-json\/wp\/v2\/posts\/18313\/revisions"}],"predecessor-version":[{"id":18319,"href":"https:\/\/www.sklep.demarco.pl\/blog\/wp-json\/wp\/v2\/posts\/18313\/revisions\/18319"}],"wp:featuredmedia":[{"embeddable":true,"href":"https:\/\/www.sklep.demarco.pl\/blog\/wp-json\/wp\/v2\/media\/18314"}],"wp:attachment":[{"href":"https:\/\/www.sklep.demarco.pl\/blog\/wp-json\/wp\/v2\/media?parent=18313"}],"wp:term":[{"taxonomy":"category","embeddable":true,"href":"https:\/\/www.sklep.demarco.pl\/blog\/wp-json\/wp\/v2\/categories?post=18313"},{"taxonomy":"post_tag","embeddable":true,"href":"https:\/\/www.sklep.demarco.pl\/blog\/wp-json\/wp\/v2\/tags?post=18313"}],"curies":[{"name":"wp","href":"https:\/\/api.w.org\/{rel}","templated":true}]}}