{"id":18305,"date":"2025-07-17T14:05:14","date_gmt":"2025-07-17T14:05:14","guid":{"rendered":"https:\/\/www.sklep.demarco.pl\/blog\/?p=18305"},"modified":"2025-07-17T14:05:20","modified_gmt":"2025-07-17T14:05:20","slug":"eleganckie-komplety-z-plisowana-spodnica-polaczenie-klasyki-komfortu-i-uniwersalnej-elegancji","status":"publish","type":"post","link":"https:\/\/www.sklep.demarco.pl\/blog\/eleganckie-komplety-z-plisowana-spodnica-polaczenie-klasyki-komfortu-i-uniwersalnej-elegancji\/","title":{"rendered":"Eleganckie komplety z plisowan\u0105 sp\u00f3dnic\u0105 \u2013 po\u0142\u0105czenie klasyki, komfortu i uniwersalnej elegancji"},"content":{"rendered":"\n<div class=\"wp-block-media-text is-stacked-on-mobile\"><figure class=\"wp-block-media-text__media\"><a href=\"https:\/\/www.sklep.demarco.pl\/pasek-do-garsonki-eftalia\" target=\"_blank\" rel=\"noreferrer noopener\"><img loading=\"lazy\" decoding=\"async\" width=\"655\" height=\"667\" src=\"https:\/\/www.sklep.demarco.pl\/blog\/wp-content\/uploads\/2025\/07\/garsonka-na-lato-1.jpg\" alt=\"Elegancka garsonka ze sp\u00f3dnic\u0105 plisowan\u0105 midi\" class=\"wp-image-18308 size-full\" srcset=\"https:\/\/www.sklep.demarco.pl\/blog\/wp-content\/uploads\/2025\/07\/garsonka-na-lato-1.jpg 655w, https:\/\/www.sklep.demarco.pl\/blog\/wp-content\/uploads\/2025\/07\/garsonka-na-lato-1-295x300.jpg 295w\" sizes=\"auto, (max-width: 655px) 100vw, 655px\" \/><\/a><\/figure><div class=\"wp-block-media-text__content\">\n<p>Eleganckie komplety z plisowan\u0105 sp\u00f3dnic\u0105. W \u015bwiecie wsp\u00f3\u0142czesnej elegancji, gdzie liczy si\u0119 zar\u00f3wno estetyka, jak i funkcjonalno\u015b\u0107, szczeg\u00f3lne miejsce zajmuj\u0105 <strong>stylizacje oparte na plisowanej sp\u00f3dnicy w zestawie z \u017cakietem<\/strong>. Taki komplet to nie tylko wyraz dobrego gustu i wyczucia stylu, ale r\u00f3wnie\u017c praktyczne rozwi\u0105zanie, kt\u00f3re doskonale odnajduje si\u0119 w r\u00f3\u017cnorodnych okoliczno\u015bciach \u2013 od spotka\u0144 formalnych po uroczysto\u015bci rodzinne i przyj\u0119cia.<\/p>\n<\/div><\/div>\n\n\n\n<p>Czytaj r\u00f3wnie\u017c: <a href=\"https:\/\/www.demarco.pl\/luksusowe-kreacje-na-wesele-jubileusz-rocznice-gale-etc\/\">Luksusowe kreacje na wesele, jubileusz, rocznic\u0119, gal\u0119 etc.<\/a><\/p>\n\n\n\n<hr class=\"wp-block-separator has-alpha-channel-opacity\"\/>\n\n\n\n<div class=\"wp-block-media-text is-stacked-on-mobile\"><figure class=\"wp-block-media-text__media\"><a href=\"https:\/\/www.sklep.demarco.pl\/komplet-zakiet-milona-i-spodnica-pladia\" target=\"_blank\" rel=\"noreferrer noopener\"><img loading=\"lazy\" decoding=\"async\" width=\"965\" height=\"948\" src=\"https:\/\/www.sklep.demarco.pl\/blog\/wp-content\/uploads\/2025\/07\/SzP.-Bialas_www.demarcopl.webp\" alt=\"Przyj\u0119cie w plenerze - jak si\u0119 ubra\u0107? Eleganckie kreacje na uroczysto\u015bci pod luksusowym namiotem\" class=\"wp-image-18284 size-full\" srcset=\"https:\/\/www.sklep.demarco.pl\/blog\/wp-content\/uploads\/2025\/07\/SzP.-Bialas_www.demarcopl.webp 965w, https:\/\/www.sklep.demarco.pl\/blog\/wp-content\/uploads\/2025\/07\/SzP.-Bialas_www.demarcopl-300x295.webp 300w, https:\/\/www.sklep.demarco.pl\/blog\/wp-content\/uploads\/2025\/07\/SzP.-Bialas_www.demarcopl-768x754.webp 768w\" sizes=\"auto, (max-width: 965px) 100vw, 965px\" \/><\/a><\/figure><div class=\"wp-block-media-text__content\">\n<h3 class=\"wp-block-heading\"><strong>Plisowana sp\u00f3dnica \u2013 wyrafinowany detal o nieprzemijaj\u0105cym uroku<\/strong><\/h3>\n\n\n\n<p>Plisowana sp\u00f3dnica, zw\u0142aszcza w wersji midi lub maxi, to kwintesencja kobiecej elegancji. Jej lekko\u015b\u0107, spos\u00f3b uk\u0142adania si\u0119 materia\u0142u przy ruchu, a tak\u017ce subtelna gra \u015bwiat\u0142a na powierzchni tkaniny sprawiaj\u0105, \u017ce kreacja ta zyskuje wyj\u0105tkowy, wr\u0119cz artystyczny charakter. Dodatkowym atutem plis\u00f3w jest ich <strong>komfort noszenia<\/strong> \u2013 doskonale maskuj\u0105 ewentualne mankamenty sylwetki, jednocze\u015bnie podkre\u015blaj\u0105c jej atuty.<\/p>\n\n\n\n<p>W zale\u017cno\u015bci od zastosowanej tkaniny \u2013 czy b\u0119dzie to <strong>lej\u0105cy jedwab, elegancka we\u0142na, \u017cakard, czy mi\u0119kka wega\u0144ska sk\u00f3ra<\/strong> \u2013 taka sp\u00f3dnica zyskuje odmienny charakter: od formalnego po casualowy.<\/p>\n<\/div><\/div>\n\n\n\n<p>Czytaj r\u00f3wnie\u017c: <a href=\"https:\/\/www.demarco.pl\/zwiewne-i-eleganckie-polskie-komplety-ze-spodniami-na-lato\/\">Zwiewne i eleganckie polskie komplety ze spodniami na lato<\/a><\/p>\n\n\n\n<hr class=\"wp-block-separator has-alpha-channel-opacity\"\/>\n\n\n\n<div class=\"wp-block-media-text is-stacked-on-mobile\"><figure class=\"wp-block-media-text__media\"><a href=\"https:\/\/www.sklep.demarco.pl\/ekskluzywny-komplet-do-slubu-lea\" target=\"_blank\" rel=\"noreferrer noopener\"><img loading=\"lazy\" decoding=\"async\" width=\"1024\" height=\"683\" src=\"https:\/\/www.sklep.demarco.pl\/blog\/wp-content\/uploads\/2025\/07\/elegancki-komplet-z-plisowana-spodnica-Iwona-Gibas-1024x683.jpg\" alt=\"\" class=\"wp-image-18310 size-full\" srcset=\"https:\/\/www.sklep.demarco.pl\/blog\/wp-content\/uploads\/2025\/07\/elegancki-komplet-z-plisowana-spodnica-Iwona-Gibas-1024x683.jpg 1024w, https:\/\/www.sklep.demarco.pl\/blog\/wp-content\/uploads\/2025\/07\/elegancki-komplet-z-plisowana-spodnica-Iwona-Gibas-300x200.jpg 300w, https:\/\/www.sklep.demarco.pl\/blog\/wp-content\/uploads\/2025\/07\/elegancki-komplet-z-plisowana-spodnica-Iwona-Gibas-768x512.jpg 768w, https:\/\/www.sklep.demarco.pl\/blog\/wp-content\/uploads\/2025\/07\/elegancki-komplet-z-plisowana-spodnica-Iwona-Gibas.jpg 1200w\" sizes=\"auto, (max-width: 1024px) 100vw, 1024px\" \/><\/a><\/figure><div class=\"wp-block-media-text__content\">\n<h3 class=\"wp-block-heading\"><strong>Komplet idealny na ka\u017cd\u0105 okazj\u0119<\/strong><\/h3>\n\n\n\n<p>Zestawienie plisowanej sp\u00f3dnicy z <strong>dopasowanym \u017cakietem lub stylow\u0105 bluzk\u0105<\/strong> to forma stylizacji, kt\u00f3ra wpisuje si\u0119 w szerokie spektrum okazji:<\/p>\n\n\n\n<ul class=\"wp-block-list\">\n<li><strong>W pracy i podczas spotka\u0144 dyplomatycznych<\/strong> \u2013 \u017cakiet o klasycznym kroju, najlepiej na podszewce, wykonany z tkanin szlachetnych (np. z domieszk\u0105 jedwabiu czy we\u0142ny czesankowej), doda powagi i profesjonalizmu.<\/li>\n\n\n\n<li><strong>Na przyj\u0119ciach i uroczysto\u015bciach rodzinnych<\/strong> \u2013 mo\u017cna zestawi\u0107 plisowan\u0105 sp\u00f3dnic\u0119 z <strong>delikatn\u0105 jedwabn\u0105 bluzk\u0105, zdobion\u0105 r\u0119kawem typu bufka lub marszczeniami<\/strong>, co nada ca\u0142o\u015bci lekko\u015bci i \u015bwi\u0105tecznego sznytu.<\/li>\n\n\n\n<li><strong>W okresie przej\u015bciowym i zimowym<\/strong> \u2013 odpowiednio dobrana tkanina, np. ciep\u0142y \u017cakard lub mi\u0119sista wiskoza, w po\u0142\u0105czeniu z <strong>otulaj\u0105cym p\u0142aszczem lub kr\u00f3tk\u0105 peleryn\u0105<\/strong>, zapewnia komfort termiczny i niezmienn\u0105 elegancj\u0119.<\/li>\n<\/ul>\n<\/div><\/div>\n\n\n\n<p>Czytaj r\u00f3wnie\u017c: <a href=\"https:\/\/www.sklep.demarco.pl\/blog\/de-marco-polska-marka-quiet-luxury-minimalizmy-i-klasa\/\">De Marco \u2013 polska marka quiet luxury \u2013 minimalizmy i klasa<\/a><\/p>\n\n\n\n<hr class=\"wp-block-separator has-alpha-channel-opacity\"\/>\n\n\n\n<div class=\"wp-block-media-text is-stacked-on-mobile\"><figure class=\"wp-block-media-text__media\"><a href=\"https:\/\/www.sklep.demarco.pl\/kleo-zakiet-skorzany\" target=\"_blank\" rel=\"noreferrer noopener\"><img loading=\"lazy\" decoding=\"async\" width=\"1024\" height=\"1024\" src=\"https:\/\/www.sklep.demarco.pl\/blog\/wp-content\/uploads\/2024\/05\/05.10.2023-Artboard9-4770pa-1024x1024.jpg\" alt=\"Eleganckie komplety ze sp\u00f3dnic\u0105 polska marka De Marco odzie\u017c Haute couture\" class=\"wp-image-16697 size-full\" srcset=\"https:\/\/www.sklep.demarco.pl\/blog\/wp-content\/uploads\/2024\/05\/05.10.2023-Artboard9-4770pa-1024x1024.jpg 1024w, https:\/\/www.sklep.demarco.pl\/blog\/wp-content\/uploads\/2024\/05\/05.10.2023-Artboard9-4770pa-300x300.jpg 300w, https:\/\/www.sklep.demarco.pl\/blog\/wp-content\/uploads\/2024\/05\/05.10.2023-Artboard9-4770pa-150x150.jpg 150w, https:\/\/www.sklep.demarco.pl\/blog\/wp-content\/uploads\/2024\/05\/05.10.2023-Artboard9-4770pa-768x768.jpg 768w, https:\/\/www.sklep.demarco.pl\/blog\/wp-content\/uploads\/2024\/05\/05.10.2023-Artboard9-4770pa-1536x1536.jpg 1536w, https:\/\/www.sklep.demarco.pl\/blog\/wp-content\/uploads\/2024\/05\/05.10.2023-Artboard9-4770pa-2048x2048.jpg 2048w\" sizes=\"auto, (max-width: 1024px) 100vw, 1024px\" \/><\/a><\/figure><div class=\"wp-block-media-text__content\">\n<h3 class=\"wp-block-heading\"><strong>R\u00f3\u017cnorodno\u015b\u0107 stylu i sezonowo\u015b\u0107 \u2013 od casualu po haute couture<\/strong><\/h3>\n\n\n\n<p>Kreacje oferowane w naszej pracowni De Marco wyr\u00f3\u017cniaj\u0105 si\u0119 <strong>mo\u017cliwo\u015bci\u0105 adaptacji do pory roku i charakteru wydarzenia<\/strong>. W wersji casualowej plisowana sp\u00f3dnica \u015bwietnie komponuje si\u0119 z <strong>kr\u00f3tk\u0105 sk\u00f3rzan\u0105 kurtk\u0105<\/strong> lub nowoczesnym \u017cakietem z elementami asymetrii. Z kolei w wydaniu wieczorowym staje si\u0119 cz\u0119\u015bci\u0105 <strong>eleganckiego kompletu wizytowego<\/strong> b\u0105d\u017a <strong>stylizacji \u015blubnej dla mamy Pary M\u0142odej<\/strong>, zbudowanej z dba\u0142o\u015bci\u0105 o najdrobniejsze detale.<\/p>\n<\/div><\/div>\n\n\n\n<p>Czytaj r\u00f3wnie\u017c: <a href=\"https:\/\/www.demarco.pl\/jedwabna-sukienka-na-co-dzien-do-pracy-najpiekniejsze-stylizacje-z-jedwabiu-2025\/\">Jedwabna sukienka na co dzie\u0144 do pracy. Najpi\u0119kniejsze stylizacje z jedwabiu 2025<\/a><\/p>\n\n\n\n<hr class=\"wp-block-separator has-alpha-channel-opacity\"\/>\n\n\n\n<div class=\"wp-block-media-text is-stacked-on-mobile\"><figure class=\"wp-block-media-text__media\"><a href=\"https:\/\/www.sklep.demarco.pl\/zakiet-ze-spodnica-antonella-iv\" target=\"_blank\" rel=\"noreferrer noopener\"><img loading=\"lazy\" decoding=\"async\" width=\"1024\" height=\"1024\" src=\"https:\/\/www.sklep.demarco.pl\/blog\/wp-content\/uploads\/2025\/07\/025-Artboard6-1024x1024.jpg\" alt=\"Ekskluzywna polska odzie\u017c damska Haute couture De Marco \" class=\"wp-image-18311 size-full\" srcset=\"https:\/\/www.sklep.demarco.pl\/blog\/wp-content\/uploads\/2025\/07\/025-Artboard6-1024x1024.jpg 1024w, https:\/\/www.sklep.demarco.pl\/blog\/wp-content\/uploads\/2025\/07\/025-Artboard6-300x300.jpg 300w, https:\/\/www.sklep.demarco.pl\/blog\/wp-content\/uploads\/2025\/07\/025-Artboard6-150x150.jpg 150w, https:\/\/www.sklep.demarco.pl\/blog\/wp-content\/uploads\/2025\/07\/025-Artboard6-768x769.jpg 768w, https:\/\/www.sklep.demarco.pl\/blog\/wp-content\/uploads\/2025\/07\/025-Artboard6.jpg 1440w\" sizes=\"auto, (max-width: 1024px) 100vw, 1024px\" \/><\/a><\/figure><div class=\"wp-block-media-text__content\">\n<h3 class=\"wp-block-heading\"><strong>Indywidualizm i rzemios\u0142o \u2013 szycie na miar\u0119 w De Marco<\/strong><\/h3>\n\n\n\n<p>Ka\u017cdy z naszych komplet\u00f3w powstaje <strong>z my\u015bl\u0105 o konkretnej Klientce<\/strong> \u2013 uwzgl\u0119dniaj\u0105c nie tylko jej typ sylwetki, ale r\u00f3wnie\u017c osobowo\u015b\u0107, charakter uroczysto\u015bci oraz por\u0119 roku. Projektujemy i szyjemy na miar\u0119, co zapewnia <strong>niepowtarzalno\u015b\u0107 oraz idealne dopasowanie<\/strong>. To podej\u015bcie stanowi fundament marki De Marco \u2013 miejsca, w kt\u00f3rym <strong>tradycyjne krawiectwo \u0142\u0105czy si\u0119 z nowoczesn\u0105 elegancj\u0105 i funkcjonalno\u015bci\u0105<\/strong>.<\/p>\n<\/div><\/div>\n\n\n\n<p>Czytaj r\u00f3wnie\u017c: <a href=\"https:\/\/www.demarco.pl\/de-marco-ekskluzywny-casual-w-wersji-wieczorowej-styl-ktory-oddycha-swoboda\/\">De Marco \u2013 Ekskluzywny casual w wersji wieczorowej. Styl, kt\u00f3ry oddycha swobod\u0105.<\/a><\/p>\n\n\n\n<hr class=\"wp-block-separator has-alpha-channel-opacity\"\/>\n\n\n\n<div class=\"wp-block-media-text is-stacked-on-mobile\"><figure class=\"wp-block-media-text__media\"><a href=\"https:\/\/www.sklep.demarco.pl\/ekskluzywna-smietanowa-garsonka-do-slubu-cywilnego-muriel\" target=\"_blank\" rel=\"noreferrer noopener\"><img loading=\"lazy\" decoding=\"async\" width=\"1024\" height=\"1024\" src=\"https:\/\/www.sklep.demarco.pl\/blog\/wp-content\/uploads\/2025\/05\/garsonki-Wladyslawy-Fraczek-De-Marco_3.jpg\" alt=\"S\u0142ynna projektantka ekskluzywnej odzie\u017cy damskiej W\u0142adys\u0142awa Fr\u0105czek w\u0142a\u015bcicielka De Marco\" class=\"wp-image-17927 size-full\" srcset=\"https:\/\/www.sklep.demarco.pl\/blog\/wp-content\/uploads\/2025\/05\/garsonki-Wladyslawy-Fraczek-De-Marco_3.jpg 1024w, https:\/\/www.sklep.demarco.pl\/blog\/wp-content\/uploads\/2025\/05\/garsonki-Wladyslawy-Fraczek-De-Marco_3-300x300.jpg 300w, https:\/\/www.sklep.demarco.pl\/blog\/wp-content\/uploads\/2025\/05\/garsonki-Wladyslawy-Fraczek-De-Marco_3-150x150.jpg 150w, https:\/\/www.sklep.demarco.pl\/blog\/wp-content\/uploads\/2025\/05\/garsonki-Wladyslawy-Fraczek-De-Marco_3-768x768.jpg 768w\" sizes=\"auto, (max-width: 1024px) 100vw, 1024px\" \/><\/a><\/figure><div class=\"wp-block-media-text__content\">\n<h3 class=\"wp-block-heading\"><strong>Zapraszamy do \u015bwiata De Marco<\/strong><\/h3>\n\n\n\n<p>Szanowni Pa\u0144stwo, serdecznie zach\u0119camy do odwiedzenia naszej strony internetowej <a class=\"\" href=\"https:\/\/www.demarco.pl\">www.demarco.pl<\/a>, gdzie prezentujemy nasze autorskie projekty oraz szerok\u0105 gam\u0119 komplet\u00f3w z plisowan\u0105 sp\u00f3dnic\u0105 \u2013 od stylizacji dziennych po suknie i komplety okazjonalne.<\/p>\n\n\n\n<p>Panie zainteresowane realizacj\u0105 projektu indywidualnego uprzejmie prosimy o wcze\u015bniejszy kontakt celem rezerwacji terminu.<br>Z najwy\u017cszym szacunkiem i artystyczn\u0105 precyzj\u0105,<br><strong>Zesp\u00f3\u0142 De Marco<\/strong><\/p>\n<\/div><\/div>\n\n\n\n<p>Czytaj r\u00f3wnie\u017c: <a href=\"https:\/\/www.sklep.demarco.pl\/blog\/ekskluzywna-stylizacja-na-slub-cywilny-elegancja-w-duchu-minimalizmu-od-de-marco\/\">Ekskluzywna stylizacja na \u015blub cywilny \u2013 elegancja w duchu minimalizmu od De Marco<\/a><\/p>\n\n\n\n<figure class=\"wp-block-embed is-type-wp-embed is-provider-de-marco wp-block-embed-de-marco\"><div class=\"wp-block-embed__wrapper\">\n<blockquote class=\"wp-embedded-content\" data-secret=\"I0UJsqo26T\"><a href=\"https:\/\/www.sklep.demarco.pl\/blog\/ponad-czasowa-elegancja-ktora-inspiruje-polska-marka-de-marco\/\">Ponad czasowa elegancja, kt\u00f3ra Inspiruje &#8211; Polska marka De Marco<\/a><\/blockquote><iframe loading=\"lazy\" class=\"wp-embedded-content\" sandbox=\"allow-scripts\" security=\"restricted\" style=\"position: absolute; visibility: hidden;\" title=\"&#8222;Ponad czasowa elegancja, kt\u00f3ra Inspiruje &#8211; Polska marka De Marco&#8221; &#8212; De Marco\" src=\"https:\/\/www.sklep.demarco.pl\/blog\/ponad-czasowa-elegancja-ktora-inspiruje-polska-marka-de-marco\/embed\/#?secret=ZLiGC0fYaj#?secret=I0UJsqo26T\" data-secret=\"I0UJsqo26T\" width=\"500\" height=\"282\" frameborder=\"0\" marginwidth=\"0\" marginheight=\"0\" scrolling=\"no\"><\/iframe>\n<\/div><\/figure>\n\n\n<!-- wp:themify-builder\/canvas \/-->","protected":false},"excerpt":{"rendered":"<p>Eleganckie komplety z plisowan\u0105 sp\u00f3dnic\u0105. W \u015bwiecie wsp\u00f3\u0142czesnej elegancji, gdzie liczy si\u0119 zar\u00f3wno estetyka, jak i funkcjonalno\u015b\u0107, szczeg\u00f3lne miejsce zajmuj\u0105 stylizacje oparte na plisowanej sp\u00f3dnicy w zestawie z \u017cakietem. Taki komplet to nie tylko wyraz dobrego gustu i wyczucia stylu, ale r\u00f3wnie\u017c praktyczne rozwi\u0105zanie, kt\u00f3re doskonale odnajduje si\u0119 w r\u00f3\u017cnorodnych okoliczno\u015bciach \u2013 od spotka\u0144 formalnych [&hellip;]<\/p>\n","protected":false},"author":1,"featured_media":18309,"comment_status":"closed","ping_status":"closed","sticky":false,"template":"","format":"standard","meta":{"footnotes":"","_links_to":"","_links_to_target":""},"categories":[15],"tags":[82,469,135,169,3491,3339,4574,478,4306,4199,4181,217,3776],"class_list":["post-18305","post","type-post","status-publish","format-standard","has-post-thumbnail","hentry","category-metamorfoza","tag-de-marco","tag-de-marco-ekskluzywna-marka","tag-de-marco-frydrychowice","tag-de-marco-kolekcja","tag-ekskluzywna-odziez-damska-polskich-producentow","tag-elegancka-odziez-damska-sklep-internetowy","tag-haute-couture","tag-markowa-odziez-damska","tag-premium-quality","tag-prezent-dla-eleganckiej-kobiety","tag-prezeska-zarzadu","tag-sklep-internetowy","tag-slow-fashion"],"yoast_head":"<!-- This site is optimized with the Yoast SEO plugin v27.5 - https:\/\/yoast.com\/product\/yoast-seo-wordpress\/ -->\n<title>Eleganckie komplety z plisowan\u0105 sp\u00f3dnic\u0105<\/title>\n<meta name=\"description\" content=\"Wyszukane ubrania damskie dla kobiet polityki, dyplomacji, biznesu, nauki... Eleganckie komplety z plisowan\u0105 sp\u00f3dnic\u0105\" \/>\n<meta name=\"robots\" content=\"index, follow, max-snippet:-1, max-image-preview:large, max-video-preview:-1\" \/>\n<link rel=\"canonical\" href=\"https:\/\/www.sklep.demarco.pl\/blog\/eleganckie-komplety-z-plisowana-spodnica-polaczenie-klasyki-komfortu-i-uniwersalnej-elegancji\/\" \/>\n<meta property=\"og:locale\" content=\"pl_PL\" \/>\n<meta property=\"og:type\" content=\"article\" \/>\n<meta property=\"og:title\" content=\"Eleganckie komplety z plisowan\u0105 sp\u00f3dnic\u0105\" \/>\n<meta property=\"og:description\" content=\"Wyszukane ubrania damskie dla kobiet polityki, dyplomacji, biznesu, nauki... Eleganckie komplety z plisowan\u0105 sp\u00f3dnic\u0105\" \/>\n<meta property=\"og:url\" content=\"https:\/\/www.sklep.demarco.pl\/blog\/eleganckie-komplety-z-plisowana-spodnica-polaczenie-klasyki-komfortu-i-uniwersalnej-elegancji\/\" \/>\n<meta property=\"og:site_name\" content=\"De Marco\" \/>\n<meta property=\"article:publisher\" content=\"https:\/\/www.facebook.com\/DeMarco.Styl\" \/>\n<meta property=\"article:published_time\" content=\"2025-07-17T14:05:14+00:00\" \/>\n<meta property=\"article:modified_time\" content=\"2025-07-17T14:05:20+00:00\" \/>\n<meta property=\"og:image\" content=\"https:\/\/www.sklep.demarco.pl\/blog\/wp-content\/uploads\/2025\/07\/komplet-ze-spodnica1.jpg\" \/>\n\t<meta property=\"og:image:width\" content=\"813\" \/>\n\t<meta property=\"og:image:height\" content=\"743\" \/>\n\t<meta property=\"og:image:type\" content=\"image\/jpeg\" \/>\n<meta name=\"author\" content=\"de marco\" \/>\n<meta name=\"twitter:label1\" content=\"Napisane przez\" \/>\n\t<meta name=\"twitter:data1\" content=\"de marco\" \/>\n\t<meta name=\"twitter:label2\" content=\"Szacowany czas czytania\" \/>\n\t<meta name=\"twitter:data2\" content=\"5 minut\" \/>\n<script type=\"application\/ld+json\" class=\"yoast-schema-graph\">{\"@context\":\"https:\\\/\\\/schema.org\",\"@graph\":[{\"@type\":\"Article\",\"@id\":\"https:\\\/\\\/www.sklep.demarco.pl\\\/blog\\\/eleganckie-komplety-z-plisowana-spodnica-polaczenie-klasyki-komfortu-i-uniwersalnej-elegancji\\\/#article\",\"isPartOf\":{\"@id\":\"https:\\\/\\\/www.sklep.demarco.pl\\\/blog\\\/eleganckie-komplety-z-plisowana-spodnica-polaczenie-klasyki-komfortu-i-uniwersalnej-elegancji\\\/\"},\"author\":{\"name\":\"de marco\",\"@id\":\"https:\\\/\\\/www.sklep.demarco.pl\\\/blog\\\/#\\\/schema\\\/person\\\/38456e8269588abfbbdda5bc04dad142\"},\"headline\":\"Eleganckie komplety z plisowan\u0105 sp\u00f3dnic\u0105 \u2013 po\u0142\u0105czenie klasyki, komfortu i uniwersalnej elegancji\",\"datePublished\":\"2025-07-17T14:05:14+00:00\",\"dateModified\":\"2025-07-17T14:05:20+00:00\",\"mainEntityOfPage\":{\"@id\":\"https:\\\/\\\/www.sklep.demarco.pl\\\/blog\\\/eleganckie-komplety-z-plisowana-spodnica-polaczenie-klasyki-komfortu-i-uniwersalnej-elegancji\\\/\"},\"wordCount\":626,\"image\":{\"@id\":\"https:\\\/\\\/www.sklep.demarco.pl\\\/blog\\\/eleganckie-komplety-z-plisowana-spodnica-polaczenie-klasyki-komfortu-i-uniwersalnej-elegancji\\\/#primaryimage\"},\"thumbnailUrl\":\"https:\\\/\\\/www.sklep.demarco.pl\\\/blog\\\/wp-content\\\/uploads\\\/2025\\\/07\\\/komplet-ze-spodnica1.jpg\",\"keywords\":[\"De Marco\",\"De Marco ekskluzywna marka\",\"De Marco Frydrychowice\",\"de marco-kolekcja\",\"Ekskluzywna odzie\u017c damska polskich producent\u00f3w\",\"Elegancka odzie\u017c damska sklep internetowy\",\"Haute couture\",\"markowa odzie\u017c damska\",\"Premium Quality\",\"prezent dla eleganckiej kobiety\",\"prezeska zarz\u0105du\",\"sklep internetowy\",\"slow fashion\"],\"articleSection\":[\"METAMORFOZA\"],\"inLanguage\":\"pl-PL\"},{\"@type\":\"WebPage\",\"@id\":\"https:\\\/\\\/www.sklep.demarco.pl\\\/blog\\\/eleganckie-komplety-z-plisowana-spodnica-polaczenie-klasyki-komfortu-i-uniwersalnej-elegancji\\\/\",\"url\":\"https:\\\/\\\/www.sklep.demarco.pl\\\/blog\\\/eleganckie-komplety-z-plisowana-spodnica-polaczenie-klasyki-komfortu-i-uniwersalnej-elegancji\\\/\",\"name\":\"Eleganckie komplety z plisowan\u0105 sp\u00f3dnic\u0105\",\"isPartOf\":{\"@id\":\"https:\\\/\\\/www.sklep.demarco.pl\\\/blog\\\/#website\"},\"primaryImageOfPage\":{\"@id\":\"https:\\\/\\\/www.sklep.demarco.pl\\\/blog\\\/eleganckie-komplety-z-plisowana-spodnica-polaczenie-klasyki-komfortu-i-uniwersalnej-elegancji\\\/#primaryimage\"},\"image\":{\"@id\":\"https:\\\/\\\/www.sklep.demarco.pl\\\/blog\\\/eleganckie-komplety-z-plisowana-spodnica-polaczenie-klasyki-komfortu-i-uniwersalnej-elegancji\\\/#primaryimage\"},\"thumbnailUrl\":\"https:\\\/\\\/www.sklep.demarco.pl\\\/blog\\\/wp-content\\\/uploads\\\/2025\\\/07\\\/komplet-ze-spodnica1.jpg\",\"datePublished\":\"2025-07-17T14:05:14+00:00\",\"dateModified\":\"2025-07-17T14:05:20+00:00\",\"author\":{\"@id\":\"https:\\\/\\\/www.sklep.demarco.pl\\\/blog\\\/#\\\/schema\\\/person\\\/38456e8269588abfbbdda5bc04dad142\"},\"description\":\"Wyszukane ubrania damskie dla kobiet polityki, dyplomacji, biznesu, nauki... Eleganckie komplety z plisowan\u0105 sp\u00f3dnic\u0105\",\"breadcrumb\":{\"@id\":\"https:\\\/\\\/www.sklep.demarco.pl\\\/blog\\\/eleganckie-komplety-z-plisowana-spodnica-polaczenie-klasyki-komfortu-i-uniwersalnej-elegancji\\\/#breadcrumb\"},\"inLanguage\":\"pl-PL\",\"potentialAction\":[{\"@type\":\"ReadAction\",\"target\":[\"https:\\\/\\\/www.sklep.demarco.pl\\\/blog\\\/eleganckie-komplety-z-plisowana-spodnica-polaczenie-klasyki-komfortu-i-uniwersalnej-elegancji\\\/\"]}]},{\"@type\":\"ImageObject\",\"inLanguage\":\"pl-PL\",\"@id\":\"https:\\\/\\\/www.sklep.demarco.pl\\\/blog\\\/eleganckie-komplety-z-plisowana-spodnica-polaczenie-klasyki-komfortu-i-uniwersalnej-elegancji\\\/#primaryimage\",\"url\":\"https:\\\/\\\/www.sklep.demarco.pl\\\/blog\\\/wp-content\\\/uploads\\\/2025\\\/07\\\/komplet-ze-spodnica1.jpg\",\"contentUrl\":\"https:\\\/\\\/www.sklep.demarco.pl\\\/blog\\\/wp-content\\\/uploads\\\/2025\\\/07\\\/komplet-ze-spodnica1.jpg\",\"width\":813,\"height\":743,\"caption\":\"Eleganckie komplety z plisowana sp\u00f3dnic\u0105\"},{\"@type\":\"BreadcrumbList\",\"@id\":\"https:\\\/\\\/www.sklep.demarco.pl\\\/blog\\\/eleganckie-komplety-z-plisowana-spodnica-polaczenie-klasyki-komfortu-i-uniwersalnej-elegancji\\\/#breadcrumb\",\"itemListElement\":[{\"@type\":\"ListItem\",\"position\":1,\"name\":\"Strona g\u0142\u00f3wna\",\"item\":\"https:\\\/\\\/www.sklep.demarco.pl\\\/blog\\\/\"},{\"@type\":\"ListItem\",\"position\":2,\"name\":\"Eleganckie komplety z plisowan\u0105 sp\u00f3dnic\u0105 \u2013 po\u0142\u0105czenie klasyki, komfortu i uniwersalnej elegancji\"}]},{\"@type\":\"WebSite\",\"@id\":\"https:\\\/\\\/www.sklep.demarco.pl\\\/blog\\\/#website\",\"url\":\"https:\\\/\\\/www.sklep.demarco.pl\\\/blog\\\/\",\"name\":\"De Marco\",\"description\":\"The finest women&#039;s clothing manufacturer\",\"potentialAction\":[{\"@type\":\"SearchAction\",\"target\":{\"@type\":\"EntryPoint\",\"urlTemplate\":\"https:\\\/\\\/www.sklep.demarco.pl\\\/blog\\\/?s={search_term_string}\"},\"query-input\":{\"@type\":\"PropertyValueSpecification\",\"valueRequired\":true,\"valueName\":\"search_term_string\"}}],\"inLanguage\":\"pl-PL\"},{\"@type\":\"Person\",\"@id\":\"https:\\\/\\\/www.sklep.demarco.pl\\\/blog\\\/#\\\/schema\\\/person\\\/38456e8269588abfbbdda5bc04dad142\",\"name\":\"de marco\",\"image\":{\"@type\":\"ImageObject\",\"inLanguage\":\"pl-PL\",\"@id\":\"https:\\\/\\\/secure.gravatar.com\\\/avatar\\\/1d03f06a246921ea2531e9b59fe2dcd5a125b6b3339bedd531ae0d7e4bb25f99?s=96&d=mm&r=g\",\"url\":\"https:\\\/\\\/secure.gravatar.com\\\/avatar\\\/1d03f06a246921ea2531e9b59fe2dcd5a125b6b3339bedd531ae0d7e4bb25f99?s=96&d=mm&r=g\",\"contentUrl\":\"https:\\\/\\\/secure.gravatar.com\\\/avatar\\\/1d03f06a246921ea2531e9b59fe2dcd5a125b6b3339bedd531ae0d7e4bb25f99?s=96&d=mm&r=g\",\"caption\":\"de marco\"},\"url\":\"https:\\\/\\\/www.sklep.demarco.pl\\\/blog\\\/author\\\/de-marco\\\/\"}]}<\/script>\n<!-- \/ Yoast SEO plugin. -->","yoast_head_json":{"title":"Eleganckie komplety z plisowan\u0105 sp\u00f3dnic\u0105","description":"Wyszukane ubrania damskie dla kobiet polityki, dyplomacji, biznesu, nauki... Eleganckie komplety z plisowan\u0105 sp\u00f3dnic\u0105","robots":{"index":"index","follow":"follow","max-snippet":"max-snippet:-1","max-image-preview":"max-image-preview:large","max-video-preview":"max-video-preview:-1"},"canonical":"https:\/\/www.sklep.demarco.pl\/blog\/eleganckie-komplety-z-plisowana-spodnica-polaczenie-klasyki-komfortu-i-uniwersalnej-elegancji\/","og_locale":"pl_PL","og_type":"article","og_title":"Eleganckie komplety z plisowan\u0105 sp\u00f3dnic\u0105","og_description":"Wyszukane ubrania damskie dla kobiet polityki, dyplomacji, biznesu, nauki... Eleganckie komplety z plisowan\u0105 sp\u00f3dnic\u0105","og_url":"https:\/\/www.sklep.demarco.pl\/blog\/eleganckie-komplety-z-plisowana-spodnica-polaczenie-klasyki-komfortu-i-uniwersalnej-elegancji\/","og_site_name":"De Marco","article_publisher":"https:\/\/www.facebook.com\/DeMarco.Styl","article_published_time":"2025-07-17T14:05:14+00:00","article_modified_time":"2025-07-17T14:05:20+00:00","og_image":[{"width":813,"height":743,"url":"https:\/\/www.sklep.demarco.pl\/blog\/wp-content\/uploads\/2025\/07\/komplet-ze-spodnica1.jpg","type":"image\/jpeg"}],"author":"de marco","twitter_misc":{"Napisane przez":"de marco","Szacowany czas czytania":"5 minut"},"schema":{"@context":"https:\/\/schema.org","@graph":[{"@type":"Article","@id":"https:\/\/www.sklep.demarco.pl\/blog\/eleganckie-komplety-z-plisowana-spodnica-polaczenie-klasyki-komfortu-i-uniwersalnej-elegancji\/#article","isPartOf":{"@id":"https:\/\/www.sklep.demarco.pl\/blog\/eleganckie-komplety-z-plisowana-spodnica-polaczenie-klasyki-komfortu-i-uniwersalnej-elegancji\/"},"author":{"name":"de marco","@id":"https:\/\/www.sklep.demarco.pl\/blog\/#\/schema\/person\/38456e8269588abfbbdda5bc04dad142"},"headline":"Eleganckie komplety z plisowan\u0105 sp\u00f3dnic\u0105 \u2013 po\u0142\u0105czenie klasyki, komfortu i uniwersalnej elegancji","datePublished":"2025-07-17T14:05:14+00:00","dateModified":"2025-07-17T14:05:20+00:00","mainEntityOfPage":{"@id":"https:\/\/www.sklep.demarco.pl\/blog\/eleganckie-komplety-z-plisowana-spodnica-polaczenie-klasyki-komfortu-i-uniwersalnej-elegancji\/"},"wordCount":626,"image":{"@id":"https:\/\/www.sklep.demarco.pl\/blog\/eleganckie-komplety-z-plisowana-spodnica-polaczenie-klasyki-komfortu-i-uniwersalnej-elegancji\/#primaryimage"},"thumbnailUrl":"https:\/\/www.sklep.demarco.pl\/blog\/wp-content\/uploads\/2025\/07\/komplet-ze-spodnica1.jpg","keywords":["De Marco","De Marco ekskluzywna marka","De Marco Frydrychowice","de marco-kolekcja","Ekskluzywna odzie\u017c damska polskich producent\u00f3w","Elegancka odzie\u017c damska sklep internetowy","Haute couture","markowa odzie\u017c damska","Premium Quality","prezent dla eleganckiej kobiety","prezeska zarz\u0105du","sklep internetowy","slow fashion"],"articleSection":["METAMORFOZA"],"inLanguage":"pl-PL"},{"@type":"WebPage","@id":"https:\/\/www.sklep.demarco.pl\/blog\/eleganckie-komplety-z-plisowana-spodnica-polaczenie-klasyki-komfortu-i-uniwersalnej-elegancji\/","url":"https:\/\/www.sklep.demarco.pl\/blog\/eleganckie-komplety-z-plisowana-spodnica-polaczenie-klasyki-komfortu-i-uniwersalnej-elegancji\/","name":"Eleganckie komplety z plisowan\u0105 sp\u00f3dnic\u0105","isPartOf":{"@id":"https:\/\/www.sklep.demarco.pl\/blog\/#website"},"primaryImageOfPage":{"@id":"https:\/\/www.sklep.demarco.pl\/blog\/eleganckie-komplety-z-plisowana-spodnica-polaczenie-klasyki-komfortu-i-uniwersalnej-elegancji\/#primaryimage"},"image":{"@id":"https:\/\/www.sklep.demarco.pl\/blog\/eleganckie-komplety-z-plisowana-spodnica-polaczenie-klasyki-komfortu-i-uniwersalnej-elegancji\/#primaryimage"},"thumbnailUrl":"https:\/\/www.sklep.demarco.pl\/blog\/wp-content\/uploads\/2025\/07\/komplet-ze-spodnica1.jpg","datePublished":"2025-07-17T14:05:14+00:00","dateModified":"2025-07-17T14:05:20+00:00","author":{"@id":"https:\/\/www.sklep.demarco.pl\/blog\/#\/schema\/person\/38456e8269588abfbbdda5bc04dad142"},"description":"Wyszukane ubrania damskie dla kobiet polityki, dyplomacji, biznesu, nauki... Eleganckie komplety z plisowan\u0105 sp\u00f3dnic\u0105","breadcrumb":{"@id":"https:\/\/www.sklep.demarco.pl\/blog\/eleganckie-komplety-z-plisowana-spodnica-polaczenie-klasyki-komfortu-i-uniwersalnej-elegancji\/#breadcrumb"},"inLanguage":"pl-PL","potentialAction":[{"@type":"ReadAction","target":["https:\/\/www.sklep.demarco.pl\/blog\/eleganckie-komplety-z-plisowana-spodnica-polaczenie-klasyki-komfortu-i-uniwersalnej-elegancji\/"]}]},{"@type":"ImageObject","inLanguage":"pl-PL","@id":"https:\/\/www.sklep.demarco.pl\/blog\/eleganckie-komplety-z-plisowana-spodnica-polaczenie-klasyki-komfortu-i-uniwersalnej-elegancji\/#primaryimage","url":"https:\/\/www.sklep.demarco.pl\/blog\/wp-content\/uploads\/2025\/07\/komplet-ze-spodnica1.jpg","contentUrl":"https:\/\/www.sklep.demarco.pl\/blog\/wp-content\/uploads\/2025\/07\/komplet-ze-spodnica1.jpg","width":813,"height":743,"caption":"Eleganckie komplety z plisowana sp\u00f3dnic\u0105"},{"@type":"BreadcrumbList","@id":"https:\/\/www.sklep.demarco.pl\/blog\/eleganckie-komplety-z-plisowana-spodnica-polaczenie-klasyki-komfortu-i-uniwersalnej-elegancji\/#breadcrumb","itemListElement":[{"@type":"ListItem","position":1,"name":"Strona g\u0142\u00f3wna","item":"https:\/\/www.sklep.demarco.pl\/blog\/"},{"@type":"ListItem","position":2,"name":"Eleganckie komplety z plisowan\u0105 sp\u00f3dnic\u0105 \u2013 po\u0142\u0105czenie klasyki, komfortu i uniwersalnej elegancji"}]},{"@type":"WebSite","@id":"https:\/\/www.sklep.demarco.pl\/blog\/#website","url":"https:\/\/www.sklep.demarco.pl\/blog\/","name":"De Marco","description":"The finest women&#039;s clothing manufacturer","potentialAction":[{"@type":"SearchAction","target":{"@type":"EntryPoint","urlTemplate":"https:\/\/www.sklep.demarco.pl\/blog\/?s={search_term_string}"},"query-input":{"@type":"PropertyValueSpecification","valueRequired":true,"valueName":"search_term_string"}}],"inLanguage":"pl-PL"},{"@type":"Person","@id":"https:\/\/www.sklep.demarco.pl\/blog\/#\/schema\/person\/38456e8269588abfbbdda5bc04dad142","name":"de marco","image":{"@type":"ImageObject","inLanguage":"pl-PL","@id":"https:\/\/secure.gravatar.com\/avatar\/1d03f06a246921ea2531e9b59fe2dcd5a125b6b3339bedd531ae0d7e4bb25f99?s=96&d=mm&r=g","url":"https:\/\/secure.gravatar.com\/avatar\/1d03f06a246921ea2531e9b59fe2dcd5a125b6b3339bedd531ae0d7e4bb25f99?s=96&d=mm&r=g","contentUrl":"https:\/\/secure.gravatar.com\/avatar\/1d03f06a246921ea2531e9b59fe2dcd5a125b6b3339bedd531ae0d7e4bb25f99?s=96&d=mm&r=g","caption":"de marco"},"url":"https:\/\/www.sklep.demarco.pl\/blog\/author\/de-marco\/"}]}},"builder_content":"","_links":{"self":[{"href":"https:\/\/www.sklep.demarco.pl\/blog\/wp-json\/wp\/v2\/posts\/18305","targetHints":{"allow":["GET"]}}],"collection":[{"href":"https:\/\/www.sklep.demarco.pl\/blog\/wp-json\/wp\/v2\/posts"}],"about":[{"href":"https:\/\/www.sklep.demarco.pl\/blog\/wp-json\/wp\/v2\/types\/post"}],"author":[{"embeddable":true,"href":"https:\/\/www.sklep.demarco.pl\/blog\/wp-json\/wp\/v2\/users\/1"}],"replies":[{"embeddable":true,"href":"https:\/\/www.sklep.demarco.pl\/blog\/wp-json\/wp\/v2\/comments?post=18305"}],"version-history":[{"count":1,"href":"https:\/\/www.sklep.demarco.pl\/blog\/wp-json\/wp\/v2\/posts\/18305\/revisions"}],"predecessor-version":[{"id":18312,"href":"https:\/\/www.sklep.demarco.pl\/blog\/wp-json\/wp\/v2\/posts\/18305\/revisions\/18312"}],"wp:featuredmedia":[{"embeddable":true,"href":"https:\/\/www.sklep.demarco.pl\/blog\/wp-json\/wp\/v2\/media\/18309"}],"wp:attachment":[{"href":"https:\/\/www.sklep.demarco.pl\/blog\/wp-json\/wp\/v2\/media?parent=18305"}],"wp:term":[{"taxonomy":"category","embeddable":true,"href":"https:\/\/www.sklep.demarco.pl\/blog\/wp-json\/wp\/v2\/categories?post=18305"},{"taxonomy":"post_tag","embeddable":true,"href":"https:\/\/www.sklep.demarco.pl\/blog\/wp-json\/wp\/v2\/tags?post=18305"}],"curies":[{"name":"wp","href":"https:\/\/api.w.org\/{rel}","templated":true}]}}