{"id":17443,"date":"2025-01-08T12:49:18","date_gmt":"2025-01-08T12:49:18","guid":{"rendered":"https:\/\/www.sklep.demarco.pl\/blog\/?p=17443"},"modified":"2025-01-10T12:31:22","modified_gmt":"2025-01-10T12:31:22","slug":"kobieta-lider-co-mowi-o-niej-stroj-co-ubrac-by-wzbudzac-zaufanie","status":"publish","type":"post","link":"https:\/\/www.sklep.demarco.pl\/blog\/kobieta-lider-co-mowi-o-niej-stroj-co-ubrac-by-wzbudzac-zaufanie\/","title":{"rendered":"Kobieta Lider &#8211; co m\u00f3wi o niej str\u00f3j? Co ubra\u0107 by wzbudza\u0107 zaufanie?"},"content":{"rendered":"\n<p><strong>Co m\u00f3wi\u0105 ubrania<\/strong> o cz\u0142owieku? Co ubra\u0107 by wzbudza\u0107 zaufanie? Jak prezentowa\u0107 si\u0119 jako kobieta \u015bwiata dyplomacji nauki, kultury i biznesu?<\/p>\n\n\n\n<div class=\"wp-block-media-text is-stacked-on-mobile\"><figure class=\"wp-block-media-text__media\"><a href=\"https:\/\/www.sklep.demarco.pl\/marynarka-ze-spodniami-ellen-i\" target=\"_blank\" rel=\"noreferrer noopener\"><img loading=\"lazy\" decoding=\"async\" width=\"512\" height=\"1024\" src=\"https:\/\/www.sklep.demarco.pl\/blog\/wp-content\/uploads\/2025\/01\/De_Marco-100-150-Artboard7-512x1024.jpg\" alt=\"\" class=\"wp-image-17446 size-full\" srcset=\"https:\/\/www.sklep.demarco.pl\/blog\/wp-content\/uploads\/2025\/01\/De_Marco-100-150-Artboard7-512x1024.jpg 512w, https:\/\/www.sklep.demarco.pl\/blog\/wp-content\/uploads\/2025\/01\/De_Marco-100-150-Artboard7-150x300.jpg 150w, https:\/\/www.sklep.demarco.pl\/blog\/wp-content\/uploads\/2025\/01\/De_Marco-100-150-Artboard7-768x1535.jpg 768w, https:\/\/www.sklep.demarco.pl\/blog\/wp-content\/uploads\/2025\/01\/De_Marco-100-150-Artboard7.jpg 769w\" sizes=\"auto, (max-width: 512px) 100vw, 512px\" \/><\/a><\/figure><div class=\"wp-block-media-text__content\">\n<p>Szanowni Pa\u0144stwo,<\/p>\n\n\n\n<p>\u017byjemy w niezwyk\u0142ych czasach, w kt\u00f3rych rozw\u00f3j technologii i post\u0119p cywilizacyjny otwieraj\u0105 przed kobietami niesko\u0144czone mo\u017cliwo\u015bci. Dzi\u0119ki nowoczesnym rozwi\u0105zaniom, takim jak automatyzacja, kobiety zyskuj\u0105 wi\u0119cej przestrzeni na rozw\u00f3j osobisty i zawodowy. Ju\u017c nie s\u0105 jedynie stra\u017cniczkami domowego ogniska \u2013 staj\u0105 si\u0119 liderkami, naukowczyniami, przedsi\u0119biorczyniami, kt\u00f3re z odwag\u0105 i determinacj\u0105 zmieniaj\u0105 oblicze wsp\u00f3\u0142czesnego \u015bwiata.<\/p>\n\n\n\n<p>Jednak\u017ce, w tej drodze do sukcesu, niezwykle wa\u017cnym elementem okazuje si\u0119 estetyka i elegancja stroju. Ubrania, kt\u00f3re nosi kobieta lider, maj\u0105 moc komunikowania jej profesjonalizmu, si\u0142y oraz pewno\u015bci siebie. Ale jak powinny wygl\u0105da\u0107 stylizacje na najwy\u017cszym poziomie, by harmonijnie \u0142\u0105czy\u0142y te cechy?<\/p>\n<\/div><\/div>\n\n\n\n<p>Czytaj r\u00f3wnie\u017c: <a href=\"https:\/\/www.demarco.pl\/garsonki-i-sukienki-w-stylu-old-money-do-pracy-i-na-swieta\/\">Modne garsonki, p\u0142aszcze i sukienki w stylu old money \u2013 do pracy i na \u015bwi\u0119ta<\/a><\/p>\n\n\n\n<hr class=\"wp-block-separator has-alpha-channel-opacity\"\/>\n\n\n\n<div class=\"wp-block-media-text is-stacked-on-mobile\"><figure class=\"wp-block-media-text__media\"><a href=\"https:\/\/www.sklep.demarco.pl\/garnitur-damski-w-kratke-fatima-vi\" target=\"_blank\" rel=\"noreferrer noopener\"><img loading=\"lazy\" decoding=\"async\" width=\"1024\" height=\"1025\" src=\"https:\/\/www.sklep.demarco.pl\/blog\/wp-content\/uploads\/2025\/01\/De_Marco-50-100-Artboard35.jpg\" alt=\"\" class=\"wp-image-17445 size-full\" srcset=\"https:\/\/www.sklep.demarco.pl\/blog\/wp-content\/uploads\/2025\/01\/De_Marco-50-100-Artboard35.jpg 1024w, https:\/\/www.sklep.demarco.pl\/blog\/wp-content\/uploads\/2025\/01\/De_Marco-50-100-Artboard35-300x300.jpg 300w, https:\/\/www.sklep.demarco.pl\/blog\/wp-content\/uploads\/2025\/01\/De_Marco-50-100-Artboard35-150x150.jpg 150w, https:\/\/www.sklep.demarco.pl\/blog\/wp-content\/uploads\/2025\/01\/De_Marco-50-100-Artboard35-768x769.jpg 768w\" sizes=\"auto, (max-width: 1024px) 100vw, 1024px\" \/><\/a><\/figure><div class=\"wp-block-media-text__content\">\n<h2 class=\"wp-block-heading\"><strong>Co historia m\u00f3wi o wizerunku lider\u00f3w?<\/strong><\/h2>\n\n\n\n<p>Przez tysi\u0105clecia wysokie stanowiska zarezerwowane by\u0142y g\u0142\u00f3wnie dla m\u0119\u017cczyzn. To oni, zajmuj\u0105c wp\u0142ywowe pozycje, wypracowali kanony estetyczne, kt\u00f3re na przestrzeni wiek\u00f3w ukszta\u0142towa\u0142y nasze postrzeganie autorytetu, zaradno\u015bci i si\u0142y. M\u0119\u017cczy\u017ani zdawali sobie spraw\u0119, jak wielkie znaczenie ma wizerunek \u2013 od idealnie skrojonego garnituru po szczeg\u00f3\u0142y takie jak krawat czy spinki do mankiet\u00f3w i zegarki.<\/p>\n\n\n\n<p>Dzi\u015b kobiety na r\u00f3wni z m\u0119\u017cczyznami si\u0119gaj\u0105 po w\u0142adz\u0119 i autorytet, jednak\u017ce brak im d\u0142ugowiecznej tradycji wyznaczaj\u0105cej wzorce w estetyce stroju na najwy\u017cszych stanowiskach. W zwi\u0105zku z tym warto, by kobiety liderki czerpa\u0142y inspiracj\u0119 z historii, ale jednocze\u015bnie tworzy\u0142y swoje w\u0142asne, nowoczesne kanony.<\/p>\n<\/div><\/div>\n\n\n\n<p>Czytaj r\u00f3wnie\u017c: <a href=\"https:\/\/www.demarco.pl\/projektowanie-i-szycie-na-miare\/\">Projektowanie i szycie na miar\u0119<\/a><\/p>\n\n\n\n<hr class=\"wp-block-separator has-alpha-channel-opacity\"\/>\n\n\n\n<h3 class=\"wp-block-heading\"><strong>Czego unika\u0107 w stylizacji biznesowej i dyplomatycznej?<\/strong><\/h3>\n\n\n\n<p>Kobieta na wysokim stanowisku powinna mie\u0107 \u015bwiadomo\u015b\u0107, \u017ce jej ubi\u00f3r to nie tylko kwestia estetyki, ale tak\u017ce wyraz szacunku do os\u00f3b, z kt\u00f3rymi si\u0119 spotyka, i miejsca, w kt\u00f3rym przebywa. Dlatego:<\/p>\n\n\n\n<ol class=\"wp-block-list\">\n<li><strong>Unikamy przypadkowo\u015bci i niedba\u0142o\u015bci<\/strong> \u2013 Stylizacje na wysokich stanowiskach musz\u0105 by\u0107 starannie przemy\u015blane, unika si\u0119 codziennych, kt\u00f3re mog\u0105 sugerowa\u0107 brak powagi czy profesjonalizmu.<\/li>\n\n\n\n<li><strong>Nie wtapiajmy si\u0119 w t\u0142um<\/strong> \u2013 Liderka to osoba, kt\u00f3ra inspiruje i przewodzi. Jej str\u00f3j powinien odzwierciedla\u0107 te cechy, dlatego warto stawia\u0107 na elementy podkre\u015blaj\u0105ce indywidualno\u015b\u0107 i si\u0142\u0119 charakteru. Unikamy ubra\u0144 typu dres, d\u017cinsy, pikowane kurtki kt\u00f3re nosz\u0105 wszyscy. <\/li>\n\n\n\n<li><strong>Dostosowanie do miejsca i okazji<\/strong> \u2013 Podstaw\u0105 elegancji i dyplomacji jest rozpoznanie charakteru wydarzenia lub miejsca. Niew\u0142a\u015bciwa stylizacja mo\u017ce zosta\u0107 odebrana jako faux pas, co negatywnie wp\u0142ywa na nasz wizerunek.<\/li>\n\n\n\n<li><strong>Unikamy romantycznych stylizacji<\/strong> &#8211; Sukienki i bluzki w kwiatuszki, motylki etc. nie nadaj\u0105 si\u0119 na powa\u017cne spotkania. Odpadaj\u0105 r\u00f3wnie\u017c g\u0142\u0119bokie dekolty i nago\u015b\u0107 mog\u0105ca rozprasza\u0107 podczas rozmowy.<\/li>\n<\/ol>\n\n\n\n<p>Czytaj r\u00f3wnie\u017c: <a href=\"https:\/\/www.demarco.pl\/burgundowa-stylizacja-dla-30-latki-40-latki\/\">Burgundowa stylizacja dla 30-latki, 40-latki \u2013 elegancja, si\u0142a i profesjonalizm<\/a><\/p>\n\n\n\n<hr class=\"wp-block-separator has-alpha-channel-opacity\"\/>\n\n\n\n<div class=\"wp-block-media-text is-stacked-on-mobile\"><figure class=\"wp-block-media-text__media\"><a href=\"https:\/\/www.sklep.demarco.pl\/sukienka-dyplomatyczna-andrea\" target=\"_blank\" rel=\"noreferrer noopener\"><img loading=\"lazy\" decoding=\"async\" width=\"1024\" height=\"1024\" src=\"https:\/\/www.sklep.demarco.pl\/blog\/wp-content\/uploads\/2025\/01\/kostium-damski-na-odbior-nagrody-De-Marco-2.jpg\" alt=\"Jak ubra\u0107 si\u0119 na nominacj\u0119, sympozjum, kongres, konferencj\u0119. Unikatowe ponad czasowe garsonki i kostiumy damskie szyte na miar\u0119\" class=\"wp-image-17413 size-full\" srcset=\"https:\/\/www.sklep.demarco.pl\/blog\/wp-content\/uploads\/2025\/01\/kostium-damski-na-odbior-nagrody-De-Marco-2.jpg 1024w, https:\/\/www.sklep.demarco.pl\/blog\/wp-content\/uploads\/2025\/01\/kostium-damski-na-odbior-nagrody-De-Marco-2-300x300.jpg 300w, https:\/\/www.sklep.demarco.pl\/blog\/wp-content\/uploads\/2025\/01\/kostium-damski-na-odbior-nagrody-De-Marco-2-150x150.jpg 150w, https:\/\/www.sklep.demarco.pl\/blog\/wp-content\/uploads\/2025\/01\/kostium-damski-na-odbior-nagrody-De-Marco-2-768x768.jpg 768w\" sizes=\"auto, (max-width: 1024px) 100vw, 1024px\" \/><\/a><\/figure><div class=\"wp-block-media-text__content\">\n<h3 class=\"wp-block-heading\"><strong>Co ubra\u0107 by wzbudza\u0107 zaufanie?<\/strong><\/h3>\n\n\n\n<p>Str\u00f3j kobiety na wysokim stanowisku powinien by\u0107 synonimem klasy i dynamizmu. Idealna stylizacja powinna sprawia\u0107, \u017ce kobieta lider wygl\u0105da na:<\/p>\n\n\n\n<ul class=\"wp-block-list\">\n<li><strong>Energiczn\u0105<\/strong> \u2013 ubi\u00f3r, kt\u00f3ry komunikuje gotowo\u015b\u0107 do dzia\u0142ania, aktywno\u015b\u0107 i pewno\u015b\u0107 siebie.<\/li>\n\n\n\n<li><strong>Z klas\u0105<\/strong> \u2013 dba\u0142o\u015b\u0107 o detale i perfekcyjne wyko\u0144czenie \u015bwiadcz\u0105 o profesjonalizmie i szacunku do otoczenia.<\/li>\n\n\n\n<li><strong>Dynamiczn\u0105<\/strong> \u2013 kolory, kroje i dodatki, kt\u00f3re podkre\u015blaj\u0105, \u017ce liderka jest osob\u0105 konkretn\u0105, zorientowan\u0105 na cel i wiedz\u0105c\u0105, czego chce.<\/li>\n<\/ul>\n<\/div><\/div>\n\n\n\n<p>Czytaj r\u00f3wnie\u017c: <a href=\"https:\/\/www.demarco.pl\/ekskluzywne-wieczorowe-garnitury-damskie\/\">Ekskluzywne wieczorowe garnitury damskie \u2013 elegancja, charakter i kobieca si\u0142a<\/a><\/p>\n\n\n\n<hr class=\"wp-block-separator has-alpha-channel-opacity\"\/>\n\n\n\n<div class=\"wp-block-media-text is-stacked-on-mobile\"><figure class=\"wp-block-media-text__media\"><a href=\"https:\/\/www.sklep.demarco.pl\/plaszcze\" target=\"_blank\" rel=\"noreferrer noopener\"><img loading=\"lazy\" decoding=\"async\" width=\"656\" height=\"720\" src=\"https:\/\/www.sklep.demarco.pl\/blog\/wp-content\/uploads\/2024\/07\/Dziekujemy-Kancelaria-Radcy-Prawnego-Anna-Bufnal.jpg\" alt=\"Eleganckie stylizacje dla kobiety na stanowisku. De Marco szycie na miar\u0119 Gda\u0144sk, Gdynia, Sopot, Bydgoszcz, Szczecin, Toru\u0144, Pozna\u0144, Ca\u0142a Polska us\u0142ug\u0119 krawiectwa miarowego wykonujemy on-line \" class=\"wp-image-17049 size-full\" srcset=\"https:\/\/www.sklep.demarco.pl\/blog\/wp-content\/uploads\/2024\/07\/Dziekujemy-Kancelaria-Radcy-Prawnego-Anna-Bufnal.jpg 656w, https:\/\/www.sklep.demarco.pl\/blog\/wp-content\/uploads\/2024\/07\/Dziekujemy-Kancelaria-Radcy-Prawnego-Anna-Bufnal-273x300.jpg 273w\" sizes=\"auto, (max-width: 656px) 100vw, 656px\" \/><\/a><\/figure><div class=\"wp-block-media-text__content\">\n<p><strong>De Marco \u2013 Tw\u00f3j partner w tworzeniu profesjonalnego wizerunku<\/strong><\/p>\n\n\n\n<p>W Atelier De Marco doskonale rozumiemy potrzeby kobiet, kt\u00f3re pragn\u0105 \u0142\u0105czy\u0107 sw\u00f3j niepowtarzalny styl z wymaganiami stanowisk na najwy\u017cszym poziomie. Specjalizujemy si\u0119 w projektowaniu i szyciu miarowym eleganckiej odzie\u017cy damskiej, w tym:<\/p>\n\n\n\n<ul class=\"wp-block-list\">\n<li>Kostium\u00f3w dyplomatycznych,<\/li>\n\n\n\n<li>Garnitur\u00f3w biznesowych,<\/li>\n\n\n\n<li>Sukien wizytowych i wieczorowych.<\/li>\n<\/ul>\n\n\n\n<p>Nasze kreacje s\u0105 nie tylko pi\u0119kne, ale tak\u017ce funkcjonalne, dostosowane do specyfiki r\u00f3\u017cnych wydarze\u0144 i kultur.<\/p>\n<\/div><\/div>\n\n\n\n<p>Czytaj r\u00f3wnie\u017c: <a href=\"https:\/\/www.sklep.demarco.pl\/blog\/elegancka-kurtka-z-eko-skory-de-marco-modnie-i-stylowo\/\">Elegancka kurtka z eko sk\u00f3ry De Marco modnie i stylowo<\/a><\/p>\n\n\n\n<hr class=\"wp-block-separator has-alpha-channel-opacity\"\/>\n\n\n\n<div class=\"wp-block-media-text is-stacked-on-mobile\"><figure class=\"wp-block-media-text__media\"><img loading=\"lazy\" decoding=\"async\" width=\"1024\" height=\"1025\" src=\"https:\/\/www.sklep.demarco.pl\/blog\/wp-content\/uploads\/2025\/01\/De-Marco-850-900-Artboard33.jpg\" alt=\"Nowoczesne ubrania biznesowe dla kobiet. Szycie na miar\u0119 ubra\u0144 dobrej jako\u015bci dla kobiet \u015bwiata nauki, kultury, biznesu i dyplomacji. De Marco to tu ubieraj\u0105 si\u0119 celebrytki z Polski i ca\u0142ego \u015bwiata. Polska Marka popularna za granic\u0105 i w kraju w\u015br\u00f3d elit. Modna old money w stylu De Marco\" class=\"wp-image-17451 size-full\" srcset=\"https:\/\/www.sklep.demarco.pl\/blog\/wp-content\/uploads\/2025\/01\/De-Marco-850-900-Artboard33.jpg 1024w, https:\/\/www.sklep.demarco.pl\/blog\/wp-content\/uploads\/2025\/01\/De-Marco-850-900-Artboard33-300x300.jpg 300w, https:\/\/www.sklep.demarco.pl\/blog\/wp-content\/uploads\/2025\/01\/De-Marco-850-900-Artboard33-150x150.jpg 150w, https:\/\/www.sklep.demarco.pl\/blog\/wp-content\/uploads\/2025\/01\/De-Marco-850-900-Artboard33-768x769.jpg 768w\" sizes=\"auto, (max-width: 1024px) 100vw, 1024px\" \/><\/figure><div class=\"wp-block-media-text__content\">\n<h3 class=\"wp-block-heading\"><strong>Zapraszamy do De Marco<\/strong> &#8211; projektowanie i szycie na miar\u0119 ubra\u0144 biznesowych dla kobiet<\/h3>\n\n\n\n<p>Szanowni Pa\u0144stwo, je\u015bli poszukuj\u0105 Pa\u0144stwo odzie\u017cy, kt\u00f3ra odzwierciedli si\u0142\u0119, charakter i profesjonalizm kobiety lidera, zapraszamy do zapoznania si\u0119 z naszym portfolio oraz odwiedzenia naszego Atelier w Frydrychowicach. Stworzymy dla Pa\u0144stwa kreacje, kt\u00f3re b\u0119d\u0105 nie tylko ubraniem, ale r\u00f3wnie\u017c wizyt\u00f3wk\u0105 sukcesu.<\/p>\n<\/div><\/div>\n\n\n\n<p>Z powa\u017caniem,<br><strong>Zesp\u00f3\u0142 De Marco<\/strong><\/p>\n\n\n\n<p><strong><em>Gor\u0105co dzi\u0119kujemy wszystkim naszym klientkom za korzystanie z naszych us\u0142ug za wspania\u0142e zdj\u0119cia i \u017cyczymy wspania\u0142ego dnia.<\/em><\/strong><\/p>\n\n\n\n<figure class=\"wp-block-gallery has-nested-images columns-default is-cropped wp-block-gallery-1 is-layout-flex wp-block-gallery-is-layout-flex\">\n<figure class=\"wp-block-image size-large\"><a href=\"https:\/\/www.sklep.demarco.pl\/odziez-biznesowa\" target=\"_blank\" rel=\"noreferrer noopener\"><img loading=\"lazy\" decoding=\"async\" width=\"1024\" height=\"1024\" data-id=\"15944\" src=\"https:\/\/www.sklep.demarco.pl\/blog\/wp-content\/uploads\/2024\/01\/01.05.2023-Artboard18--1024x1024.jpg\" alt=\"Eleganckie ubranie damskie De Marco Polska moda premium Gdzie kupi\u0107 eleganckie ubrania dobrej jako\u015bci?\" class=\"wp-image-15944\" srcset=\"https:\/\/www.sklep.demarco.pl\/blog\/wp-content\/uploads\/2024\/01\/01.05.2023-Artboard18--1024x1024.jpg 1024w, https:\/\/www.sklep.demarco.pl\/blog\/wp-content\/uploads\/2024\/01\/01.05.2023-Artboard18--300x300.jpg 300w, https:\/\/www.sklep.demarco.pl\/blog\/wp-content\/uploads\/2024\/01\/01.05.2023-Artboard18--150x150.jpg 150w, https:\/\/www.sklep.demarco.pl\/blog\/wp-content\/uploads\/2024\/01\/01.05.2023-Artboard18--768x768.jpg 768w, https:\/\/www.sklep.demarco.pl\/blog\/wp-content\/uploads\/2024\/01\/01.05.2023-Artboard18-.jpg 1441w\" sizes=\"auto, (max-width: 1024px) 100vw, 1024px\" \/><\/a><\/figure>\n\n\n\n<figure class=\"wp-block-image size-large\"><a href=\"https:\/\/www.sklep.demarco.pl\/odziez-dyplomatyczna\" target=\"_blank\" rel=\"noreferrer noopener\"><img loading=\"lazy\" decoding=\"async\" width=\"1024\" height=\"1024\" data-id=\"16007\" src=\"https:\/\/www.sklep.demarco.pl\/blog\/wp-content\/uploads\/2024\/02\/045-Artboard15-1024x1024.jpg\" alt=\"\" class=\"wp-image-16007\" srcset=\"https:\/\/www.sklep.demarco.pl\/blog\/wp-content\/uploads\/2024\/02\/045-Artboard15-1024x1024.jpg 1024w, https:\/\/www.sklep.demarco.pl\/blog\/wp-content\/uploads\/2024\/02\/045-Artboard15-300x300.jpg 300w, https:\/\/www.sklep.demarco.pl\/blog\/wp-content\/uploads\/2024\/02\/045-Artboard15-150x150.jpg 150w, https:\/\/www.sklep.demarco.pl\/blog\/wp-content\/uploads\/2024\/02\/045-Artboard15-768x768.jpg 768w, https:\/\/www.sklep.demarco.pl\/blog\/wp-content\/uploads\/2024\/02\/045-Artboard15.jpg 1441w\" sizes=\"auto, (max-width: 1024px) 100vw, 1024px\" \/><\/a><\/figure>\n\n\n\n<figure class=\"wp-block-image size-large\"><a href=\"https:\/\/www.sklep.demarco.pl\/odziez-wizytowa\" target=\"_blank\" rel=\"noreferrer noopener\"><img loading=\"lazy\" decoding=\"async\" width=\"1024\" height=\"1024\" data-id=\"15972\" src=\"https:\/\/www.sklep.demarco.pl\/blog\/wp-content\/uploads\/2024\/01\/01.12.2023-Artboard3-4770p-1024x1024.jpg\" alt=\"Gdzie kupi\u0107 polsk\u0105 ekskluzywn\u0105 odzie\u017c damsk\u0105? Atelier z Ma\u0142opolskie W\u0142adys\u0142awa Fr\u0105czek\" class=\"wp-image-15972\" srcset=\"https:\/\/www.sklep.demarco.pl\/blog\/wp-content\/uploads\/2024\/01\/01.12.2023-Artboard3-4770p-1024x1024.jpg 1024w, https:\/\/www.sklep.demarco.pl\/blog\/wp-content\/uploads\/2024\/01\/01.12.2023-Artboard3-4770p-300x300.jpg 300w, https:\/\/www.sklep.demarco.pl\/blog\/wp-content\/uploads\/2024\/01\/01.12.2023-Artboard3-4770p-150x150.jpg 150w, https:\/\/www.sklep.demarco.pl\/blog\/wp-content\/uploads\/2024\/01\/01.12.2023-Artboard3-4770p-768x767.jpg 768w, https:\/\/www.sklep.demarco.pl\/blog\/wp-content\/uploads\/2024\/01\/01.12.2023-Artboard3-4770p.jpg 1441w\" sizes=\"auto, (max-width: 1024px) 100vw, 1024px\" \/><\/a><\/figure>\n<\/figure>\n\n\n\n<p>Czytaj r\u00f3wnie\u017c: <a href=\"https:\/\/www.sklep.demarco.pl\/blog\/eleganckie-stylizacje-na-nominacje-w-co-sie-ubrac-na-odbior-odznaczenia-nagrody-i-tytulu\/\">Eleganckie stylizacje na nominacje. W co si\u0119 ubra\u0107 na odbi\u00f3r odznaczenia, nagrody i tytu\u0142u?<\/a><\/p>\n\n\n<!-- wp:themify-builder\/canvas \/-->","protected":false},"excerpt":{"rendered":"<p>Co m\u00f3wi\u0105 ubrania o cz\u0142owieku? Co ubra\u0107 by wzbudza\u0107 zaufanie? Jak prezentowa\u0107 si\u0119 jako kobieta \u015bwiata dyplomacji nauki, kultury i biznesu? Szanowni Pa\u0144stwo, \u017byjemy w niezwyk\u0142ych czasach, w kt\u00f3rych rozw\u00f3j technologii i post\u0119p cywilizacyjny otwieraj\u0105 przed kobietami niesko\u0144czone mo\u017cliwo\u015bci. Dzi\u0119ki nowoczesnym rozwi\u0105zaniom, takim jak automatyzacja, kobiety zyskuj\u0105 wi\u0119cej przestrzeni na rozw\u00f3j osobisty i zawodowy. Ju\u017c [&hellip;]<\/p>\n","protected":false},"author":1,"featured_media":17473,"comment_status":"closed","ping_status":"closed","sticky":false,"template":"","format":"standard","meta":{"footnotes":"","_links_to":"","_links_to_target":""},"categories":[15],"tags":[39,3768,3963,319,347,3778,171,3491,3487,3329,3341,3339,4312,3393,3391,3395,3343,54,275,29,27,211,180,28,264,342,195,258,212,255,3824,478,3792,3788,4316,3814,387,3780,4520,4526,266,265,178,209,4318],"class_list":["post-17443","post","type-post","status-publish","format-standard","has-post-thumbnail","hentry","category-metamorfoza","tag-biznes","tag-butik-odziez-damska","tag-butik-z-elegancka-odzieza-damska","tag-dla-bizneswomen","tag-dyplomacja","tag-ekskluzywna-odziez","tag-ekskluzywna-odziez-damska","tag-ekskluzywna-odziez-damska-polskich-producentow","tag-ekskluzywna-odziez-damska-producent","tag-elegancka-odziez","tag-elegancka-odziez-damska","tag-elegancka-odziez-damska-sklep-internetowy","tag-elegancka-odziez-dla-kobiety","tag-eleganckie-sukienki-do-pracy","tag-eleganckie-sukienki-do-pracy-w-biurze","tag-eleganckie-ubrania-damskie-do-pracy","tag-gala-biznesowa","tag-garnitur","tag-garnitur-damski","tag-garnitur-damski-do-pracy","tag-garsonka-biznesowa","tag-garsonka-dyplomatyczna","tag-garsonki-biznesowe","tag-kobieta-biznesu","tag-komplet-biznesowy-damski","tag-kostium-biznesowy","tag-kostium-damski-biznesowy","tag-kostium-do-pracy","tag-kostiumy-dyplomatyczne","tag-luksusowa-odziez-damska","tag-marka-premium-odziez","tag-markowa-odziez-damska","tag-minimalistyczna-marka-odziezowa","tag-minimalizm-w-modzie","tag-odziez-biurowa","tag-odziez-dobrej-jakosci","tag-odziez-dyplomatyczna","tag-odziez-ekskluzywna","tag-pracownia-krawiecka","tag-prezydencka-pracownia-krawiecka","tag-styl-biznesowy-damski","tag-stylizacje-biznesowe-damskie","tag-sukienka-biznesowa","tag-sukienki-biznesowe","tag-ubrania-damskie-do-pracy"],"yoast_head":"<!-- This site is optimized with the Yoast SEO plugin v27.5 - https:\/\/yoast.com\/product\/yoast-seo-wordpress\/ -->\n<title>Kobieta Lider - co m\u00f3wi o niej str\u00f3j?<\/title>\n<meta name=\"description\" content=\"Co m\u00f3wi\u0105 ubrania o cz\u0142owieku? Co ubra\u0107 by wzbudza\u0107 zaufanie? Jak prezentowa\u0107 si\u0119 jako kobieta \u015bwiata dyplomacji nauki, kultury i biznesu?\" \/>\n<meta name=\"robots\" content=\"index, follow, max-snippet:-1, max-image-preview:large, max-video-preview:-1\" \/>\n<link rel=\"canonical\" href=\"https:\/\/www.sklep.demarco.pl\/blog\/kobieta-lider-co-mowi-o-niej-stroj-co-ubrac-by-wzbudzac-zaufanie\/\" \/>\n<meta property=\"og:locale\" content=\"pl_PL\" \/>\n<meta property=\"og:type\" content=\"article\" \/>\n<meta property=\"og:title\" content=\"Kobieta Lider - co m\u00f3wi o niej str\u00f3j?\" \/>\n<meta property=\"og:description\" content=\"Co m\u00f3wi\u0105 ubrania o cz\u0142owieku? Co ubra\u0107 by wzbudza\u0107 zaufanie? Jak prezentowa\u0107 si\u0119 jako kobieta \u015bwiata dyplomacji nauki, kultury i biznesu?\" \/>\n<meta property=\"og:url\" content=\"https:\/\/www.sklep.demarco.pl\/blog\/kobieta-lider-co-mowi-o-niej-stroj-co-ubrac-by-wzbudzac-zaufanie\/\" \/>\n<meta property=\"og:site_name\" content=\"De Marco\" \/>\n<meta property=\"article:publisher\" content=\"https:\/\/www.facebook.com\/DeMarco.Styl\" \/>\n<meta property=\"article:published_time\" content=\"2025-01-08T12:49:18+00:00\" \/>\n<meta property=\"article:modified_time\" content=\"2025-01-10T12:31:22+00:00\" \/>\n<meta property=\"og:image\" content=\"https:\/\/www.sklep.demarco.pl\/blog\/wp-content\/uploads\/2025\/01\/moda-dla-40-latki_2.jpg\" \/>\n\t<meta property=\"og:image:width\" content=\"1024\" \/>\n\t<meta property=\"og:image:height\" content=\"1024\" \/>\n\t<meta property=\"og:image:type\" content=\"image\/jpeg\" \/>\n<meta name=\"author\" content=\"de marco\" \/>\n<meta name=\"twitter:label1\" content=\"Napisane przez\" \/>\n\t<meta name=\"twitter:data1\" content=\"de marco\" \/>\n\t<meta name=\"twitter:label2\" content=\"Szacowany czas czytania\" \/>\n\t<meta name=\"twitter:data2\" content=\"6 minut\" \/>\n<script type=\"application\/ld+json\" class=\"yoast-schema-graph\">{\"@context\":\"https:\\\/\\\/schema.org\",\"@graph\":[{\"@type\":\"Article\",\"@id\":\"https:\\\/\\\/www.sklep.demarco.pl\\\/blog\\\/kobieta-lider-co-mowi-o-niej-stroj-co-ubrac-by-wzbudzac-zaufanie\\\/#article\",\"isPartOf\":{\"@id\":\"https:\\\/\\\/www.sklep.demarco.pl\\\/blog\\\/kobieta-lider-co-mowi-o-niej-stroj-co-ubrac-by-wzbudzac-zaufanie\\\/\"},\"author\":{\"name\":\"de marco\",\"@id\":\"https:\\\/\\\/www.sklep.demarco.pl\\\/blog\\\/#\\\/schema\\\/person\\\/38456e8269588abfbbdda5bc04dad142\"},\"headline\":\"Kobieta Lider &#8211; co m\u00f3wi o niej str\u00f3j? Co ubra\u0107 by wzbudza\u0107 zaufanie?\",\"datePublished\":\"2025-01-08T12:49:18+00:00\",\"dateModified\":\"2025-01-10T12:31:22+00:00\",\"mainEntityOfPage\":{\"@id\":\"https:\\\/\\\/www.sklep.demarco.pl\\\/blog\\\/kobieta-lider-co-mowi-o-niej-stroj-co-ubrac-by-wzbudzac-zaufanie\\\/\"},\"wordCount\":802,\"image\":{\"@id\":\"https:\\\/\\\/www.sklep.demarco.pl\\\/blog\\\/kobieta-lider-co-mowi-o-niej-stroj-co-ubrac-by-wzbudzac-zaufanie\\\/#primaryimage\"},\"thumbnailUrl\":\"https:\\\/\\\/www.sklep.demarco.pl\\\/blog\\\/wp-content\\\/uploads\\\/2025\\\/01\\\/moda-dla-40-latki_2.jpg\",\"keywords\":[\"biznes\",\"Butik odzie\u017c damska\",\"Butik z eleganck\u0105 odzie\u017c\u0105 damsk\u0105\",\"dla bizneswomen\",\"dyplomacja\",\"Ekskluzywna odzie\u017c\",\"Ekskluzywna odzie\u017c damska\",\"Ekskluzywna odzie\u017c damska polskich producent\u00f3w\",\"Ekskluzywna odzie\u017c damska producent\",\"elegancka odzie\u017c\",\"elegancka odzie\u017c damska\",\"Elegancka odzie\u017c damska sklep internetowy\",\"Elegancka odzie\u017c dla kobiety\",\"eleganckie sukienki do pracy\",\"eleganckie sukienki do pracy w biurze\",\"eleganckie ubrania damskie do pracy\",\"gala biznesowa\",\"Garnitur\",\"garnitur damski\",\"garnitur damski do pracy\",\"garsonka biznesowa\",\"garsonka dyplomatyczna\",\"garsonki biznesowe\",\"kobieta biznesu\",\"komplet biznesowy damski\",\"kostium biznesowy\",\"kostium damski biznesowy\",\"kostium do pracy\",\"kostiumy dyplomatyczne\",\"luksusowa odzie\u017c damska\",\"marka premium odzie\u017c\",\"markowa odzie\u017c damska\",\"minimalistyczna marka odzie\u017cowa\",\"minimalizm w modzie\",\"odzie\u017c biurowa\",\"odzie\u017c dobrej jako\u015bci\",\"odzie\u017c dyplomatyczna\",\"odzie\u017c ekskluzywna\",\"pracownia krawiecka\",\"prezydencka pracownia krawiecka\",\"Styl biznesowy damski\",\"Stylizacje biznesowe damskie\",\"sukienka biznesowa\",\"sukienki biznesowe\",\"ubrania damskie do pracy\"],\"articleSection\":[\"METAMORFOZA\"],\"inLanguage\":\"pl-PL\"},{\"@type\":\"WebPage\",\"@id\":\"https:\\\/\\\/www.sklep.demarco.pl\\\/blog\\\/kobieta-lider-co-mowi-o-niej-stroj-co-ubrac-by-wzbudzac-zaufanie\\\/\",\"url\":\"https:\\\/\\\/www.sklep.demarco.pl\\\/blog\\\/kobieta-lider-co-mowi-o-niej-stroj-co-ubrac-by-wzbudzac-zaufanie\\\/\",\"name\":\"Kobieta Lider - co m\u00f3wi o niej str\u00f3j?\",\"isPartOf\":{\"@id\":\"https:\\\/\\\/www.sklep.demarco.pl\\\/blog\\\/#website\"},\"primaryImageOfPage\":{\"@id\":\"https:\\\/\\\/www.sklep.demarco.pl\\\/blog\\\/kobieta-lider-co-mowi-o-niej-stroj-co-ubrac-by-wzbudzac-zaufanie\\\/#primaryimage\"},\"image\":{\"@id\":\"https:\\\/\\\/www.sklep.demarco.pl\\\/blog\\\/kobieta-lider-co-mowi-o-niej-stroj-co-ubrac-by-wzbudzac-zaufanie\\\/#primaryimage\"},\"thumbnailUrl\":\"https:\\\/\\\/www.sklep.demarco.pl\\\/blog\\\/wp-content\\\/uploads\\\/2025\\\/01\\\/moda-dla-40-latki_2.jpg\",\"datePublished\":\"2025-01-08T12:49:18+00:00\",\"dateModified\":\"2025-01-10T12:31:22+00:00\",\"author\":{\"@id\":\"https:\\\/\\\/www.sklep.demarco.pl\\\/blog\\\/#\\\/schema\\\/person\\\/38456e8269588abfbbdda5bc04dad142\"},\"description\":\"Co m\u00f3wi\u0105 ubrania o cz\u0142owieku? Co ubra\u0107 by wzbudza\u0107 zaufanie? Jak prezentowa\u0107 si\u0119 jako kobieta \u015bwiata dyplomacji nauki, kultury i biznesu?\",\"breadcrumb\":{\"@id\":\"https:\\\/\\\/www.sklep.demarco.pl\\\/blog\\\/kobieta-lider-co-mowi-o-niej-stroj-co-ubrac-by-wzbudzac-zaufanie\\\/#breadcrumb\"},\"inLanguage\":\"pl-PL\",\"potentialAction\":[{\"@type\":\"ReadAction\",\"target\":[\"https:\\\/\\\/www.sklep.demarco.pl\\\/blog\\\/kobieta-lider-co-mowi-o-niej-stroj-co-ubrac-by-wzbudzac-zaufanie\\\/\"]}]},{\"@type\":\"ImageObject\",\"inLanguage\":\"pl-PL\",\"@id\":\"https:\\\/\\\/www.sklep.demarco.pl\\\/blog\\\/kobieta-lider-co-mowi-o-niej-stroj-co-ubrac-by-wzbudzac-zaufanie\\\/#primaryimage\",\"url\":\"https:\\\/\\\/www.sklep.demarco.pl\\\/blog\\\/wp-content\\\/uploads\\\/2025\\\/01\\\/moda-dla-40-latki_2.jpg\",\"contentUrl\":\"https:\\\/\\\/www.sklep.demarco.pl\\\/blog\\\/wp-content\\\/uploads\\\/2025\\\/01\\\/moda-dla-40-latki_2.jpg\",\"width\":1024,\"height\":1024,\"caption\":\"Kobieta Lider - co m\u00f3wi o niej str\u00f3j? Co ubra\u0107 by wzbudza\u0107 zaufanie?\"},{\"@type\":\"BreadcrumbList\",\"@id\":\"https:\\\/\\\/www.sklep.demarco.pl\\\/blog\\\/kobieta-lider-co-mowi-o-niej-stroj-co-ubrac-by-wzbudzac-zaufanie\\\/#breadcrumb\",\"itemListElement\":[{\"@type\":\"ListItem\",\"position\":1,\"name\":\"Strona g\u0142\u00f3wna\",\"item\":\"https:\\\/\\\/www.sklep.demarco.pl\\\/blog\\\/\"},{\"@type\":\"ListItem\",\"position\":2,\"name\":\"Kobieta Lider &#8211; co m\u00f3wi o niej str\u00f3j? Co ubra\u0107 by wzbudza\u0107 zaufanie?\"}]},{\"@type\":\"WebSite\",\"@id\":\"https:\\\/\\\/www.sklep.demarco.pl\\\/blog\\\/#website\",\"url\":\"https:\\\/\\\/www.sklep.demarco.pl\\\/blog\\\/\",\"name\":\"De Marco\",\"description\":\"The finest women&#039;s clothing manufacturer\",\"potentialAction\":[{\"@type\":\"SearchAction\",\"target\":{\"@type\":\"EntryPoint\",\"urlTemplate\":\"https:\\\/\\\/www.sklep.demarco.pl\\\/blog\\\/?s={search_term_string}\"},\"query-input\":{\"@type\":\"PropertyValueSpecification\",\"valueRequired\":true,\"valueName\":\"search_term_string\"}}],\"inLanguage\":\"pl-PL\"},{\"@type\":\"Person\",\"@id\":\"https:\\\/\\\/www.sklep.demarco.pl\\\/blog\\\/#\\\/schema\\\/person\\\/38456e8269588abfbbdda5bc04dad142\",\"name\":\"de marco\",\"image\":{\"@type\":\"ImageObject\",\"inLanguage\":\"pl-PL\",\"@id\":\"https:\\\/\\\/secure.gravatar.com\\\/avatar\\\/1d03f06a246921ea2531e9b59fe2dcd5a125b6b3339bedd531ae0d7e4bb25f99?s=96&d=mm&r=g\",\"url\":\"https:\\\/\\\/secure.gravatar.com\\\/avatar\\\/1d03f06a246921ea2531e9b59fe2dcd5a125b6b3339bedd531ae0d7e4bb25f99?s=96&d=mm&r=g\",\"contentUrl\":\"https:\\\/\\\/secure.gravatar.com\\\/avatar\\\/1d03f06a246921ea2531e9b59fe2dcd5a125b6b3339bedd531ae0d7e4bb25f99?s=96&d=mm&r=g\",\"caption\":\"de marco\"},\"url\":\"https:\\\/\\\/www.sklep.demarco.pl\\\/blog\\\/author\\\/de-marco\\\/\"}]}<\/script>\n<!-- \/ Yoast SEO plugin. -->","yoast_head_json":{"title":"Kobieta Lider - co m\u00f3wi o niej str\u00f3j?","description":"Co m\u00f3wi\u0105 ubrania o cz\u0142owieku? Co ubra\u0107 by wzbudza\u0107 zaufanie? Jak prezentowa\u0107 si\u0119 jako kobieta \u015bwiata dyplomacji nauki, kultury i biznesu?","robots":{"index":"index","follow":"follow","max-snippet":"max-snippet:-1","max-image-preview":"max-image-preview:large","max-video-preview":"max-video-preview:-1"},"canonical":"https:\/\/www.sklep.demarco.pl\/blog\/kobieta-lider-co-mowi-o-niej-stroj-co-ubrac-by-wzbudzac-zaufanie\/","og_locale":"pl_PL","og_type":"article","og_title":"Kobieta Lider - co m\u00f3wi o niej str\u00f3j?","og_description":"Co m\u00f3wi\u0105 ubrania o cz\u0142owieku? Co ubra\u0107 by wzbudza\u0107 zaufanie? Jak prezentowa\u0107 si\u0119 jako kobieta \u015bwiata dyplomacji nauki, kultury i biznesu?","og_url":"https:\/\/www.sklep.demarco.pl\/blog\/kobieta-lider-co-mowi-o-niej-stroj-co-ubrac-by-wzbudzac-zaufanie\/","og_site_name":"De Marco","article_publisher":"https:\/\/www.facebook.com\/DeMarco.Styl","article_published_time":"2025-01-08T12:49:18+00:00","article_modified_time":"2025-01-10T12:31:22+00:00","og_image":[{"width":1024,"height":1024,"url":"https:\/\/www.sklep.demarco.pl\/blog\/wp-content\/uploads\/2025\/01\/moda-dla-40-latki_2.jpg","type":"image\/jpeg"}],"author":"de marco","twitter_misc":{"Napisane przez":"de marco","Szacowany czas czytania":"6 minut"},"schema":{"@context":"https:\/\/schema.org","@graph":[{"@type":"Article","@id":"https:\/\/www.sklep.demarco.pl\/blog\/kobieta-lider-co-mowi-o-niej-stroj-co-ubrac-by-wzbudzac-zaufanie\/#article","isPartOf":{"@id":"https:\/\/www.sklep.demarco.pl\/blog\/kobieta-lider-co-mowi-o-niej-stroj-co-ubrac-by-wzbudzac-zaufanie\/"},"author":{"name":"de marco","@id":"https:\/\/www.sklep.demarco.pl\/blog\/#\/schema\/person\/38456e8269588abfbbdda5bc04dad142"},"headline":"Kobieta Lider &#8211; co m\u00f3wi o niej str\u00f3j? Co ubra\u0107 by wzbudza\u0107 zaufanie?","datePublished":"2025-01-08T12:49:18+00:00","dateModified":"2025-01-10T12:31:22+00:00","mainEntityOfPage":{"@id":"https:\/\/www.sklep.demarco.pl\/blog\/kobieta-lider-co-mowi-o-niej-stroj-co-ubrac-by-wzbudzac-zaufanie\/"},"wordCount":802,"image":{"@id":"https:\/\/www.sklep.demarco.pl\/blog\/kobieta-lider-co-mowi-o-niej-stroj-co-ubrac-by-wzbudzac-zaufanie\/#primaryimage"},"thumbnailUrl":"https:\/\/www.sklep.demarco.pl\/blog\/wp-content\/uploads\/2025\/01\/moda-dla-40-latki_2.jpg","keywords":["biznes","Butik odzie\u017c damska","Butik z eleganck\u0105 odzie\u017c\u0105 damsk\u0105","dla bizneswomen","dyplomacja","Ekskluzywna odzie\u017c","Ekskluzywna odzie\u017c damska","Ekskluzywna odzie\u017c damska polskich producent\u00f3w","Ekskluzywna odzie\u017c damska producent","elegancka odzie\u017c","elegancka odzie\u017c damska","Elegancka odzie\u017c damska sklep internetowy","Elegancka odzie\u017c dla kobiety","eleganckie sukienki do pracy","eleganckie sukienki do pracy w biurze","eleganckie ubrania damskie do pracy","gala biznesowa","Garnitur","garnitur damski","garnitur damski do pracy","garsonka biznesowa","garsonka dyplomatyczna","garsonki biznesowe","kobieta biznesu","komplet biznesowy damski","kostium biznesowy","kostium damski biznesowy","kostium do pracy","kostiumy dyplomatyczne","luksusowa odzie\u017c damska","marka premium odzie\u017c","markowa odzie\u017c damska","minimalistyczna marka odzie\u017cowa","minimalizm w modzie","odzie\u017c biurowa","odzie\u017c dobrej jako\u015bci","odzie\u017c dyplomatyczna","odzie\u017c ekskluzywna","pracownia krawiecka","prezydencka pracownia krawiecka","Styl biznesowy damski","Stylizacje biznesowe damskie","sukienka biznesowa","sukienki biznesowe","ubrania damskie do pracy"],"articleSection":["METAMORFOZA"],"inLanguage":"pl-PL"},{"@type":"WebPage","@id":"https:\/\/www.sklep.demarco.pl\/blog\/kobieta-lider-co-mowi-o-niej-stroj-co-ubrac-by-wzbudzac-zaufanie\/","url":"https:\/\/www.sklep.demarco.pl\/blog\/kobieta-lider-co-mowi-o-niej-stroj-co-ubrac-by-wzbudzac-zaufanie\/","name":"Kobieta Lider - co m\u00f3wi o niej str\u00f3j?","isPartOf":{"@id":"https:\/\/www.sklep.demarco.pl\/blog\/#website"},"primaryImageOfPage":{"@id":"https:\/\/www.sklep.demarco.pl\/blog\/kobieta-lider-co-mowi-o-niej-stroj-co-ubrac-by-wzbudzac-zaufanie\/#primaryimage"},"image":{"@id":"https:\/\/www.sklep.demarco.pl\/blog\/kobieta-lider-co-mowi-o-niej-stroj-co-ubrac-by-wzbudzac-zaufanie\/#primaryimage"},"thumbnailUrl":"https:\/\/www.sklep.demarco.pl\/blog\/wp-content\/uploads\/2025\/01\/moda-dla-40-latki_2.jpg","datePublished":"2025-01-08T12:49:18+00:00","dateModified":"2025-01-10T12:31:22+00:00","author":{"@id":"https:\/\/www.sklep.demarco.pl\/blog\/#\/schema\/person\/38456e8269588abfbbdda5bc04dad142"},"description":"Co m\u00f3wi\u0105 ubrania o cz\u0142owieku? Co ubra\u0107 by wzbudza\u0107 zaufanie? Jak prezentowa\u0107 si\u0119 jako kobieta \u015bwiata dyplomacji nauki, kultury i biznesu?","breadcrumb":{"@id":"https:\/\/www.sklep.demarco.pl\/blog\/kobieta-lider-co-mowi-o-niej-stroj-co-ubrac-by-wzbudzac-zaufanie\/#breadcrumb"},"inLanguage":"pl-PL","potentialAction":[{"@type":"ReadAction","target":["https:\/\/www.sklep.demarco.pl\/blog\/kobieta-lider-co-mowi-o-niej-stroj-co-ubrac-by-wzbudzac-zaufanie\/"]}]},{"@type":"ImageObject","inLanguage":"pl-PL","@id":"https:\/\/www.sklep.demarco.pl\/blog\/kobieta-lider-co-mowi-o-niej-stroj-co-ubrac-by-wzbudzac-zaufanie\/#primaryimage","url":"https:\/\/www.sklep.demarco.pl\/blog\/wp-content\/uploads\/2025\/01\/moda-dla-40-latki_2.jpg","contentUrl":"https:\/\/www.sklep.demarco.pl\/blog\/wp-content\/uploads\/2025\/01\/moda-dla-40-latki_2.jpg","width":1024,"height":1024,"caption":"Kobieta Lider - co m\u00f3wi o niej str\u00f3j? Co ubra\u0107 by wzbudza\u0107 zaufanie?"},{"@type":"BreadcrumbList","@id":"https:\/\/www.sklep.demarco.pl\/blog\/kobieta-lider-co-mowi-o-niej-stroj-co-ubrac-by-wzbudzac-zaufanie\/#breadcrumb","itemListElement":[{"@type":"ListItem","position":1,"name":"Strona g\u0142\u00f3wna","item":"https:\/\/www.sklep.demarco.pl\/blog\/"},{"@type":"ListItem","position":2,"name":"Kobieta Lider &#8211; co m\u00f3wi o niej str\u00f3j? Co ubra\u0107 by wzbudza\u0107 zaufanie?"}]},{"@type":"WebSite","@id":"https:\/\/www.sklep.demarco.pl\/blog\/#website","url":"https:\/\/www.sklep.demarco.pl\/blog\/","name":"De Marco","description":"The finest women&#039;s clothing manufacturer","potentialAction":[{"@type":"SearchAction","target":{"@type":"EntryPoint","urlTemplate":"https:\/\/www.sklep.demarco.pl\/blog\/?s={search_term_string}"},"query-input":{"@type":"PropertyValueSpecification","valueRequired":true,"valueName":"search_term_string"}}],"inLanguage":"pl-PL"},{"@type":"Person","@id":"https:\/\/www.sklep.demarco.pl\/blog\/#\/schema\/person\/38456e8269588abfbbdda5bc04dad142","name":"de marco","image":{"@type":"ImageObject","inLanguage":"pl-PL","@id":"https:\/\/secure.gravatar.com\/avatar\/1d03f06a246921ea2531e9b59fe2dcd5a125b6b3339bedd531ae0d7e4bb25f99?s=96&d=mm&r=g","url":"https:\/\/secure.gravatar.com\/avatar\/1d03f06a246921ea2531e9b59fe2dcd5a125b6b3339bedd531ae0d7e4bb25f99?s=96&d=mm&r=g","contentUrl":"https:\/\/secure.gravatar.com\/avatar\/1d03f06a246921ea2531e9b59fe2dcd5a125b6b3339bedd531ae0d7e4bb25f99?s=96&d=mm&r=g","caption":"de marco"},"url":"https:\/\/www.sklep.demarco.pl\/blog\/author\/de-marco\/"}]}},"builder_content":"","_links":{"self":[{"href":"https:\/\/www.sklep.demarco.pl\/blog\/wp-json\/wp\/v2\/posts\/17443","targetHints":{"allow":["GET"]}}],"collection":[{"href":"https:\/\/www.sklep.demarco.pl\/blog\/wp-json\/wp\/v2\/posts"}],"about":[{"href":"https:\/\/www.sklep.demarco.pl\/blog\/wp-json\/wp\/v2\/types\/post"}],"author":[{"embeddable":true,"href":"https:\/\/www.sklep.demarco.pl\/blog\/wp-json\/wp\/v2\/users\/1"}],"replies":[{"embeddable":true,"href":"https:\/\/www.sklep.demarco.pl\/blog\/wp-json\/wp\/v2\/comments?post=17443"}],"version-history":[{"count":10,"href":"https:\/\/www.sklep.demarco.pl\/blog\/wp-json\/wp\/v2\/posts\/17443\/revisions"}],"predecessor-version":[{"id":17476,"href":"https:\/\/www.sklep.demarco.pl\/blog\/wp-json\/wp\/v2\/posts\/17443\/revisions\/17476"}],"wp:featuredmedia":[{"embeddable":true,"href":"https:\/\/www.sklep.demarco.pl\/blog\/wp-json\/wp\/v2\/media\/17473"}],"wp:attachment":[{"href":"https:\/\/www.sklep.demarco.pl\/blog\/wp-json\/wp\/v2\/media?parent=17443"}],"wp:term":[{"taxonomy":"category","embeddable":true,"href":"https:\/\/www.sklep.demarco.pl\/blog\/wp-json\/wp\/v2\/categories?post=17443"},{"taxonomy":"post_tag","embeddable":true,"href":"https:\/\/www.sklep.demarco.pl\/blog\/wp-json\/wp\/v2\/tags?post=17443"}],"curies":[{"name":"wp","href":"https:\/\/api.w.org\/{rel}","templated":true}]}}