{"id":17293,"date":"2024-11-08T13:42:27","date_gmt":"2024-11-08T13:42:27","guid":{"rendered":"https:\/\/www.sklep.demarco.pl\/blog\/?p=17293"},"modified":"2024-11-08T13:42:50","modified_gmt":"2024-11-08T13:42:50","slug":"eleganckie-stylizacje-na-zimowe-uroczystosci-polka-dots","status":"publish","type":"post","link":"https:\/\/www.sklep.demarco.pl\/blog\/eleganckie-stylizacje-na-zimowe-uroczystosci-polka-dots\/","title":{"rendered":"Eleganckie stylizacje na zimowe uroczysto\u015bci &#8211; Polka Dots"},"content":{"rendered":"\n<p>Ekskluzywne i modne stylizacje na zim\u0119 De Marco <strong>Projektowanie i szycie na miar\u0119 online<\/strong><\/p>\n\n\n\n<p><strong>Szanowni Pa\u0144stwo,<\/strong><\/p>\n\n\n\n<p>Zima to czas, gdy \u015bwiat nabiera wyj\u0105tkowego blasku \u2013 \u015bwi\u0105teczne uroczysto\u015bci, bale karnawa\u0142owe i spotkania firmowe wprowadzaj\u0105 nas w magiczn\u0105 atmosfer\u0119 celebrowania najpi\u0119kniejszych chwil. W takich momentach odpowiednia stylizacja staje si\u0119 kluczowym elementem, pozwalaj\u0105c nam podkre\u015bli\u0107 charakter wydarzenia, a jednocze\u015bnie wyrazi\u0107 w\u0142asny styl. W\u015br\u00f3d r\u00f3\u017cnorodnych trend\u00f3w modowych jedno pozostaje niezmienne \u2013 <strong>ponadczasowy urok groch\u00f3w i kropek<\/strong>, znanych r\u00f3wnie\u017c jako styl <strong>Polka Dots<\/strong>.<\/p>\n\n\n\n<figure class=\"wp-block-image size-large\"><a href=\"https:\/\/www.sklep.demarco.pl\/ekskluzywna-sukienka-justicja\" target=\"_blank\" rel=\"noreferrer noopener\"><img loading=\"lazy\" decoding=\"async\" width=\"1024\" height=\"453\" src=\"https:\/\/www.sklep.demarco.pl\/blog\/wp-content\/uploads\/2024\/10\/2.04.24-str-glowna-duzyArtboard1-1024x453.jpg\" alt=\"Eleganckie i modne stylizacje na zim\u0119, wiosn\u0119, lato, jesie\u0144. Sukienki na wesele, garsonki do pracy i garnitury damskie oraz wieczorowe fraki szyte na miar\u0119 w De Marco. co jest modne w tym sezonie? Motyw polka dots klasyka w nowoczesnym wydaniu\" class=\"wp-image-17159\" srcset=\"https:\/\/www.sklep.demarco.pl\/blog\/wp-content\/uploads\/2024\/10\/2.04.24-str-glowna-duzyArtboard1-1024x453.jpg 1024w, https:\/\/www.sklep.demarco.pl\/blog\/wp-content\/uploads\/2024\/10\/2.04.24-str-glowna-duzyArtboard1-300x133.jpg 300w, https:\/\/www.sklep.demarco.pl\/blog\/wp-content\/uploads\/2024\/10\/2.04.24-str-glowna-duzyArtboard1-768x340.jpg 768w, https:\/\/www.sklep.demarco.pl\/blog\/wp-content\/uploads\/2024\/10\/2.04.24-str-glowna-duzyArtboard1-1536x680.jpg 1536w, https:\/\/www.sklep.demarco.pl\/blog\/wp-content\/uploads\/2024\/10\/2.04.24-str-glowna-duzyArtboard1.jpg 1903w\" sizes=\"auto, (max-width: 1024px) 100vw, 1024px\" \/><\/a><\/figure>\n\n\n\n<p>Czytaj r\u00f3wnie\u017c: <a href=\"https:\/\/www.sklep.demarco.pl\/blog\/modne-sukienki-i-garsonki-z-dzianiny-swetrowej-do-pracy-i-na-swieta\/\">Modne sukienki i garsonki z dzianiny swetrowej do pracy i na \u015bwi\u0119ta<\/a><\/p>\n\n\n\n<h3 class=\"wp-block-heading\"><strong>Polka Dots \u2013 klasyka w nowoczesnym wydaniu<\/strong><\/h3>\n\n\n\n<p>Motyw groch\u00f3w to esencja szyku, kt\u00f3ry nigdy nie wychodzi z mody. <strong>Styl Polka Dots<\/strong> potrafi w subtelny spos\u00f3b \u0142\u0105czy\u0107 klasyk\u0119 z nowoczesno\u015bci\u0105, tworz\u0105c stylizacje pe\u0142ne wdzi\u0119ku i elegancji. W po\u0142\u0105czeniu z wysokojako\u015bciowymi tkaninami, takimi jak \u017cakard bawe\u0142niany przeplatany srebrn\u0105 nici\u0105, grochy nabieraj\u0105 zupe\u0142nie nowego wymiaru \u2013 staj\u0105c si\u0119 wyrazem luksusu i dobrego smaku.<\/p>\n\n\n\n<figure class=\"wp-block-embed is-type-wp-embed is-provider-de-marco wp-block-embed-de-marco\"><div class=\"wp-block-embed__wrapper\">\n<blockquote class=\"wp-embedded-content\" data-secret=\"kCQwmtAAkH\"><a href=\"https:\/\/www.sklep.demarco.pl\/blog\/damski-garnitur-szyty-na-miare-warszawa-karkow-wroclaw-gdansk-poznan\/\">Damski garnitur szyty na miar\u0119 Warszawa, Kark\u00f3w, Wroc\u0142aw, Gda\u0144sk, Pozna\u0144 \u2026<\/a><\/blockquote><iframe loading=\"lazy\" class=\"wp-embedded-content\" sandbox=\"allow-scripts\" security=\"restricted\" style=\"position: absolute; visibility: hidden;\" title=\"&#8222;Damski garnitur szyty na miar\u0119 Warszawa, Kark\u00f3w, Wroc\u0142aw, Gda\u0144sk, Pozna\u0144 \u2026&#8221; &#8212; De Marco\" src=\"https:\/\/www.sklep.demarco.pl\/blog\/damski-garnitur-szyty-na-miare-warszawa-karkow-wroclaw-gdansk-poznan\/embed\/#?secret=q5spDhr2Fi#?secret=kCQwmtAAkH\" data-secret=\"kCQwmtAAkH\" width=\"500\" height=\"282\" frameborder=\"0\" marginwidth=\"0\" marginheight=\"0\" scrolling=\"no\"><\/iframe>\n<\/div><\/figure>\n\n\n\n<p>Czytaj r\u00f3wnie\u017c: <a href=\"https:\/\/www.sklep.demarco.pl\/blog\/eleganckie-sukienki-na-komunie-dla-mamy-babci-i-matki-chrzestnej\/\">Eleganckie sukienki na komuni\u0119 dla mamy, babci i matki chrzestnej<\/a><\/p>\n\n\n\n<h3 class=\"wp-block-heading\"><strong>Eleganckie stylizacje na zimowe uroczysto\u015bci<\/strong><\/h3>\n\n\n\n<p>W Atelier De Marco doskonale rozumiemy potrzeby naszych Klientek, kt\u00f3re pragn\u0105 wygl\u0105da\u0107 ol\u015bniewaj\u0105co podczas zimowych wydarze\u0144. Nasze kolekcje obejmuj\u0105 zar\u00f3wno <strong>sukienki, jak i garnitury oraz fraki damskie<\/strong>, kt\u00f3re \u015bwietnie sprawdzaj\u0105 si\u0119 podczas wszelkiego rodzaju uroczysto\u015bci \u2013 od formalnych przyj\u0119\u0107 po bale charytatywne.<\/p>\n\n\n\n<figure class=\"wp-block-image size-large\"><a href=\"https:\/\/www.sklep.demarco.pl\/klasyczna-prosta-sukienka-dajena\" target=\"_blank\" rel=\"noreferrer noopener\"><img loading=\"lazy\" decoding=\"async\" width=\"1024\" height=\"453\" src=\"https:\/\/www.sklep.demarco.pl\/blog\/wp-content\/uploads\/2024\/11\/2.04.24-str-glowna-duzyArtboard3-1024x453.jpg\" alt=\"\" class=\"wp-image-17295\" srcset=\"https:\/\/www.sklep.demarco.pl\/blog\/wp-content\/uploads\/2024\/11\/2.04.24-str-glowna-duzyArtboard3-1024x453.jpg 1024w, https:\/\/www.sklep.demarco.pl\/blog\/wp-content\/uploads\/2024\/11\/2.04.24-str-glowna-duzyArtboard3-300x133.jpg 300w, https:\/\/www.sklep.demarco.pl\/blog\/wp-content\/uploads\/2024\/11\/2.04.24-str-glowna-duzyArtboard3-768x340.jpg 768w, https:\/\/www.sklep.demarco.pl\/blog\/wp-content\/uploads\/2024\/11\/2.04.24-str-glowna-duzyArtboard3-1536x680.jpg 1536w, https:\/\/www.sklep.demarco.pl\/blog\/wp-content\/uploads\/2024\/11\/2.04.24-str-glowna-duzyArtboard3.jpg 1903w\" sizes=\"auto, (max-width: 1024px) 100vw, 1024px\" \/><\/a><\/figure>\n\n\n\n<p>Proponujemy Pa\u0144stwu stylizacje, w kt\u00f3rych <strong>Polka Dots<\/strong> staj\u0105 si\u0119 subtelnym akcentem, prze\u0142amanym jednolit\u0105 palet\u0105 barw. <strong>Granat<\/strong> i <strong>zgaszona biel<\/strong> to kolory idealne na zimowe wieczory \u2013 eleganckie, a jednocze\u015bnie nienachalnie podkre\u015blaj\u0105ce uroczysty charakter wydarzenia. Dzi\u0119ki zastosowaniu \u017cakardu z delikatnym po\u0142yskiem ka\u017cda kreacja zyskuje wyj\u0105tkow\u0105 g\u0142\u0119bi\u0119 i elegancj\u0119.<\/p>\n\n\n\n<p>Czytaj r\u00f3wnie\u017c: <a href=\"https:\/\/www.sklep.demarco.pl\/blog\/szycie-na-miare-sukienki-wieczorowej\/\">Szycie na miar\u0119 sukienki wieczorowej<\/a><\/p>\n\n\n\n<h3 class=\"wp-block-heading\"><strong>Kreacje z charakterem \u2013 od przyj\u0119cia po bal<\/strong> &#8211; modne stylizacje na zim\u0119<\/h3>\n\n\n\n<p>Ka\u017cde wydarzenie rz\u0105dzi si\u0119 swoimi prawami i wymaga nieco innej stylizacji. <strong>Na bale karnawa\u0142owe<\/strong> polecamy d\u0142u\u017csze suknie z finezyjnymi krojami, kt\u00f3re pozwalaj\u0105 poczu\u0107 si\u0119 jak w blasku reflektor\u00f3w. Z kolei na <strong>imprezy firmowe<\/strong> idealne b\u0119d\u0105 eleganckie garnitury lub sukienki w stylu wizytowym, kt\u00f3re podkre\u015bl\u0105 profesjonalizm i dobry gust.<\/p>\n\n\n\n<figure class=\"wp-block-image size-large\"><a href=\"https:\/\/www.sklep.demarco.pl\/elegancka-kamizelka-mirabella\" target=\"_blank\" rel=\"noreferrer noopener\"><img loading=\"lazy\" decoding=\"async\" width=\"1024\" height=\"453\" src=\"https:\/\/www.sklep.demarco.pl\/blog\/wp-content\/uploads\/2024\/11\/2.04.24-str-glowna-duzyArtboard4-1024x453.jpg\" alt=\"Eleganckie komplet z kamizelk\u0105 i spodniami na wesele, rozdanie nagr\u00f3d, gal\u0119 biznesow\u0105. Modne komplety \u017cakiet z sukienk\u0105 do pracy. Wyszczuplaj\u0105ce granatowe sukienki wizytowe. Najpi\u0119kniejsze nowoczesne garsonki De Marco\" class=\"wp-image-17296\" srcset=\"https:\/\/www.sklep.demarco.pl\/blog\/wp-content\/uploads\/2024\/11\/2.04.24-str-glowna-duzyArtboard4-1024x453.jpg 1024w, https:\/\/www.sklep.demarco.pl\/blog\/wp-content\/uploads\/2024\/11\/2.04.24-str-glowna-duzyArtboard4-300x133.jpg 300w, https:\/\/www.sklep.demarco.pl\/blog\/wp-content\/uploads\/2024\/11\/2.04.24-str-glowna-duzyArtboard4-768x340.jpg 768w, https:\/\/www.sklep.demarco.pl\/blog\/wp-content\/uploads\/2024\/11\/2.04.24-str-glowna-duzyArtboard4-1536x680.jpg 1536w, https:\/\/www.sklep.demarco.pl\/blog\/wp-content\/uploads\/2024\/11\/2.04.24-str-glowna-duzyArtboard4.jpg 1903w\" sizes=\"auto, (max-width: 1024px) 100vw, 1024px\" \/><\/a><\/figure>\n\n\n\n<p>Nasze projekty wyr\u00f3\u017cnia <strong>niepowtarzalno\u015b\u0107<\/strong> \u2013 ka\u017cdy model jest tworzony z my\u015bl\u0105 o indywidualnych potrzebach Klientki, zapewniaj\u0105c doskona\u0142e dopasowanie i komfort noszenia. W ten spos\u00f3b ka\u017cda kobieta, niezale\u017cnie od okazji, mo\u017ce czu\u0107 si\u0119 wyj\u0105tkowo i pewnie.<\/p>\n\n\n\n<p>Czytaj r\u00f3wnie\u017c: <a href=\"https:\/\/www.demarco.pl\/wyszczuplajace-i-eleganckie-sukienki-wizytowe-w-stylu-glamour\/\">Wyszczuplaj\u0105ce i eleganckie sukienki wizytowe w stylu glamour.<\/a><\/p>\n\n\n\n<h3 class=\"wp-block-heading\"><strong>Projektowanie i szycie na miar\u0119 online<\/strong> &#8211; modne stylizacje na zim\u0119, wiosn\u0119, lato, jesie\u0144<\/h3>\n\n\n\n<figure class=\"wp-block-gallery has-nested-images columns-default is-cropped wp-block-gallery-1 is-layout-flex wp-block-gallery-is-layout-flex\">\n<figure class=\"wp-block-image size-large\"><a href=\"https:\/\/www.sklep.demarco.pl\/ekskluzywna-sukienka-justicja\" target=\"_blank\" rel=\"noreferrer noopener\"><img loading=\"lazy\" decoding=\"async\" width=\"768\" height=\"1024\" data-id=\"17297\" src=\"https:\/\/www.sklep.demarco.pl\/blog\/wp-content\/uploads\/2024\/11\/IMG_20210729_133908-768x1024-1.webp\" alt=\"\" class=\"wp-image-17297\" srcset=\"https:\/\/www.sklep.demarco.pl\/blog\/wp-content\/uploads\/2024\/11\/IMG_20210729_133908-768x1024-1.webp 768w, https:\/\/www.sklep.demarco.pl\/blog\/wp-content\/uploads\/2024\/11\/IMG_20210729_133908-768x1024-1-225x300.webp 225w\" sizes=\"auto, (max-width: 768px) 100vw, 768px\" \/><\/a><\/figure>\n\n\n\n<figure class=\"wp-block-image size-large\"><a href=\"https:\/\/www.sklep.demarco.pl\/elegancki-zestaw-dajena\" target=\"_blank\" rel=\"noreferrer noopener\"><img loading=\"lazy\" decoding=\"async\" width=\"690\" height=\"1024\" data-id=\"17298\" src=\"https:\/\/www.sklep.demarco.pl\/blog\/wp-content\/uploads\/2024\/11\/IMG_6153-scaled-1-690x1024.webp\" alt=\"\" class=\"wp-image-17298\" srcset=\"https:\/\/www.sklep.demarco.pl\/blog\/wp-content\/uploads\/2024\/11\/IMG_6153-scaled-1-690x1024.webp 690w, https:\/\/www.sklep.demarco.pl\/blog\/wp-content\/uploads\/2024\/11\/IMG_6153-scaled-1-202x300.webp 202w, https:\/\/www.sklep.demarco.pl\/blog\/wp-content\/uploads\/2024\/11\/IMG_6153-scaled-1-768x1140.webp 768w, https:\/\/www.sklep.demarco.pl\/blog\/wp-content\/uploads\/2024\/11\/IMG_6153-scaled-1-1034x1536.webp 1034w, https:\/\/www.sklep.demarco.pl\/blog\/wp-content\/uploads\/2024\/11\/IMG_6153-scaled-1-1379x2048.webp 1379w, https:\/\/www.sklep.demarco.pl\/blog\/wp-content\/uploads\/2024\/11\/IMG_6153-scaled-1.webp 1724w\" sizes=\"auto, (max-width: 690px) 100vw, 690px\" \/><\/a><\/figure>\n\n\n\n<figure class=\"wp-block-image size-large\"><a href=\"https:\/\/www.sklep.demarco.pl\/ekskluzywna-sukienka-justicja\" target=\"_blank\" rel=\"noreferrer noopener\"><img loading=\"lazy\" decoding=\"async\" width=\"768\" height=\"1024\" data-id=\"17299\" src=\"https:\/\/www.sklep.demarco.pl\/blog\/wp-content\/uploads\/2024\/11\/IMG_20190911_132508-768x1024.jpg\" alt=\"\" class=\"wp-image-17299\" srcset=\"https:\/\/www.sklep.demarco.pl\/blog\/wp-content\/uploads\/2024\/11\/IMG_20190911_132508-768x1024.jpg 768w, https:\/\/www.sklep.demarco.pl\/blog\/wp-content\/uploads\/2024\/11\/IMG_20190911_132508-225x300.jpg 225w, https:\/\/www.sklep.demarco.pl\/blog\/wp-content\/uploads\/2024\/11\/IMG_20190911_132508-1152x1536.jpg 1152w, https:\/\/www.sklep.demarco.pl\/blog\/wp-content\/uploads\/2024\/11\/IMG_20190911_132508-1536x2048.jpg 1536w, https:\/\/www.sklep.demarco.pl\/blog\/wp-content\/uploads\/2024\/11\/IMG_20190911_132508-scaled.jpg 1920w\" sizes=\"auto, (max-width: 768px) 100vw, 768px\" \/><\/a><\/figure>\n\n\n\n<figure class=\"wp-block-image size-large\"><a href=\"https:\/\/www.sklep.demarco.pl\/ekskluzywna-sukienka-justicja\" target=\"_blank\" rel=\"noreferrer noopener\"><img loading=\"lazy\" decoding=\"async\" width=\"938\" height=\"626\" data-id=\"17300\" src=\"https:\/\/www.sklep.demarco.pl\/blog\/wp-content\/uploads\/2024\/11\/agata-duda-przegrala-w-sondazu-z-jolanta-kwasniewska.jpeg\" alt=\"\" class=\"wp-image-17300\" srcset=\"https:\/\/www.sklep.demarco.pl\/blog\/wp-content\/uploads\/2024\/11\/agata-duda-przegrala-w-sondazu-z-jolanta-kwasniewska.jpeg 938w, https:\/\/www.sklep.demarco.pl\/blog\/wp-content\/uploads\/2024\/11\/agata-duda-przegrala-w-sondazu-z-jolanta-kwasniewska-300x200.jpeg 300w, https:\/\/www.sklep.demarco.pl\/blog\/wp-content\/uploads\/2024\/11\/agata-duda-przegrala-w-sondazu-z-jolanta-kwasniewska-768x513.jpeg 768w\" sizes=\"auto, (max-width: 938px) 100vw, 938px\" \/><\/a><\/figure>\n\n\n\n<figure class=\"wp-block-image size-large\"><a href=\"https:\/\/www.sklep.demarco.pl\/elegancki-komplet-dajena\" target=\"_blank\" rel=\"noreferrer noopener\"><img loading=\"lazy\" decoding=\"async\" width=\"768\" height=\"1024\" data-id=\"17301\" src=\"https:\/\/www.sklep.demarco.pl\/blog\/wp-content\/uploads\/2024\/11\/IMG_20220224_095242-768x1024.jpg\" alt=\"\" class=\"wp-image-17301\" srcset=\"https:\/\/www.sklep.demarco.pl\/blog\/wp-content\/uploads\/2024\/11\/IMG_20220224_095242-768x1024.jpg 768w, https:\/\/www.sklep.demarco.pl\/blog\/wp-content\/uploads\/2024\/11\/IMG_20220224_095242-225x300.jpg 225w, https:\/\/www.sklep.demarco.pl\/blog\/wp-content\/uploads\/2024\/11\/IMG_20220224_095242-1152x1536.jpg 1152w, https:\/\/www.sklep.demarco.pl\/blog\/wp-content\/uploads\/2024\/11\/IMG_20220224_095242-1536x2048.jpg 1536w, https:\/\/www.sklep.demarco.pl\/blog\/wp-content\/uploads\/2024\/11\/IMG_20220224_095242-scaled.jpg 1920w\" sizes=\"auto, (max-width: 768px) 100vw, 768px\" \/><\/a><\/figure>\n<\/figure>\n\n\n\n<p>Je\u017celi poszukuj\u0105 Pa\u0144stwo stylizacji, kt\u00f3re \u0142\u0105cz\u0105 w sobie <strong>elegancj\u0119, klas\u0119 i ponadczasowy urok<\/strong>, zach\u0119camy do zapoznania si\u0119 z ofert\u0105 Atelier De Marco. Nasze kreacje oparte na motywie <strong>Polka Dots<\/strong> to idealny wyb\u00f3r na ka\u017cd\u0105 zimow\u0105 uroczysto\u015b\u0107 \u2013 od spotka\u0144 \u015bwi\u0105tecznych, przez firmowe bankiety, a\u017c po wyj\u0105tkowe bale. Zapraszamy do odwiedzenia naszego sklepu internetowego, gdzie znajd\u0105 Pa\u0144stwo unikatowe modele, kt\u00f3re pomog\u0105 stworzy\u0107 niezapomniane stylizacje.<\/p>\n\n\n\n<p><strong>Niech tej zimy elegancja stanie si\u0119 Pa\u0144stwa znakiem rozpoznawczym.<\/strong><\/p>\n\n\n\n<figure class=\"wp-block-embed is-type-wp-embed is-provider-de-marco wp-block-embed-de-marco\"><div class=\"wp-block-embed__wrapper\">\n<blockquote class=\"wp-embedded-content\" data-secret=\"Mxhd70fEo3\"><a href=\"https:\/\/www.sklep.demarco.pl\/blog\/ekskluzywna-odziez-damska-de-marco-szycie-na-miare\/\">Ekskluzywna odzie\u017c damska De Marco szycie na miar\u0119<\/a><\/blockquote><iframe loading=\"lazy\" class=\"wp-embedded-content\" sandbox=\"allow-scripts\" security=\"restricted\" style=\"position: absolute; visibility: hidden;\" title=\"&#8222;Ekskluzywna odzie\u017c damska De Marco szycie na miar\u0119&#8221; &#8212; De Marco\" src=\"https:\/\/www.sklep.demarco.pl\/blog\/ekskluzywna-odziez-damska-de-marco-szycie-na-miare\/embed\/#?secret=Nqx0GKkYCS#?secret=Mxhd70fEo3\" data-secret=\"Mxhd70fEo3\" width=\"500\" height=\"282\" frameborder=\"0\" marginwidth=\"0\" marginheight=\"0\" scrolling=\"no\"><\/iframe>\n<\/div><\/figure>\n\n\n\n<p>Czytaj r\u00f3wnie\u017c: <a href=\"https:\/\/www.demarco.pl\/atelier-wladyslawy-fraczek-sztuka-krawiectwa-miarowego\/\">Atelier W\u0142adys\u0142awy Fr\u0105czek: Sztuka Krawiectwa miarowego<\/a><\/p>\n\n\n<!-- wp:themify-builder\/canvas \/-->","protected":false},"excerpt":{"rendered":"<p>Ekskluzywne i modne stylizacje na zim\u0119 De Marco Projektowanie i szycie na miar\u0119 online Szanowni Pa\u0144stwo, Zima to czas, gdy \u015bwiat nabiera wyj\u0105tkowego blasku \u2013 \u015bwi\u0105teczne uroczysto\u015bci, bale karnawa\u0142owe i spotkania firmowe wprowadzaj\u0105 nas w magiczn\u0105 atmosfer\u0119 celebrowania najpi\u0119kniejszych chwil. W takich momentach odpowiednia stylizacja staje si\u0119 kluczowym elementem, pozwalaj\u0105c nam podkre\u015bli\u0107 charakter wydarzenia, a [&hellip;]<\/p>\n","protected":false},"author":1,"featured_media":17294,"comment_status":"closed","ping_status":"closed","sticky":false,"template":"","format":"standard","meta":{"footnotes":"","_links_to":"","_links_to_target":""},"categories":[15],"tags":[3766,3768,3963,200,262,4456,82,469,135,4470,322,309,3778,171,3491,3487,287,3529,4454,3810,324,3784,2247,3331,321,345,3862,272,4019,3329,3341,3339,4312,255,3824,478,3792,3788,4316,3814,387,3780,2091,176,217],"class_list":["post-17293","post","type-post","status-publish","format-standard","has-post-thumbnail","hentry","category-metamorfoza","tag-butik-de-marco","tag-butik-odziez-damska","tag-butik-z-elegancka-odzieza-damska","tag-ciekawe-stylizacje-na-wesele","tag-co-zalozyc-na-telekonferencje","tag-cudowne-sukienki-na-wesele","tag-de-marco","tag-de-marco-ekskluzywna-marka","tag-de-marco-frydrychowice","tag-dlugie-zwiewne-sukienki-na-wesele","tag-dwuczesciowy-komplet-na-wesele","tag-ekologiczna-odziez","tag-ekskluzywna-odziez","tag-ekskluzywna-odziez-damska","tag-ekskluzywna-odziez-damska-polskich-producentow","tag-ekskluzywna-odziez-damska-producent","tag-ekskluzywna-sukienka-na-wesele","tag-ekskluzywne-garsonki-na-wesele","tag-ekskluzywne-sukienki-na-wesele","tag-ekskluzywne-ubrania-butik","tag-ekskluzywny-komplet-na-wesele","tag-elegancja","tag-elegancka-babcia","tag-elegancka-bluzka","tag-elegancka-garsonka","tag-elegancka-granatowa-sukienka","tag-elegancka-kobieta","tag-elegancka-mala-czarna","tag-elegancka-moda-damska","tag-elegancka-odziez","tag-elegancka-odziez-damska","tag-elegancka-odziez-damska-sklep-internetowy","tag-elegancka-odziez-dla-kobiety","tag-luksusowa-odziez-damska","tag-marka-premium-odziez","tag-markowa-odziez-damska","tag-minimalistyczna-marka-odziezowa","tag-minimalizm-w-modzie","tag-odziez-biurowa","tag-odziez-dobrej-jakosci","tag-odziez-dyplomatyczna","tag-odziez-ekskluzywna","tag-pierwsza-dama-butik-frydrychowice","tag-sklep-de-marco","tag-sklep-internetowy"],"yoast_head":"<!-- This site is optimized with the Yoast SEO plugin v27.4 - https:\/\/yoast.com\/product\/yoast-seo-wordpress\/ -->\n<title>Eleganckie stylizacje na zimowe uroczysto\u015bci - Polka Dots - De Marco<\/title>\n<meta name=\"description\" content=\"Eleganckie sukienki, garnitury damskie i komplety Projektowanie i szycie na miar\u0119 online - modne stylizacje na zim\u0119, wiosn\u0119, lato, jesie\u0144\" \/>\n<meta name=\"robots\" content=\"index, follow, max-snippet:-1, max-image-preview:large, max-video-preview:-1\" \/>\n<link rel=\"canonical\" href=\"https:\/\/www.sklep.demarco.pl\/blog\/eleganckie-stylizacje-na-zimowe-uroczystosci-polka-dots\/\" \/>\n<meta property=\"og:locale\" content=\"pl_PL\" \/>\n<meta property=\"og:type\" content=\"article\" \/>\n<meta property=\"og:title\" content=\"Eleganckie stylizacje na zimowe uroczysto\u015bci - Polka Dots - De Marco\" \/>\n<meta property=\"og:description\" content=\"Eleganckie sukienki, garnitury damskie i komplety Projektowanie i szycie na miar\u0119 online - modne stylizacje na zim\u0119, wiosn\u0119, lato, jesie\u0144\" \/>\n<meta property=\"og:url\" content=\"https:\/\/www.sklep.demarco.pl\/blog\/eleganckie-stylizacje-na-zimowe-uroczystosci-polka-dots\/\" \/>\n<meta property=\"og:site_name\" content=\"De Marco\" \/>\n<meta property=\"article:publisher\" content=\"https:\/\/www.facebook.com\/DeMarco.Styl\" \/>\n<meta property=\"article:published_time\" content=\"2024-11-08T13:42:27+00:00\" \/>\n<meta property=\"article:modified_time\" content=\"2024-11-08T13:42:50+00:00\" \/>\n<meta property=\"og:image\" content=\"https:\/\/www.sklep.demarco.pl\/blog\/wp-content\/uploads\/2024\/11\/2.04.24-post-x3-Artboard21.jpg\" \/>\n\t<meta property=\"og:image:width\" content=\"1441\" \/>\n\t<meta property=\"og:image:height\" content=\"1080\" \/>\n\t<meta property=\"og:image:type\" content=\"image\/jpeg\" \/>\n<meta name=\"author\" content=\"de marco\" \/>\n<meta name=\"twitter:label1\" content=\"Napisane przez\" \/>\n\t<meta name=\"twitter:data1\" content=\"de marco\" \/>\n\t<meta name=\"twitter:label2\" content=\"Szacowany czas czytania\" \/>\n\t<meta name=\"twitter:data2\" content=\"5 minut\" \/>\n<script type=\"application\/ld+json\" class=\"yoast-schema-graph\">{\"@context\":\"https:\\\/\\\/schema.org\",\"@graph\":[{\"@type\":\"Article\",\"@id\":\"https:\\\/\\\/www.sklep.demarco.pl\\\/blog\\\/eleganckie-stylizacje-na-zimowe-uroczystosci-polka-dots\\\/#article\",\"isPartOf\":{\"@id\":\"https:\\\/\\\/www.sklep.demarco.pl\\\/blog\\\/eleganckie-stylizacje-na-zimowe-uroczystosci-polka-dots\\\/\"},\"author\":{\"name\":\"de marco\",\"@id\":\"https:\\\/\\\/www.sklep.demarco.pl\\\/blog\\\/#\\\/schema\\\/person\\\/38456e8269588abfbbdda5bc04dad142\"},\"headline\":\"Eleganckie stylizacje na zimowe uroczysto\u015bci &#8211; Polka Dots\",\"datePublished\":\"2024-11-08T13:42:27+00:00\",\"dateModified\":\"2024-11-08T13:42:50+00:00\",\"mainEntityOfPage\":{\"@id\":\"https:\\\/\\\/www.sklep.demarco.pl\\\/blog\\\/eleganckie-stylizacje-na-zimowe-uroczystosci-polka-dots\\\/\"},\"wordCount\":568,\"image\":{\"@id\":\"https:\\\/\\\/www.sklep.demarco.pl\\\/blog\\\/eleganckie-stylizacje-na-zimowe-uroczystosci-polka-dots\\\/#primaryimage\"},\"thumbnailUrl\":\"https:\\\/\\\/www.sklep.demarco.pl\\\/blog\\\/wp-content\\\/uploads\\\/2024\\\/11\\\/2.04.24-post-x3-Artboard21.jpg\",\"keywords\":[\"butik De Marco\",\"Butik odzie\u017c damska\",\"Butik z eleganck\u0105 odzie\u017c\u0105 damsk\u0105\",\"ciekawe stylizacje na wesele\",\"Co za\u0142o\u017cy\u0107 na telekonferencj\u0119?\",\"Cudowne sukienki na wesele\",\"De Marco\",\"De Marco ekskluzywna marka\",\"De Marco Frydrychowice\",\"D\u0142ugie zwiewne sukienki na wesele\",\"Dwucz\u0119\u015bciowy komplet na wesele\",\"Ekologiczna odzie\u017c\",\"Ekskluzywna odzie\u017c\",\"Ekskluzywna odzie\u017c damska\",\"Ekskluzywna odzie\u017c damska polskich producent\u00f3w\",\"Ekskluzywna odzie\u017c damska producent\",\"ekskluzywna sukienka na wesele\",\"Ekskluzywne garsonki na wesele\",\"Ekskluzywne sukienki na wesele\",\"ekskluzywne ubrania butik\",\"Ekskluzywny komplet na wesele.\",\"elegancja\",\"elegancka babcia\",\"elegancka bluzka\",\"elegancka garsonka\",\"Elegancka granatowa sukienka\",\"elegancka kobieta\",\"elegancka ma\u0142a czarna\",\"elegancka moda damska\",\"elegancka odzie\u017c\",\"elegancka odzie\u017c damska\",\"Elegancka odzie\u017c damska sklep internetowy\",\"Elegancka odzie\u017c dla kobiety\",\"luksusowa odzie\u017c damska\",\"marka premium odzie\u017c\",\"markowa odzie\u017c damska\",\"minimalistyczna marka odzie\u017cowa\",\"minimalizm w modzie\",\"odzie\u017c biurowa\",\"odzie\u017c dobrej jako\u015bci\",\"odzie\u017c dyplomatyczna\",\"odzie\u017c ekskluzywna\",\"Pierwsza Dama Butik Frydrychowice\",\"sklep De marco\",\"sklep internetowy\"],\"articleSection\":[\"METAMORFOZA\"],\"inLanguage\":\"pl-PL\"},{\"@type\":\"WebPage\",\"@id\":\"https:\\\/\\\/www.sklep.demarco.pl\\\/blog\\\/eleganckie-stylizacje-na-zimowe-uroczystosci-polka-dots\\\/\",\"url\":\"https:\\\/\\\/www.sklep.demarco.pl\\\/blog\\\/eleganckie-stylizacje-na-zimowe-uroczystosci-polka-dots\\\/\",\"name\":\"Eleganckie stylizacje na zimowe uroczysto\u015bci - Polka Dots - De Marco\",\"isPartOf\":{\"@id\":\"https:\\\/\\\/www.sklep.demarco.pl\\\/blog\\\/#website\"},\"primaryImageOfPage\":{\"@id\":\"https:\\\/\\\/www.sklep.demarco.pl\\\/blog\\\/eleganckie-stylizacje-na-zimowe-uroczystosci-polka-dots\\\/#primaryimage\"},\"image\":{\"@id\":\"https:\\\/\\\/www.sklep.demarco.pl\\\/blog\\\/eleganckie-stylizacje-na-zimowe-uroczystosci-polka-dots\\\/#primaryimage\"},\"thumbnailUrl\":\"https:\\\/\\\/www.sklep.demarco.pl\\\/blog\\\/wp-content\\\/uploads\\\/2024\\\/11\\\/2.04.24-post-x3-Artboard21.jpg\",\"datePublished\":\"2024-11-08T13:42:27+00:00\",\"dateModified\":\"2024-11-08T13:42:50+00:00\",\"author\":{\"@id\":\"https:\\\/\\\/www.sklep.demarco.pl\\\/blog\\\/#\\\/schema\\\/person\\\/38456e8269588abfbbdda5bc04dad142\"},\"description\":\"Eleganckie sukienki, garnitury damskie i komplety Projektowanie i szycie na miar\u0119 online - modne stylizacje na zim\u0119, wiosn\u0119, lato, jesie\u0144\",\"breadcrumb\":{\"@id\":\"https:\\\/\\\/www.sklep.demarco.pl\\\/blog\\\/eleganckie-stylizacje-na-zimowe-uroczystosci-polka-dots\\\/#breadcrumb\"},\"inLanguage\":\"pl-PL\",\"potentialAction\":[{\"@type\":\"ReadAction\",\"target\":[\"https:\\\/\\\/www.sklep.demarco.pl\\\/blog\\\/eleganckie-stylizacje-na-zimowe-uroczystosci-polka-dots\\\/\"]}]},{\"@type\":\"ImageObject\",\"inLanguage\":\"pl-PL\",\"@id\":\"https:\\\/\\\/www.sklep.demarco.pl\\\/blog\\\/eleganckie-stylizacje-na-zimowe-uroczystosci-polka-dots\\\/#primaryimage\",\"url\":\"https:\\\/\\\/www.sklep.demarco.pl\\\/blog\\\/wp-content\\\/uploads\\\/2024\\\/11\\\/2.04.24-post-x3-Artboard21.jpg\",\"contentUrl\":\"https:\\\/\\\/www.sklep.demarco.pl\\\/blog\\\/wp-content\\\/uploads\\\/2024\\\/11\\\/2.04.24-post-x3-Artboard21.jpg\",\"width\":1441,\"height\":1080,\"caption\":\"Eleganckie stylizacje na zimowe uroczysto\u015bci - Polka Dots Garnitury damskie, fraki, sukienki i komplety z \u017cakietem De Marco\"},{\"@type\":\"BreadcrumbList\",\"@id\":\"https:\\\/\\\/www.sklep.demarco.pl\\\/blog\\\/eleganckie-stylizacje-na-zimowe-uroczystosci-polka-dots\\\/#breadcrumb\",\"itemListElement\":[{\"@type\":\"ListItem\",\"position\":1,\"name\":\"Strona g\u0142\u00f3wna\",\"item\":\"https:\\\/\\\/www.sklep.demarco.pl\\\/blog\\\/\"},{\"@type\":\"ListItem\",\"position\":2,\"name\":\"Eleganckie stylizacje na zimowe uroczysto\u015bci &#8211; Polka Dots\"}]},{\"@type\":\"WebSite\",\"@id\":\"https:\\\/\\\/www.sklep.demarco.pl\\\/blog\\\/#website\",\"url\":\"https:\\\/\\\/www.sklep.demarco.pl\\\/blog\\\/\",\"name\":\"De Marco\",\"description\":\"The finest women&#039;s clothing manufacturer\",\"potentialAction\":[{\"@type\":\"SearchAction\",\"target\":{\"@type\":\"EntryPoint\",\"urlTemplate\":\"https:\\\/\\\/www.sklep.demarco.pl\\\/blog\\\/?s={search_term_string}\"},\"query-input\":{\"@type\":\"PropertyValueSpecification\",\"valueRequired\":true,\"valueName\":\"search_term_string\"}}],\"inLanguage\":\"pl-PL\"},{\"@type\":\"Person\",\"@id\":\"https:\\\/\\\/www.sklep.demarco.pl\\\/blog\\\/#\\\/schema\\\/person\\\/38456e8269588abfbbdda5bc04dad142\",\"name\":\"de marco\",\"image\":{\"@type\":\"ImageObject\",\"inLanguage\":\"pl-PL\",\"@id\":\"https:\\\/\\\/secure.gravatar.com\\\/avatar\\\/1d03f06a246921ea2531e9b59fe2dcd5a125b6b3339bedd531ae0d7e4bb25f99?s=96&d=mm&r=g\",\"url\":\"https:\\\/\\\/secure.gravatar.com\\\/avatar\\\/1d03f06a246921ea2531e9b59fe2dcd5a125b6b3339bedd531ae0d7e4bb25f99?s=96&d=mm&r=g\",\"contentUrl\":\"https:\\\/\\\/secure.gravatar.com\\\/avatar\\\/1d03f06a246921ea2531e9b59fe2dcd5a125b6b3339bedd531ae0d7e4bb25f99?s=96&d=mm&r=g\",\"caption\":\"de marco\"},\"url\":\"https:\\\/\\\/www.sklep.demarco.pl\\\/blog\\\/author\\\/de-marco\\\/\"}]}<\/script>\n<!-- \/ Yoast SEO plugin. -->","yoast_head_json":{"title":"Eleganckie stylizacje na zimowe uroczysto\u015bci - Polka Dots - De Marco","description":"Eleganckie sukienki, garnitury damskie i komplety Projektowanie i szycie na miar\u0119 online - modne stylizacje na zim\u0119, wiosn\u0119, lato, jesie\u0144","robots":{"index":"index","follow":"follow","max-snippet":"max-snippet:-1","max-image-preview":"max-image-preview:large","max-video-preview":"max-video-preview:-1"},"canonical":"https:\/\/www.sklep.demarco.pl\/blog\/eleganckie-stylizacje-na-zimowe-uroczystosci-polka-dots\/","og_locale":"pl_PL","og_type":"article","og_title":"Eleganckie stylizacje na zimowe uroczysto\u015bci - Polka Dots - De Marco","og_description":"Eleganckie sukienki, garnitury damskie i komplety Projektowanie i szycie na miar\u0119 online - modne stylizacje na zim\u0119, wiosn\u0119, lato, jesie\u0144","og_url":"https:\/\/www.sklep.demarco.pl\/blog\/eleganckie-stylizacje-na-zimowe-uroczystosci-polka-dots\/","og_site_name":"De Marco","article_publisher":"https:\/\/www.facebook.com\/DeMarco.Styl","article_published_time":"2024-11-08T13:42:27+00:00","article_modified_time":"2024-11-08T13:42:50+00:00","og_image":[{"width":1441,"height":1080,"url":"https:\/\/www.sklep.demarco.pl\/blog\/wp-content\/uploads\/2024\/11\/2.04.24-post-x3-Artboard21.jpg","type":"image\/jpeg"}],"author":"de marco","twitter_misc":{"Napisane przez":"de marco","Szacowany czas czytania":"5 minut"},"schema":{"@context":"https:\/\/schema.org","@graph":[{"@type":"Article","@id":"https:\/\/www.sklep.demarco.pl\/blog\/eleganckie-stylizacje-na-zimowe-uroczystosci-polka-dots\/#article","isPartOf":{"@id":"https:\/\/www.sklep.demarco.pl\/blog\/eleganckie-stylizacje-na-zimowe-uroczystosci-polka-dots\/"},"author":{"name":"de marco","@id":"https:\/\/www.sklep.demarco.pl\/blog\/#\/schema\/person\/38456e8269588abfbbdda5bc04dad142"},"headline":"Eleganckie stylizacje na zimowe uroczysto\u015bci &#8211; Polka Dots","datePublished":"2024-11-08T13:42:27+00:00","dateModified":"2024-11-08T13:42:50+00:00","mainEntityOfPage":{"@id":"https:\/\/www.sklep.demarco.pl\/blog\/eleganckie-stylizacje-na-zimowe-uroczystosci-polka-dots\/"},"wordCount":568,"image":{"@id":"https:\/\/www.sklep.demarco.pl\/blog\/eleganckie-stylizacje-na-zimowe-uroczystosci-polka-dots\/#primaryimage"},"thumbnailUrl":"https:\/\/www.sklep.demarco.pl\/blog\/wp-content\/uploads\/2024\/11\/2.04.24-post-x3-Artboard21.jpg","keywords":["butik De Marco","Butik odzie\u017c damska","Butik z eleganck\u0105 odzie\u017c\u0105 damsk\u0105","ciekawe stylizacje na wesele","Co za\u0142o\u017cy\u0107 na telekonferencj\u0119?","Cudowne sukienki na wesele","De Marco","De Marco ekskluzywna marka","De Marco Frydrychowice","D\u0142ugie zwiewne sukienki na wesele","Dwucz\u0119\u015bciowy komplet na wesele","Ekologiczna odzie\u017c","Ekskluzywna odzie\u017c","Ekskluzywna odzie\u017c damska","Ekskluzywna odzie\u017c damska polskich producent\u00f3w","Ekskluzywna odzie\u017c damska producent","ekskluzywna sukienka na wesele","Ekskluzywne garsonki na wesele","Ekskluzywne sukienki na wesele","ekskluzywne ubrania butik","Ekskluzywny komplet na wesele.","elegancja","elegancka babcia","elegancka bluzka","elegancka garsonka","Elegancka granatowa sukienka","elegancka kobieta","elegancka ma\u0142a czarna","elegancka moda damska","elegancka odzie\u017c","elegancka odzie\u017c damska","Elegancka odzie\u017c damska sklep internetowy","Elegancka odzie\u017c dla kobiety","luksusowa odzie\u017c damska","marka premium odzie\u017c","markowa odzie\u017c damska","minimalistyczna marka odzie\u017cowa","minimalizm w modzie","odzie\u017c biurowa","odzie\u017c dobrej jako\u015bci","odzie\u017c dyplomatyczna","odzie\u017c ekskluzywna","Pierwsza Dama Butik Frydrychowice","sklep De marco","sklep internetowy"],"articleSection":["METAMORFOZA"],"inLanguage":"pl-PL"},{"@type":"WebPage","@id":"https:\/\/www.sklep.demarco.pl\/blog\/eleganckie-stylizacje-na-zimowe-uroczystosci-polka-dots\/","url":"https:\/\/www.sklep.demarco.pl\/blog\/eleganckie-stylizacje-na-zimowe-uroczystosci-polka-dots\/","name":"Eleganckie stylizacje na zimowe uroczysto\u015bci - Polka Dots - De Marco","isPartOf":{"@id":"https:\/\/www.sklep.demarco.pl\/blog\/#website"},"primaryImageOfPage":{"@id":"https:\/\/www.sklep.demarco.pl\/blog\/eleganckie-stylizacje-na-zimowe-uroczystosci-polka-dots\/#primaryimage"},"image":{"@id":"https:\/\/www.sklep.demarco.pl\/blog\/eleganckie-stylizacje-na-zimowe-uroczystosci-polka-dots\/#primaryimage"},"thumbnailUrl":"https:\/\/www.sklep.demarco.pl\/blog\/wp-content\/uploads\/2024\/11\/2.04.24-post-x3-Artboard21.jpg","datePublished":"2024-11-08T13:42:27+00:00","dateModified":"2024-11-08T13:42:50+00:00","author":{"@id":"https:\/\/www.sklep.demarco.pl\/blog\/#\/schema\/person\/38456e8269588abfbbdda5bc04dad142"},"description":"Eleganckie sukienki, garnitury damskie i komplety Projektowanie i szycie na miar\u0119 online - modne stylizacje na zim\u0119, wiosn\u0119, lato, jesie\u0144","breadcrumb":{"@id":"https:\/\/www.sklep.demarco.pl\/blog\/eleganckie-stylizacje-na-zimowe-uroczystosci-polka-dots\/#breadcrumb"},"inLanguage":"pl-PL","potentialAction":[{"@type":"ReadAction","target":["https:\/\/www.sklep.demarco.pl\/blog\/eleganckie-stylizacje-na-zimowe-uroczystosci-polka-dots\/"]}]},{"@type":"ImageObject","inLanguage":"pl-PL","@id":"https:\/\/www.sklep.demarco.pl\/blog\/eleganckie-stylizacje-na-zimowe-uroczystosci-polka-dots\/#primaryimage","url":"https:\/\/www.sklep.demarco.pl\/blog\/wp-content\/uploads\/2024\/11\/2.04.24-post-x3-Artboard21.jpg","contentUrl":"https:\/\/www.sklep.demarco.pl\/blog\/wp-content\/uploads\/2024\/11\/2.04.24-post-x3-Artboard21.jpg","width":1441,"height":1080,"caption":"Eleganckie stylizacje na zimowe uroczysto\u015bci - Polka Dots Garnitury damskie, fraki, sukienki i komplety z \u017cakietem De Marco"},{"@type":"BreadcrumbList","@id":"https:\/\/www.sklep.demarco.pl\/blog\/eleganckie-stylizacje-na-zimowe-uroczystosci-polka-dots\/#breadcrumb","itemListElement":[{"@type":"ListItem","position":1,"name":"Strona g\u0142\u00f3wna","item":"https:\/\/www.sklep.demarco.pl\/blog\/"},{"@type":"ListItem","position":2,"name":"Eleganckie stylizacje na zimowe uroczysto\u015bci &#8211; Polka Dots"}]},{"@type":"WebSite","@id":"https:\/\/www.sklep.demarco.pl\/blog\/#website","url":"https:\/\/www.sklep.demarco.pl\/blog\/","name":"De Marco","description":"The finest women&#039;s clothing manufacturer","potentialAction":[{"@type":"SearchAction","target":{"@type":"EntryPoint","urlTemplate":"https:\/\/www.sklep.demarco.pl\/blog\/?s={search_term_string}"},"query-input":{"@type":"PropertyValueSpecification","valueRequired":true,"valueName":"search_term_string"}}],"inLanguage":"pl-PL"},{"@type":"Person","@id":"https:\/\/www.sklep.demarco.pl\/blog\/#\/schema\/person\/38456e8269588abfbbdda5bc04dad142","name":"de marco","image":{"@type":"ImageObject","inLanguage":"pl-PL","@id":"https:\/\/secure.gravatar.com\/avatar\/1d03f06a246921ea2531e9b59fe2dcd5a125b6b3339bedd531ae0d7e4bb25f99?s=96&d=mm&r=g","url":"https:\/\/secure.gravatar.com\/avatar\/1d03f06a246921ea2531e9b59fe2dcd5a125b6b3339bedd531ae0d7e4bb25f99?s=96&d=mm&r=g","contentUrl":"https:\/\/secure.gravatar.com\/avatar\/1d03f06a246921ea2531e9b59fe2dcd5a125b6b3339bedd531ae0d7e4bb25f99?s=96&d=mm&r=g","caption":"de marco"},"url":"https:\/\/www.sklep.demarco.pl\/blog\/author\/de-marco\/"}]}},"builder_content":"","_links":{"self":[{"href":"https:\/\/www.sklep.demarco.pl\/blog\/wp-json\/wp\/v2\/posts\/17293","targetHints":{"allow":["GET"]}}],"collection":[{"href":"https:\/\/www.sklep.demarco.pl\/blog\/wp-json\/wp\/v2\/posts"}],"about":[{"href":"https:\/\/www.sklep.demarco.pl\/blog\/wp-json\/wp\/v2\/types\/post"}],"author":[{"embeddable":true,"href":"https:\/\/www.sklep.demarco.pl\/blog\/wp-json\/wp\/v2\/users\/1"}],"replies":[{"embeddable":true,"href":"https:\/\/www.sklep.demarco.pl\/blog\/wp-json\/wp\/v2\/comments?post=17293"}],"version-history":[{"count":2,"href":"https:\/\/www.sklep.demarco.pl\/blog\/wp-json\/wp\/v2\/posts\/17293\/revisions"}],"predecessor-version":[{"id":17303,"href":"https:\/\/www.sklep.demarco.pl\/blog\/wp-json\/wp\/v2\/posts\/17293\/revisions\/17303"}],"wp:featuredmedia":[{"embeddable":true,"href":"https:\/\/www.sklep.demarco.pl\/blog\/wp-json\/wp\/v2\/media\/17294"}],"wp:attachment":[{"href":"https:\/\/www.sklep.demarco.pl\/blog\/wp-json\/wp\/v2\/media?parent=17293"}],"wp:term":[{"taxonomy":"category","embeddable":true,"href":"https:\/\/www.sklep.demarco.pl\/blog\/wp-json\/wp\/v2\/categories?post=17293"},{"taxonomy":"post_tag","embeddable":true,"href":"https:\/\/www.sklep.demarco.pl\/blog\/wp-json\/wp\/v2\/tags?post=17293"}],"curies":[{"name":"wp","href":"https:\/\/api.w.org\/{rel}","templated":true}]}}