{"id":16981,"date":"2024-07-10T15:46:44","date_gmt":"2024-07-10T15:46:44","guid":{"rendered":"https:\/\/www.sklep.demarco.pl\/blog\/?p=16981"},"modified":"2024-07-10T15:46:46","modified_gmt":"2024-07-10T15:46:46","slug":"pierwsza-dama-rp-po-raz-kolejny-w-eleganckiej-czarno-bialej-stylizacji-z-wizyta-w-usa","status":"publish","type":"post","link":"https:\/\/www.sklep.demarco.pl\/blog\/pierwsza-dama-rp-po-raz-kolejny-w-eleganckiej-czarno-bialej-stylizacji-z-wizyta-w-usa\/","title":{"rendered":"Pierwsza Dama RP po raz kolejny w eleganckiej czarno-bia\u0142ej stylizacji z wizyt\u0105 w USA"},"content":{"rendered":"<!-- wp:themify-builder\/canvas \/-->\n\n\n<p>Pierwsza Dama RP po raz kolejny w eleganckiej czarno-bia\u0142ej stylizacji z wizyt\u0105 w USA. Agata Kornhauser Duda w Waszyngtonie wygl\u0105da\u0142a \u015bwie\u017co pomimo panuj\u0105cych upa\u0142\u00f3w. <\/p>\n\n\n\n<p>Szanowni Pa\u0144stwo,<\/p>\n\n\n\n<p>Para Prezydencka, przybyli do Waszyngtonu, aby w dniach 9\u201311 lipca wzi\u0105\u0107 udzia\u0142 w Spotkaniu G\u0142\u00f3w Pa\u0144stw i Szef\u00f3w Rz\u0105d\u00f3w pa\u0144stw NATO. Spotkanie to odbywa si\u0119 z okazji 75. rocznicy podpisania Traktatu P\u00f3\u0142nocnoatlantyckiego.<\/p>\n\n\n\n<p>Czytaj r\u00f3wnie\u017c: <a href=\"https:\/\/www.demarco.pl\/ekskluzywne-garsonki-w-bialym-kolorze\/\">Ekskluzywne Garsonki w Bia\u0142ym Kolorze<\/a><\/p>\n\n\n\n<h3 class=\"wp-block-heading\">Pierwsza Dama RP Pani Agata Kornhauser Duda w Waszyngtonie <\/h3>\n\n\n\n<figure class=\"wp-block-image size-large\"><a href=\"https:\/\/www.sklep.demarco.pl\/unikatowe-sukienki-dyplomatyczne-manal\" target=\"_blank\" rel=\"noreferrer noopener\"><img loading=\"lazy\" decoding=\"async\" width=\"1024\" height=\"682\" src=\"https:\/\/www.sklep.demarco.pl\/blog\/wp-content\/uploads\/2024\/07\/signal-2024-07-10-144014_002-1024x682.jpeg\" alt=\"\" class=\"wp-image-16984\" srcset=\"https:\/\/www.sklep.demarco.pl\/blog\/wp-content\/uploads\/2024\/07\/signal-2024-07-10-144014_002-1024x682.jpeg 1024w, https:\/\/www.sklep.demarco.pl\/blog\/wp-content\/uploads\/2024\/07\/signal-2024-07-10-144014_002-300x200.jpeg 300w, https:\/\/www.sklep.demarco.pl\/blog\/wp-content\/uploads\/2024\/07\/signal-2024-07-10-144014_002-768x512.jpeg 768w, https:\/\/www.sklep.demarco.pl\/blog\/wp-content\/uploads\/2024\/07\/signal-2024-07-10-144014_002-1536x1024.jpeg 1536w, https:\/\/www.sklep.demarco.pl\/blog\/wp-content\/uploads\/2024\/07\/signal-2024-07-10-144014_002.jpeg 2000w\" sizes=\"auto, (max-width: 1024px) 100vw, 1024px\" \/><\/a><\/figure>\n\n\n\n<p>\u00a0\u0179r\u00f3d\u0142o: prezydent.pl<\/p>\n\n\n\n<p>Czarno-bia\u0142e stylizacje to zdecydowanie dobry wyb\u00f3r dla kreacji wizytowych, dyplomatycznych i biznesowych. Te klasyczne kolory doskonale sprawdzaj\u0105 si\u0119 w wi\u0119kszo\u015bci pa\u0144stw, a zdecydowanie s\u0105 jednym z ulubionych wybor\u00f3w Pierwszej Damy podczas wizyt w USA. Kreacje stworzone z tych dw\u00f3ch neutralnych kolor\u00f3w s\u0105 idealne na delegacje, gdzie musimy pokaza\u0107 si\u0119 jako silne, niez\u0142omne osobowo\u015bci o szczerych intencjach i sile do dzia\u0142ania.<\/p>\n\n\n\n<div class=\"wp-block-media-text is-stacked-on-mobile\"><figure class=\"wp-block-media-text__media\"><a href=\"https:\/\/www.sklep.demarco.pl\/unikatowe-sukienki-dyplomatyczne-manal\" target=\"_blank\" rel=\"noreferrer noopener\"><img loading=\"lazy\" decoding=\"async\" width=\"1024\" height=\"983\" src=\"https:\/\/www.sklep.demarco.pl\/blog\/wp-content\/uploads\/2024\/07\/signal-2024-07-10-144024_002-1024x983.jpeg\" alt=\"\" class=\"wp-image-16982 size-full\" srcset=\"https:\/\/www.sklep.demarco.pl\/blog\/wp-content\/uploads\/2024\/07\/signal-2024-07-10-144024_002-1024x983.jpeg 1024w, https:\/\/www.sklep.demarco.pl\/blog\/wp-content\/uploads\/2024\/07\/signal-2024-07-10-144024_002-300x288.jpeg 300w, https:\/\/www.sklep.demarco.pl\/blog\/wp-content\/uploads\/2024\/07\/signal-2024-07-10-144024_002-768x737.jpeg 768w, https:\/\/www.sklep.demarco.pl\/blog\/wp-content\/uploads\/2024\/07\/signal-2024-07-10-144024_002.jpeg 1320w\" sizes=\"auto, (max-width: 1024px) 100vw, 1024px\" \/><\/a><\/figure><div class=\"wp-block-media-text__content\">\n<p>Jasne kolory i odcienie bieli to zdecydowanie dobry wyb\u00f3r na upalne lato. Odm\u0142adzaj\u0105 i od\u015bwie\u017caj\u0105, nadaj\u0105c naszej prezencji \u015bwie\u017co\u015bci i lekko\u015bci. Klasyczny, pow\u015bci\u0105gliwy kr\u00f3j, wzbogacony osza\u0142amiaj\u0105co modn\u0105 asymetri\u0105 w interpretacji projektantki W\u0142adys\u0142awy Fr\u0105czek, to fascynuj\u0105ca realizacja konsekwentnie utrzymywana w wyszukanym stylu polskiej ekskluzywnej marki odzie\u017cowej De Marco. \u00a0\u0179r\u00f3d\u0142o: prezydent.pl<\/p>\n<\/div><\/div>\n\n\n\n<p>Czytaj r\u00f3wnie\u017c: <a href=\"https:\/\/www.demarco.pl\/pierwsza-dama-w-eleganckiej-sukience-ktora-skradla-serca-agata-kornhauser-duda-na-wyjatkowym-spotkaniu-w-palacu-prezydenckim\/\">Pierwsza Dama w eleganckiej sukience, kt\u00f3ra skrad\u0142a serca. Agata Kornhauser-Duda na wyj\u0105tkowym spotkaniu w Pa\u0142acu Prezydenckim<\/a><\/p>\n\n\n\n<h3 class=\"wp-block-heading\">Gdzie ubiera si\u0119 Pierwsza Dama RP: Elegancka odzie\u017c damska De Marco.<\/h3>\n\n\n\n<p>Jeste\u015bmy zaszczyceni, \u017ce Pierwsza Dama Polski, Pani Agata Kornhauser-Duda, po raz kolejny decyduje si\u0119 na stylizacje z naszego Atelier. Podczas tegorocznego szczytu NATO 2024 w Waszyngtonie Pierwsza Dama zaprezentowa\u0142a si\u0119 w bia\u0142o-czarnej sukience dyplomatycznej z najnowszej kolekcji.<\/p>\n\n\n\n<figure class=\"wp-block-gallery has-nested-images columns-default is-cropped wp-block-gallery-1 is-layout-flex wp-block-gallery-is-layout-flex\">\n<figure class=\"wp-block-image size-large\"><a href=\"https:\/\/www.sklep.demarco.pl\/emma-ii-eleganckie-sukienki\" target=\"_blank\" rel=\"noreferrer noopener\"><img loading=\"lazy\" decoding=\"async\" width=\"1024\" height=\"1022\" data-id=\"16970\" src=\"https:\/\/www.sklep.demarco.pl\/blog\/wp-content\/uploads\/2024\/07\/Agata_duda_sukienki_de_marco_7-1024x1022.jpg\" alt=\"\" class=\"wp-image-16970\" srcset=\"https:\/\/www.sklep.demarco.pl\/blog\/wp-content\/uploads\/2024\/07\/Agata_duda_sukienki_de_marco_7-1024x1022.jpg 1024w, https:\/\/www.sklep.demarco.pl\/blog\/wp-content\/uploads\/2024\/07\/Agata_duda_sukienki_de_marco_7-300x300.jpg 300w, https:\/\/www.sklep.demarco.pl\/blog\/wp-content\/uploads\/2024\/07\/Agata_duda_sukienki_de_marco_7-150x150.jpg 150w, https:\/\/www.sklep.demarco.pl\/blog\/wp-content\/uploads\/2024\/07\/Agata_duda_sukienki_de_marco_7-768x767.jpg 768w, https:\/\/www.sklep.demarco.pl\/blog\/wp-content\/uploads\/2024\/07\/Agata_duda_sukienki_de_marco_7.jpg 1082w\" sizes=\"auto, (max-width: 1024px) 100vw, 1024px\" \/><\/a><\/figure>\n\n\n\n<figure class=\"wp-block-image size-large\"><a href=\"https:\/\/www.sklep.demarco.pl\/ekskluzywna-suknia-rachela\" target=\"_blank\" rel=\"noreferrer noopener\"><img loading=\"lazy\" decoding=\"async\" width=\"1024\" height=\"1024\" data-id=\"16971\" src=\"https:\/\/www.sklep.demarco.pl\/blog\/wp-content\/uploads\/2024\/07\/pierwsza-dama11-1024x1024.jpg\" alt=\"\" class=\"wp-image-16971\" srcset=\"https:\/\/www.sklep.demarco.pl\/blog\/wp-content\/uploads\/2024\/07\/pierwsza-dama11-1024x1024.jpg 1024w, https:\/\/www.sklep.demarco.pl\/blog\/wp-content\/uploads\/2024\/07\/pierwsza-dama11-300x300.jpg 300w, https:\/\/www.sklep.demarco.pl\/blog\/wp-content\/uploads\/2024\/07\/pierwsza-dama11-150x150.jpg 150w, https:\/\/www.sklep.demarco.pl\/blog\/wp-content\/uploads\/2024\/07\/pierwsza-dama11-768x769.jpg 768w, https:\/\/www.sklep.demarco.pl\/blog\/wp-content\/uploads\/2024\/07\/pierwsza-dama11.jpg 1440w\" sizes=\"auto, (max-width: 1024px) 100vw, 1024px\" \/><\/a><\/figure>\n\n\n\n<figure class=\"wp-block-image size-large\"><a href=\"https:\/\/www.sklep.demarco.pl\/dzianinowa-sukienka-dziewanna-iii\" target=\"_blank\" rel=\"noreferrer noopener\"><img loading=\"lazy\" decoding=\"async\" width=\"1024\" height=\"1024\" data-id=\"16969\" src=\"https:\/\/www.sklep.demarco.pl\/blog\/wp-content\/uploads\/2024\/07\/pierwsza-dama10-1024x1024.jpg\" alt=\"Stylizacje Pierwszej Damy. Pani Agaty Kornhauser Dyda sukienki, garsonki na lato\" class=\"wp-image-16969\" srcset=\"https:\/\/www.sklep.demarco.pl\/blog\/wp-content\/uploads\/2024\/07\/pierwsza-dama10-1024x1024.jpg 1024w, https:\/\/www.sklep.demarco.pl\/blog\/wp-content\/uploads\/2024\/07\/pierwsza-dama10-300x300.jpg 300w, https:\/\/www.sklep.demarco.pl\/blog\/wp-content\/uploads\/2024\/07\/pierwsza-dama10-150x150.jpg 150w, https:\/\/www.sklep.demarco.pl\/blog\/wp-content\/uploads\/2024\/07\/pierwsza-dama10-768x769.jpg 768w, https:\/\/www.sklep.demarco.pl\/blog\/wp-content\/uploads\/2024\/07\/pierwsza-dama10.jpg 1440w\" sizes=\"auto, (max-width: 1024px) 100vw, 1024px\" \/><\/a><\/figure>\n<\/figure>\n\n\n\n<p>\u00a0\u0179r\u00f3d\u0142o: prezydent.pl<\/p>\n\n\n\n<p>Podczas poprzedniej wizyty w Stanach Zjednoczonych Pierwsza Dama r\u00f3wnie\u017c zaprezentowa\u0142a si\u0119 w sukni w tych dw\u00f3ch neutralnych kolorach, jednak tamtym razem by\u0142a to czarno-bia\u0142a stylizacja. Agata Kornhauser-Duda zdecydowanie mo\u017ce poszczyci\u0107 si\u0119 doskona\u0142\u0105 figur\u0105, st\u0105d podkre\u015blenie jej pi\u0119knej talii jest doskona\u0142ym zabiegiem cz\u0119sto wykorzystywanym w jej stylizacjach.<\/p>\n\n\n\n<p>Czytaj r\u00f3wnie\u017c: <a href=\"https:\/\/www.sklep.demarco.pl\/blog\/klasyczne-eleganckie-sukienki-szyte-na-miare-w-polsce\/\">Klasyczne eleganckie sukienki szyte na miar\u0119 w Polsce<\/a><\/p>\n\n\n\n<h3 class=\"wp-block-heading\">Pani Agata Kornhauser Duda na szycie NATO w Waszyngtonie<\/h3>\n\n\n\n<div class=\"wp-block-media-text is-stacked-on-mobile\"><figure class=\"wp-block-media-text__media\"><a href=\"https:\/\/www.sklep.demarco.pl\/wizytowa-czerwona-sukienka-minerwa-ii\" target=\"_blank\" rel=\"noreferrer noopener\"><img loading=\"lazy\" decoding=\"async\" width=\"1024\" height=\"1024\" src=\"https:\/\/www.sklep.demarco.pl\/blog\/wp-content\/uploads\/2024\/07\/pierwsza-dama16-1024x1024.jpg\" alt=\"Szczyt NATO Agata Kornhauser Duda w sukience polskiej firmy\" class=\"wp-image-16977 size-full\" srcset=\"https:\/\/www.sklep.demarco.pl\/blog\/wp-content\/uploads\/2024\/07\/pierwsza-dama16-1024x1024.jpg 1024w, https:\/\/www.sklep.demarco.pl\/blog\/wp-content\/uploads\/2024\/07\/pierwsza-dama16-300x300.jpg 300w, https:\/\/www.sklep.demarco.pl\/blog\/wp-content\/uploads\/2024\/07\/pierwsza-dama16-150x150.jpg 150w, https:\/\/www.sklep.demarco.pl\/blog\/wp-content\/uploads\/2024\/07\/pierwsza-dama16-768x769.jpg 768w, https:\/\/www.sklep.demarco.pl\/blog\/wp-content\/uploads\/2024\/07\/pierwsza-dama16.jpg 1440w\" sizes=\"auto, (max-width: 1024px) 100vw, 1024px\" \/><\/a><\/figure><div class=\"wp-block-media-text__content\">\n<p>Ma\u0142\u017conka Prezydenta podczas poprzedniego szczytu NATO wybra\u0142a czerwon\u0105 kreacj\u0119 r\u00f3wnie\u017c z Atelier De Marco, co potwierdza nasze zaanga\u017cowanie w tworzenie unikatowych i eleganckich stylizacji na najwy\u017cszym poziomie. \u0179r\u00f3d\u0142o: delfi.lt<\/p>\n<\/div><\/div>\n\n\n\n<p><strong><em>Serdecznie dzi\u0119kujemy za ponowny wyb\u00f3r kreacji Atelier De Marco \u2013 Pierwszej Damie RP Pani Agacie Kornhauser-Dudzie.<\/em><\/strong><\/p>\n\n\n\n<p>Z wyrazami szacunku, <strong>Zesp\u00f3\u0142 De Marco<\/strong><\/p>\n\n\n\n<p>Czytaj r\u00f3wnie\u017c: <a href=\"https:\/\/www.sklep.demarco.pl\/blog\/pierwsza-dama-inspiruje-polski-elegancka-czerwona-sukienka-dla-50-latki-60-latki\/\">Pierwsza Dama inspiruje Polski. Elegancka czerwona sukienka dla 50 latki, 60 latki<\/a><\/p>\n","protected":false},"excerpt":{"rendered":"<p>Pierwsza Dama RP po raz kolejny w eleganckiej czarno-bia\u0142ej stylizacji z wizyt\u0105 w USA. Agata Kornhauser Duda w Waszyngtonie wygl\u0105da\u0142a \u015bwie\u017co pomimo panuj\u0105cych upa\u0142\u00f3w. Szanowni Pa\u0144stwo, Para Prezydencka, przybyli do Waszyngtonu, aby w dniach 9\u201311 lipca wzi\u0105\u0107 udzia\u0142 w Spotkaniu G\u0142\u00f3w Pa\u0144stw i Szef\u00f3w Rz\u0105d\u00f3w pa\u0144stw NATO. Spotkanie to odbywa si\u0119 z okazji 75. rocznicy [&hellip;]<\/p>\n","protected":false},"author":1,"featured_media":16985,"comment_status":"closed","ping_status":"closed","sticky":false,"template":"","format":"standard","meta":{"footnotes":"","_links_to":"","_links_to_target":""},"categories":[15],"tags":[101,402,4368,3768,3963,4187,469,135,169,349,3778,171,3491,3487,3531,3329,3341,3339,4312,127,2096,128,406,3824,478,4316,3814,387,3780,407,4181,176,217],"class_list":["post-16981","post","type-post","status-publish","format-standard","has-post-thumbnail","hentry","category-metamorfoza","tag-agata-duda","tag-agata-duda-stylizacje","tag-agata-kornhauser-duda","tag-butik-odziez-damska","tag-butik-z-elegancka-odzieza-damska","tag-czlonek-zarzadu","tag-de-marco-ekskluzywna-marka","tag-de-marco-frydrychowice","tag-de-marco-kolekcja","tag-duda","tag-ekskluzywna-odziez","tag-ekskluzywna-odziez-damska","tag-ekskluzywna-odziez-damska-polskich-producentow","tag-ekskluzywna-odziez-damska-producent","tag-ekskluzywne-plaszcze-damskie-producent","tag-elegancka-odziez","tag-elegancka-odziez-damska","tag-elegancka-odziez-damska-sklep-internetowy","tag-elegancka-odziez-dla-kobiety","tag-gdzie-kupuje-dudowa","tag-gdzie-ubiera-sie-agata-duda","tag-gdzie-ubiera-sie-duda","tag-kto-ubiera-agate-dude","tag-marka-premium-odziez","tag-markowa-odziez-damska","tag-odziez-biurowa","tag-odziez-dobrej-jakosci","tag-odziez-dyplomatyczna","tag-odziez-ekskluzywna","tag-ostatnie-kreacje-agaty-dudy-2","tag-prezeska-zarzadu","tag-sklep-de-marco","tag-sklep-internetowy"],"yoast_head":"<!-- This site is optimized with the Yoast SEO plugin v27.5 - https:\/\/yoast.com\/product\/yoast-seo-wordpress\/ -->\n<title>Pierwsza Dama RP po raz kolejny w eleganckiej czarno-bia\u0142ej stylizacji z wizyt\u0105 w USA - De Marco<\/title>\n<meta name=\"description\" content=\"Pierwsza Dama RP w eleganckiej czarno-bia\u0142ej sukience w USA. Agata Kornhauser Duda w Waszyngtonie wygl\u0105da\u0142a \u015bwie\u017co pomimo panuj\u0105cych upa\u0142\u00f3w.\" \/>\n<meta name=\"robots\" content=\"index, follow, max-snippet:-1, max-image-preview:large, max-video-preview:-1\" \/>\n<link rel=\"canonical\" href=\"https:\/\/www.sklep.demarco.pl\/blog\/pierwsza-dama-rp-po-raz-kolejny-w-eleganckiej-czarno-bialej-stylizacji-z-wizyta-w-usa\/\" \/>\n<meta property=\"og:locale\" content=\"pl_PL\" \/>\n<meta property=\"og:type\" content=\"article\" \/>\n<meta property=\"og:title\" content=\"Pierwsza Dama RP po raz kolejny w eleganckiej czarno-bia\u0142ej stylizacji z wizyt\u0105 w USA - De Marco\" \/>\n<meta property=\"og:description\" content=\"Pierwsza Dama RP w eleganckiej czarno-bia\u0142ej sukience w USA. Agata Kornhauser Duda w Waszyngtonie wygl\u0105da\u0142a \u015bwie\u017co pomimo panuj\u0105cych upa\u0142\u00f3w.\" \/>\n<meta property=\"og:url\" content=\"https:\/\/www.sklep.demarco.pl\/blog\/pierwsza-dama-rp-po-raz-kolejny-w-eleganckiej-czarno-bialej-stylizacji-z-wizyta-w-usa\/\" \/>\n<meta property=\"og:site_name\" content=\"De Marco\" \/>\n<meta property=\"article:publisher\" content=\"https:\/\/www.facebook.com\/DeMarco.Styl\" \/>\n<meta property=\"article:published_time\" content=\"2024-07-10T15:46:44+00:00\" \/>\n<meta property=\"article:modified_time\" content=\"2024-07-10T15:46:46+00:00\" \/>\n<meta property=\"og:image\" content=\"https:\/\/www.sklep.demarco.pl\/blog\/wp-content\/uploads\/2024\/07\/signal-2024-07-10-144006_002.jpeg\" \/>\n\t<meta property=\"og:image:width\" content=\"1441\" \/>\n\t<meta property=\"og:image:height\" content=\"1441\" \/>\n\t<meta property=\"og:image:type\" content=\"image\/jpeg\" \/>\n<meta name=\"author\" content=\"de marco\" \/>\n<meta name=\"twitter:label1\" content=\"Napisane przez\" \/>\n\t<meta name=\"twitter:data1\" content=\"de marco\" \/>\n\t<meta name=\"twitter:label2\" content=\"Szacowany czas czytania\" \/>\n\t<meta name=\"twitter:data2\" content=\"4 minuty\" \/>\n<script type=\"application\/ld+json\" class=\"yoast-schema-graph\">{\"@context\":\"https:\\\/\\\/schema.org\",\"@graph\":[{\"@type\":\"Article\",\"@id\":\"https:\\\/\\\/www.sklep.demarco.pl\\\/blog\\\/pierwsza-dama-rp-po-raz-kolejny-w-eleganckiej-czarno-bialej-stylizacji-z-wizyta-w-usa\\\/#article\",\"isPartOf\":{\"@id\":\"https:\\\/\\\/www.sklep.demarco.pl\\\/blog\\\/pierwsza-dama-rp-po-raz-kolejny-w-eleganckiej-czarno-bialej-stylizacji-z-wizyta-w-usa\\\/\"},\"author\":{\"name\":\"de marco\",\"@id\":\"https:\\\/\\\/www.sklep.demarco.pl\\\/blog\\\/#\\\/schema\\\/person\\\/38456e8269588abfbbdda5bc04dad142\"},\"headline\":\"Pierwsza Dama RP po raz kolejny w eleganckiej czarno-bia\u0142ej stylizacji z wizyt\u0105 w USA\",\"datePublished\":\"2024-07-10T15:46:44+00:00\",\"dateModified\":\"2024-07-10T15:46:46+00:00\",\"mainEntityOfPage\":{\"@id\":\"https:\\\/\\\/www.sklep.demarco.pl\\\/blog\\\/pierwsza-dama-rp-po-raz-kolejny-w-eleganckiej-czarno-bialej-stylizacji-z-wizyta-w-usa\\\/\"},\"wordCount\":477,\"image\":{\"@id\":\"https:\\\/\\\/www.sklep.demarco.pl\\\/blog\\\/pierwsza-dama-rp-po-raz-kolejny-w-eleganckiej-czarno-bialej-stylizacji-z-wizyta-w-usa\\\/#primaryimage\"},\"thumbnailUrl\":\"https:\\\/\\\/www.sklep.demarco.pl\\\/blog\\\/wp-content\\\/uploads\\\/2024\\\/07\\\/signal-2024-07-10-144006_002.jpeg\",\"keywords\":[\"agata duda\",\"agata duda stylizacje\",\"Agata Kornhauser Duda\",\"Butik odzie\u017c damska\",\"Butik z eleganck\u0105 odzie\u017c\u0105 damsk\u0105\",\"cz\u0142onek zarz\u0105du\",\"De Marco ekskluzywna marka\",\"De Marco Frydrychowice\",\"de marco-kolekcja\",\"duda\",\"Ekskluzywna odzie\u017c\",\"Ekskluzywna odzie\u017c damska\",\"Ekskluzywna odzie\u017c damska polskich producent\u00f3w\",\"Ekskluzywna odzie\u017c damska producent\",\"Ekskluzywne p\u0142aszcze damskie producent\",\"elegancka odzie\u017c\",\"elegancka odzie\u017c damska\",\"Elegancka odzie\u017c damska sklep internetowy\",\"Elegancka odzie\u017c dla kobiety\",\"gdzie kupuje Dudowa\",\"Gdzie ubiera si\u0119 Agata Duda\",\"gdzie ubiera si\u0119 duda\",\"Kto ubiera Agat\u0119 Dud\u0119\",\"marka premium odzie\u017c\",\"markowa odzie\u017c damska\",\"odzie\u017c biurowa\",\"odzie\u017c dobrej jako\u015bci\",\"odzie\u017c dyplomatyczna\",\"odzie\u017c ekskluzywna\",\"Ostatnie kreacj\u0119 Agaty Dudy\",\"prezeska zarz\u0105du\",\"sklep De marco\",\"sklep internetowy\"],\"articleSection\":[\"METAMORFOZA\"],\"inLanguage\":\"pl-PL\"},{\"@type\":\"WebPage\",\"@id\":\"https:\\\/\\\/www.sklep.demarco.pl\\\/blog\\\/pierwsza-dama-rp-po-raz-kolejny-w-eleganckiej-czarno-bialej-stylizacji-z-wizyta-w-usa\\\/\",\"url\":\"https:\\\/\\\/www.sklep.demarco.pl\\\/blog\\\/pierwsza-dama-rp-po-raz-kolejny-w-eleganckiej-czarno-bialej-stylizacji-z-wizyta-w-usa\\\/\",\"name\":\"Pierwsza Dama RP po raz kolejny w eleganckiej czarno-bia\u0142ej stylizacji z wizyt\u0105 w USA - De Marco\",\"isPartOf\":{\"@id\":\"https:\\\/\\\/www.sklep.demarco.pl\\\/blog\\\/#website\"},\"primaryImageOfPage\":{\"@id\":\"https:\\\/\\\/www.sklep.demarco.pl\\\/blog\\\/pierwsza-dama-rp-po-raz-kolejny-w-eleganckiej-czarno-bialej-stylizacji-z-wizyta-w-usa\\\/#primaryimage\"},\"image\":{\"@id\":\"https:\\\/\\\/www.sklep.demarco.pl\\\/blog\\\/pierwsza-dama-rp-po-raz-kolejny-w-eleganckiej-czarno-bialej-stylizacji-z-wizyta-w-usa\\\/#primaryimage\"},\"thumbnailUrl\":\"https:\\\/\\\/www.sklep.demarco.pl\\\/blog\\\/wp-content\\\/uploads\\\/2024\\\/07\\\/signal-2024-07-10-144006_002.jpeg\",\"datePublished\":\"2024-07-10T15:46:44+00:00\",\"dateModified\":\"2024-07-10T15:46:46+00:00\",\"author\":{\"@id\":\"https:\\\/\\\/www.sklep.demarco.pl\\\/blog\\\/#\\\/schema\\\/person\\\/38456e8269588abfbbdda5bc04dad142\"},\"description\":\"Pierwsza Dama RP w eleganckiej czarno-bia\u0142ej sukience w USA. Agata Kornhauser Duda w Waszyngtonie wygl\u0105da\u0142a \u015bwie\u017co pomimo panuj\u0105cych upa\u0142\u00f3w.\",\"breadcrumb\":{\"@id\":\"https:\\\/\\\/www.sklep.demarco.pl\\\/blog\\\/pierwsza-dama-rp-po-raz-kolejny-w-eleganckiej-czarno-bialej-stylizacji-z-wizyta-w-usa\\\/#breadcrumb\"},\"inLanguage\":\"pl-PL\",\"potentialAction\":[{\"@type\":\"ReadAction\",\"target\":[\"https:\\\/\\\/www.sklep.demarco.pl\\\/blog\\\/pierwsza-dama-rp-po-raz-kolejny-w-eleganckiej-czarno-bialej-stylizacji-z-wizyta-w-usa\\\/\"]}]},{\"@type\":\"ImageObject\",\"inLanguage\":\"pl-PL\",\"@id\":\"https:\\\/\\\/www.sklep.demarco.pl\\\/blog\\\/pierwsza-dama-rp-po-raz-kolejny-w-eleganckiej-czarno-bialej-stylizacji-z-wizyta-w-usa\\\/#primaryimage\",\"url\":\"https:\\\/\\\/www.sklep.demarco.pl\\\/blog\\\/wp-content\\\/uploads\\\/2024\\\/07\\\/signal-2024-07-10-144006_002.jpeg\",\"contentUrl\":\"https:\\\/\\\/www.sklep.demarco.pl\\\/blog\\\/wp-content\\\/uploads\\\/2024\\\/07\\\/signal-2024-07-10-144006_002.jpeg\",\"width\":1441,\"height\":1441},{\"@type\":\"BreadcrumbList\",\"@id\":\"https:\\\/\\\/www.sklep.demarco.pl\\\/blog\\\/pierwsza-dama-rp-po-raz-kolejny-w-eleganckiej-czarno-bialej-stylizacji-z-wizyta-w-usa\\\/#breadcrumb\",\"itemListElement\":[{\"@type\":\"ListItem\",\"position\":1,\"name\":\"Strona g\u0142\u00f3wna\",\"item\":\"https:\\\/\\\/www.sklep.demarco.pl\\\/blog\\\/\"},{\"@type\":\"ListItem\",\"position\":2,\"name\":\"Pierwsza Dama RP po raz kolejny w eleganckiej czarno-bia\u0142ej stylizacji z wizyt\u0105 w USA\"}]},{\"@type\":\"WebSite\",\"@id\":\"https:\\\/\\\/www.sklep.demarco.pl\\\/blog\\\/#website\",\"url\":\"https:\\\/\\\/www.sklep.demarco.pl\\\/blog\\\/\",\"name\":\"De Marco\",\"description\":\"The finest women&#039;s clothing manufacturer\",\"potentialAction\":[{\"@type\":\"SearchAction\",\"target\":{\"@type\":\"EntryPoint\",\"urlTemplate\":\"https:\\\/\\\/www.sklep.demarco.pl\\\/blog\\\/?s={search_term_string}\"},\"query-input\":{\"@type\":\"PropertyValueSpecification\",\"valueRequired\":true,\"valueName\":\"search_term_string\"}}],\"inLanguage\":\"pl-PL\"},{\"@type\":\"Person\",\"@id\":\"https:\\\/\\\/www.sklep.demarco.pl\\\/blog\\\/#\\\/schema\\\/person\\\/38456e8269588abfbbdda5bc04dad142\",\"name\":\"de marco\",\"image\":{\"@type\":\"ImageObject\",\"inLanguage\":\"pl-PL\",\"@id\":\"https:\\\/\\\/secure.gravatar.com\\\/avatar\\\/1d03f06a246921ea2531e9b59fe2dcd5a125b6b3339bedd531ae0d7e4bb25f99?s=96&d=mm&r=g\",\"url\":\"https:\\\/\\\/secure.gravatar.com\\\/avatar\\\/1d03f06a246921ea2531e9b59fe2dcd5a125b6b3339bedd531ae0d7e4bb25f99?s=96&d=mm&r=g\",\"contentUrl\":\"https:\\\/\\\/secure.gravatar.com\\\/avatar\\\/1d03f06a246921ea2531e9b59fe2dcd5a125b6b3339bedd531ae0d7e4bb25f99?s=96&d=mm&r=g\",\"caption\":\"de marco\"},\"url\":\"https:\\\/\\\/www.sklep.demarco.pl\\\/blog\\\/author\\\/de-marco\\\/\"}]}<\/script>\n<!-- \/ Yoast SEO plugin. -->","yoast_head_json":{"title":"Pierwsza Dama RP po raz kolejny w eleganckiej czarno-bia\u0142ej stylizacji z wizyt\u0105 w USA - De Marco","description":"Pierwsza Dama RP w eleganckiej czarno-bia\u0142ej sukience w USA. Agata Kornhauser Duda w Waszyngtonie wygl\u0105da\u0142a \u015bwie\u017co pomimo panuj\u0105cych upa\u0142\u00f3w.","robots":{"index":"index","follow":"follow","max-snippet":"max-snippet:-1","max-image-preview":"max-image-preview:large","max-video-preview":"max-video-preview:-1"},"canonical":"https:\/\/www.sklep.demarco.pl\/blog\/pierwsza-dama-rp-po-raz-kolejny-w-eleganckiej-czarno-bialej-stylizacji-z-wizyta-w-usa\/","og_locale":"pl_PL","og_type":"article","og_title":"Pierwsza Dama RP po raz kolejny w eleganckiej czarno-bia\u0142ej stylizacji z wizyt\u0105 w USA - De Marco","og_description":"Pierwsza Dama RP w eleganckiej czarno-bia\u0142ej sukience w USA. Agata Kornhauser Duda w Waszyngtonie wygl\u0105da\u0142a \u015bwie\u017co pomimo panuj\u0105cych upa\u0142\u00f3w.","og_url":"https:\/\/www.sklep.demarco.pl\/blog\/pierwsza-dama-rp-po-raz-kolejny-w-eleganckiej-czarno-bialej-stylizacji-z-wizyta-w-usa\/","og_site_name":"De Marco","article_publisher":"https:\/\/www.facebook.com\/DeMarco.Styl","article_published_time":"2024-07-10T15:46:44+00:00","article_modified_time":"2024-07-10T15:46:46+00:00","og_image":[{"width":1441,"height":1441,"url":"https:\/\/www.sklep.demarco.pl\/blog\/wp-content\/uploads\/2024\/07\/signal-2024-07-10-144006_002.jpeg","type":"image\/jpeg"}],"author":"de marco","twitter_misc":{"Napisane przez":"de marco","Szacowany czas czytania":"4 minuty"},"schema":{"@context":"https:\/\/schema.org","@graph":[{"@type":"Article","@id":"https:\/\/www.sklep.demarco.pl\/blog\/pierwsza-dama-rp-po-raz-kolejny-w-eleganckiej-czarno-bialej-stylizacji-z-wizyta-w-usa\/#article","isPartOf":{"@id":"https:\/\/www.sklep.demarco.pl\/blog\/pierwsza-dama-rp-po-raz-kolejny-w-eleganckiej-czarno-bialej-stylizacji-z-wizyta-w-usa\/"},"author":{"name":"de marco","@id":"https:\/\/www.sklep.demarco.pl\/blog\/#\/schema\/person\/38456e8269588abfbbdda5bc04dad142"},"headline":"Pierwsza Dama RP po raz kolejny w eleganckiej czarno-bia\u0142ej stylizacji z wizyt\u0105 w USA","datePublished":"2024-07-10T15:46:44+00:00","dateModified":"2024-07-10T15:46:46+00:00","mainEntityOfPage":{"@id":"https:\/\/www.sklep.demarco.pl\/blog\/pierwsza-dama-rp-po-raz-kolejny-w-eleganckiej-czarno-bialej-stylizacji-z-wizyta-w-usa\/"},"wordCount":477,"image":{"@id":"https:\/\/www.sklep.demarco.pl\/blog\/pierwsza-dama-rp-po-raz-kolejny-w-eleganckiej-czarno-bialej-stylizacji-z-wizyta-w-usa\/#primaryimage"},"thumbnailUrl":"https:\/\/www.sklep.demarco.pl\/blog\/wp-content\/uploads\/2024\/07\/signal-2024-07-10-144006_002.jpeg","keywords":["agata duda","agata duda stylizacje","Agata Kornhauser Duda","Butik odzie\u017c damska","Butik z eleganck\u0105 odzie\u017c\u0105 damsk\u0105","cz\u0142onek zarz\u0105du","De Marco ekskluzywna marka","De Marco Frydrychowice","de marco-kolekcja","duda","Ekskluzywna odzie\u017c","Ekskluzywna odzie\u017c damska","Ekskluzywna odzie\u017c damska polskich producent\u00f3w","Ekskluzywna odzie\u017c damska producent","Ekskluzywne p\u0142aszcze damskie producent","elegancka odzie\u017c","elegancka odzie\u017c damska","Elegancka odzie\u017c damska sklep internetowy","Elegancka odzie\u017c dla kobiety","gdzie kupuje Dudowa","Gdzie ubiera si\u0119 Agata Duda","gdzie ubiera si\u0119 duda","Kto ubiera Agat\u0119 Dud\u0119","marka premium odzie\u017c","markowa odzie\u017c damska","odzie\u017c biurowa","odzie\u017c dobrej jako\u015bci","odzie\u017c dyplomatyczna","odzie\u017c ekskluzywna","Ostatnie kreacj\u0119 Agaty Dudy","prezeska zarz\u0105du","sklep De marco","sklep internetowy"],"articleSection":["METAMORFOZA"],"inLanguage":"pl-PL"},{"@type":"WebPage","@id":"https:\/\/www.sklep.demarco.pl\/blog\/pierwsza-dama-rp-po-raz-kolejny-w-eleganckiej-czarno-bialej-stylizacji-z-wizyta-w-usa\/","url":"https:\/\/www.sklep.demarco.pl\/blog\/pierwsza-dama-rp-po-raz-kolejny-w-eleganckiej-czarno-bialej-stylizacji-z-wizyta-w-usa\/","name":"Pierwsza Dama RP po raz kolejny w eleganckiej czarno-bia\u0142ej stylizacji z wizyt\u0105 w USA - De Marco","isPartOf":{"@id":"https:\/\/www.sklep.demarco.pl\/blog\/#website"},"primaryImageOfPage":{"@id":"https:\/\/www.sklep.demarco.pl\/blog\/pierwsza-dama-rp-po-raz-kolejny-w-eleganckiej-czarno-bialej-stylizacji-z-wizyta-w-usa\/#primaryimage"},"image":{"@id":"https:\/\/www.sklep.demarco.pl\/blog\/pierwsza-dama-rp-po-raz-kolejny-w-eleganckiej-czarno-bialej-stylizacji-z-wizyta-w-usa\/#primaryimage"},"thumbnailUrl":"https:\/\/www.sklep.demarco.pl\/blog\/wp-content\/uploads\/2024\/07\/signal-2024-07-10-144006_002.jpeg","datePublished":"2024-07-10T15:46:44+00:00","dateModified":"2024-07-10T15:46:46+00:00","author":{"@id":"https:\/\/www.sklep.demarco.pl\/blog\/#\/schema\/person\/38456e8269588abfbbdda5bc04dad142"},"description":"Pierwsza Dama RP w eleganckiej czarno-bia\u0142ej sukience w USA. Agata Kornhauser Duda w Waszyngtonie wygl\u0105da\u0142a \u015bwie\u017co pomimo panuj\u0105cych upa\u0142\u00f3w.","breadcrumb":{"@id":"https:\/\/www.sklep.demarco.pl\/blog\/pierwsza-dama-rp-po-raz-kolejny-w-eleganckiej-czarno-bialej-stylizacji-z-wizyta-w-usa\/#breadcrumb"},"inLanguage":"pl-PL","potentialAction":[{"@type":"ReadAction","target":["https:\/\/www.sklep.demarco.pl\/blog\/pierwsza-dama-rp-po-raz-kolejny-w-eleganckiej-czarno-bialej-stylizacji-z-wizyta-w-usa\/"]}]},{"@type":"ImageObject","inLanguage":"pl-PL","@id":"https:\/\/www.sklep.demarco.pl\/blog\/pierwsza-dama-rp-po-raz-kolejny-w-eleganckiej-czarno-bialej-stylizacji-z-wizyta-w-usa\/#primaryimage","url":"https:\/\/www.sklep.demarco.pl\/blog\/wp-content\/uploads\/2024\/07\/signal-2024-07-10-144006_002.jpeg","contentUrl":"https:\/\/www.sklep.demarco.pl\/blog\/wp-content\/uploads\/2024\/07\/signal-2024-07-10-144006_002.jpeg","width":1441,"height":1441},{"@type":"BreadcrumbList","@id":"https:\/\/www.sklep.demarco.pl\/blog\/pierwsza-dama-rp-po-raz-kolejny-w-eleganckiej-czarno-bialej-stylizacji-z-wizyta-w-usa\/#breadcrumb","itemListElement":[{"@type":"ListItem","position":1,"name":"Strona g\u0142\u00f3wna","item":"https:\/\/www.sklep.demarco.pl\/blog\/"},{"@type":"ListItem","position":2,"name":"Pierwsza Dama RP po raz kolejny w eleganckiej czarno-bia\u0142ej stylizacji z wizyt\u0105 w USA"}]},{"@type":"WebSite","@id":"https:\/\/www.sklep.demarco.pl\/blog\/#website","url":"https:\/\/www.sklep.demarco.pl\/blog\/","name":"De Marco","description":"The finest women&#039;s clothing manufacturer","potentialAction":[{"@type":"SearchAction","target":{"@type":"EntryPoint","urlTemplate":"https:\/\/www.sklep.demarco.pl\/blog\/?s={search_term_string}"},"query-input":{"@type":"PropertyValueSpecification","valueRequired":true,"valueName":"search_term_string"}}],"inLanguage":"pl-PL"},{"@type":"Person","@id":"https:\/\/www.sklep.demarco.pl\/blog\/#\/schema\/person\/38456e8269588abfbbdda5bc04dad142","name":"de marco","image":{"@type":"ImageObject","inLanguage":"pl-PL","@id":"https:\/\/secure.gravatar.com\/avatar\/1d03f06a246921ea2531e9b59fe2dcd5a125b6b3339bedd531ae0d7e4bb25f99?s=96&d=mm&r=g","url":"https:\/\/secure.gravatar.com\/avatar\/1d03f06a246921ea2531e9b59fe2dcd5a125b6b3339bedd531ae0d7e4bb25f99?s=96&d=mm&r=g","contentUrl":"https:\/\/secure.gravatar.com\/avatar\/1d03f06a246921ea2531e9b59fe2dcd5a125b6b3339bedd531ae0d7e4bb25f99?s=96&d=mm&r=g","caption":"de marco"},"url":"https:\/\/www.sklep.demarco.pl\/blog\/author\/de-marco\/"}]}},"builder_content":"","_links":{"self":[{"href":"https:\/\/www.sklep.demarco.pl\/blog\/wp-json\/wp\/v2\/posts\/16981","targetHints":{"allow":["GET"]}}],"collection":[{"href":"https:\/\/www.sklep.demarco.pl\/blog\/wp-json\/wp\/v2\/posts"}],"about":[{"href":"https:\/\/www.sklep.demarco.pl\/blog\/wp-json\/wp\/v2\/types\/post"}],"author":[{"embeddable":true,"href":"https:\/\/www.sklep.demarco.pl\/blog\/wp-json\/wp\/v2\/users\/1"}],"replies":[{"embeddable":true,"href":"https:\/\/www.sklep.demarco.pl\/blog\/wp-json\/wp\/v2\/comments?post=16981"}],"version-history":[{"count":4,"href":"https:\/\/www.sklep.demarco.pl\/blog\/wp-json\/wp\/v2\/posts\/16981\/revisions"}],"predecessor-version":[{"id":16994,"href":"https:\/\/www.sklep.demarco.pl\/blog\/wp-json\/wp\/v2\/posts\/16981\/revisions\/16994"}],"wp:featuredmedia":[{"embeddable":true,"href":"https:\/\/www.sklep.demarco.pl\/blog\/wp-json\/wp\/v2\/media\/16985"}],"wp:attachment":[{"href":"https:\/\/www.sklep.demarco.pl\/blog\/wp-json\/wp\/v2\/media?parent=16981"}],"wp:term":[{"taxonomy":"category","embeddable":true,"href":"https:\/\/www.sklep.demarco.pl\/blog\/wp-json\/wp\/v2\/categories?post=16981"},{"taxonomy":"post_tag","embeddable":true,"href":"https:\/\/www.sklep.demarco.pl\/blog\/wp-json\/wp\/v2\/tags?post=16981"}],"curies":[{"name":"wp","href":"https:\/\/api.w.org\/{rel}","templated":true}]}}