{"id":16758,"date":"2024-05-20T16:34:17","date_gmt":"2024-05-20T16:34:17","guid":{"rendered":"https:\/\/www.sklep.demarco.pl\/blog\/?p=16758"},"modified":"2024-05-20T16:34:22","modified_gmt":"2024-05-20T16:34:22","slug":"elegancki-kombinezon-damski-na-wesele-i-do-pracy","status":"publish","type":"post","link":"https:\/\/www.sklep.demarco.pl\/blog\/elegancki-kombinezon-damski-na-wesele-i-do-pracy\/","title":{"rendered":"Elegancki kombinezon damski na wesele i do pracy"},"content":{"rendered":"<!-- wp:themify-builder\/canvas \/-->\n\n\n<p>Modny i elegancki kombinezon damski na wesele wakacje wczasy oraz do pracy<\/p>\n\n\n\n<figure class=\"wp-block-gallery has-nested-images columns-default is-cropped wp-block-gallery-1 is-layout-flex wp-block-gallery-is-layout-flex\">\n<figure class=\"wp-block-image size-large\"><a href=\"https:\/\/www.sklep.demarco.pl\/bezowy-kombinezon-edna-v\" target=\"_blank\" rel=\"noreferrer noopener\"><img loading=\"lazy\" decoding=\"async\" width=\"1024\" height=\"1024\" data-id=\"16766\" src=\"https:\/\/www.sklep.demarco.pl\/blog\/wp-content\/uploads\/2024\/05\/035-Artboard3-1024x1024.jpg\" alt=\"\" class=\"wp-image-16766\" srcset=\"https:\/\/www.sklep.demarco.pl\/blog\/wp-content\/uploads\/2024\/05\/035-Artboard3-1024x1024.jpg 1024w, https:\/\/www.sklep.demarco.pl\/blog\/wp-content\/uploads\/2024\/05\/035-Artboard3-300x300.jpg 300w, https:\/\/www.sklep.demarco.pl\/blog\/wp-content\/uploads\/2024\/05\/035-Artboard3-150x150.jpg 150w, https:\/\/www.sklep.demarco.pl\/blog\/wp-content\/uploads\/2024\/05\/035-Artboard3-768x767.jpg 768w, https:\/\/www.sklep.demarco.pl\/blog\/wp-content\/uploads\/2024\/05\/035-Artboard3.jpg 1441w\" sizes=\"auto, (max-width: 1024px) 100vw, 1024px\" \/><\/a><\/figure>\n\n\n\n<figure class=\"wp-block-image size-large\"><a href=\"https:\/\/www.sklep.demarco.pl\/elegancki-kombinezon-na-lato-edna-ii\" target=\"_blank\" rel=\"noreferrer noopener\"><img loading=\"lazy\" decoding=\"async\" width=\"1024\" height=\"1024\" data-id=\"16765\" src=\"https:\/\/www.sklep.demarco.pl\/blog\/wp-content\/uploads\/2024\/05\/035-Artboard26-1024x1024.jpg\" alt=\"\" class=\"wp-image-16765\" srcset=\"https:\/\/www.sklep.demarco.pl\/blog\/wp-content\/uploads\/2024\/05\/035-Artboard26-1024x1024.jpg 1024w, https:\/\/www.sklep.demarco.pl\/blog\/wp-content\/uploads\/2024\/05\/035-Artboard26-300x300.jpg 300w, https:\/\/www.sklep.demarco.pl\/blog\/wp-content\/uploads\/2024\/05\/035-Artboard26-150x150.jpg 150w, https:\/\/www.sklep.demarco.pl\/blog\/wp-content\/uploads\/2024\/05\/035-Artboard26-768x769.jpg 768w, https:\/\/www.sklep.demarco.pl\/blog\/wp-content\/uploads\/2024\/05\/035-Artboard26.jpg 1440w\" sizes=\"auto, (max-width: 1024px) 100vw, 1024px\" \/><\/a><\/figure>\n<\/figure>\n\n\n\n<p>Szanowni Pa\u0144stwo,<\/p>\n\n\n\n<p>W letnie, upalne dni niezwykle wa\u017cne jest, aby nasze stylizacje by\u0142y lekkie i przewiewne. Dla os\u00f3b dbaj\u0105cych o sw\u00f3j wizerunek, kt\u00f3re niezale\u017cnie od pory roku i sytuacji chc\u0105 wygl\u0105da\u0107 zgrabnie i elegancki to wyzwanie, gdy\u017c rynek oferuje niewiele kreacji, kt\u00f3re jednocze\u015bnie spe\u0142niaj\u0105 wymogi letnich ubra\u0144 i jednocze\u015bnie eleganckiej odzie\u017cy damskiej, wizytowej oraz biznesowej. Marka De Marco wychodzi naprzeciw tym potrzebom, prezentuj\u0105c eleganckie kombinezony damskie, kt\u00f3re idealnie sprawdz\u0105 si\u0119 na wesele, wakacje, wczasy oraz do pracy.<\/p>\n\n\n\n<p>Czytaj r\u00f3wnie\u017c: <a href=\"https:\/\/www.sklep.demarco.pl\/blog\/gdzie-kupic-ekskluzywny-komplet-damski-ze-spodniami-lub-spodnica\/\">Gdzie kupi\u0107 ekskluzywny komplet damski ze spodniami lub sp\u00f3dnic\u0105?<\/a><\/p>\n\n\n\n<div class=\"wp-block-media-text is-stacked-on-mobile\"><figure class=\"wp-block-media-text__media\"><a href=\"https:\/\/www.sklep.demarco.pl\/modny-kombinezon-damski-alma\" target=\"_blank\" rel=\"noreferrer noopener\"><img loading=\"lazy\" decoding=\"async\" width=\"1024\" height=\"1024\" src=\"https:\/\/www.sklep.demarco.pl\/blog\/wp-content\/uploads\/2024\/05\/034-Artboard4-1024x1024.jpg\" alt=\"\" class=\"wp-image-16762 size-full\" srcset=\"https:\/\/www.sklep.demarco.pl\/blog\/wp-content\/uploads\/2024\/05\/034-Artboard4-1024x1024.jpg 1024w, https:\/\/www.sklep.demarco.pl\/blog\/wp-content\/uploads\/2024\/05\/034-Artboard4-300x300.jpg 300w, https:\/\/www.sklep.demarco.pl\/blog\/wp-content\/uploads\/2024\/05\/034-Artboard4-150x150.jpg 150w, https:\/\/www.sklep.demarco.pl\/blog\/wp-content\/uploads\/2024\/05\/034-Artboard4-768x767.jpg 768w, https:\/\/www.sklep.demarco.pl\/blog\/wp-content\/uploads\/2024\/05\/034-Artboard4.jpg 1441w\" sizes=\"auto, (max-width: 1024px) 100vw, 1024px\" \/><\/a><\/figure><div class=\"wp-block-media-text__content\">\n<h3 class=\"wp-block-heading\">Elegancja i komfort w jednym<\/h3>\n\n\n\n<p>Dbaj\u0105c o wysoki poziom estetyki, nasze kombinezony zosta\u0142y zaprojektowane z my\u015bl\u0105 o komforcie noszenia i elegancji. S\u0105 to kreacje, w kt\u00f3rych ka\u017cda kobieta poczuje si\u0119 zgrabnie i dobrze ubrana. Co wi\u0119cej, <a href=\"https:\/\/www.sklep.demarco.pl\/modny-kombinezon-damski-alma\" target=\"_blank\" rel=\"noreferrer noopener\">kombinezony<\/a> te wyszczuplaj\u0105 sylwetk\u0119, a jednocze\u015bnie s\u0105 przewiewne, dzi\u0119ki czemu doskonale nadaj\u0105 si\u0119 na letnie dni.<\/p>\n<\/div><\/div>\n\n\n\n<p>Czytaj r\u00f3wnie\u017c: <a href=\"https:\/\/www.demarco.pl\/eleganckie-ubrania-i-dylematy-gdzie-je-nosic\/\">Eleganckie ubrania \u2013 dylemat, gdzie je nosi\u0107?<\/a><\/p>\n\n\n\n<h3 class=\"wp-block-heading\">Stylizacje na ka\u017cd\u0105 okazj\u0119<\/h3>\n\n\n\n<p>Nasze eleganckie kombinezony damskie to idealne rozwi\u0105zanie na spotkania biznesowe, uroczysto\u015bci rodzinne, a tak\u017ce na co dzie\u0144 do pracy. Zapewniaj\u0105 one odpowiedni poziom elegancji bez konieczno\u015bci ods\u0142aniania du\u017cej cz\u0119\u015bci cia\u0142a, co jest szczeg\u00f3lnie wa\u017cne podczas formalnych okazji czy spotka\u0144 z kontrahentami. Te stylizacje sprawdz\u0105 si\u0119 r\u00f3wnie\u017c na weselach, gdzie elegancja i komfort s\u0105 niezwykle po\u017c\u0105dane.<\/p>\n\n\n\n<div class=\"wp-block-media-text is-stacked-on-mobile\"><figure class=\"wp-block-media-text__media\"><a href=\"https:\/\/www.sklep.demarco.pl\/modny-kombinezon-damski-alma\" target=\"_blank\" rel=\"noreferrer noopener\"><img loading=\"lazy\" decoding=\"async\" width=\"1024\" height=\"1024\" src=\"https:\/\/www.sklep.demarco.pl\/blog\/wp-content\/uploads\/2024\/05\/034-Artboard2-1024x1024.jpg\" alt=\"\" class=\"wp-image-16763 size-full\" srcset=\"https:\/\/www.sklep.demarco.pl\/blog\/wp-content\/uploads\/2024\/05\/034-Artboard2-1024x1024.jpg 1024w, https:\/\/www.sklep.demarco.pl\/blog\/wp-content\/uploads\/2024\/05\/034-Artboard2-300x300.jpg 300w, https:\/\/www.sklep.demarco.pl\/blog\/wp-content\/uploads\/2024\/05\/034-Artboard2-150x150.jpg 150w, https:\/\/www.sklep.demarco.pl\/blog\/wp-content\/uploads\/2024\/05\/034-Artboard2-768x767.jpg 768w, https:\/\/www.sklep.demarco.pl\/blog\/wp-content\/uploads\/2024\/05\/034-Artboard2.jpg 1441w\" sizes=\"auto, (max-width: 1024px) 100vw, 1024px\" \/><\/a><\/figure><div class=\"wp-block-media-text__content\">\n<h3 class=\"wp-block-heading\">Indywidualne podej\u015bcie do ka\u017cdej klientki<\/h3>\n\n\n\n<p>W De Marco ka\u017cda kreacja jest szyta na miar\u0119, co gwarantuje idealne dopasowanie do indywidualnych kszta\u0142t\u00f3w i potrzeb naszych klientek. Dbamy o to, aby ka\u017cda kobieta czu\u0142a si\u0119 wyj\u0105tkowo w naszych ubraniach, podkre\u015blaj\u0105c jej atuty i maskuj\u0105c ewentualne niedoskona\u0142o\u015bci.<\/p>\n<\/div><\/div>\n\n\n\n<p>Czytaj r\u00f3wnie\u017c: <a href=\"https:\/\/www.demarco.pl\/eleganckie-polskie-sukienki-koktajlowe-dla-mamy-i-corki\/\">Eleganckie polskie sukienki koktajlowe dla Mamy i c\u00f3rki<\/a><\/p>\n\n\n\n<h3 class=\"wp-block-heading\">Zaproszenie do \u015bwiata elegancji<\/h3>\n\n\n\n<figure class=\"wp-block-gallery has-nested-images columns-default is-cropped wp-block-gallery-2 is-layout-flex wp-block-gallery-is-layout-flex\">\n<figure class=\"wp-block-image size-large\"><a href=\"https:\/\/www.sklep.demarco.pl\/modny-kombinezon-damski-alma\" target=\"_blank\" rel=\"noreferrer noopener\"><img loading=\"lazy\" decoding=\"async\" width=\"1024\" height=\"1024\" data-id=\"16717\" src=\"https:\/\/www.sklep.demarco.pl\/blog\/wp-content\/uploads\/2024\/05\/034-Artboard30-1024x1024.jpg\" alt=\"\" class=\"wp-image-16717\" srcset=\"https:\/\/www.sklep.demarco.pl\/blog\/wp-content\/uploads\/2024\/05\/034-Artboard30-1024x1024.jpg 1024w, https:\/\/www.sklep.demarco.pl\/blog\/wp-content\/uploads\/2024\/05\/034-Artboard30-300x300.jpg 300w, https:\/\/www.sklep.demarco.pl\/blog\/wp-content\/uploads\/2024\/05\/034-Artboard30-150x150.jpg 150w, https:\/\/www.sklep.demarco.pl\/blog\/wp-content\/uploads\/2024\/05\/034-Artboard30-768x768.jpg 768w, https:\/\/www.sklep.demarco.pl\/blog\/wp-content\/uploads\/2024\/05\/034-Artboard30.jpg 1441w\" sizes=\"auto, (max-width: 1024px) 100vw, 1024px\" \/><\/a><\/figure>\n\n\n\n<figure class=\"wp-block-image size-large\"><a href=\"https:\/\/www.sklep.demarco.pl\/najmodniejszy-kombinezon-na-lato-edna-iii\" target=\"_blank\" rel=\"noreferrer noopener\"><img loading=\"lazy\" decoding=\"async\" width=\"1024\" height=\"1024\" data-id=\"16720\" src=\"https:\/\/www.sklep.demarco.pl\/blog\/wp-content\/uploads\/2024\/05\/034-Artboard17-1024x1024.jpg\" alt=\"Elegancki kombinezon damski na wakacje, wesele, wczasy i do pracy. Wyszczuplaj\u0105ce stylizacje na lato dla 30 latki, 40 latki, 5 latki, 60 latki\" class=\"wp-image-16720\" srcset=\"https:\/\/www.sklep.demarco.pl\/blog\/wp-content\/uploads\/2024\/05\/034-Artboard17-1024x1024.jpg 1024w, https:\/\/www.sklep.demarco.pl\/blog\/wp-content\/uploads\/2024\/05\/034-Artboard17-300x300.jpg 300w, https:\/\/www.sklep.demarco.pl\/blog\/wp-content\/uploads\/2024\/05\/034-Artboard17-150x150.jpg 150w, https:\/\/www.sklep.demarco.pl\/blog\/wp-content\/uploads\/2024\/05\/034-Artboard17-768x768.jpg 768w, https:\/\/www.sklep.demarco.pl\/blog\/wp-content\/uploads\/2024\/05\/034-Artboard17.jpg 1441w\" sizes=\"auto, (max-width: 1024px) 100vw, 1024px\" \/><\/a><\/figure>\n\n\n\n<figure class=\"wp-block-image size-large\"><a href=\"https:\/\/www.sklep.demarco.pl\/elegancki-kombinezon-lila\" target=\"_blank\" rel=\"noreferrer noopener\"><img loading=\"lazy\" decoding=\"async\" width=\"1024\" height=\"1024\" data-id=\"16761\" src=\"https:\/\/www.sklep.demarco.pl\/blog\/wp-content\/uploads\/2024\/05\/002.01.2023Artboard18-1024x1024.jpg\" alt=\"\" class=\"wp-image-16761\" srcset=\"https:\/\/www.sklep.demarco.pl\/blog\/wp-content\/uploads\/2024\/05\/002.01.2023Artboard18-1024x1024.jpg 1024w, https:\/\/www.sklep.demarco.pl\/blog\/wp-content\/uploads\/2024\/05\/002.01.2023Artboard18-300x300.jpg 300w, https:\/\/www.sklep.demarco.pl\/blog\/wp-content\/uploads\/2024\/05\/002.01.2023Artboard18-150x150.jpg 150w, https:\/\/www.sklep.demarco.pl\/blog\/wp-content\/uploads\/2024\/05\/002.01.2023Artboard18-768x768.jpg 768w, https:\/\/www.sklep.demarco.pl\/blog\/wp-content\/uploads\/2024\/05\/002.01.2023Artboard18.jpg 1441w\" sizes=\"auto, (max-width: 1024px) 100vw, 1024px\" \/><\/a><\/figure>\n<\/figure>\n\n\n\n<p>Serdecznie zapraszamy wszystkie Panie, kt\u00f3re maj\u0105 wysokie wymagania co do eleganckiej odzie\u017cy damskiej, do odwiedzenia naszego <a href=\"https:\/\/www.sklep.demarco.pl\/elegancki-kombinezon-na-lato-edna-ii\" target=\"_blank\" rel=\"noreferrer noopener\">sklepu internetowego De Marco<\/a>. Oferujemy szeroki wyb\u00f3r pi\u0119knych kombinezon\u00f3w damskich, doskona\u0142ych na letnie uroczysto\u015bci. Nasze kreacje to gwarancja komfortu, elegancji i doskona\u0142ego wygl\u0105du, niezale\u017cnie od okazji.<\/p>\n\n\n\n<p>Z powa\u017caniem,<\/p>\n\n\n\n<p>De Marco Atelier<\/p>\n\n\n\n<p>Czytaj r\u00f3wnie\u017c: <a href=\"https:\/\/www.demarco.pl\/wiosenne-stylizacje-pierwszej-damy\/\">Wiosenne stylizacje Pierwszej Damy RP Agaty Dudy. Lekkie zwiewne sukienki na wiosn\u0119 i lato.<\/a><\/p>\n","protected":false},"excerpt":{"rendered":"<p>Modny i elegancki kombinezon damski na wesele wakacje wczasy oraz do pracy Szanowni Pa\u0144stwo, W letnie, upalne dni niezwykle wa\u017cne jest, aby nasze stylizacje by\u0142y lekkie i przewiewne. Dla os\u00f3b dbaj\u0105cych o sw\u00f3j wizerunek, kt\u00f3re niezale\u017cnie od pory roku i sytuacji chc\u0105 wygl\u0105da\u0107 zgrabnie i elegancki to wyzwanie, gdy\u017c rynek oferuje niewiele kreacji, kt\u00f3re jednocze\u015bnie [&hellip;]<\/p>\n","protected":false},"author":1,"featured_media":16764,"comment_status":"closed","ping_status":"closed","sticky":false,"template":"","format":"standard","meta":{"footnotes":"","_links_to":"","_links_to_target":""},"categories":[15],"tags":[3768,3963,469,169,3810,3329,3341,3339,4312,256,3395,4446,4448,4310,4504,467,4508,3822,3824,478,491,3792,3788,3814,4304,3774,4209,4452,4306,3770,488,4318,3812],"class_list":["post-16758","post","type-post","status-publish","format-standard","has-post-thumbnail","hentry","category-metamorfoza","tag-butik-odziez-damska","tag-butik-z-elegancka-odzieza-damska","tag-de-marco-ekskluzywna-marka","tag-de-marco-kolekcja","tag-ekskluzywne-ubrania-butik","tag-elegancka-odziez","tag-elegancka-odziez-damska","tag-elegancka-odziez-damska-sklep-internetowy","tag-elegancka-odziez-dla-kobiety","tag-eleganckie-ubrania","tag-eleganckie-ubrania-damskie-do-pracy","tag-eleganckie-ubrania-dla-30-latki","tag-eleganckie-ubrania-dla-40-latki","tag-eleganckie-ubranie-damskie","tag-jak-sie-ubrac-na-komunie-dziecka-zdjecia","tag-kombinezon-damski","tag-kombinezon-na-komunie-dla-mamy","tag-marka-premium","tag-marka-premium-odziez","tag-markowa-odziez-damska","tag-markowe-ubrania","tag-minimalistyczna-marka-odziezowa","tag-minimalizm-w-modzie","tag-odziez-dobrej-jakosci","tag-odziez-premium-quality","tag-old-money","tag-oryginale-ubrana","tag-piekna-po-40-ubrania","tag-premium-quality","tag-quiet-luxury","tag-stylizacja-na-lato","tag-ubrania-damskie-do-pracy","tag-ubrania-dobrej-jakosci"],"yoast_head":"<!-- This site is optimized with the Yoast SEO plugin v27.5 - https:\/\/yoast.com\/product\/yoast-seo-wordpress\/ -->\n<title>Elegancki kombinezon damski na wesele i do pracy - De Marco<\/title>\n<meta name=\"description\" content=\"Lekkie i przewiewne wyszczuplaj\u0105ce kombinezony damskie na wesele, wakacje, wczasy i na co dzie\u0144 do pracy. De Marco eleganckie polskie ubrania\" \/>\n<meta name=\"robots\" content=\"index, follow, max-snippet:-1, max-image-preview:large, max-video-preview:-1\" \/>\n<link rel=\"canonical\" href=\"https:\/\/www.sklep.demarco.pl\/blog\/elegancki-kombinezon-damski-na-wesele-i-do-pracy\/\" \/>\n<meta property=\"og:locale\" content=\"pl_PL\" \/>\n<meta property=\"og:type\" content=\"article\" \/>\n<meta property=\"og:title\" content=\"Elegancki kombinezon damski na wesele i do pracy - De Marco\" \/>\n<meta property=\"og:description\" content=\"Lekkie i przewiewne wyszczuplaj\u0105ce kombinezony damskie na wesele, wakacje, wczasy i na co dzie\u0144 do pracy. De Marco eleganckie polskie ubrania\" \/>\n<meta property=\"og:url\" content=\"https:\/\/www.sklep.demarco.pl\/blog\/elegancki-kombinezon-damski-na-wesele-i-do-pracy\/\" \/>\n<meta property=\"og:site_name\" content=\"De Marco\" \/>\n<meta property=\"article:publisher\" content=\"https:\/\/www.facebook.com\/DeMarco.Styl\" \/>\n<meta property=\"article:published_time\" content=\"2024-05-20T16:34:17+00:00\" \/>\n<meta property=\"article:modified_time\" content=\"2024-05-20T16:34:22+00:00\" \/>\n<meta property=\"og:image\" content=\"https:\/\/www.sklep.demarco.pl\/blog\/wp-content\/uploads\/2024\/05\/035-Artboard28.jpg\" \/>\n\t<meta property=\"og:image:width\" content=\"1441\" \/>\n\t<meta property=\"og:image:height\" content=\"1441\" \/>\n\t<meta property=\"og:image:type\" content=\"image\/jpeg\" \/>\n<meta name=\"author\" content=\"de marco\" \/>\n<meta name=\"twitter:label1\" content=\"Napisane przez\" \/>\n\t<meta name=\"twitter:data1\" content=\"de marco\" \/>\n\t<meta name=\"twitter:label2\" content=\"Szacowany czas czytania\" \/>\n\t<meta name=\"twitter:data2\" content=\"4 minuty\" \/>\n<script type=\"application\/ld+json\" class=\"yoast-schema-graph\">{\"@context\":\"https:\\\/\\\/schema.org\",\"@graph\":[{\"@type\":\"Article\",\"@id\":\"https:\\\/\\\/www.sklep.demarco.pl\\\/blog\\\/elegancki-kombinezon-damski-na-wesele-i-do-pracy\\\/#article\",\"isPartOf\":{\"@id\":\"https:\\\/\\\/www.sklep.demarco.pl\\\/blog\\\/elegancki-kombinezon-damski-na-wesele-i-do-pracy\\\/\"},\"author\":{\"name\":\"de marco\",\"@id\":\"https:\\\/\\\/www.sklep.demarco.pl\\\/blog\\\/#\\\/schema\\\/person\\\/38456e8269588abfbbdda5bc04dad142\"},\"headline\":\"Elegancki kombinezon damski na wesele i do pracy\",\"datePublished\":\"2024-05-20T16:34:17+00:00\",\"dateModified\":\"2024-05-20T16:34:22+00:00\",\"mainEntityOfPage\":{\"@id\":\"https:\\\/\\\/www.sklep.demarco.pl\\\/blog\\\/elegancki-kombinezon-damski-na-wesele-i-do-pracy\\\/\"},\"wordCount\":415,\"image\":{\"@id\":\"https:\\\/\\\/www.sklep.demarco.pl\\\/blog\\\/elegancki-kombinezon-damski-na-wesele-i-do-pracy\\\/#primaryimage\"},\"thumbnailUrl\":\"https:\\\/\\\/www.sklep.demarco.pl\\\/blog\\\/wp-content\\\/uploads\\\/2024\\\/05\\\/035-Artboard28.jpg\",\"keywords\":[\"Butik odzie\u017c damska\",\"Butik z eleganck\u0105 odzie\u017c\u0105 damsk\u0105\",\"De Marco ekskluzywna marka\",\"de marco-kolekcja\",\"ekskluzywne ubrania butik\",\"elegancka odzie\u017c\",\"elegancka odzie\u017c damska\",\"Elegancka odzie\u017c damska sklep internetowy\",\"Elegancka odzie\u017c dla kobiety\",\"eleganckie ubrania\",\"eleganckie ubrania damskie do pracy\",\"eleganckie ubrania dla 30 latki\",\"eleganckie ubrania dla 40 latki\",\"Eleganckie ubranie damskie\",\"Jak si\u0119 ubra\u0107 na komuni\u0119 dziecka zdj\u0119cia\",\"kombinezon damski\",\"Kombinezon na komuni\u0119 dla mamy\",\"marka premium\",\"marka premium odzie\u017c\",\"markowa odzie\u017c damska\",\"markowe ubrania\",\"minimalistyczna marka odzie\u017cowa\",\"minimalizm w modzie\",\"odzie\u017c dobrej jako\u015bci\",\"Odzie\u017c Premium Quality\",\"Old Money\",\"oryginale ubrana\",\"Pi\u0119kna po 40 ubrania\",\"Premium Quality\",\"Quiet Luxury\",\"stylizacja na lato\",\"ubrania damskie do pracy\",\"ubrania dobrej jako\u015bci\"],\"articleSection\":[\"METAMORFOZA\"],\"inLanguage\":\"pl-PL\"},{\"@type\":\"WebPage\",\"@id\":\"https:\\\/\\\/www.sklep.demarco.pl\\\/blog\\\/elegancki-kombinezon-damski-na-wesele-i-do-pracy\\\/\",\"url\":\"https:\\\/\\\/www.sklep.demarco.pl\\\/blog\\\/elegancki-kombinezon-damski-na-wesele-i-do-pracy\\\/\",\"name\":\"Elegancki kombinezon damski na wesele i do pracy - De Marco\",\"isPartOf\":{\"@id\":\"https:\\\/\\\/www.sklep.demarco.pl\\\/blog\\\/#website\"},\"primaryImageOfPage\":{\"@id\":\"https:\\\/\\\/www.sklep.demarco.pl\\\/blog\\\/elegancki-kombinezon-damski-na-wesele-i-do-pracy\\\/#primaryimage\"},\"image\":{\"@id\":\"https:\\\/\\\/www.sklep.demarco.pl\\\/blog\\\/elegancki-kombinezon-damski-na-wesele-i-do-pracy\\\/#primaryimage\"},\"thumbnailUrl\":\"https:\\\/\\\/www.sklep.demarco.pl\\\/blog\\\/wp-content\\\/uploads\\\/2024\\\/05\\\/035-Artboard28.jpg\",\"datePublished\":\"2024-05-20T16:34:17+00:00\",\"dateModified\":\"2024-05-20T16:34:22+00:00\",\"author\":{\"@id\":\"https:\\\/\\\/www.sklep.demarco.pl\\\/blog\\\/#\\\/schema\\\/person\\\/38456e8269588abfbbdda5bc04dad142\"},\"description\":\"Lekkie i przewiewne wyszczuplaj\u0105ce kombinezony damskie na wesele, wakacje, wczasy i na co dzie\u0144 do pracy. De Marco eleganckie polskie ubrania\",\"breadcrumb\":{\"@id\":\"https:\\\/\\\/www.sklep.demarco.pl\\\/blog\\\/elegancki-kombinezon-damski-na-wesele-i-do-pracy\\\/#breadcrumb\"},\"inLanguage\":\"pl-PL\",\"potentialAction\":[{\"@type\":\"ReadAction\",\"target\":[\"https:\\\/\\\/www.sklep.demarco.pl\\\/blog\\\/elegancki-kombinezon-damski-na-wesele-i-do-pracy\\\/\"]}]},{\"@type\":\"ImageObject\",\"inLanguage\":\"pl-PL\",\"@id\":\"https:\\\/\\\/www.sklep.demarco.pl\\\/blog\\\/elegancki-kombinezon-damski-na-wesele-i-do-pracy\\\/#primaryimage\",\"url\":\"https:\\\/\\\/www.sklep.demarco.pl\\\/blog\\\/wp-content\\\/uploads\\\/2024\\\/05\\\/035-Artboard28.jpg\",\"contentUrl\":\"https:\\\/\\\/www.sklep.demarco.pl\\\/blog\\\/wp-content\\\/uploads\\\/2024\\\/05\\\/035-Artboard28.jpg\",\"width\":1441,\"height\":1441},{\"@type\":\"BreadcrumbList\",\"@id\":\"https:\\\/\\\/www.sklep.demarco.pl\\\/blog\\\/elegancki-kombinezon-damski-na-wesele-i-do-pracy\\\/#breadcrumb\",\"itemListElement\":[{\"@type\":\"ListItem\",\"position\":1,\"name\":\"Strona g\u0142\u00f3wna\",\"item\":\"https:\\\/\\\/www.sklep.demarco.pl\\\/blog\\\/\"},{\"@type\":\"ListItem\",\"position\":2,\"name\":\"Elegancki kombinezon damski na wesele i do pracy\"}]},{\"@type\":\"WebSite\",\"@id\":\"https:\\\/\\\/www.sklep.demarco.pl\\\/blog\\\/#website\",\"url\":\"https:\\\/\\\/www.sklep.demarco.pl\\\/blog\\\/\",\"name\":\"De Marco\",\"description\":\"The finest women&#039;s clothing manufacturer\",\"potentialAction\":[{\"@type\":\"SearchAction\",\"target\":{\"@type\":\"EntryPoint\",\"urlTemplate\":\"https:\\\/\\\/www.sklep.demarco.pl\\\/blog\\\/?s={search_term_string}\"},\"query-input\":{\"@type\":\"PropertyValueSpecification\",\"valueRequired\":true,\"valueName\":\"search_term_string\"}}],\"inLanguage\":\"pl-PL\"},{\"@type\":\"Person\",\"@id\":\"https:\\\/\\\/www.sklep.demarco.pl\\\/blog\\\/#\\\/schema\\\/person\\\/38456e8269588abfbbdda5bc04dad142\",\"name\":\"de marco\",\"image\":{\"@type\":\"ImageObject\",\"inLanguage\":\"pl-PL\",\"@id\":\"https:\\\/\\\/secure.gravatar.com\\\/avatar\\\/1d03f06a246921ea2531e9b59fe2dcd5a125b6b3339bedd531ae0d7e4bb25f99?s=96&d=mm&r=g\",\"url\":\"https:\\\/\\\/secure.gravatar.com\\\/avatar\\\/1d03f06a246921ea2531e9b59fe2dcd5a125b6b3339bedd531ae0d7e4bb25f99?s=96&d=mm&r=g\",\"contentUrl\":\"https:\\\/\\\/secure.gravatar.com\\\/avatar\\\/1d03f06a246921ea2531e9b59fe2dcd5a125b6b3339bedd531ae0d7e4bb25f99?s=96&d=mm&r=g\",\"caption\":\"de marco\"},\"url\":\"https:\\\/\\\/www.sklep.demarco.pl\\\/blog\\\/author\\\/de-marco\\\/\"}]}<\/script>\n<!-- \/ Yoast SEO plugin. -->","yoast_head_json":{"title":"Elegancki kombinezon damski na wesele i do pracy - De Marco","description":"Lekkie i przewiewne wyszczuplaj\u0105ce kombinezony damskie na wesele, wakacje, wczasy i na co dzie\u0144 do pracy. De Marco eleganckie polskie ubrania","robots":{"index":"index","follow":"follow","max-snippet":"max-snippet:-1","max-image-preview":"max-image-preview:large","max-video-preview":"max-video-preview:-1"},"canonical":"https:\/\/www.sklep.demarco.pl\/blog\/elegancki-kombinezon-damski-na-wesele-i-do-pracy\/","og_locale":"pl_PL","og_type":"article","og_title":"Elegancki kombinezon damski na wesele i do pracy - De Marco","og_description":"Lekkie i przewiewne wyszczuplaj\u0105ce kombinezony damskie na wesele, wakacje, wczasy i na co dzie\u0144 do pracy. De Marco eleganckie polskie ubrania","og_url":"https:\/\/www.sklep.demarco.pl\/blog\/elegancki-kombinezon-damski-na-wesele-i-do-pracy\/","og_site_name":"De Marco","article_publisher":"https:\/\/www.facebook.com\/DeMarco.Styl","article_published_time":"2024-05-20T16:34:17+00:00","article_modified_time":"2024-05-20T16:34:22+00:00","og_image":[{"width":1441,"height":1441,"url":"https:\/\/www.sklep.demarco.pl\/blog\/wp-content\/uploads\/2024\/05\/035-Artboard28.jpg","type":"image\/jpeg"}],"author":"de marco","twitter_misc":{"Napisane przez":"de marco","Szacowany czas czytania":"4 minuty"},"schema":{"@context":"https:\/\/schema.org","@graph":[{"@type":"Article","@id":"https:\/\/www.sklep.demarco.pl\/blog\/elegancki-kombinezon-damski-na-wesele-i-do-pracy\/#article","isPartOf":{"@id":"https:\/\/www.sklep.demarco.pl\/blog\/elegancki-kombinezon-damski-na-wesele-i-do-pracy\/"},"author":{"name":"de marco","@id":"https:\/\/www.sklep.demarco.pl\/blog\/#\/schema\/person\/38456e8269588abfbbdda5bc04dad142"},"headline":"Elegancki kombinezon damski na wesele i do pracy","datePublished":"2024-05-20T16:34:17+00:00","dateModified":"2024-05-20T16:34:22+00:00","mainEntityOfPage":{"@id":"https:\/\/www.sklep.demarco.pl\/blog\/elegancki-kombinezon-damski-na-wesele-i-do-pracy\/"},"wordCount":415,"image":{"@id":"https:\/\/www.sklep.demarco.pl\/blog\/elegancki-kombinezon-damski-na-wesele-i-do-pracy\/#primaryimage"},"thumbnailUrl":"https:\/\/www.sklep.demarco.pl\/blog\/wp-content\/uploads\/2024\/05\/035-Artboard28.jpg","keywords":["Butik odzie\u017c damska","Butik z eleganck\u0105 odzie\u017c\u0105 damsk\u0105","De Marco ekskluzywna marka","de marco-kolekcja","ekskluzywne ubrania butik","elegancka odzie\u017c","elegancka odzie\u017c damska","Elegancka odzie\u017c damska sklep internetowy","Elegancka odzie\u017c dla kobiety","eleganckie ubrania","eleganckie ubrania damskie do pracy","eleganckie ubrania dla 30 latki","eleganckie ubrania dla 40 latki","Eleganckie ubranie damskie","Jak si\u0119 ubra\u0107 na komuni\u0119 dziecka zdj\u0119cia","kombinezon damski","Kombinezon na komuni\u0119 dla mamy","marka premium","marka premium odzie\u017c","markowa odzie\u017c damska","markowe ubrania","minimalistyczna marka odzie\u017cowa","minimalizm w modzie","odzie\u017c dobrej jako\u015bci","Odzie\u017c Premium Quality","Old Money","oryginale ubrana","Pi\u0119kna po 40 ubrania","Premium Quality","Quiet Luxury","stylizacja na lato","ubrania damskie do pracy","ubrania dobrej jako\u015bci"],"articleSection":["METAMORFOZA"],"inLanguage":"pl-PL"},{"@type":"WebPage","@id":"https:\/\/www.sklep.demarco.pl\/blog\/elegancki-kombinezon-damski-na-wesele-i-do-pracy\/","url":"https:\/\/www.sklep.demarco.pl\/blog\/elegancki-kombinezon-damski-na-wesele-i-do-pracy\/","name":"Elegancki kombinezon damski na wesele i do pracy - De Marco","isPartOf":{"@id":"https:\/\/www.sklep.demarco.pl\/blog\/#website"},"primaryImageOfPage":{"@id":"https:\/\/www.sklep.demarco.pl\/blog\/elegancki-kombinezon-damski-na-wesele-i-do-pracy\/#primaryimage"},"image":{"@id":"https:\/\/www.sklep.demarco.pl\/blog\/elegancki-kombinezon-damski-na-wesele-i-do-pracy\/#primaryimage"},"thumbnailUrl":"https:\/\/www.sklep.demarco.pl\/blog\/wp-content\/uploads\/2024\/05\/035-Artboard28.jpg","datePublished":"2024-05-20T16:34:17+00:00","dateModified":"2024-05-20T16:34:22+00:00","author":{"@id":"https:\/\/www.sklep.demarco.pl\/blog\/#\/schema\/person\/38456e8269588abfbbdda5bc04dad142"},"description":"Lekkie i przewiewne wyszczuplaj\u0105ce kombinezony damskie na wesele, wakacje, wczasy i na co dzie\u0144 do pracy. De Marco eleganckie polskie ubrania","breadcrumb":{"@id":"https:\/\/www.sklep.demarco.pl\/blog\/elegancki-kombinezon-damski-na-wesele-i-do-pracy\/#breadcrumb"},"inLanguage":"pl-PL","potentialAction":[{"@type":"ReadAction","target":["https:\/\/www.sklep.demarco.pl\/blog\/elegancki-kombinezon-damski-na-wesele-i-do-pracy\/"]}]},{"@type":"ImageObject","inLanguage":"pl-PL","@id":"https:\/\/www.sklep.demarco.pl\/blog\/elegancki-kombinezon-damski-na-wesele-i-do-pracy\/#primaryimage","url":"https:\/\/www.sklep.demarco.pl\/blog\/wp-content\/uploads\/2024\/05\/035-Artboard28.jpg","contentUrl":"https:\/\/www.sklep.demarco.pl\/blog\/wp-content\/uploads\/2024\/05\/035-Artboard28.jpg","width":1441,"height":1441},{"@type":"BreadcrumbList","@id":"https:\/\/www.sklep.demarco.pl\/blog\/elegancki-kombinezon-damski-na-wesele-i-do-pracy\/#breadcrumb","itemListElement":[{"@type":"ListItem","position":1,"name":"Strona g\u0142\u00f3wna","item":"https:\/\/www.sklep.demarco.pl\/blog\/"},{"@type":"ListItem","position":2,"name":"Elegancki kombinezon damski na wesele i do pracy"}]},{"@type":"WebSite","@id":"https:\/\/www.sklep.demarco.pl\/blog\/#website","url":"https:\/\/www.sklep.demarco.pl\/blog\/","name":"De Marco","description":"The finest women&#039;s clothing manufacturer","potentialAction":[{"@type":"SearchAction","target":{"@type":"EntryPoint","urlTemplate":"https:\/\/www.sklep.demarco.pl\/blog\/?s={search_term_string}"},"query-input":{"@type":"PropertyValueSpecification","valueRequired":true,"valueName":"search_term_string"}}],"inLanguage":"pl-PL"},{"@type":"Person","@id":"https:\/\/www.sklep.demarco.pl\/blog\/#\/schema\/person\/38456e8269588abfbbdda5bc04dad142","name":"de marco","image":{"@type":"ImageObject","inLanguage":"pl-PL","@id":"https:\/\/secure.gravatar.com\/avatar\/1d03f06a246921ea2531e9b59fe2dcd5a125b6b3339bedd531ae0d7e4bb25f99?s=96&d=mm&r=g","url":"https:\/\/secure.gravatar.com\/avatar\/1d03f06a246921ea2531e9b59fe2dcd5a125b6b3339bedd531ae0d7e4bb25f99?s=96&d=mm&r=g","contentUrl":"https:\/\/secure.gravatar.com\/avatar\/1d03f06a246921ea2531e9b59fe2dcd5a125b6b3339bedd531ae0d7e4bb25f99?s=96&d=mm&r=g","caption":"de marco"},"url":"https:\/\/www.sklep.demarco.pl\/blog\/author\/de-marco\/"}]}},"builder_content":"","_links":{"self":[{"href":"https:\/\/www.sklep.demarco.pl\/blog\/wp-json\/wp\/v2\/posts\/16758","targetHints":{"allow":["GET"]}}],"collection":[{"href":"https:\/\/www.sklep.demarco.pl\/blog\/wp-json\/wp\/v2\/posts"}],"about":[{"href":"https:\/\/www.sklep.demarco.pl\/blog\/wp-json\/wp\/v2\/types\/post"}],"author":[{"embeddable":true,"href":"https:\/\/www.sklep.demarco.pl\/blog\/wp-json\/wp\/v2\/users\/1"}],"replies":[{"embeddable":true,"href":"https:\/\/www.sklep.demarco.pl\/blog\/wp-json\/wp\/v2\/comments?post=16758"}],"version-history":[{"count":3,"href":"https:\/\/www.sklep.demarco.pl\/blog\/wp-json\/wp\/v2\/posts\/16758\/revisions"}],"predecessor-version":[{"id":16767,"href":"https:\/\/www.sklep.demarco.pl\/blog\/wp-json\/wp\/v2\/posts\/16758\/revisions\/16767"}],"wp:featuredmedia":[{"embeddable":true,"href":"https:\/\/www.sklep.demarco.pl\/blog\/wp-json\/wp\/v2\/media\/16764"}],"wp:attachment":[{"href":"https:\/\/www.sklep.demarco.pl\/blog\/wp-json\/wp\/v2\/media?parent=16758"}],"wp:term":[{"taxonomy":"category","embeddable":true,"href":"https:\/\/www.sklep.demarco.pl\/blog\/wp-json\/wp\/v2\/categories?post=16758"},{"taxonomy":"post_tag","embeddable":true,"href":"https:\/\/www.sklep.demarco.pl\/blog\/wp-json\/wp\/v2\/tags?post=16758"}],"curies":[{"name":"wp","href":"https:\/\/api.w.org\/{rel}","templated":true}]}}