{"id":16512,"date":"2024-04-05T08:35:53","date_gmt":"2024-04-05T08:35:53","guid":{"rendered":"https:\/\/www.sklep.demarco.pl\/blog\/?p=16512"},"modified":"2024-04-05T17:53:59","modified_gmt":"2024-04-05T17:53:59","slug":"wiosenne-i-letnie-sukienki-pierwszej-damy-rp-agaty-dudy","status":"publish","type":"post","link":"https:\/\/www.sklep.demarco.pl\/blog\/wiosenne-i-letnie-sukienki-pierwszej-damy-rp-agaty-dudy\/","title":{"rendered":"Wiosenne i letnie sukienki Pierwszej Damy RP Agaty Dudy"},"content":{"rendered":"<!-- wp:themify-builder\/canvas \/-->\n\n\n<p>Wiosenne i letnie sukienki Pierwszej Damy RP, Agaty Dudy, stanowi\u0105 nie tylko wyraz wyj\u0105tkowego gustu, ale r\u00f3wnie\u017c inspiruj\u0105ce \u017ar\u00f3d\u0142o dla kobiet poszukuj\u0105cych elegancji w codziennym ubiorze. Wybory modowe Pierwszej Damy RP w kreacjach dyplomatycznych i wizytowych niezmiennie wp\u0142ywaj\u0105 na aktualne trendy, definiuj\u0105c nowoczesn\u0105 klasyk\u0119 i subtelny szyk.<\/p>\n\n\n\n<h2 class=\"wp-block-heading\">Eleganckie <a href=\"https:\/\/www.sklep.demarco.pl\/lena-wizytowa-sukienka-z-dlugim-rekawem\" target=\"_blank\" rel=\"noreferrer noopener\">sukienki wizytowe<\/a> Pierwszej Damy <\/h2>\n\n\n\n<figure class=\"wp-block-gallery has-nested-images columns-default is-cropped wp-block-gallery-1 is-layout-flex wp-block-gallery-is-layout-flex\">\n<figure class=\"wp-block-image size-large\"><a href=\"https:\/\/www.sklep.demarco.pl\/lena-wizytowa-sukienka-z-dlugim-rekawem\" target=\"_blank\" rel=\"noreferrer noopener\"><img loading=\"lazy\" decoding=\"async\" width=\"1024\" height=\"1024\" data-id=\"16228\" src=\"https:\/\/www.sklep.demarco.pl\/blog\/wp-content\/uploads\/2024\/03\/sukienki-Agaty-Dudy-1-1024x1024.jpeg\" alt=\"\" class=\"wp-image-16228\" srcset=\"https:\/\/www.sklep.demarco.pl\/blog\/wp-content\/uploads\/2024\/03\/sukienki-Agaty-Dudy-1-1024x1024.jpeg 1024w, https:\/\/www.sklep.demarco.pl\/blog\/wp-content\/uploads\/2024\/03\/sukienki-Agaty-Dudy-1-300x300.jpeg 300w, https:\/\/www.sklep.demarco.pl\/blog\/wp-content\/uploads\/2024\/03\/sukienki-Agaty-Dudy-1-150x150.jpeg 150w, https:\/\/www.sklep.demarco.pl\/blog\/wp-content\/uploads\/2024\/03\/sukienki-Agaty-Dudy-1-768x768.jpeg 768w, https:\/\/www.sklep.demarco.pl\/blog\/wp-content\/uploads\/2024\/03\/sukienki-Agaty-Dudy-1.jpeg 1441w\" sizes=\"auto, (max-width: 1024px) 100vw, 1024px\" \/><\/a><\/figure>\n\n\n\n<figure class=\"wp-block-image size-large\"><a href=\"https:\/\/www.sklep.demarco.pl\/lena-wizytowa-sukienka-z-dlugim-rekawem\" target=\"_blank\" rel=\"noreferrer noopener\"><img loading=\"lazy\" decoding=\"async\" width=\"1024\" height=\"682\" data-id=\"16519\" src=\"https:\/\/www.sklep.demarco.pl\/blog\/wp-content\/uploads\/2024\/04\/19_Andrzej_Duda_spotkanie_polonia_Nairobii_Kenia_20240205_MB2_4861-2-1024x682.jpg\" alt=\"\" class=\"wp-image-16519\" srcset=\"https:\/\/www.sklep.demarco.pl\/blog\/wp-content\/uploads\/2024\/04\/19_Andrzej_Duda_spotkanie_polonia_Nairobii_Kenia_20240205_MB2_4861-2-1024x682.jpg 1024w, https:\/\/www.sklep.demarco.pl\/blog\/wp-content\/uploads\/2024\/04\/19_Andrzej_Duda_spotkanie_polonia_Nairobii_Kenia_20240205_MB2_4861-2-300x200.jpg 300w, https:\/\/www.sklep.demarco.pl\/blog\/wp-content\/uploads\/2024\/04\/19_Andrzej_Duda_spotkanie_polonia_Nairobii_Kenia_20240205_MB2_4861-2-768x512.jpg 768w, https:\/\/www.sklep.demarco.pl\/blog\/wp-content\/uploads\/2024\/04\/19_Andrzej_Duda_spotkanie_polonia_Nairobii_Kenia_20240205_MB2_4861-2-1536x1024.jpg 1536w, https:\/\/www.sklep.demarco.pl\/blog\/wp-content\/uploads\/2024\/04\/19_Andrzej_Duda_spotkanie_polonia_Nairobii_Kenia_20240205_MB2_4861-2.jpg 2000w\" sizes=\"auto, (max-width: 1024px) 100vw, 1024px\" \/><\/a><\/figure>\n<\/figure>\n\n\n\n<p>Z dum\u0105 informujemy, \u017ce nasza pracownia r\u00f3wnie\u017c uczestniczy w kreowaniu mody, a sama Pani Agata Kornhauser-Duda jest jedn\u0105 z naszych wyj\u0105tkowych klientek. To zaszczyt mie\u0107 mo\u017cliwo\u015b\u0107 tworzenia kreacji, kt\u00f3re wpisuj\u0105 si\u0119 w jej styl i elegancj\u0119.<\/p>\n\n\n\n<div class=\"wp-block-media-text is-stacked-on-mobile\"><figure class=\"wp-block-media-text__media\"><a href=\"https:\/\/www.sklep.demarco.pl\/piekna-sukienka-na-wesele-adrianna\" target=\"_blank\" rel=\"noreferrer noopener\"><img loading=\"lazy\" decoding=\"async\" width=\"748\" height=\"745\" src=\"https:\/\/www.sklep.demarco.pl\/blog\/wp-content\/uploads\/2024\/04\/pierwsza-dama-sukienka-wizytowa.jpg\" alt=\"\" class=\"wp-image-16521 size-full\" srcset=\"https:\/\/www.sklep.demarco.pl\/blog\/wp-content\/uploads\/2024\/04\/pierwsza-dama-sukienka-wizytowa.jpg 748w, https:\/\/www.sklep.demarco.pl\/blog\/wp-content\/uploads\/2024\/04\/pierwsza-dama-sukienka-wizytowa-300x300.jpg 300w, https:\/\/www.sklep.demarco.pl\/blog\/wp-content\/uploads\/2024\/04\/pierwsza-dama-sukienka-wizytowa-150x150.jpg 150w\" sizes=\"auto, (max-width: 748px) 100vw, 748px\" \/><\/a><\/figure><div class=\"wp-block-media-text__content\">\n<p>Warto zauwa\u017cy\u0107, \u017ce <a href=\"https:\/\/www.sklep.demarco.pl\/piekna-sukienka-na-wesele-adrianna\" target=\"_blank\" rel=\"noreferrer noopener\">sukienki wizytowe<\/a> z elementami plisowanymi s\u0105 trafnym wyborem na nadchodz\u0105cy sezon. Ich lekko\u015b\u0107 i delikatno\u015b\u0107 doskonale harmonizuj\u0105 z atmosfer\u0105 wiosny i lata. Dodatkowo, intensywne kolory sukienek wizytowych wprowadzaj\u0105 do stylizacji energi\u0119 i rado\u015b\u0107, podkre\u015blaj\u0105c optymizm i si\u0142y witalne.<\/p>\n<\/div><\/div>\n\n\n\n<p>Czytaj r\u00f3wnie\u017c: <a href=\"https:\/\/www.demarco.pl\/elegancka-sukienka-na-lato-2024-doskonala-na-wiele-okazji\/\">Elegancka sukienka na lato 2024: Doskona\u0142a na wiele okazji<\/a><\/p>\n\n\n\n<h2 class=\"wp-block-heading\">Praktyczne lekkie <a href=\"https:\/\/www.sklep.demarco.pl\/sukienka-w-grochy-aniela-ii\" target=\"_blank\" rel=\"noreferrer noopener\">sukienki koktajlowe<\/a>. Modne printy na wiosn\u0119 i lato 2024<\/h2>\n\n\n\n<figure class=\"wp-block-image size-large\"><a href=\"https:\/\/www.sklep.demarco.pl\/sukienka-w-grochy-aniela-ii\" target=\"_blank\" rel=\"noreferrer noopener\"><img loading=\"lazy\" decoding=\"async\" width=\"1024\" height=\"767\" src=\"https:\/\/www.sklep.demarco.pl\/blog\/wp-content\/uploads\/2024\/04\/Agata_Kornhauser_Duda_sukienki_de_marco_grochy-1024x767.jpg\" alt=\"\" class=\"wp-image-16515\" srcset=\"https:\/\/www.sklep.demarco.pl\/blog\/wp-content\/uploads\/2024\/04\/Agata_Kornhauser_Duda_sukienki_de_marco_grochy-1024x767.jpg 1024w, https:\/\/www.sklep.demarco.pl\/blog\/wp-content\/uploads\/2024\/04\/Agata_Kornhauser_Duda_sukienki_de_marco_grochy-300x225.jpg 300w, https:\/\/www.sklep.demarco.pl\/blog\/wp-content\/uploads\/2024\/04\/Agata_Kornhauser_Duda_sukienki_de_marco_grochy-768x576.jpg 768w, https:\/\/www.sklep.demarco.pl\/blog\/wp-content\/uploads\/2024\/04\/Agata_Kornhauser_Duda_sukienki_de_marco_grochy.jpg 1441w\" sizes=\"auto, (max-width: 1024px) 100vw, 1024px\" \/><\/a><\/figure>\n\n\n\n<p>Nie zabrak\u0142o r\u00f3wnie\u017c <a href=\"https:\/\/www.sklep.demarco.pl\/blog\/polska-marka-slow-fashion-najmodniejsze-trendy-na-lato-2024-sukienka-w-grochy\/\">sukienek koktajlowych,<\/a> kt\u00f3re stanowi\u0105 kwintesencj\u0119 praktycznej elegancji. Wzory w kropki, grochy, zygzaki czy motywy kwiatowe i zwierz\u0119ce doskonale komponuj\u0105 si\u0119 z letnimi popo\u0142udniami i wieczorami, nadaj\u0105c stylizacji kobiecego charakteru.<\/p>\n\n\n\n<figure class=\"wp-block-image size-full\"><a href=\"https:\/\/www.sklep.demarco.pl\/emma-ii-eleganckie-sukienki\" target=\"_blank\" rel=\"noreferrer noopener\"><img loading=\"lazy\" decoding=\"async\" width=\"1024\" height=\"768\" src=\"https:\/\/www.sklep.demarco.pl\/blog\/wp-content\/uploads\/2024\/04\/Agata_duda_sukienki_de_marco_5-1024x768-1.webp\" alt=\"\" class=\"wp-image-16516\" srcset=\"https:\/\/www.sklep.demarco.pl\/blog\/wp-content\/uploads\/2024\/04\/Agata_duda_sukienki_de_marco_5-1024x768-1.webp 1024w, https:\/\/www.sklep.demarco.pl\/blog\/wp-content\/uploads\/2024\/04\/Agata_duda_sukienki_de_marco_5-1024x768-1-300x225.webp 300w, https:\/\/www.sklep.demarco.pl\/blog\/wp-content\/uploads\/2024\/04\/Agata_duda_sukienki_de_marco_5-1024x768-1-768x576.webp 768w\" sizes=\"auto, (max-width: 1024px) 100vw, 1024px\" \/><\/a><\/figure>\n\n\n\n<p>Podkre\u015blaj\u0105c wyj\u0105tkowo\u015b\u0107 kolekcji, warto zwr\u00f3ci\u0107 uwag\u0119 na<a href=\"https:\/\/www.sklep.demarco.pl\/emma-ii-eleganckie-sukienki\" target=\"_blank\" rel=\"noreferrer noopener\"> koktajlow\u0105 sukienk\u0119<\/a> w grochy oraz czarno-bia\u0142\u0105 stylizacj\u0119 w kwiaty, z wyszczuplaj\u0105cym szerokim pasem. To doskona\u0142e przyk\u0142ady elegancji i klasy, kt\u00f3re inspiruj\u0105 nie tylko nasze projekty, ale tak\u017ce stylizacje wielu kobiet.<\/p>\n\n\n\n<p>Czytaj r\u00f3wnie\u017c: <a href=\"https:\/\/www.demarco.pl\/trendy-na-wiosne-i-lato-2024-swieza-i-czysta-biel\/\">Trendy na wiosn\u0119 i lato 2024. \u015awie\u017ca i czysta biel<\/a><\/p>\n\n\n\n<h2 class=\"wp-block-heading\">Profesjonalne krawiectwo miarowe De Marco<\/h2>\n\n\n\n<p>Elegancka odzie\u017c damska szyta na miar\u0119 w Polsce. Ubrania damskie dobrej jako\u015bci<\/p>\n\n\n\n<p>Zapraszamy serdecznie do odwiedzenia sklepu internetowego De Marco, gdzie znajd\u0105 Pa\u0144stwo wszystkie nasze propozycje. Pragniemy podkre\u015bli\u0107, \u017ce wszystkie nasze kreacje szyte s\u0105 indywidualnie na miar\u0119, w naszym Salonie Mody De Marco we Frydrychowicach, ko\u0142o Wadowic. Serdecznie zapraszamy na kaw\u0119 do Atelier W\u0142adys\u0142awy Fr\u0105czek, a wszystkie Panie zainteresowane spotkaniem prosimy o kontakt telefoniczny pod numerem 33 879 59 13, aby ustali\u0107 dogodny termin.<\/p>\n\n\n\n<p>Z szacunkiem,<\/p>\n\n\n\n<p>Redakcja De Marco<\/p>\n\n\n\n<p>Czytaj r\u00f3wnie\u017c: <a href=\"https:\/\/www.demarco.pl\/eleganckie-sukienki-dla-50-latki\/\">Jak ubiera\u0107 si\u0119 na wesele w wieku 50 i 60 lat: Modne Sukienki<\/a><\/p>\n","protected":false},"excerpt":{"rendered":"<p>Wiosenne i letnie sukienki Pierwszej Damy RP, Agaty Dudy, stanowi\u0105 nie tylko wyraz wyj\u0105tkowego gustu, ale r\u00f3wnie\u017c inspiruj\u0105ce \u017ar\u00f3d\u0142o dla kobiet poszukuj\u0105cych elegancji w codziennym ubiorze. Wybory modowe Pierwszej Damy RP w kreacjach dyplomatycznych i wizytowych niezmiennie wp\u0142ywaj\u0105 na aktualne trendy, definiuj\u0105c nowoczesn\u0105 klasyk\u0119 i subtelny szyk. Eleganckie sukienki wizytowe Pierwszej Damy Z dum\u0105 informujemy, [&hellip;]<\/p>\n","protected":false},"author":1,"featured_media":16520,"comment_status":"closed","ping_status":"closed","sticky":false,"template":"","format":"standard","meta":{"footnotes":"","_links_to":"","_links_to_target":""},"categories":[15],"tags":[122,101,402,4368,469,349,3491,3475,4374,3339,4438,4025,424,4392,127,2096,128,3469,4382,509,3473,406,4380,4378,257,4372,4314,394,4376,3471,3467,477,4386,403,407,4370,102,117,400,2091,506,220,4173,103,4189,116,236,325,487,423,4408,4404,4458,3511,4306,4199,4362,196,188,189,34,213,296,192,190,3477],"class_list":["post-16512","post","type-post","status-publish","format-standard","has-post-thumbnail","hentry","category-metamorfoza","tag-agata-sekrety-pierwszej-damy","tag-agata-duda","tag-agata-duda-stylizacje","tag-agata-kornhauser-duda","tag-de-marco-ekskluzywna-marka","tag-duda","tag-ekskluzywna-odziez-damska-polskich-producentow","tag-ekskluzywne-sukienki-koktajlowe","tag-ekskluzywne-sukienki-wizytowe","tag-elegancka-odziez-damska-sklep-internetowy","tag-elegancka-sukienka-wizytowa","tag-elegancki-styl","tag-eleganckie-polskie-sukienki","tag-eleganckie-sukienki-wizytowe","tag-gdzie-kupuje-dudowa","tag-gdzie-ubiera-sie-agata-duda","tag-gdzie-ubiera-sie-duda","tag-klasyczne-sukienki-koktajlowe","tag-klasyczne-sukienki-wizytowe","tag-koktajlowa-sukienka","tag-koktajlowa-sukienka-na-wesele","tag-kto-ubiera-agate-dude","tag-leganckie-sukienki-wizytowe","tag-lekkie-eleganckie-sukienki-wizytowe","tag-luksusowa-polska-marka","tag-markowe-eleganckie-sukienki-wizytowe","tag-minimalistyczne-polskie-marki","tag-najmodniejsze-stylizacje","tag-najmodniejsze-sukienki-wizytowe","tag-najpiekniejsze-sukienki-koktajlowe","tag-niepowtarzalne-sukienki-koktajlowe","tag-odziez-wizytowa","tag-oryginalne-sukienki-wizytowe","tag-ostatnie-kreacje-agaty-dudy","tag-ostatnie-kreacje-agaty-dudy-2","tag-piekne-sukienki-wizytowe","tag-pierwasza-dama","tag-pierwsza-dama","tag-pierwsza-dama-agata-duda-stylizacje-de-marco","tag-pierwsza-dama-butik-frydrychowice","tag-pierwsza-dama-sklep-internetowy","tag-plaszcz-do-sukienki-w-stylu-agaty-dudy","tag-polityczka","tag-polska-firma","tag-polska-odziez-damska-sklep-internetowy","tag-polska-prezydentowa","tag-polska-projektantka-mody","tag-polski-film","tag-polskie-marki","tag-polskie-sukienki","tag-polskie-sukienki-eleganckie","tag-polskie-sukienki-klasyczne","tag-polskie-sukienki-na-wesele","tag-polskie-sukienki-w-kwiaty","tag-premium-quality","tag-prezent-dla-eleganckiej-kobiety","tag-prezydentowa","tag-projektant-agaty-dudy","tag-projektantka-agaty-dudy","tag-projektantka-pierwszej-damy","tag-styl","tag-styl-agaty-dydy","tag-stylistaka","tag-stylizacje-agaty-dudy","tag-sukienki-agaty-dudy","tag-sukienki-koktajlowe-midi"],"yoast_head":"<!-- This site is optimized with the Yoast SEO plugin v27.5 - https:\/\/yoast.com\/product\/yoast-seo-wordpress\/ -->\n<title>Wiosenne i letnie sukienki Pierwszej Damy RP Agaty Dudy - De Marco<\/title>\n<meta name=\"description\" content=\"Lekkie sukienki koktajlowe i wizytowe Modne printy na wiosn\u0119 i lato 2024 Profesjonalne krawiectwo miarowe De Marco Atelier W\u0142adys\u0142awy Fr\u0105czek.\" \/>\n<meta name=\"robots\" content=\"index, follow, max-snippet:-1, max-image-preview:large, max-video-preview:-1\" \/>\n<link rel=\"canonical\" href=\"https:\/\/www.sklep.demarco.pl\/blog\/wiosenne-i-letnie-sukienki-pierwszej-damy-rp-agaty-dudy\/\" \/>\n<meta property=\"og:locale\" content=\"pl_PL\" \/>\n<meta property=\"og:type\" content=\"article\" \/>\n<meta property=\"og:title\" content=\"Wiosenne i letnie sukienki Pierwszej Damy RP Agaty Dudy - De Marco\" \/>\n<meta property=\"og:description\" content=\"Lekkie sukienki koktajlowe i wizytowe Modne printy na wiosn\u0119 i lato 2024 Profesjonalne krawiectwo miarowe De Marco Atelier W\u0142adys\u0142awy Fr\u0105czek.\" \/>\n<meta property=\"og:url\" content=\"https:\/\/www.sklep.demarco.pl\/blog\/wiosenne-i-letnie-sukienki-pierwszej-damy-rp-agaty-dudy\/\" \/>\n<meta property=\"og:site_name\" content=\"De Marco\" \/>\n<meta property=\"article:publisher\" content=\"https:\/\/www.facebook.com\/DeMarco.Styl\" \/>\n<meta property=\"article:published_time\" content=\"2024-04-05T08:35:53+00:00\" \/>\n<meta property=\"article:modified_time\" content=\"2024-04-05T17:53:59+00:00\" \/>\n<meta property=\"og:image\" content=\"https:\/\/www.sklep.demarco.pl\/blog\/wp-content\/uploads\/2024\/04\/pierwsza-dama-w-czertni-i-bieli.jpg\" \/>\n\t<meta property=\"og:image:width\" content=\"748\" \/>\n\t<meta property=\"og:image:height\" content=\"745\" \/>\n\t<meta property=\"og:image:type\" content=\"image\/jpeg\" \/>\n<meta name=\"author\" content=\"de marco\" \/>\n<meta name=\"twitter:label1\" content=\"Napisane przez\" \/>\n\t<meta name=\"twitter:data1\" content=\"de marco\" \/>\n\t<meta name=\"twitter:label2\" content=\"Szacowany czas czytania\" \/>\n\t<meta name=\"twitter:data2\" content=\"4 minuty\" \/>\n<script type=\"application\/ld+json\" class=\"yoast-schema-graph\">{\"@context\":\"https:\\\/\\\/schema.org\",\"@graph\":[{\"@type\":\"Article\",\"@id\":\"https:\\\/\\\/www.sklep.demarco.pl\\\/blog\\\/wiosenne-i-letnie-sukienki-pierwszej-damy-rp-agaty-dudy\\\/#article\",\"isPartOf\":{\"@id\":\"https:\\\/\\\/www.sklep.demarco.pl\\\/blog\\\/wiosenne-i-letnie-sukienki-pierwszej-damy-rp-agaty-dudy\\\/\"},\"author\":{\"name\":\"de marco\",\"@id\":\"https:\\\/\\\/www.sklep.demarco.pl\\\/blog\\\/#\\\/schema\\\/person\\\/38456e8269588abfbbdda5bc04dad142\"},\"headline\":\"Wiosenne i letnie sukienki Pierwszej Damy RP Agaty Dudy\",\"datePublished\":\"2024-04-05T08:35:53+00:00\",\"dateModified\":\"2024-04-05T17:53:59+00:00\",\"mainEntityOfPage\":{\"@id\":\"https:\\\/\\\/www.sklep.demarco.pl\\\/blog\\\/wiosenne-i-letnie-sukienki-pierwszej-damy-rp-agaty-dudy\\\/\"},\"wordCount\":375,\"image\":{\"@id\":\"https:\\\/\\\/www.sklep.demarco.pl\\\/blog\\\/wiosenne-i-letnie-sukienki-pierwszej-damy-rp-agaty-dudy\\\/#primaryimage\"},\"thumbnailUrl\":\"https:\\\/\\\/www.sklep.demarco.pl\\\/blog\\\/wp-content\\\/uploads\\\/2024\\\/04\\\/pierwsza-dama-w-czertni-i-bieli.jpg\",\"keywords\":[\"\u201eAGATa. Sekrety Pierwszej Damy\u201d\",\"agata duda\",\"agata duda stylizacje\",\"Agata Kornhauser Duda\",\"De Marco ekskluzywna marka\",\"duda\",\"Ekskluzywna odzie\u017c damska polskich producent\u00f3w\",\"Ekskluzywne sukienki koktajlowe\",\"Ekskluzywne sukienki wizytowe\",\"Elegancka odzie\u017c damska sklep internetowy\",\"elegancka sukienka wizytowa\",\"elegancki styl\",\"eleganckie polskie sukienki\",\"Eleganckie sukienki wizytowe\",\"gdzie kupuje Dudowa\",\"Gdzie ubiera si\u0119 Agata Duda\",\"gdzie ubiera si\u0119 duda\",\"Klasyczne sukienki koktajlowe\",\"Klasyczne sukienki wizytowe\",\"koktajlowa sukienka\",\"koktajlowa sukienka na wesele\",\"Kto ubiera Agat\u0119 Dud\u0119\",\"leganckie sukienki wizytowe\",\"Lekkie eleganckie sukienki wizytowe\",\"luksusowa polska marka\",\"Markowe eleganckie sukienki wizytowe\",\"Minimalistyczne polskie marki\",\"Najmodniejsze stylizacje\",\"Najmodniejsze sukienki wizytowe\",\"Najpi\u0119kniejsze sukienki koktajlowe\",\"Niepowtarzalne sukienki koktajlowe\",\"Odzie\u017c wizytowa\",\"Oryginalne sukienki wizytowe\",\"Ostatnie kreacje Agaty Dudy\",\"Ostatnie kreacj\u0119 Agaty Dudy\",\"Pi\u0119kne sukienki wizytowe\",\"pierwasza dama\",\"pierwsza dama\",\"Pierwsza Dama Agata Duda stylizacje De Marco\",\"Pierwsza Dama Butik Frydrychowice\",\"Pierwsza Dama Sklep internetowy\",\"P\u0142aszcz do sukienki w stylu Agaty Dudy\",\"polityczka\",\"polska firma\",\"Polska odzie\u017c damska sklep internetowy\",\"polska prezydentowa\",\"polska projektantka mody\",\"polski film\",\"polskie marki\",\"polskie sukienki\",\"Polskie sukienki eleganckie\",\"Polskie sukienki klasyczne\",\"polskie sukienki na wesele\",\"Polskie sukienki w kwiaty\",\"Premium Quality\",\"prezent dla eleganckiej kobiety\",\"prezydentowa\",\"projektant agaty dudy\",\"projektantka agaty dudy\",\"projektantka pierwszej damy\",\"styl\",\"styl agaty dydy\",\"stylistaka\",\"stylizacje agaty dudy\",\"sukienki agaty dudy\",\"Sukienki koktajlowe midi\"],\"articleSection\":[\"METAMORFOZA\"],\"inLanguage\":\"pl-PL\"},{\"@type\":\"WebPage\",\"@id\":\"https:\\\/\\\/www.sklep.demarco.pl\\\/blog\\\/wiosenne-i-letnie-sukienki-pierwszej-damy-rp-agaty-dudy\\\/\",\"url\":\"https:\\\/\\\/www.sklep.demarco.pl\\\/blog\\\/wiosenne-i-letnie-sukienki-pierwszej-damy-rp-agaty-dudy\\\/\",\"name\":\"Wiosenne i letnie sukienki Pierwszej Damy RP Agaty Dudy - De Marco\",\"isPartOf\":{\"@id\":\"https:\\\/\\\/www.sklep.demarco.pl\\\/blog\\\/#website\"},\"primaryImageOfPage\":{\"@id\":\"https:\\\/\\\/www.sklep.demarco.pl\\\/blog\\\/wiosenne-i-letnie-sukienki-pierwszej-damy-rp-agaty-dudy\\\/#primaryimage\"},\"image\":{\"@id\":\"https:\\\/\\\/www.sklep.demarco.pl\\\/blog\\\/wiosenne-i-letnie-sukienki-pierwszej-damy-rp-agaty-dudy\\\/#primaryimage\"},\"thumbnailUrl\":\"https:\\\/\\\/www.sklep.demarco.pl\\\/blog\\\/wp-content\\\/uploads\\\/2024\\\/04\\\/pierwsza-dama-w-czertni-i-bieli.jpg\",\"datePublished\":\"2024-04-05T08:35:53+00:00\",\"dateModified\":\"2024-04-05T17:53:59+00:00\",\"author\":{\"@id\":\"https:\\\/\\\/www.sklep.demarco.pl\\\/blog\\\/#\\\/schema\\\/person\\\/38456e8269588abfbbdda5bc04dad142\"},\"description\":\"Lekkie sukienki koktajlowe i wizytowe Modne printy na wiosn\u0119 i lato 2024 Profesjonalne krawiectwo miarowe De Marco Atelier W\u0142adys\u0142awy Fr\u0105czek.\",\"breadcrumb\":{\"@id\":\"https:\\\/\\\/www.sklep.demarco.pl\\\/blog\\\/wiosenne-i-letnie-sukienki-pierwszej-damy-rp-agaty-dudy\\\/#breadcrumb\"},\"inLanguage\":\"pl-PL\",\"potentialAction\":[{\"@type\":\"ReadAction\",\"target\":[\"https:\\\/\\\/www.sklep.demarco.pl\\\/blog\\\/wiosenne-i-letnie-sukienki-pierwszej-damy-rp-agaty-dudy\\\/\"]}]},{\"@type\":\"ImageObject\",\"inLanguage\":\"pl-PL\",\"@id\":\"https:\\\/\\\/www.sklep.demarco.pl\\\/blog\\\/wiosenne-i-letnie-sukienki-pierwszej-damy-rp-agaty-dudy\\\/#primaryimage\",\"url\":\"https:\\\/\\\/www.sklep.demarco.pl\\\/blog\\\/wp-content\\\/uploads\\\/2024\\\/04\\\/pierwsza-dama-w-czertni-i-bieli.jpg\",\"contentUrl\":\"https:\\\/\\\/www.sklep.demarco.pl\\\/blog\\\/wp-content\\\/uploads\\\/2024\\\/04\\\/pierwsza-dama-w-czertni-i-bieli.jpg\",\"width\":748,\"height\":745},{\"@type\":\"BreadcrumbList\",\"@id\":\"https:\\\/\\\/www.sklep.demarco.pl\\\/blog\\\/wiosenne-i-letnie-sukienki-pierwszej-damy-rp-agaty-dudy\\\/#breadcrumb\",\"itemListElement\":[{\"@type\":\"ListItem\",\"position\":1,\"name\":\"Strona g\u0142\u00f3wna\",\"item\":\"https:\\\/\\\/www.sklep.demarco.pl\\\/blog\\\/\"},{\"@type\":\"ListItem\",\"position\":2,\"name\":\"Wiosenne i letnie sukienki Pierwszej Damy RP Agaty Dudy\"}]},{\"@type\":\"WebSite\",\"@id\":\"https:\\\/\\\/www.sklep.demarco.pl\\\/blog\\\/#website\",\"url\":\"https:\\\/\\\/www.sklep.demarco.pl\\\/blog\\\/\",\"name\":\"De Marco\",\"description\":\"The finest women&#039;s clothing manufacturer\",\"potentialAction\":[{\"@type\":\"SearchAction\",\"target\":{\"@type\":\"EntryPoint\",\"urlTemplate\":\"https:\\\/\\\/www.sklep.demarco.pl\\\/blog\\\/?s={search_term_string}\"},\"query-input\":{\"@type\":\"PropertyValueSpecification\",\"valueRequired\":true,\"valueName\":\"search_term_string\"}}],\"inLanguage\":\"pl-PL\"},{\"@type\":\"Person\",\"@id\":\"https:\\\/\\\/www.sklep.demarco.pl\\\/blog\\\/#\\\/schema\\\/person\\\/38456e8269588abfbbdda5bc04dad142\",\"name\":\"de marco\",\"image\":{\"@type\":\"ImageObject\",\"inLanguage\":\"pl-PL\",\"@id\":\"https:\\\/\\\/secure.gravatar.com\\\/avatar\\\/1d03f06a246921ea2531e9b59fe2dcd5a125b6b3339bedd531ae0d7e4bb25f99?s=96&d=mm&r=g\",\"url\":\"https:\\\/\\\/secure.gravatar.com\\\/avatar\\\/1d03f06a246921ea2531e9b59fe2dcd5a125b6b3339bedd531ae0d7e4bb25f99?s=96&d=mm&r=g\",\"contentUrl\":\"https:\\\/\\\/secure.gravatar.com\\\/avatar\\\/1d03f06a246921ea2531e9b59fe2dcd5a125b6b3339bedd531ae0d7e4bb25f99?s=96&d=mm&r=g\",\"caption\":\"de marco\"},\"url\":\"https:\\\/\\\/www.sklep.demarco.pl\\\/blog\\\/author\\\/de-marco\\\/\"}]}<\/script>\n<!-- \/ Yoast SEO plugin. -->","yoast_head_json":{"title":"Wiosenne i letnie sukienki Pierwszej Damy RP Agaty Dudy - De Marco","description":"Lekkie sukienki koktajlowe i wizytowe Modne printy na wiosn\u0119 i lato 2024 Profesjonalne krawiectwo miarowe De Marco Atelier W\u0142adys\u0142awy Fr\u0105czek.","robots":{"index":"index","follow":"follow","max-snippet":"max-snippet:-1","max-image-preview":"max-image-preview:large","max-video-preview":"max-video-preview:-1"},"canonical":"https:\/\/www.sklep.demarco.pl\/blog\/wiosenne-i-letnie-sukienki-pierwszej-damy-rp-agaty-dudy\/","og_locale":"pl_PL","og_type":"article","og_title":"Wiosenne i letnie sukienki Pierwszej Damy RP Agaty Dudy - De Marco","og_description":"Lekkie sukienki koktajlowe i wizytowe Modne printy na wiosn\u0119 i lato 2024 Profesjonalne krawiectwo miarowe De Marco Atelier W\u0142adys\u0142awy Fr\u0105czek.","og_url":"https:\/\/www.sklep.demarco.pl\/blog\/wiosenne-i-letnie-sukienki-pierwszej-damy-rp-agaty-dudy\/","og_site_name":"De Marco","article_publisher":"https:\/\/www.facebook.com\/DeMarco.Styl","article_published_time":"2024-04-05T08:35:53+00:00","article_modified_time":"2024-04-05T17:53:59+00:00","og_image":[{"width":748,"height":745,"url":"https:\/\/www.sklep.demarco.pl\/blog\/wp-content\/uploads\/2024\/04\/pierwsza-dama-w-czertni-i-bieli.jpg","type":"image\/jpeg"}],"author":"de marco","twitter_misc":{"Napisane przez":"de marco","Szacowany czas czytania":"4 minuty"},"schema":{"@context":"https:\/\/schema.org","@graph":[{"@type":"Article","@id":"https:\/\/www.sklep.demarco.pl\/blog\/wiosenne-i-letnie-sukienki-pierwszej-damy-rp-agaty-dudy\/#article","isPartOf":{"@id":"https:\/\/www.sklep.demarco.pl\/blog\/wiosenne-i-letnie-sukienki-pierwszej-damy-rp-agaty-dudy\/"},"author":{"name":"de marco","@id":"https:\/\/www.sklep.demarco.pl\/blog\/#\/schema\/person\/38456e8269588abfbbdda5bc04dad142"},"headline":"Wiosenne i letnie sukienki Pierwszej Damy RP Agaty Dudy","datePublished":"2024-04-05T08:35:53+00:00","dateModified":"2024-04-05T17:53:59+00:00","mainEntityOfPage":{"@id":"https:\/\/www.sklep.demarco.pl\/blog\/wiosenne-i-letnie-sukienki-pierwszej-damy-rp-agaty-dudy\/"},"wordCount":375,"image":{"@id":"https:\/\/www.sklep.demarco.pl\/blog\/wiosenne-i-letnie-sukienki-pierwszej-damy-rp-agaty-dudy\/#primaryimage"},"thumbnailUrl":"https:\/\/www.sklep.demarco.pl\/blog\/wp-content\/uploads\/2024\/04\/pierwsza-dama-w-czertni-i-bieli.jpg","keywords":["\u201eAGATa. Sekrety Pierwszej Damy\u201d","agata duda","agata duda stylizacje","Agata Kornhauser Duda","De Marco ekskluzywna marka","duda","Ekskluzywna odzie\u017c damska polskich producent\u00f3w","Ekskluzywne sukienki koktajlowe","Ekskluzywne sukienki wizytowe","Elegancka odzie\u017c damska sklep internetowy","elegancka sukienka wizytowa","elegancki styl","eleganckie polskie sukienki","Eleganckie sukienki wizytowe","gdzie kupuje Dudowa","Gdzie ubiera si\u0119 Agata Duda","gdzie ubiera si\u0119 duda","Klasyczne sukienki koktajlowe","Klasyczne sukienki wizytowe","koktajlowa sukienka","koktajlowa sukienka na wesele","Kto ubiera Agat\u0119 Dud\u0119","leganckie sukienki wizytowe","Lekkie eleganckie sukienki wizytowe","luksusowa polska marka","Markowe eleganckie sukienki wizytowe","Minimalistyczne polskie marki","Najmodniejsze stylizacje","Najmodniejsze sukienki wizytowe","Najpi\u0119kniejsze sukienki koktajlowe","Niepowtarzalne sukienki koktajlowe","Odzie\u017c wizytowa","Oryginalne sukienki wizytowe","Ostatnie kreacje Agaty Dudy","Ostatnie kreacj\u0119 Agaty Dudy","Pi\u0119kne sukienki wizytowe","pierwasza dama","pierwsza dama","Pierwsza Dama Agata Duda stylizacje De Marco","Pierwsza Dama Butik Frydrychowice","Pierwsza Dama Sklep internetowy","P\u0142aszcz do sukienki w stylu Agaty Dudy","polityczka","polska firma","Polska odzie\u017c damska sklep internetowy","polska prezydentowa","polska projektantka mody","polski film","polskie marki","polskie sukienki","Polskie sukienki eleganckie","Polskie sukienki klasyczne","polskie sukienki na wesele","Polskie sukienki w kwiaty","Premium Quality","prezent dla eleganckiej kobiety","prezydentowa","projektant agaty dudy","projektantka agaty dudy","projektantka pierwszej damy","styl","styl agaty dydy","stylistaka","stylizacje agaty dudy","sukienki agaty dudy","Sukienki koktajlowe midi"],"articleSection":["METAMORFOZA"],"inLanguage":"pl-PL"},{"@type":"WebPage","@id":"https:\/\/www.sklep.demarco.pl\/blog\/wiosenne-i-letnie-sukienki-pierwszej-damy-rp-agaty-dudy\/","url":"https:\/\/www.sklep.demarco.pl\/blog\/wiosenne-i-letnie-sukienki-pierwszej-damy-rp-agaty-dudy\/","name":"Wiosenne i letnie sukienki Pierwszej Damy RP Agaty Dudy - De Marco","isPartOf":{"@id":"https:\/\/www.sklep.demarco.pl\/blog\/#website"},"primaryImageOfPage":{"@id":"https:\/\/www.sklep.demarco.pl\/blog\/wiosenne-i-letnie-sukienki-pierwszej-damy-rp-agaty-dudy\/#primaryimage"},"image":{"@id":"https:\/\/www.sklep.demarco.pl\/blog\/wiosenne-i-letnie-sukienki-pierwszej-damy-rp-agaty-dudy\/#primaryimage"},"thumbnailUrl":"https:\/\/www.sklep.demarco.pl\/blog\/wp-content\/uploads\/2024\/04\/pierwsza-dama-w-czertni-i-bieli.jpg","datePublished":"2024-04-05T08:35:53+00:00","dateModified":"2024-04-05T17:53:59+00:00","author":{"@id":"https:\/\/www.sklep.demarco.pl\/blog\/#\/schema\/person\/38456e8269588abfbbdda5bc04dad142"},"description":"Lekkie sukienki koktajlowe i wizytowe Modne printy na wiosn\u0119 i lato 2024 Profesjonalne krawiectwo miarowe De Marco Atelier W\u0142adys\u0142awy Fr\u0105czek.","breadcrumb":{"@id":"https:\/\/www.sklep.demarco.pl\/blog\/wiosenne-i-letnie-sukienki-pierwszej-damy-rp-agaty-dudy\/#breadcrumb"},"inLanguage":"pl-PL","potentialAction":[{"@type":"ReadAction","target":["https:\/\/www.sklep.demarco.pl\/blog\/wiosenne-i-letnie-sukienki-pierwszej-damy-rp-agaty-dudy\/"]}]},{"@type":"ImageObject","inLanguage":"pl-PL","@id":"https:\/\/www.sklep.demarco.pl\/blog\/wiosenne-i-letnie-sukienki-pierwszej-damy-rp-agaty-dudy\/#primaryimage","url":"https:\/\/www.sklep.demarco.pl\/blog\/wp-content\/uploads\/2024\/04\/pierwsza-dama-w-czertni-i-bieli.jpg","contentUrl":"https:\/\/www.sklep.demarco.pl\/blog\/wp-content\/uploads\/2024\/04\/pierwsza-dama-w-czertni-i-bieli.jpg","width":748,"height":745},{"@type":"BreadcrumbList","@id":"https:\/\/www.sklep.demarco.pl\/blog\/wiosenne-i-letnie-sukienki-pierwszej-damy-rp-agaty-dudy\/#breadcrumb","itemListElement":[{"@type":"ListItem","position":1,"name":"Strona g\u0142\u00f3wna","item":"https:\/\/www.sklep.demarco.pl\/blog\/"},{"@type":"ListItem","position":2,"name":"Wiosenne i letnie sukienki Pierwszej Damy RP Agaty Dudy"}]},{"@type":"WebSite","@id":"https:\/\/www.sklep.demarco.pl\/blog\/#website","url":"https:\/\/www.sklep.demarco.pl\/blog\/","name":"De Marco","description":"The finest women&#039;s clothing manufacturer","potentialAction":[{"@type":"SearchAction","target":{"@type":"EntryPoint","urlTemplate":"https:\/\/www.sklep.demarco.pl\/blog\/?s={search_term_string}"},"query-input":{"@type":"PropertyValueSpecification","valueRequired":true,"valueName":"search_term_string"}}],"inLanguage":"pl-PL"},{"@type":"Person","@id":"https:\/\/www.sklep.demarco.pl\/blog\/#\/schema\/person\/38456e8269588abfbbdda5bc04dad142","name":"de marco","image":{"@type":"ImageObject","inLanguage":"pl-PL","@id":"https:\/\/secure.gravatar.com\/avatar\/1d03f06a246921ea2531e9b59fe2dcd5a125b6b3339bedd531ae0d7e4bb25f99?s=96&d=mm&r=g","url":"https:\/\/secure.gravatar.com\/avatar\/1d03f06a246921ea2531e9b59fe2dcd5a125b6b3339bedd531ae0d7e4bb25f99?s=96&d=mm&r=g","contentUrl":"https:\/\/secure.gravatar.com\/avatar\/1d03f06a246921ea2531e9b59fe2dcd5a125b6b3339bedd531ae0d7e4bb25f99?s=96&d=mm&r=g","caption":"de marco"},"url":"https:\/\/www.sklep.demarco.pl\/blog\/author\/de-marco\/"}]}},"builder_content":"","_links":{"self":[{"href":"https:\/\/www.sklep.demarco.pl\/blog\/wp-json\/wp\/v2\/posts\/16512","targetHints":{"allow":["GET"]}}],"collection":[{"href":"https:\/\/www.sklep.demarco.pl\/blog\/wp-json\/wp\/v2\/posts"}],"about":[{"href":"https:\/\/www.sklep.demarco.pl\/blog\/wp-json\/wp\/v2\/types\/post"}],"author":[{"embeddable":true,"href":"https:\/\/www.sklep.demarco.pl\/blog\/wp-json\/wp\/v2\/users\/1"}],"replies":[{"embeddable":true,"href":"https:\/\/www.sklep.demarco.pl\/blog\/wp-json\/wp\/v2\/comments?post=16512"}],"version-history":[{"count":11,"href":"https:\/\/www.sklep.demarco.pl\/blog\/wp-json\/wp\/v2\/posts\/16512\/revisions"}],"predecessor-version":[{"id":16541,"href":"https:\/\/www.sklep.demarco.pl\/blog\/wp-json\/wp\/v2\/posts\/16512\/revisions\/16541"}],"wp:featuredmedia":[{"embeddable":true,"href":"https:\/\/www.sklep.demarco.pl\/blog\/wp-json\/wp\/v2\/media\/16520"}],"wp:attachment":[{"href":"https:\/\/www.sklep.demarco.pl\/blog\/wp-json\/wp\/v2\/media?parent=16512"}],"wp:term":[{"taxonomy":"category","embeddable":true,"href":"https:\/\/www.sklep.demarco.pl\/blog\/wp-json\/wp\/v2\/categories?post=16512"},{"taxonomy":"post_tag","embeddable":true,"href":"https:\/\/www.sklep.demarco.pl\/blog\/wp-json\/wp\/v2\/tags?post=16512"}],"curies":[{"name":"wp","href":"https:\/\/api.w.org\/{rel}","templated":true}]}}