{"id":15548,"date":"2023-11-20T09:11:55","date_gmt":"2023-11-20T09:11:55","guid":{"rendered":"https:\/\/www.sklep.demarco.pl\/blog\/?p=15548"},"modified":"2023-11-20T09:29:12","modified_gmt":"2023-11-20T09:29:12","slug":"garsonki-i-sukienki-na-swieta","status":"publish","type":"post","link":"https:\/\/www.sklep.demarco.pl\/blog\/garsonki-i-sukienki-na-swieta\/","title":{"rendered":"\u015awi\u0105teczne stylizacje: Elegancja w detalach i kolorach. Garsonki i sukienki na \u015bwi\u0119ta"},"content":{"rendered":"<!-- wp:themify-builder\/canvas \/-->\n\n\n<p>Eleganckie garsonki i sukienki na \u015bwi\u0119ta <\/p>\n\n\n\n<p><strong>\u015awi\u0105teczne stylizacje: Elegancja w detalach i kolorach<\/strong><\/p>\n\n\n\n<p>W czasie \u015bwi\u0105t, kiedy ka\u017cdy detal ma znaczenie, wyb\u00f3r odpowiedniej stylizacji staje si\u0119 nie lada wyzwaniem. To okres, w kt\u00f3rym elegancja w ubiorze nabiera wyj\u0105tkowego wymiaru, a detale oraz kolory graj\u0105 kluczow\u0105 rol\u0119.<\/p>\n\n\n\n<h2 class=\"wp-block-heading\">Garsonki i sukienki na \u015bwi\u0119ta<\/h2>\n\n\n\n<p>Dla pani domu, planuj\u0105cej magiczne spotkania w gronie rodziny, sukienki \u015bwi\u0105teczne staj\u0105 si\u0119 kwintesencj\u0105 stylu. Warto postawi\u0107 na fasony poszerzane ku do\u0142owi, kt\u00f3re nie tylko zapewni\u0105 wygod\u0119, ale r\u00f3wnie\u017c wprowadz\u0105 \u015bwi\u0105teczny nastr\u00f3j. Kolory jak bordo, czerwie\u0144 czy butelkowa ziele\u0144 doskonale komponuj\u0105 si\u0119 z tradycyjnymi motywami \u015bwi\u0105t. Dodatki w eleganckim z\u0142ocie nadadz\u0105 ca\u0142o\u015bci wyj\u0105tkowego blasku.<\/p>\n\n\n\n<figure class=\"wp-block-gallery has-nested-images columns-default is-cropped wp-block-gallery-1 is-layout-flex wp-block-gallery-is-layout-flex\">\n<figure class=\"wp-block-image size-large\"><a href=\"https:\/\/www.sklep.demarco.pl\/sukienka-z-rekawem-natana-ii\" target=\"_blank\" rel=\"noreferrer noopener\"><img loading=\"lazy\" decoding=\"async\" width=\"1024\" height=\"1024\" data-id=\"15551\" src=\"https:\/\/www.sklep.demarco.pl\/blog\/wp-content\/uploads\/2023\/11\/05.02.2023-Artboard10-1024x1024.jpg\" alt=\"\" class=\"wp-image-15551\" srcset=\"https:\/\/www.sklep.demarco.pl\/blog\/wp-content\/uploads\/2023\/11\/05.02.2023-Artboard10-1024x1024.jpg 1024w, https:\/\/www.sklep.demarco.pl\/blog\/wp-content\/uploads\/2023\/11\/05.02.2023-Artboard10-300x300.jpg 300w, https:\/\/www.sklep.demarco.pl\/blog\/wp-content\/uploads\/2023\/11\/05.02.2023-Artboard10-150x150.jpg 150w, https:\/\/www.sklep.demarco.pl\/blog\/wp-content\/uploads\/2023\/11\/05.02.2023-Artboard10-768x768.jpg 768w, https:\/\/www.sklep.demarco.pl\/blog\/wp-content\/uploads\/2023\/11\/05.02.2023-Artboard10.jpg 1441w\" sizes=\"auto, (max-width: 1024px) 100vw, 1024px\" \/><\/a><\/figure>\n\n\n\n<figure class=\"wp-block-image size-large\"><a href=\"https:\/\/www.sklep.demarco.pl\/zielona-sukienka-na-wesele-kaliope\" target=\"_blank\" rel=\"noreferrer noopener\"><img loading=\"lazy\" decoding=\"async\" width=\"1000\" height=\"1000\" data-id=\"15552\" src=\"https:\/\/www.sklep.demarco.pl\/blog\/wp-content\/uploads\/2023\/11\/de-M-002-Artboard3.jpg\" alt=\"\" class=\"wp-image-15552\" srcset=\"https:\/\/www.sklep.demarco.pl\/blog\/wp-content\/uploads\/2023\/11\/de-M-002-Artboard3.jpg 1000w, https:\/\/www.sklep.demarco.pl\/blog\/wp-content\/uploads\/2023\/11\/de-M-002-Artboard3-300x300.jpg 300w, https:\/\/www.sklep.demarco.pl\/blog\/wp-content\/uploads\/2023\/11\/de-M-002-Artboard3-150x150.jpg 150w, https:\/\/www.sklep.demarco.pl\/blog\/wp-content\/uploads\/2023\/11\/de-M-002-Artboard3-768x768.jpg 768w\" sizes=\"auto, (max-width: 1000px) 100vw, 1000px\" \/><\/a><\/figure>\n\n\n\n<figure class=\"wp-block-image size-large\"><a href=\"https:\/\/www.sklep.demarco.pl\/pl\/?&amp;s[attribute_1][]=2&amp;page=1\" target=\"_blank\" rel=\"noreferrer noopener\"><img loading=\"lazy\" decoding=\"async\" width=\"1001\" height=\"1001\" data-id=\"15554\" src=\"https:\/\/www.sklep.demarco.pl\/blog\/wp-content\/uploads\/2023\/11\/009-Artboard30.jpg\" alt=\"\" class=\"wp-image-15554\" srcset=\"https:\/\/www.sklep.demarco.pl\/blog\/wp-content\/uploads\/2023\/11\/009-Artboard30.jpg 1001w, https:\/\/www.sklep.demarco.pl\/blog\/wp-content\/uploads\/2023\/11\/009-Artboard30-300x300.jpg 300w, https:\/\/www.sklep.demarco.pl\/blog\/wp-content\/uploads\/2023\/11\/009-Artboard30-150x150.jpg 150w, https:\/\/www.sklep.demarco.pl\/blog\/wp-content\/uploads\/2023\/11\/009-Artboard30-768x768.jpg 768w\" sizes=\"auto, (max-width: 1001px) 100vw, 1001px\" \/><\/a><\/figure>\n\n\n\n<figure class=\"wp-block-image size-large\"><a href=\"https:\/\/www.sklep.demarco.pl\/elegancka-zwiewna-spodnica-do-polowy-lydki-cyryla\" target=\"_blank\" rel=\"noreferrer noopener\"><img loading=\"lazy\" decoding=\"async\" width=\"1000\" height=\"1001\" data-id=\"15553\" src=\"https:\/\/www.sklep.demarco.pl\/blog\/wp-content\/uploads\/2023\/11\/009-Artboard31.jpg\" alt=\"\" class=\"wp-image-15553\" srcset=\"https:\/\/www.sklep.demarco.pl\/blog\/wp-content\/uploads\/2023\/11\/009-Artboard31.jpg 1000w, https:\/\/www.sklep.demarco.pl\/blog\/wp-content\/uploads\/2023\/11\/009-Artboard31-300x300.jpg 300w, https:\/\/www.sklep.demarco.pl\/blog\/wp-content\/uploads\/2023\/11\/009-Artboard31-150x150.jpg 150w, https:\/\/www.sklep.demarco.pl\/blog\/wp-content\/uploads\/2023\/11\/009-Artboard31-768x769.jpg 768w\" sizes=\"auto, (max-width: 1000px) 100vw, 1000px\" \/><\/a><\/figure>\n\n\n\n<figure class=\"wp-block-image size-large\"><a href=\"https:\/\/www.sklep.demarco.pl\/ekskluzywna-sukienka-alana\" target=\"_blank\" rel=\"noreferrer noopener\"><img loading=\"lazy\" decoding=\"async\" width=\"1024\" height=\"1024\" data-id=\"15557\" src=\"https:\/\/www.sklep.demarco.pl\/blog\/wp-content\/uploads\/2023\/11\/034-Artboard19-1024x1024.jpg\" alt=\"\" class=\"wp-image-15557\" srcset=\"https:\/\/www.sklep.demarco.pl\/blog\/wp-content\/uploads\/2023\/11\/034-Artboard19-1024x1024.jpg 1024w, https:\/\/www.sklep.demarco.pl\/blog\/wp-content\/uploads\/2023\/11\/034-Artboard19-300x300.jpg 300w, https:\/\/www.sklep.demarco.pl\/blog\/wp-content\/uploads\/2023\/11\/034-Artboard19-150x150.jpg 150w, https:\/\/www.sklep.demarco.pl\/blog\/wp-content\/uploads\/2023\/11\/034-Artboard19-768x768.jpg 768w, https:\/\/www.sklep.demarco.pl\/blog\/wp-content\/uploads\/2023\/11\/034-Artboard19.jpg 1081w\" sizes=\"auto, (max-width: 1024px) 100vw, 1024px\" \/><\/a><\/figure>\n\n\n\n<figure class=\"wp-block-image size-large\"><a href=\"https:\/\/www.sklep.demarco.pl\/wizytowy-komplet-ze-spodnica-milona-ii\" target=\"_blank\" rel=\"noreferrer noopener\"><img loading=\"lazy\" decoding=\"async\" width=\"1024\" height=\"1024\" data-id=\"15558\" src=\"https:\/\/www.sklep.demarco.pl\/blog\/wp-content\/uploads\/2023\/11\/011-Artboard16-1024x1024.jpg\" alt=\"\" class=\"wp-image-15558\" srcset=\"https:\/\/www.sklep.demarco.pl\/blog\/wp-content\/uploads\/2023\/11\/011-Artboard16-1024x1024.jpg 1024w, https:\/\/www.sklep.demarco.pl\/blog\/wp-content\/uploads\/2023\/11\/011-Artboard16-300x300.jpg 300w, https:\/\/www.sklep.demarco.pl\/blog\/wp-content\/uploads\/2023\/11\/011-Artboard16-150x150.jpg 150w, https:\/\/www.sklep.demarco.pl\/blog\/wp-content\/uploads\/2023\/11\/011-Artboard16-768x768.jpg 768w, https:\/\/www.sklep.demarco.pl\/blog\/wp-content\/uploads\/2023\/11\/011-Artboard16.jpg 1081w\" sizes=\"auto, (max-width: 1024px) 100vw, 1024px\" \/><\/a><\/figure>\n\n\n\n<figure class=\"wp-block-image size-large\"><a href=\"https:\/\/www.sklep.demarco.pl\/zwiewna-spodnica-fiora\" target=\"_blank\" rel=\"noreferrer noopener\"><img loading=\"lazy\" decoding=\"async\" width=\"1024\" height=\"1024\" data-id=\"15395\" src=\"https:\/\/www.sklep.demarco.pl\/blog\/wp-content\/uploads\/2023\/11\/028-Artboard28-1024x1024.jpg\" alt=\"\" class=\"wp-image-15395\" srcset=\"https:\/\/www.sklep.demarco.pl\/blog\/wp-content\/uploads\/2023\/11\/028-Artboard28-1024x1024.jpg 1024w, https:\/\/www.sklep.demarco.pl\/blog\/wp-content\/uploads\/2023\/11\/028-Artboard28-300x300.jpg 300w, https:\/\/www.sklep.demarco.pl\/blog\/wp-content\/uploads\/2023\/11\/028-Artboard28-150x150.jpg 150w, https:\/\/www.sklep.demarco.pl\/blog\/wp-content\/uploads\/2023\/11\/028-Artboard28-768x769.jpg 768w, https:\/\/www.sklep.demarco.pl\/blog\/wp-content\/uploads\/2023\/11\/028-Artboard28.jpg 1080w\" sizes=\"auto, (max-width: 1024px) 100vw, 1024px\" \/><\/a><\/figure>\n\n\n\n<figure class=\"wp-block-image size-large\"><a href=\"https:\/\/www.sklep.demarco.pl\/zielony-komplet-ze-spodnica-rebeka-ii\" target=\"_blank\" rel=\"noreferrer noopener\"><img loading=\"lazy\" decoding=\"async\" width=\"1024\" height=\"1024\" data-id=\"15549\" src=\"https:\/\/www.sklep.demarco.pl\/blog\/wp-content\/uploads\/2023\/11\/003.01.2023Artboard19-1024x1024.jpg\" alt=\"Garsonka na \u015bwi\u0119ta. \u017bakiet ze sp\u00f3dnic\u0105 w zielonym kolorze\" class=\"wp-image-15549\" srcset=\"https:\/\/www.sklep.demarco.pl\/blog\/wp-content\/uploads\/2023\/11\/003.01.2023Artboard19-1024x1024.jpg 1024w, https:\/\/www.sklep.demarco.pl\/blog\/wp-content\/uploads\/2023\/11\/003.01.2023Artboard19-300x300.jpg 300w, https:\/\/www.sklep.demarco.pl\/blog\/wp-content\/uploads\/2023\/11\/003.01.2023Artboard19-150x150.jpg 150w, https:\/\/www.sklep.demarco.pl\/blog\/wp-content\/uploads\/2023\/11\/003.01.2023Artboard19-768x768.jpg 768w, https:\/\/www.sklep.demarco.pl\/blog\/wp-content\/uploads\/2023\/11\/003.01.2023Artboard19.jpg 1441w\" sizes=\"auto, (max-width: 1024px) 100vw, 1024px\" \/><\/a><\/figure>\n<\/figure>\n\n\n\n<p>Czytaj r\u00f3wnie\u017c: <a href=\"https:\/\/www.demarco.pl\/elegancja-i-styl-na-bankiet-jak-odpowiednio-sie-ubrac\/\">Elegancja i Styl na Bankiet: Jak Odpowiednio Si\u0119 Ubra\u0107<\/a><\/p>\n\n\n\n<p>Dla go\u015bci r\u00f3wnie\u017c elegancja nie musi wyklucza\u0107 wygody. Fasony o\u0142\u00f3wkowe czy stylowe garsonki doskonale sprawdz\u0105 si\u0119 na \u015bwi\u0105tecznych spotkaniach. Polecamy r\u00f3wnie\u017c komplety ze spodniami. Sklep internetowy De Marco oferuje unikatowe kreacje, \u0142\u0105cz\u0105ce w sobie elegancj\u0119 z komfortem.<\/p>\n\n\n\n<figure class=\"wp-block-gallery has-nested-images columns-default is-cropped wp-block-gallery-2 is-layout-flex wp-block-gallery-is-layout-flex\">\n<figure class=\"wp-block-image size-large\"><a href=\"https:\/\/www.sklep.demarco.pl\/pl\/?&amp;s[attribute_1][]=2&amp;page=1\" target=\"_blank\" rel=\"noreferrer noopener\"><img loading=\"lazy\" decoding=\"async\" width=\"1024\" height=\"1024\" data-id=\"15555\" src=\"https:\/\/www.sklep.demarco.pl\/blog\/wp-content\/uploads\/2023\/11\/028-Artboard13-1024x1024.jpg\" alt=\"\" class=\"wp-image-15555\" srcset=\"https:\/\/www.sklep.demarco.pl\/blog\/wp-content\/uploads\/2023\/11\/028-Artboard13-1024x1024.jpg 1024w, https:\/\/www.sklep.demarco.pl\/blog\/wp-content\/uploads\/2023\/11\/028-Artboard13-300x300.jpg 300w, https:\/\/www.sklep.demarco.pl\/blog\/wp-content\/uploads\/2023\/11\/028-Artboard13-150x150.jpg 150w, https:\/\/www.sklep.demarco.pl\/blog\/wp-content\/uploads\/2023\/11\/028-Artboard13-768x768.jpg 768w, https:\/\/www.sklep.demarco.pl\/blog\/wp-content\/uploads\/2023\/11\/028-Artboard13.jpg 1081w\" sizes=\"auto, (max-width: 1024px) 100vw, 1024px\" \/><\/a><\/figure>\n\n\n\n<figure class=\"wp-block-image size-large\"><a href=\"https:\/\/www.sklep.demarco.pl\/granatowa-bluzka-abelia-w-zestawie-z-sukienka\" target=\"_blank\" rel=\"noreferrer noopener\"><img loading=\"lazy\" decoding=\"async\" width=\"1024\" height=\"1024\" data-id=\"15556\" src=\"https:\/\/www.sklep.demarco.pl\/blog\/wp-content\/uploads\/2023\/11\/031-Artboard30-1024x1024.jpg\" alt=\"\" class=\"wp-image-15556\" srcset=\"https:\/\/www.sklep.demarco.pl\/blog\/wp-content\/uploads\/2023\/11\/031-Artboard30-1024x1024.jpg 1024w, https:\/\/www.sklep.demarco.pl\/blog\/wp-content\/uploads\/2023\/11\/031-Artboard30-300x300.jpg 300w, https:\/\/www.sklep.demarco.pl\/blog\/wp-content\/uploads\/2023\/11\/031-Artboard30-150x150.jpg 150w, https:\/\/www.sklep.demarco.pl\/blog\/wp-content\/uploads\/2023\/11\/031-Artboard30-768x768.jpg 768w, https:\/\/www.sklep.demarco.pl\/blog\/wp-content\/uploads\/2023\/11\/031-Artboard30.jpg 1081w\" sizes=\"auto, (max-width: 1024px) 100vw, 1024px\" \/><\/a><\/figure>\n\n\n\n<figure class=\"wp-block-image size-large\"><a href=\"https:\/\/www.sklep.demarco.pl\/elegancki-komplet-milona-iv\" target=\"_blank\" rel=\"noreferrer noopener\"><img loading=\"lazy\" decoding=\"async\" width=\"1024\" height=\"1024\" data-id=\"15336\" src=\"https:\/\/www.sklep.demarco.pl\/blog\/wp-content\/uploads\/2023\/10\/04.02.2023-Artboard9-1024x1024.jpg\" alt=\"\" class=\"wp-image-15336\" srcset=\"https:\/\/www.sklep.demarco.pl\/blog\/wp-content\/uploads\/2023\/10\/04.02.2023-Artboard9-1024x1024.jpg 1024w, https:\/\/www.sklep.demarco.pl\/blog\/wp-content\/uploads\/2023\/10\/04.02.2023-Artboard9-300x300.jpg 300w, https:\/\/www.sklep.demarco.pl\/blog\/wp-content\/uploads\/2023\/10\/04.02.2023-Artboard9-150x150.jpg 150w, https:\/\/www.sklep.demarco.pl\/blog\/wp-content\/uploads\/2023\/10\/04.02.2023-Artboard9-768x768.jpg 768w, https:\/\/www.sklep.demarco.pl\/blog\/wp-content\/uploads\/2023\/10\/04.02.2023-Artboard9.jpg 1441w\" sizes=\"auto, (max-width: 1024px) 100vw, 1024px\" \/><\/a><\/figure>\n\n\n\n<figure class=\"wp-block-image size-large\"><a href=\"https:\/\/www.sklep.demarco.pl\/wizytowa-czerwona-sukienka-minerwa-ii\" target=\"_blank\" rel=\"noreferrer noopener\"><img loading=\"lazy\" decoding=\"async\" width=\"1024\" height=\"1024\" data-id=\"15342\" src=\"https:\/\/www.sklep.demarco.pl\/blog\/wp-content\/uploads\/2023\/10\/05.07.2023-Artboard21--1024x1024.jpg\" alt=\"\" class=\"wp-image-15342\" srcset=\"https:\/\/www.sklep.demarco.pl\/blog\/wp-content\/uploads\/2023\/10\/05.07.2023-Artboard21--1024x1024.jpg 1024w, https:\/\/www.sklep.demarco.pl\/blog\/wp-content\/uploads\/2023\/10\/05.07.2023-Artboard21--300x300.jpg 300w, https:\/\/www.sklep.demarco.pl\/blog\/wp-content\/uploads\/2023\/10\/05.07.2023-Artboard21--150x150.jpg 150w, https:\/\/www.sklep.demarco.pl\/blog\/wp-content\/uploads\/2023\/10\/05.07.2023-Artboard21--768x769.jpg 768w, https:\/\/www.sklep.demarco.pl\/blog\/wp-content\/uploads\/2023\/10\/05.07.2023-Artboard21-.jpg 1440w\" sizes=\"auto, (max-width: 1024px) 100vw, 1024px\" \/><\/a><\/figure>\n\n\n\n<figure class=\"wp-block-image size-large\"><a href=\"https:\/\/www.sklep.demarco.pl\/garsonka-szafirowa-valentina\" target=\"_blank\" rel=\"noreferrer noopener\"><img loading=\"lazy\" decoding=\"async\" width=\"1024\" height=\"1024\" data-id=\"15212\" src=\"https:\/\/www.sklep.demarco.pl\/blog\/wp-content\/uploads\/2023\/10\/03.10.2023-Artboard13-4770p-1024x1024.jpg\" alt=\"\" class=\"wp-image-15212\" srcset=\"https:\/\/www.sklep.demarco.pl\/blog\/wp-content\/uploads\/2023\/10\/03.10.2023-Artboard13-4770p-1024x1024.jpg 1024w, https:\/\/www.sklep.demarco.pl\/blog\/wp-content\/uploads\/2023\/10\/03.10.2023-Artboard13-4770p-300x300.jpg 300w, https:\/\/www.sklep.demarco.pl\/blog\/wp-content\/uploads\/2023\/10\/03.10.2023-Artboard13-4770p-150x150.jpg 150w, https:\/\/www.sklep.demarco.pl\/blog\/wp-content\/uploads\/2023\/10\/03.10.2023-Artboard13-4770p-768x768.jpg 768w, https:\/\/www.sklep.demarco.pl\/blog\/wp-content\/uploads\/2023\/10\/03.10.2023-Artboard13-4770p.jpg 1441w\" sizes=\"auto, (max-width: 1024px) 100vw, 1024px\" \/><\/a><\/figure>\n<\/figure>\n\n\n\n<p>Kobiety, pragn\u0105ce zachowa\u0107 sw\u00f3j m\u0142odzie\u0144czy styl, mog\u0105 postawi\u0107 na sukienki koszulowe z transparentnej organzy. Te stylizacje oversize zachowuj\u0105 lekko\u015b\u0107, jednocze\u015bnie emanuj\u0105c \u015bwi\u0105tecznym blaskiem.<\/p>\n\n\n\n<p><\/p>\n\n\n\n<p>Kolorystyka odgrywa kluczow\u0105 rol\u0119. Cho\u0107 tradycyjne kolory jak czerwie\u0144 czy ziele\u0144 zawsze s\u0105 w modzie, to nowoczesne interpretacje \u015bwi\u0105tecznych barw obejmuj\u0105 tak\u017ce subtelne odcienie srebra, popielu czy g\u0142\u0119bokiej czerni, roz\u015bwietlonej bi\u017cuteri\u0105.<\/p>\n\n\n\n<figure class=\"wp-block-embed is-type-wp-embed is-provider-de-marco wp-block-embed-de-marco\"><div class=\"wp-block-embed__wrapper\">\n<blockquote class=\"wp-embedded-content\" data-secret=\"g8JVE0DICT\"><a href=\"https:\/\/www.demarco.pl\/swiateczne-elegancje-kreacje-dla-pani-domu-i-gosci\/\">\u015awi\u0105teczne eleganckie kreacje dla Pani Domu i Go\u015bci<\/a><\/blockquote><iframe loading=\"lazy\" class=\"wp-embedded-content\" sandbox=\"allow-scripts\" security=\"restricted\" style=\"position: absolute; visibility: hidden;\" title=\"&#8220;\u015awi\u0105teczne eleganckie kreacje dla Pani Domu i Go\u015bci&#8221; &#8212; De Marco\" src=\"https:\/\/www.demarco.pl\/swiateczne-elegancje-kreacje-dla-pani-domu-i-gosci\/embed\/#?secret=ZFj2xsRNDn#?secret=g8JVE0DICT\" data-secret=\"g8JVE0DICT\" width=\"500\" height=\"282\" frameborder=\"0\" marginwidth=\"0\" marginheight=\"0\" scrolling=\"no\"><\/iframe>\n<\/div><\/figure>\n\n\n\n<p>Unikajmy jednak sukienek wieczorowych, kt\u00f3re mog\u0105 sprawia\u0107 wra\u017cenie zbyt formalnych na kameralnych rodzinnych spotkaniach. \u015awi\u0105teczna elegancja to sztuka podkre\u015blenia wyj\u0105tkowej atmosfery, \u0142\u0105cz\u0105ca w sobie styl, wygod\u0119 i magiczny blask detali.<\/p>\n\n\n\n<figure class=\"wp-block-embed is-type-wp-embed is-provider-de-marco wp-block-embed-de-marco\"><div class=\"wp-block-embed__wrapper\">\n<blockquote class=\"wp-embedded-content\" data-secret=\"rUHKpZrZml\"><a href=\"https:\/\/www.sklep.demarco.pl\/blog\/ekskluzywna-odziez-szyta-na-miare-w-polsce-wybor-dla-wyszukanego-stylu\/\">Ekskluzywna Odzie\u017c Szyta na Miar\u0119 w Polsce: W poszukiwaniu stylu i r\u00f3wnowagi<\/a><\/blockquote><iframe loading=\"lazy\" class=\"wp-embedded-content\" sandbox=\"allow-scripts\" security=\"restricted\" style=\"position: absolute; visibility: hidden;\" title=\"&#8222;Ekskluzywna Odzie\u017c Szyta na Miar\u0119 w Polsce: W poszukiwaniu stylu i r\u00f3wnowagi&#8221; &#8212; De Marco\" src=\"https:\/\/www.sklep.demarco.pl\/blog\/ekskluzywna-odziez-szyta-na-miare-w-polsce-wybor-dla-wyszukanego-stylu\/embed\/#?secret=nxQzqikpW8#?secret=rUHKpZrZml\" data-secret=\"rUHKpZrZml\" width=\"500\" height=\"282\" frameborder=\"0\" marginwidth=\"0\" marginheight=\"0\" scrolling=\"no\"><\/iframe>\n<\/div><\/figure>\n","protected":false},"excerpt":{"rendered":"<p>Eleganckie garsonki i sukienki na \u015bwi\u0119ta \u015awi\u0105teczne stylizacje: Elegancja w detalach i kolorach W czasie \u015bwi\u0105t, kiedy ka\u017cdy detal ma znaczenie, wyb\u00f3r odpowiedniej stylizacji staje si\u0119 nie lada wyzwaniem. To okres, w kt\u00f3rym elegancja w ubiorze nabiera wyj\u0105tkowego wymiaru, a detale oraz kolory graj\u0105 kluczow\u0105 rol\u0119. Garsonki i sukienki na \u015bwi\u0119ta Dla pani domu, planuj\u0105cej [&hellip;]<\/p>\n","protected":false},"author":1,"featured_media":15559,"comment_status":"closed","ping_status":"closed","sticky":false,"template":"","format":"standard","meta":{"footnotes":"","_links_to":"","_links_to_target":""},"categories":[15],"tags":[82,469,135,155,3491,3339,11,257,3822,3824,478,491,303,103,236,325,487,423,277,279,465],"class_list":["post-15548","post","type-post","status-publish","format-standard","has-post-thumbnail","hentry","category-metamorfoza","tag-de-marco","tag-de-marco-ekskluzywna-marka","tag-de-marco-frydrychowice","tag-de-marco-sukienki","tag-ekskluzywna-odziez-damska-polskich-producentow","tag-elegancka-odziez-damska-sklep-internetowy","tag-garsonka","tag-luksusowa-polska-marka","tag-marka-premium","tag-marka-premium-odziez","tag-markowa-odziez-damska","tag-markowe-ubrania","tag-plaszczyk-na-swieta","tag-polska-firma","tag-polska-projektantka-mody","tag-polski-film","tag-polskie-marki","tag-polskie-sukienki","tag-spodnium-na-swieta","tag-sukienka-na-swieta","tag-sukienki-polskie"],"yoast_head":"<!-- This site is optimized with the Yoast SEO plugin v27.5 - https:\/\/yoast.com\/product\/yoast-seo-wordpress\/ -->\n<title>\u015awi\u0105teczne stylizacje: Elegancja w detalach i kolorach. Garsonki i sukienki na \u015bwi\u0119ta - De Marco<\/title>\n<meta name=\"description\" content=\"Eleganckie garsonki i sukienki na \u015bwi\u0119ta. Wygodne stylizacje wizytowe szyte na miar\u0119 w De Marco sklep internetowy\" \/>\n<meta name=\"robots\" content=\"index, follow, max-snippet:-1, max-image-preview:large, max-video-preview:-1\" \/>\n<link rel=\"canonical\" href=\"https:\/\/www.sklep.demarco.pl\/blog\/garsonki-i-sukienki-na-swieta\/\" \/>\n<meta property=\"og:locale\" content=\"pl_PL\" \/>\n<meta property=\"og:type\" content=\"article\" \/>\n<meta property=\"og:title\" content=\"\u015awi\u0105teczne stylizacje: Elegancja w detalach i kolorach. Garsonki i sukienki na \u015bwi\u0119ta - De Marco\" \/>\n<meta property=\"og:description\" content=\"Eleganckie garsonki i sukienki na \u015bwi\u0119ta. Wygodne stylizacje wizytowe szyte na miar\u0119 w De Marco sklep internetowy\" \/>\n<meta property=\"og:url\" content=\"https:\/\/www.sklep.demarco.pl\/blog\/garsonki-i-sukienki-na-swieta\/\" \/>\n<meta property=\"og:site_name\" content=\"De Marco\" \/>\n<meta property=\"article:publisher\" content=\"https:\/\/www.facebook.com\/DeMarco.Styl\" \/>\n<meta property=\"article:published_time\" content=\"2023-11-20T09:11:55+00:00\" \/>\n<meta property=\"article:modified_time\" content=\"2023-11-20T09:29:12+00:00\" \/>\n<meta property=\"og:image\" content=\"https:\/\/www.sklep.demarco.pl\/blog\/wp-content\/uploads\/2023\/11\/013-Artboard16.jpg\" \/>\n\t<meta property=\"og:image:width\" content=\"1081\" \/>\n\t<meta property=\"og:image:height\" content=\"1081\" \/>\n\t<meta property=\"og:image:type\" content=\"image\/jpeg\" \/>\n<meta name=\"author\" content=\"de marco\" \/>\n<meta name=\"twitter:label1\" content=\"Napisane przez\" \/>\n\t<meta name=\"twitter:data1\" content=\"de marco\" \/>\n\t<meta name=\"twitter:label2\" content=\"Szacowany czas czytania\" \/>\n\t<meta name=\"twitter:data2\" content=\"5 minut\" \/>\n<script type=\"application\/ld+json\" class=\"yoast-schema-graph\">{\"@context\":\"https:\\\/\\\/schema.org\",\"@graph\":[{\"@type\":\"Article\",\"@id\":\"https:\\\/\\\/www.sklep.demarco.pl\\\/blog\\\/garsonki-i-sukienki-na-swieta\\\/#article\",\"isPartOf\":{\"@id\":\"https:\\\/\\\/www.sklep.demarco.pl\\\/blog\\\/garsonki-i-sukienki-na-swieta\\\/\"},\"author\":{\"name\":\"de marco\",\"@id\":\"https:\\\/\\\/www.sklep.demarco.pl\\\/blog\\\/#\\\/schema\\\/person\\\/38456e8269588abfbbdda5bc04dad142\"},\"headline\":\"\u015awi\u0105teczne stylizacje: Elegancja w detalach i kolorach. Garsonki i sukienki na \u015bwi\u0119ta\",\"datePublished\":\"2023-11-20T09:11:55+00:00\",\"dateModified\":\"2023-11-20T09:29:12+00:00\",\"mainEntityOfPage\":{\"@id\":\"https:\\\/\\\/www.sklep.demarco.pl\\\/blog\\\/garsonki-i-sukienki-na-swieta\\\/\"},\"wordCount\":308,\"image\":{\"@id\":\"https:\\\/\\\/www.sklep.demarco.pl\\\/blog\\\/garsonki-i-sukienki-na-swieta\\\/#primaryimage\"},\"thumbnailUrl\":\"https:\\\/\\\/www.sklep.demarco.pl\\\/blog\\\/wp-content\\\/uploads\\\/2023\\\/11\\\/013-Artboard16.jpg\",\"keywords\":[\"De Marco\",\"De Marco ekskluzywna marka\",\"De Marco Frydrychowice\",\"de marco sukienki\",\"Ekskluzywna odzie\u017c damska polskich producent\u00f3w\",\"Elegancka odzie\u017c damska sklep internetowy\",\"Garsonka\",\"luksusowa polska marka\",\"marka premium\",\"marka premium odzie\u017c\",\"markowa odzie\u017c damska\",\"markowe ubrania\",\"p\u0142aszczyk na \u015bwi\u0119ta\",\"polska firma\",\"polska projektantka mody\",\"polski film\",\"polskie marki\",\"polskie sukienki\",\"spodnium na \u015bwi\u0119ta\",\"Sukienka na \u015bwi\u0119ta\",\"sukienki polskie\"],\"articleSection\":[\"METAMORFOZA\"],\"inLanguage\":\"pl-PL\"},{\"@type\":\"WebPage\",\"@id\":\"https:\\\/\\\/www.sklep.demarco.pl\\\/blog\\\/garsonki-i-sukienki-na-swieta\\\/\",\"url\":\"https:\\\/\\\/www.sklep.demarco.pl\\\/blog\\\/garsonki-i-sukienki-na-swieta\\\/\",\"name\":\"\u015awi\u0105teczne stylizacje: Elegancja w detalach i kolorach. Garsonki i sukienki na \u015bwi\u0119ta - De Marco\",\"isPartOf\":{\"@id\":\"https:\\\/\\\/www.sklep.demarco.pl\\\/blog\\\/#website\"},\"primaryImageOfPage\":{\"@id\":\"https:\\\/\\\/www.sklep.demarco.pl\\\/blog\\\/garsonki-i-sukienki-na-swieta\\\/#primaryimage\"},\"image\":{\"@id\":\"https:\\\/\\\/www.sklep.demarco.pl\\\/blog\\\/garsonki-i-sukienki-na-swieta\\\/#primaryimage\"},\"thumbnailUrl\":\"https:\\\/\\\/www.sklep.demarco.pl\\\/blog\\\/wp-content\\\/uploads\\\/2023\\\/11\\\/013-Artboard16.jpg\",\"datePublished\":\"2023-11-20T09:11:55+00:00\",\"dateModified\":\"2023-11-20T09:29:12+00:00\",\"author\":{\"@id\":\"https:\\\/\\\/www.sklep.demarco.pl\\\/blog\\\/#\\\/schema\\\/person\\\/38456e8269588abfbbdda5bc04dad142\"},\"description\":\"Eleganckie garsonki i sukienki na \u015bwi\u0119ta. Wygodne stylizacje wizytowe szyte na miar\u0119 w De Marco sklep internetowy\",\"breadcrumb\":{\"@id\":\"https:\\\/\\\/www.sklep.demarco.pl\\\/blog\\\/garsonki-i-sukienki-na-swieta\\\/#breadcrumb\"},\"inLanguage\":\"pl-PL\",\"potentialAction\":[{\"@type\":\"ReadAction\",\"target\":[\"https:\\\/\\\/www.sklep.demarco.pl\\\/blog\\\/garsonki-i-sukienki-na-swieta\\\/\"]}]},{\"@type\":\"ImageObject\",\"inLanguage\":\"pl-PL\",\"@id\":\"https:\\\/\\\/www.sklep.demarco.pl\\\/blog\\\/garsonki-i-sukienki-na-swieta\\\/#primaryimage\",\"url\":\"https:\\\/\\\/www.sklep.demarco.pl\\\/blog\\\/wp-content\\\/uploads\\\/2023\\\/11\\\/013-Artboard16.jpg\",\"contentUrl\":\"https:\\\/\\\/www.sklep.demarco.pl\\\/blog\\\/wp-content\\\/uploads\\\/2023\\\/11\\\/013-Artboard16.jpg\",\"width\":1081,\"height\":1081},{\"@type\":\"BreadcrumbList\",\"@id\":\"https:\\\/\\\/www.sklep.demarco.pl\\\/blog\\\/garsonki-i-sukienki-na-swieta\\\/#breadcrumb\",\"itemListElement\":[{\"@type\":\"ListItem\",\"position\":1,\"name\":\"Strona g\u0142\u00f3wna\",\"item\":\"https:\\\/\\\/www.sklep.demarco.pl\\\/blog\\\/\"},{\"@type\":\"ListItem\",\"position\":2,\"name\":\"\u015awi\u0105teczne stylizacje: Elegancja w detalach i kolorach. Garsonki i sukienki na \u015bwi\u0119ta\"}]},{\"@type\":\"WebSite\",\"@id\":\"https:\\\/\\\/www.sklep.demarco.pl\\\/blog\\\/#website\",\"url\":\"https:\\\/\\\/www.sklep.demarco.pl\\\/blog\\\/\",\"name\":\"De Marco\",\"description\":\"The finest women&#039;s clothing manufacturer\",\"potentialAction\":[{\"@type\":\"SearchAction\",\"target\":{\"@type\":\"EntryPoint\",\"urlTemplate\":\"https:\\\/\\\/www.sklep.demarco.pl\\\/blog\\\/?s={search_term_string}\"},\"query-input\":{\"@type\":\"PropertyValueSpecification\",\"valueRequired\":true,\"valueName\":\"search_term_string\"}}],\"inLanguage\":\"pl-PL\"},{\"@type\":\"Person\",\"@id\":\"https:\\\/\\\/www.sklep.demarco.pl\\\/blog\\\/#\\\/schema\\\/person\\\/38456e8269588abfbbdda5bc04dad142\",\"name\":\"de marco\",\"image\":{\"@type\":\"ImageObject\",\"inLanguage\":\"pl-PL\",\"@id\":\"https:\\\/\\\/secure.gravatar.com\\\/avatar\\\/1d03f06a246921ea2531e9b59fe2dcd5a125b6b3339bedd531ae0d7e4bb25f99?s=96&d=mm&r=g\",\"url\":\"https:\\\/\\\/secure.gravatar.com\\\/avatar\\\/1d03f06a246921ea2531e9b59fe2dcd5a125b6b3339bedd531ae0d7e4bb25f99?s=96&d=mm&r=g\",\"contentUrl\":\"https:\\\/\\\/secure.gravatar.com\\\/avatar\\\/1d03f06a246921ea2531e9b59fe2dcd5a125b6b3339bedd531ae0d7e4bb25f99?s=96&d=mm&r=g\",\"caption\":\"de marco\"},\"url\":\"https:\\\/\\\/www.sklep.demarco.pl\\\/blog\\\/author\\\/de-marco\\\/\"}]}<\/script>\n<!-- \/ Yoast SEO plugin. -->","yoast_head_json":{"title":"\u015awi\u0105teczne stylizacje: Elegancja w detalach i kolorach. Garsonki i sukienki na \u015bwi\u0119ta - De Marco","description":"Eleganckie garsonki i sukienki na \u015bwi\u0119ta. Wygodne stylizacje wizytowe szyte na miar\u0119 w De Marco sklep internetowy","robots":{"index":"index","follow":"follow","max-snippet":"max-snippet:-1","max-image-preview":"max-image-preview:large","max-video-preview":"max-video-preview:-1"},"canonical":"https:\/\/www.sklep.demarco.pl\/blog\/garsonki-i-sukienki-na-swieta\/","og_locale":"pl_PL","og_type":"article","og_title":"\u015awi\u0105teczne stylizacje: Elegancja w detalach i kolorach. Garsonki i sukienki na \u015bwi\u0119ta - De Marco","og_description":"Eleganckie garsonki i sukienki na \u015bwi\u0119ta. Wygodne stylizacje wizytowe szyte na miar\u0119 w De Marco sklep internetowy","og_url":"https:\/\/www.sklep.demarco.pl\/blog\/garsonki-i-sukienki-na-swieta\/","og_site_name":"De Marco","article_publisher":"https:\/\/www.facebook.com\/DeMarco.Styl","article_published_time":"2023-11-20T09:11:55+00:00","article_modified_time":"2023-11-20T09:29:12+00:00","og_image":[{"width":1081,"height":1081,"url":"https:\/\/www.sklep.demarco.pl\/blog\/wp-content\/uploads\/2023\/11\/013-Artboard16.jpg","type":"image\/jpeg"}],"author":"de marco","twitter_misc":{"Napisane przez":"de marco","Szacowany czas czytania":"5 minut"},"schema":{"@context":"https:\/\/schema.org","@graph":[{"@type":"Article","@id":"https:\/\/www.sklep.demarco.pl\/blog\/garsonki-i-sukienki-na-swieta\/#article","isPartOf":{"@id":"https:\/\/www.sklep.demarco.pl\/blog\/garsonki-i-sukienki-na-swieta\/"},"author":{"name":"de marco","@id":"https:\/\/www.sklep.demarco.pl\/blog\/#\/schema\/person\/38456e8269588abfbbdda5bc04dad142"},"headline":"\u015awi\u0105teczne stylizacje: Elegancja w detalach i kolorach. Garsonki i sukienki na \u015bwi\u0119ta","datePublished":"2023-11-20T09:11:55+00:00","dateModified":"2023-11-20T09:29:12+00:00","mainEntityOfPage":{"@id":"https:\/\/www.sklep.demarco.pl\/blog\/garsonki-i-sukienki-na-swieta\/"},"wordCount":308,"image":{"@id":"https:\/\/www.sklep.demarco.pl\/blog\/garsonki-i-sukienki-na-swieta\/#primaryimage"},"thumbnailUrl":"https:\/\/www.sklep.demarco.pl\/blog\/wp-content\/uploads\/2023\/11\/013-Artboard16.jpg","keywords":["De Marco","De Marco ekskluzywna marka","De Marco Frydrychowice","de marco sukienki","Ekskluzywna odzie\u017c damska polskich producent\u00f3w","Elegancka odzie\u017c damska sklep internetowy","Garsonka","luksusowa polska marka","marka premium","marka premium odzie\u017c","markowa odzie\u017c damska","markowe ubrania","p\u0142aszczyk na \u015bwi\u0119ta","polska firma","polska projektantka mody","polski film","polskie marki","polskie sukienki","spodnium na \u015bwi\u0119ta","Sukienka na \u015bwi\u0119ta","sukienki polskie"],"articleSection":["METAMORFOZA"],"inLanguage":"pl-PL"},{"@type":"WebPage","@id":"https:\/\/www.sklep.demarco.pl\/blog\/garsonki-i-sukienki-na-swieta\/","url":"https:\/\/www.sklep.demarco.pl\/blog\/garsonki-i-sukienki-na-swieta\/","name":"\u015awi\u0105teczne stylizacje: Elegancja w detalach i kolorach. Garsonki i sukienki na \u015bwi\u0119ta - De Marco","isPartOf":{"@id":"https:\/\/www.sklep.demarco.pl\/blog\/#website"},"primaryImageOfPage":{"@id":"https:\/\/www.sklep.demarco.pl\/blog\/garsonki-i-sukienki-na-swieta\/#primaryimage"},"image":{"@id":"https:\/\/www.sklep.demarco.pl\/blog\/garsonki-i-sukienki-na-swieta\/#primaryimage"},"thumbnailUrl":"https:\/\/www.sklep.demarco.pl\/blog\/wp-content\/uploads\/2023\/11\/013-Artboard16.jpg","datePublished":"2023-11-20T09:11:55+00:00","dateModified":"2023-11-20T09:29:12+00:00","author":{"@id":"https:\/\/www.sklep.demarco.pl\/blog\/#\/schema\/person\/38456e8269588abfbbdda5bc04dad142"},"description":"Eleganckie garsonki i sukienki na \u015bwi\u0119ta. Wygodne stylizacje wizytowe szyte na miar\u0119 w De Marco sklep internetowy","breadcrumb":{"@id":"https:\/\/www.sklep.demarco.pl\/blog\/garsonki-i-sukienki-na-swieta\/#breadcrumb"},"inLanguage":"pl-PL","potentialAction":[{"@type":"ReadAction","target":["https:\/\/www.sklep.demarco.pl\/blog\/garsonki-i-sukienki-na-swieta\/"]}]},{"@type":"ImageObject","inLanguage":"pl-PL","@id":"https:\/\/www.sklep.demarco.pl\/blog\/garsonki-i-sukienki-na-swieta\/#primaryimage","url":"https:\/\/www.sklep.demarco.pl\/blog\/wp-content\/uploads\/2023\/11\/013-Artboard16.jpg","contentUrl":"https:\/\/www.sklep.demarco.pl\/blog\/wp-content\/uploads\/2023\/11\/013-Artboard16.jpg","width":1081,"height":1081},{"@type":"BreadcrumbList","@id":"https:\/\/www.sklep.demarco.pl\/blog\/garsonki-i-sukienki-na-swieta\/#breadcrumb","itemListElement":[{"@type":"ListItem","position":1,"name":"Strona g\u0142\u00f3wna","item":"https:\/\/www.sklep.demarco.pl\/blog\/"},{"@type":"ListItem","position":2,"name":"\u015awi\u0105teczne stylizacje: Elegancja w detalach i kolorach. Garsonki i sukienki na \u015bwi\u0119ta"}]},{"@type":"WebSite","@id":"https:\/\/www.sklep.demarco.pl\/blog\/#website","url":"https:\/\/www.sklep.demarco.pl\/blog\/","name":"De Marco","description":"The finest women&#039;s clothing manufacturer","potentialAction":[{"@type":"SearchAction","target":{"@type":"EntryPoint","urlTemplate":"https:\/\/www.sklep.demarco.pl\/blog\/?s={search_term_string}"},"query-input":{"@type":"PropertyValueSpecification","valueRequired":true,"valueName":"search_term_string"}}],"inLanguage":"pl-PL"},{"@type":"Person","@id":"https:\/\/www.sklep.demarco.pl\/blog\/#\/schema\/person\/38456e8269588abfbbdda5bc04dad142","name":"de marco","image":{"@type":"ImageObject","inLanguage":"pl-PL","@id":"https:\/\/secure.gravatar.com\/avatar\/1d03f06a246921ea2531e9b59fe2dcd5a125b6b3339bedd531ae0d7e4bb25f99?s=96&d=mm&r=g","url":"https:\/\/secure.gravatar.com\/avatar\/1d03f06a246921ea2531e9b59fe2dcd5a125b6b3339bedd531ae0d7e4bb25f99?s=96&d=mm&r=g","contentUrl":"https:\/\/secure.gravatar.com\/avatar\/1d03f06a246921ea2531e9b59fe2dcd5a125b6b3339bedd531ae0d7e4bb25f99?s=96&d=mm&r=g","caption":"de marco"},"url":"https:\/\/www.sklep.demarco.pl\/blog\/author\/de-marco\/"}]}},"builder_content":"","_links":{"self":[{"href":"https:\/\/www.sklep.demarco.pl\/blog\/wp-json\/wp\/v2\/posts\/15548","targetHints":{"allow":["GET"]}}],"collection":[{"href":"https:\/\/www.sklep.demarco.pl\/blog\/wp-json\/wp\/v2\/posts"}],"about":[{"href":"https:\/\/www.sklep.demarco.pl\/blog\/wp-json\/wp\/v2\/types\/post"}],"author":[{"embeddable":true,"href":"https:\/\/www.sklep.demarco.pl\/blog\/wp-json\/wp\/v2\/users\/1"}],"replies":[{"embeddable":true,"href":"https:\/\/www.sklep.demarco.pl\/blog\/wp-json\/wp\/v2\/comments?post=15548"}],"version-history":[{"count":5,"href":"https:\/\/www.sklep.demarco.pl\/blog\/wp-json\/wp\/v2\/posts\/15548\/revisions"}],"predecessor-version":[{"id":15567,"href":"https:\/\/www.sklep.demarco.pl\/blog\/wp-json\/wp\/v2\/posts\/15548\/revisions\/15567"}],"wp:featuredmedia":[{"embeddable":true,"href":"https:\/\/www.sklep.demarco.pl\/blog\/wp-json\/wp\/v2\/media\/15559"}],"wp:attachment":[{"href":"https:\/\/www.sklep.demarco.pl\/blog\/wp-json\/wp\/v2\/media?parent=15548"}],"wp:term":[{"taxonomy":"category","embeddable":true,"href":"https:\/\/www.sklep.demarco.pl\/blog\/wp-json\/wp\/v2\/categories?post=15548"},{"taxonomy":"post_tag","embeddable":true,"href":"https:\/\/www.sklep.demarco.pl\/blog\/wp-json\/wp\/v2\/tags?post=15548"}],"curies":[{"name":"wp","href":"https:\/\/api.w.org\/{rel}","templated":true}]}}