{"id":15518,"date":"2023-10-25T11:36:12","date_gmt":"2023-10-25T11:36:12","guid":{"rendered":"https:\/\/www.sklep.demarco.pl\/blog\/?p=15518"},"modified":"2023-11-16T09:29:35","modified_gmt":"2023-11-16T09:29:35","slug":"wie-kleidet-man-sich-zu-weihnachten-elegante-kleider-anzuge-und-damenkostume-fur-weihnachten","status":"publish","type":"post","link":"https:\/\/www.sklep.demarco.pl\/blog\/de\/wie-kleidet-man-sich-zu-weihnachten-elegante-kleider-anzuge-und-damenkostume-fur-weihnachten\/","title":{"rendered":"Wie kleidet man sich zu Weihnachten? Elegante Kleider, Anz\u00fcge und Damenkost\u00fcme f\u00fcr Weihnachten"},"content":{"rendered":"<!-- wp:themify-builder\/canvas \/-->\n\n\n<p>Wie kleidet man sich zu Weihnachten?<\/p>\n\n\n\n<h2 class=\"wp-block-heading\">Wie kleidet man sich zu Weihnachten?<\/h2>\n\n\n\n<p>Weihnachtskleider, Anz\u00fcge und Damenanz\u00fcge. De Marco elegante Modelle f\u00fcr Weihnachten<\/p>\n\n\n\n<h4 class=\"wp-block-heading\">Elegante formelle Weihnachtskleider<\/h4>\n\n\n\n<p>Ein elegantes Kleid oder ein moderner Anzug ist die perfekte Wahl f\u00fcr festliche Anl\u00e4sse, ob in der Familie oder im Unternehmen. F\u00fcr reifere Frauen in den F\u00fcnfzigern, Sechzigern oder Siebzigern sollte das Styling f\u00fcr diese besonderen Anl\u00e4sse die Figur auf elegante Weise akzentuieren.<\/p>\n\n\n\n<p>Kleider f\u00fcr reife Frauen sollten zwar die Vorz\u00fcge unserer Figur betonen, aber mit Klasse. Geschmackvolle Details wie ein moderater Ausschnitt oder dezente Schlitze am Kleid verleihen den Kreationen Eleganz, ohne dass \u00fcbertriebene Zus\u00e4tze oder \u00fcbertriebene Verzierungen n\u00f6tig sind.<\/p>\n\n\n\n<figure class=\"wp-block-embed is-type-wp-embed is-provider-de-marco wp-block-embed-de-marco\"><div class=\"wp-block-embed__wrapper\">\n<blockquote class=\"wp-embedded-content\" data-secret=\"VsdUgL1Z9d\"><a href=\"https:\/\/www.sklep.demarco.pl\/blog\/de\/wie-kleidet-man-sich-fur-eine-firmenveranstaltung-die-modischsten-jacken-fur-frauen\/\">Wie kleidet man sich f\u00fcr eine Firmenveranstaltung? Die modischsten Jacken f\u00fcr Frauen<\/a><\/blockquote><iframe loading=\"lazy\" class=\"wp-embedded-content\" sandbox=\"allow-scripts\" security=\"restricted\" style=\"position: absolute; visibility: hidden;\" title=\"&#8220;Wie kleidet man sich f\u00fcr eine Firmenveranstaltung? Die modischsten Jacken f\u00fcr Frauen&#8221; &#8212; De Marco\" src=\"https:\/\/www.sklep.demarco.pl\/blog\/de\/wie-kleidet-man-sich-fur-eine-firmenveranstaltung-die-modischsten-jacken-fur-frauen\/embed\/#?secret=iu17ppA4Fv#?secret=VsdUgL1Z9d\" data-secret=\"VsdUgL1Z9d\" width=\"500\" height=\"282\" frameborder=\"0\" marginwidth=\"0\" marginheight=\"0\" scrolling=\"no\"><\/iframe>\n<\/div><\/figure>\n\n\n\n<h2 class=\"wp-block-heading\">K\u00f6nigliche Kreationen<\/h2>\n\n\n\n<p>Elegante formelle Kleider, moderne Anz\u00fcge, Kost\u00fcme und Damenanz\u00fcge De Marco Online Shop:<\/p>\n\n\n\n<p>Inspirationen, Fotos und ein Shop f\u00fcr elegante Damenbekleidung.<\/p>\n\n\n\n<figure class=\"wp-block-gallery has-nested-images columns-default is-cropped wp-block-gallery-1 is-layout-flex wp-block-gallery-is-layout-flex\">\n<figure class=\"wp-block-image size-large\"><a href=\"https:\/\/www.sklep.demarco.pl\/nowoczesna-garsonka-eftalia\" target=\"_blank\" rel=\"noreferrer noopener\"><img loading=\"lazy\" decoding=\"async\" width=\"1024\" height=\"1024\" data-id=\"15211\" src=\"https:\/\/www.sklep.demarco.pl\/blog\/wp-content\/uploads\/2023\/10\/01.07.2023-Artboard13--1024x1024.jpg\" alt=\"\" class=\"wp-image-15211\" srcset=\"https:\/\/www.sklep.demarco.pl\/blog\/wp-content\/uploads\/2023\/10\/01.07.2023-Artboard13--1024x1024.jpg 1024w, https:\/\/www.sklep.demarco.pl\/blog\/wp-content\/uploads\/2023\/10\/01.07.2023-Artboard13--300x300.jpg 300w, https:\/\/www.sklep.demarco.pl\/blog\/wp-content\/uploads\/2023\/10\/01.07.2023-Artboard13--150x150.jpg 150w, https:\/\/www.sklep.demarco.pl\/blog\/wp-content\/uploads\/2023\/10\/01.07.2023-Artboard13--768x768.jpg 768w, https:\/\/www.sklep.demarco.pl\/blog\/wp-content\/uploads\/2023\/10\/01.07.2023-Artboard13-.jpg 1441w\" sizes=\"auto, (max-width: 1024px) 100vw, 1024px\" \/><\/a><\/figure>\n\n\n\n<figure class=\"wp-block-image size-large\"><a href=\"https:\/\/www.sklep.demarco.pl\/wizytowa-sukienka-z-zakietem-klaudyna-ii\" target=\"_blank\" rel=\"noreferrer noopener\"><img loading=\"lazy\" decoding=\"async\" width=\"1024\" height=\"1024\" data-id=\"15097\" src=\"https:\/\/www.sklep.demarco.pl\/blog\/wp-content\/uploads\/2023\/10\/002-Artboard5-1024x1024.jpg\" alt=\"\" class=\"wp-image-15097\" srcset=\"https:\/\/www.sklep.demarco.pl\/blog\/wp-content\/uploads\/2023\/10\/002-Artboard5-1024x1024.jpg 1024w, https:\/\/www.sklep.demarco.pl\/blog\/wp-content\/uploads\/2023\/10\/002-Artboard5-300x300.jpg 300w, https:\/\/www.sklep.demarco.pl\/blog\/wp-content\/uploads\/2023\/10\/002-Artboard5-150x150.jpg 150w, https:\/\/www.sklep.demarco.pl\/blog\/wp-content\/uploads\/2023\/10\/002-Artboard5-768x768.jpg 768w, https:\/\/www.sklep.demarco.pl\/blog\/wp-content\/uploads\/2023\/10\/002-Artboard5.jpg 1080w\" sizes=\"auto, (max-width: 1024px) 100vw, 1024px\" \/><\/a><\/figure>\n\n\n\n<figure class=\"wp-block-image size-large\"><a href=\"https:\/\/www.sklep.demarco.pl\/garnitur-damski-z-bluzka-ellen-i\" target=\"_blank\" rel=\"noreferrer noopener\"><img loading=\"lazy\" decoding=\"async\" width=\"1024\" height=\"1024\" data-id=\"15086\" src=\"https:\/\/www.sklep.demarco.pl\/blog\/wp-content\/uploads\/2023\/10\/005.01.2023-Artboard19-1024x1024.jpg\" alt=\"Najmodniejsze garnitury damskie szyte na miar\u0119. Eleganckie stylizacje, inspiracje, zdj\u0119cia De Marco eleganckie ubrania do pracy i na imprez\u0119 firmow\u0105\" class=\"wp-image-15086\" srcset=\"https:\/\/www.sklep.demarco.pl\/blog\/wp-content\/uploads\/2023\/10\/005.01.2023-Artboard19-1024x1024.jpg 1024w, https:\/\/www.sklep.demarco.pl\/blog\/wp-content\/uploads\/2023\/10\/005.01.2023-Artboard19-300x300.jpg 300w, https:\/\/www.sklep.demarco.pl\/blog\/wp-content\/uploads\/2023\/10\/005.01.2023-Artboard19-150x150.jpg 150w, https:\/\/www.sklep.demarco.pl\/blog\/wp-content\/uploads\/2023\/10\/005.01.2023-Artboard19-768x768.jpg 768w, https:\/\/www.sklep.demarco.pl\/blog\/wp-content\/uploads\/2023\/10\/005.01.2023-Artboard19.jpg 1441w\" sizes=\"auto, (max-width: 1024px) 100vw, 1024px\" \/><\/a><\/figure>\n\n\n\n<figure class=\"wp-block-image size-large\"><a href=\"https:\/\/www.sklep.demarco.pl\/najmodniejszy-garnitur-damski-erna-ii\" target=\"_blank\" rel=\"noreferrer noopener\"><img loading=\"lazy\" decoding=\"async\" width=\"1024\" height=\"1024\" data-id=\"15085\" src=\"https:\/\/www.sklep.demarco.pl\/blog\/wp-content\/uploads\/2023\/10\/014.01.2023-Artboard3-1024x1024.jpg\" alt=\"\" class=\"wp-image-15085\" srcset=\"https:\/\/www.sklep.demarco.pl\/blog\/wp-content\/uploads\/2023\/10\/014.01.2023-Artboard3-1024x1024.jpg 1024w, https:\/\/www.sklep.demarco.pl\/blog\/wp-content\/uploads\/2023\/10\/014.01.2023-Artboard3-300x300.jpg 300w, https:\/\/www.sklep.demarco.pl\/blog\/wp-content\/uploads\/2023\/10\/014.01.2023-Artboard3-150x150.jpg 150w, https:\/\/www.sklep.demarco.pl\/blog\/wp-content\/uploads\/2023\/10\/014.01.2023-Artboard3-768x767.jpg 768w, https:\/\/www.sklep.demarco.pl\/blog\/wp-content\/uploads\/2023\/10\/014.01.2023-Artboard3.jpg 1441w\" sizes=\"auto, (max-width: 1024px) 100vw, 1024px\" \/><\/a><\/figure>\n\n\n\n<figure class=\"wp-block-image size-large\"><a href=\"https:\/\/www.sklep.demarco.pl\/czerwony-garnitur-damski-erna-iii\" target=\"_blank\" rel=\"noreferrer noopener\"><img loading=\"lazy\" decoding=\"async\" width=\"1024\" height=\"1024\" data-id=\"15084\" src=\"https:\/\/www.sklep.demarco.pl\/blog\/wp-content\/uploads\/2023\/10\/015.01.2023-Artboard26-1024x1024.jpg\" alt=\"\" class=\"wp-image-15084\" srcset=\"https:\/\/www.sklep.demarco.pl\/blog\/wp-content\/uploads\/2023\/10\/015.01.2023-Artboard26-1024x1024.jpg 1024w, https:\/\/www.sklep.demarco.pl\/blog\/wp-content\/uploads\/2023\/10\/015.01.2023-Artboard26-300x300.jpg 300w, https:\/\/www.sklep.demarco.pl\/blog\/wp-content\/uploads\/2023\/10\/015.01.2023-Artboard26-150x150.jpg 150w, https:\/\/www.sklep.demarco.pl\/blog\/wp-content\/uploads\/2023\/10\/015.01.2023-Artboard26-768x769.jpg 768w, https:\/\/www.sklep.demarco.pl\/blog\/wp-content\/uploads\/2023\/10\/015.01.2023-Artboard26.jpg 1440w\" sizes=\"auto, (max-width: 1024px) 100vw, 1024px\" \/><\/a><\/figure>\n\n\n\n<figure class=\"wp-block-image size-large\"><a href=\"https:\/\/www.sklep.demarco.pl\/ekskluzywna-sukienka-dalida-ii\" target=\"_blank\" rel=\"noreferrer noopener\"><img loading=\"lazy\" decoding=\"async\" width=\"1024\" height=\"1024\" data-id=\"14996\" src=\"https:\/\/www.sklep.demarco.pl\/blog\/wp-content\/uploads\/2023\/10\/02.07.2023-Artboard14--1024x1024.jpg\" alt=\"Luksusowe sukienki z d\u0142ugim r\u0119kawem dla pani w dojrza\u0142ym wieku. Najpi\u0119kniejsze stylizacje dla mamy wesela, babci weselnej i matki chrzestnej. Sklep internetowy, polskie sukienki, polski projektant\" class=\"wp-image-14996\" srcset=\"https:\/\/www.sklep.demarco.pl\/blog\/wp-content\/uploads\/2023\/10\/02.07.2023-Artboard14--1024x1024.jpg 1024w, https:\/\/www.sklep.demarco.pl\/blog\/wp-content\/uploads\/2023\/10\/02.07.2023-Artboard14--300x300.jpg 300w, https:\/\/www.sklep.demarco.pl\/blog\/wp-content\/uploads\/2023\/10\/02.07.2023-Artboard14--150x150.jpg 150w, https:\/\/www.sklep.demarco.pl\/blog\/wp-content\/uploads\/2023\/10\/02.07.2023-Artboard14--768x768.jpg 768w, https:\/\/www.sklep.demarco.pl\/blog\/wp-content\/uploads\/2023\/10\/02.07.2023-Artboard14-.jpg 1441w\" sizes=\"auto, (max-width: 1024px) 100vw, 1024px\" \/><\/a><\/figure>\n\n\n\n<figure class=\"wp-block-image size-large\"><a href=\"https:\/\/www.sklep.demarco.pl\/sukienki-na-wesele-gildia-ii\" target=\"_blank\" rel=\"noreferrer noopener\"><img loading=\"lazy\" decoding=\"async\" width=\"1024\" height=\"1024\" data-id=\"15003\" src=\"https:\/\/www.sklep.demarco.pl\/blog\/wp-content\/uploads\/2023\/10\/045-Artboard25-1024x1024.jpg\" alt=\"Unikatowe ekskluzywne polskie sukienki na wesele, rocznic\u0119 i jubileusz. Bordowa suknia wizytowa od projektantki dla kobiet powy\u017cej 50 tki, 60 tki..\" class=\"wp-image-15003\" srcset=\"https:\/\/www.sklep.demarco.pl\/blog\/wp-content\/uploads\/2023\/10\/045-Artboard25-1024x1024.jpg 1024w, https:\/\/www.sklep.demarco.pl\/blog\/wp-content\/uploads\/2023\/10\/045-Artboard25-300x300.jpg 300w, https:\/\/www.sklep.demarco.pl\/blog\/wp-content\/uploads\/2023\/10\/045-Artboard25-150x150.jpg 150w, https:\/\/www.sklep.demarco.pl\/blog\/wp-content\/uploads\/2023\/10\/045-Artboard25-768x768.jpg 768w, https:\/\/www.sklep.demarco.pl\/blog\/wp-content\/uploads\/2023\/10\/045-Artboard25.jpg 1441w\" sizes=\"auto, (max-width: 1024px) 100vw, 1024px\" \/><\/a><\/figure>\n\n\n\n<figure class=\"wp-block-image size-large\"><a href=\"https:\/\/www.sklep.demarco.pl\/ekskluzywna-sukienka-helena\" target=\"_blank\" rel=\"noreferrer noopener\"><img loading=\"lazy\" decoding=\"async\" width=\"1024\" height=\"1024\" data-id=\"15000\" src=\"https:\/\/www.sklep.demarco.pl\/blog\/wp-content\/uploads\/2023\/10\/003-Artboard24-1024x1024.jpg\" alt=\"Luksusowe sukienki z r\u0119kawem dla mamy wesela na \u015blub syna lub c\u00f3rki. Be\u017cowa sumienia wizytowa od polskiego projektanta.\" class=\"wp-image-15000\" srcset=\"https:\/\/www.sklep.demarco.pl\/blog\/wp-content\/uploads\/2023\/10\/003-Artboard24-1024x1024.jpg 1024w, https:\/\/www.sklep.demarco.pl\/blog\/wp-content\/uploads\/2023\/10\/003-Artboard24-300x300.jpg 300w, https:\/\/www.sklep.demarco.pl\/blog\/wp-content\/uploads\/2023\/10\/003-Artboard24-150x150.jpg 150w, https:\/\/www.sklep.demarco.pl\/blog\/wp-content\/uploads\/2023\/10\/003-Artboard24-768x769.jpg 768w, https:\/\/www.sklep.demarco.pl\/blog\/wp-content\/uploads\/2023\/10\/003-Artboard24.jpg 1080w\" sizes=\"auto, (max-width: 1024px) 100vw, 1024px\" \/><\/a><\/figure>\n\n\n\n<figure class=\"wp-block-image size-large\"><a href=\"https:\/\/www.sklep.demarco.pl\/czarny-garnitur-damski-laur\" target=\"_blank\" rel=\"noreferrer noopener\"><img loading=\"lazy\" decoding=\"async\" width=\"1024\" height=\"1024\" data-id=\"15154\" src=\"https:\/\/www.sklep.demarco.pl\/blog\/wp-content\/uploads\/2023\/10\/041-Artboard16-1024x1024.jpg\" alt=\"\" class=\"wp-image-15154\" srcset=\"https:\/\/www.sklep.demarco.pl\/blog\/wp-content\/uploads\/2023\/10\/041-Artboard16-1024x1024.jpg 1024w, https:\/\/www.sklep.demarco.pl\/blog\/wp-content\/uploads\/2023\/10\/041-Artboard16-300x300.jpg 300w, https:\/\/www.sklep.demarco.pl\/blog\/wp-content\/uploads\/2023\/10\/041-Artboard16-150x150.jpg 150w, https:\/\/www.sklep.demarco.pl\/blog\/wp-content\/uploads\/2023\/10\/041-Artboard16-768x769.jpg 768w, https:\/\/www.sklep.demarco.pl\/blog\/wp-content\/uploads\/2023\/10\/041-Artboard16.jpg 1440w\" sizes=\"auto, (max-width: 1024px) 100vw, 1024px\" \/><\/a><\/figure>\n\n\n\n<figure class=\"wp-block-image size-large\"><a href=\"https:\/\/www.sklep.demarco.pl\/garsonka-szafirowa-valentina\" target=\"_blank\" rel=\"noreferrer noopener\"><img loading=\"lazy\" decoding=\"async\" width=\"1024\" height=\"1024\" data-id=\"15212\" src=\"https:\/\/www.sklep.demarco.pl\/blog\/wp-content\/uploads\/2023\/10\/03.10.2023-Artboard13-4770p-1024x1024.jpg\" alt=\"\" class=\"wp-image-15212\" srcset=\"https:\/\/www.sklep.demarco.pl\/blog\/wp-content\/uploads\/2023\/10\/03.10.2023-Artboard13-4770p-1024x1024.jpg 1024w, https:\/\/www.sklep.demarco.pl\/blog\/wp-content\/uploads\/2023\/10\/03.10.2023-Artboard13-4770p-300x300.jpg 300w, https:\/\/www.sklep.demarco.pl\/blog\/wp-content\/uploads\/2023\/10\/03.10.2023-Artboard13-4770p-150x150.jpg 150w, https:\/\/www.sklep.demarco.pl\/blog\/wp-content\/uploads\/2023\/10\/03.10.2023-Artboard13-4770p-768x768.jpg 768w, https:\/\/www.sklep.demarco.pl\/blog\/wp-content\/uploads\/2023\/10\/03.10.2023-Artboard13-4770p.jpg 1441w\" sizes=\"auto, (max-width: 1024px) 100vw, 1024px\" \/><\/a><\/figure>\n<\/figure>\n\n\n\n<h4 class=\"wp-block-heading\">De Marcos moderne, elegante Anz\u00fcge<\/h4>\n\n\n\n<p>Eine der M\u00f6glichkeiten, die in Betracht gezogen werden, sind luxuri\u00f6se Damenanz\u00fcge, bei denen Jacken und R\u00f6cke nebeneinander getragen werden. Diese Kombinationen werden zweifelsohne unser Aussehen verfeinern. Intensive Farben, die derzeit sehr beliebt sind, verleihen unserem Styling Energie und Distinktion und unterstreichen die fr\u00f6hliche Stimmung der Feiertage.<\/p>\n\n\n\n<h4 class=\"wp-block-heading\">Elegante Schlankheitsanz\u00fcge f\u00fcr Frauen De Marco<\/h4>\n\n\n\n<p>Als Alternative zu Kleidern gibt es auch Sets mit Hosen, ideal f\u00fcr Damen, die gerne Hosen tragen. Jacken- und Hosensets oder Damenanz\u00fcge, bestehend aus Jacke und Hose, sind ebenso elegante Optionen f\u00fcr festliche Anl\u00e4sse. Intensive Farben wie Rot, Gr\u00fcn, Bordeauxrot, Himbeere oder Schwarz verleihen unseren Outfits eine besondere Note.<\/p>\n\n\n\n<figure class=\"wp-block-embed is-type-wp-embed is-provider-de-marco wp-block-embed-de-marco\"><div class=\"wp-block-embed__wrapper\">\n<blockquote class=\"wp-embedded-content\" data-secret=\"ha5i2I3zbJ\"><a href=\"https:\/\/www.sklep.demarco.pl\/blog\/de\/exklusive-masgeschneiderte-kleider-anzuge-und-kostume-fur-frauen-online-de-marco-polnische-modemarke\/\">Exklusive ma\u00dfgeschneiderte Kleider, Anz\u00fcge und Kost\u00fcme f\u00fcr Frauen online De Marco polnische Modemarke<\/a><\/blockquote><iframe loading=\"lazy\" class=\"wp-embedded-content\" sandbox=\"allow-scripts\" security=\"restricted\" style=\"position: absolute; visibility: hidden;\" title=\"&#8220;Exklusive ma\u00dfgeschneiderte Kleider, Anz\u00fcge und Kost\u00fcme f\u00fcr Frauen online De Marco polnische Modemarke&#8221; &#8212; De Marco\" src=\"https:\/\/www.sklep.demarco.pl\/blog\/de\/exklusive-masgeschneiderte-kleider-anzuge-und-kostume-fur-frauen-online-de-marco-polnische-modemarke\/embed\/#?secret=alkyHm5XHu#?secret=ha5i2I3zbJ\" data-secret=\"ha5i2I3zbJ\" width=\"500\" height=\"282\" frameborder=\"0\" marginwidth=\"0\" marginheight=\"0\" scrolling=\"no\"><\/iframe>\n<\/div><\/figure>\n\n\n\n<p>Es lohnt sich jedoch, Schnitte zu w\u00e4hlen, die Ihre Figur positiv betonen, und zu weite oder zu enge Kleider zu vermeiden, die Ihre Vorz\u00fcge noch mehr kaschieren k\u00f6nnen. Anstatt elegant auszusehen, wirken Sie dann in einem modischen Outfit eher dick. Weihnachten ist eine Zeit, in der wir besonders aussehen und uns besonders f\u00fchlen k\u00f6nnen, und ein gut gew\u00e4hltes Outfit hilft uns, dies zu erreichen.<\/p>\n\n\n\n<figure class=\"wp-block-embed is-type-wp-embed is-provider-de-marco wp-block-embed-de-marco\"><div class=\"wp-block-embed__wrapper\">\n<blockquote class=\"wp-embedded-content\" data-secret=\"noqoolCDnF\"><a href=\"https:\/\/www.sklep.demarco.pl\/blog\/de\/wie-kleidet-man-sich-fur-einen-st-andrews-ball\/\">Wie kleidet man sich f\u00fcr einen St. Andrew&#8217;s Ball?<\/a><\/blockquote><iframe loading=\"lazy\" class=\"wp-embedded-content\" sandbox=\"allow-scripts\" security=\"restricted\" style=\"position: absolute; visibility: hidden;\" title=\"&#8220;Wie kleidet man sich f\u00fcr einen St. Andrew&#8217;s Ball?&#8221; &#8212; De Marco\" src=\"https:\/\/www.sklep.demarco.pl\/blog\/de\/wie-kleidet-man-sich-fur-einen-st-andrews-ball\/embed\/#?secret=6qcEM4rALu#?secret=noqoolCDnF\" data-secret=\"noqoolCDnF\" width=\"500\" height=\"282\" frameborder=\"0\" marginwidth=\"0\" marginheight=\"0\" scrolling=\"no\"><\/iframe>\n<\/div><\/figure>\n","protected":false},"excerpt":{"rendered":"<p>Wie kleidet man sich zu Weihnachten? Wie kleidet man sich zu Weihnachten? Weihnachtskleider, Anz\u00fcge und Damenanz\u00fcge. De Marco elegante Modelle f\u00fcr Weihnachten Elegante formelle Weihnachtskleider Ein elegantes Kleid oder ein moderner Anzug ist die perfekte Wahl f\u00fcr festliche Anl\u00e4sse, ob in der Familie oder im Unternehmen. F\u00fcr reifere Frauen in den F\u00fcnfzigern, Sechzigern oder Siebzigern [&hellip;]<\/p>\n","protected":false},"author":1,"featured_media":15211,"comment_status":"closed","ping_status":"closed","sticky":false,"template":"","format":"standard","meta":{"footnotes":"","_links_to":"","_links_to_target":""},"categories":[2261],"tags":[2339,2341,2343,2907,2351,3363,3665,2440,3369,2458,2460,2408,4239,3647,2426,2406,2430,3687,2410,2412,2839,3207,3013,2697,2761,2561,2629,2631,2909,2936,2863,3216],"class_list":["post-15518","post","type-post","status-publish","format-standard","has-post-thumbnail","hentry","category-bez-kategorii-de","tag-de-marco-de","tag-de-marco-exklusive-marke","tag-de-marco-frydrychowice-de","tag-de-marco-shop-de","tag-de-marco-kollektion","tag-elegante-damenbekleidung","tag-elegante-damenkostueme-mit-hosen","tag-eleganter-anzug","tag-eleganter-online-shop-fuer-damenbekleidung","tag-elegantes-damen-set","tag-elegantes-set-mit-rock","tag-exklusive-damenbekleidung","tag-exklusive-damenbekleidung-von-polnischen-herstellern","tag-exklusive-jacken-fuer-frauen","tag-exklusive-kleider","tag-exklusiver-anzug","tag-exklusiver-damenanzug","tag-exklusiver-hersteller-von-damenbekleidung","tag-exklusiver-rock","tag-exklusives-kleid","tag-first-lady-online-shop-de","tag-jacke-mit-rock","tag-kleid-fuer-weihnachten","tag-luxus-politurmarke","tag-modische-kleider-online-shop","tag-online-shop-fuer-damenanzuege-und-kostueme","tag-set-mit-hose","tag-set-mit-schuerze","tag-webshop-de","tag-weihnachtsausschmueckung","tag-weihnachtsmantel","tag-zarna-anzug-mit-rock"],"yoast_head":"<!-- This site is optimized with the Yoast SEO plugin v27.5 - https:\/\/yoast.com\/product\/yoast-seo-wordpress\/ -->\n<title>Wie kleidet man sich zu Weihnachten?<\/title>\n<meta name=\"description\" content=\"Wie kleidet man sich zu Weihnachten? De Marco elegantes Styling f\u00fcr Weihnachten Online Shop f\u00fcr Marken-Damenbekleidung.\" \/>\n<meta name=\"robots\" content=\"index, follow, max-snippet:-1, max-image-preview:large, max-video-preview:-1\" \/>\n<link rel=\"canonical\" href=\"https:\/\/www.sklep.demarco.pl\/blog\/de\/wie-kleidet-man-sich-zu-weihnachten-elegante-kleider-anzuge-und-damenkostume-fur-weihnachten\/\" \/>\n<meta property=\"og:locale\" content=\"pl_PL\" \/>\n<meta property=\"og:type\" content=\"article\" \/>\n<meta property=\"og:title\" content=\"Wie kleidet man sich zu Weihnachten?\" \/>\n<meta property=\"og:description\" content=\"Wie kleidet man sich zu Weihnachten? De Marco elegantes Styling f\u00fcr Weihnachten Online Shop f\u00fcr Marken-Damenbekleidung.\" \/>\n<meta property=\"og:url\" content=\"https:\/\/www.sklep.demarco.pl\/blog\/de\/wie-kleidet-man-sich-zu-weihnachten-elegante-kleider-anzuge-und-damenkostume-fur-weihnachten\/\" \/>\n<meta property=\"og:site_name\" content=\"De Marco\" \/>\n<meta property=\"article:publisher\" content=\"https:\/\/www.facebook.com\/DeMarco.Styl\" \/>\n<meta property=\"article:published_time\" content=\"2023-10-25T11:36:12+00:00\" \/>\n<meta property=\"article:modified_time\" content=\"2023-11-16T09:29:35+00:00\" \/>\n<meta property=\"og:image\" content=\"https:\/\/www.sklep.demarco.pl\/blog\/wp-content\/uploads\/2023\/10\/01.07.2023-Artboard13-.jpg\" \/>\n\t<meta property=\"og:image:width\" content=\"1441\" \/>\n\t<meta property=\"og:image:height\" content=\"1441\" \/>\n\t<meta property=\"og:image:type\" content=\"image\/jpeg\" \/>\n<meta name=\"author\" content=\"de marco\" \/>\n<meta name=\"twitter:label1\" content=\"Napisane przez\" \/>\n\t<meta name=\"twitter:data1\" content=\"de marco\" \/>\n\t<meta name=\"twitter:label2\" content=\"Szacowany czas czytania\" \/>\n\t<meta name=\"twitter:data2\" content=\"4 minuty\" \/>\n<script type=\"application\/ld+json\" class=\"yoast-schema-graph\">{\"@context\":\"https:\\\/\\\/schema.org\",\"@graph\":[{\"@type\":\"Article\",\"@id\":\"https:\\\/\\\/www.sklep.demarco.pl\\\/blog\\\/de\\\/wie-kleidet-man-sich-zu-weihnachten-elegante-kleider-anzuge-und-damenkostume-fur-weihnachten\\\/#article\",\"isPartOf\":{\"@id\":\"https:\\\/\\\/www.sklep.demarco.pl\\\/blog\\\/de\\\/wie-kleidet-man-sich-zu-weihnachten-elegante-kleider-anzuge-und-damenkostume-fur-weihnachten\\\/\"},\"author\":{\"name\":\"de marco\",\"@id\":\"https:\\\/\\\/www.sklep.demarco.pl\\\/blog\\\/#\\\/schema\\\/person\\\/38456e8269588abfbbdda5bc04dad142\"},\"headline\":\"Wie kleidet man sich zu Weihnachten? Elegante Kleider, Anz\u00fcge und Damenkost\u00fcme f\u00fcr Weihnachten\",\"datePublished\":\"2023-10-25T11:36:12+00:00\",\"dateModified\":\"2023-11-16T09:29:35+00:00\",\"mainEntityOfPage\":{\"@id\":\"https:\\\/\\\/www.sklep.demarco.pl\\\/blog\\\/de\\\/wie-kleidet-man-sich-zu-weihnachten-elegante-kleider-anzuge-und-damenkostume-fur-weihnachten\\\/\"},\"wordCount\":375,\"image\":{\"@id\":\"https:\\\/\\\/www.sklep.demarco.pl\\\/blog\\\/de\\\/wie-kleidet-man-sich-zu-weihnachten-elegante-kleider-anzuge-und-damenkostume-fur-weihnachten\\\/#primaryimage\"},\"thumbnailUrl\":\"https:\\\/\\\/www.sklep.demarco.pl\\\/blog\\\/wp-content\\\/uploads\\\/2023\\\/10\\\/01.07.2023-Artboard13-.jpg\",\"keywords\":[\"De Marco\",\"De Marco exklusive Marke\",\"De Marco Frydrychowice\",\"De marco shop\",\"de marco-Kollektion\",\"elegante Damenbekleidung\",\"Elegante Damenkost\u00fcme mit Hosen\",\"eleganter Anzug\",\"Eleganter Online Shop f\u00fcr Damenbekleidung\",\"elegantes Damen-Set\",\"Elegantes Set mit Rock\",\"Exklusive Damenbekleidung\",\"Exklusive Damenbekleidung von polnischen Herstellern\",\"Exklusive Jacken f\u00fcr Frauen\",\"exklusive Kleider\",\"Exklusiver Anzug\",\"exklusiver Damenanzug\",\"Exklusiver Hersteller von Damenbekleidung\",\"exklusiver Rock\",\"exklusives Kleid\",\"First Lady Online Shop\",\"Jacke mit Rock\",\"Kleid f\u00fcr Weihnachten\",\"Luxus-Politurmarke\",\"modische kleider online shop\",\"Online Shop f\u00fcr Damenanz\u00fcge und Kost\u00fcme\",\"Set mit Hose\",\"Set mit Sch\u00fcrze\",\"Webshop\",\"Weihnachtsausschm\u00fcckung\",\"Weihnachtsmantel\",\"Zarna Anzug mit Rock\"],\"inLanguage\":\"pl-PL\"},{\"@type\":\"WebPage\",\"@id\":\"https:\\\/\\\/www.sklep.demarco.pl\\\/blog\\\/de\\\/wie-kleidet-man-sich-zu-weihnachten-elegante-kleider-anzuge-und-damenkostume-fur-weihnachten\\\/\",\"url\":\"https:\\\/\\\/www.sklep.demarco.pl\\\/blog\\\/de\\\/wie-kleidet-man-sich-zu-weihnachten-elegante-kleider-anzuge-und-damenkostume-fur-weihnachten\\\/\",\"name\":\"Wie kleidet man sich zu Weihnachten?\",\"isPartOf\":{\"@id\":\"https:\\\/\\\/www.sklep.demarco.pl\\\/blog\\\/#website\"},\"primaryImageOfPage\":{\"@id\":\"https:\\\/\\\/www.sklep.demarco.pl\\\/blog\\\/de\\\/wie-kleidet-man-sich-zu-weihnachten-elegante-kleider-anzuge-und-damenkostume-fur-weihnachten\\\/#primaryimage\"},\"image\":{\"@id\":\"https:\\\/\\\/www.sklep.demarco.pl\\\/blog\\\/de\\\/wie-kleidet-man-sich-zu-weihnachten-elegante-kleider-anzuge-und-damenkostume-fur-weihnachten\\\/#primaryimage\"},\"thumbnailUrl\":\"https:\\\/\\\/www.sklep.demarco.pl\\\/blog\\\/wp-content\\\/uploads\\\/2023\\\/10\\\/01.07.2023-Artboard13-.jpg\",\"datePublished\":\"2023-10-25T11:36:12+00:00\",\"dateModified\":\"2023-11-16T09:29:35+00:00\",\"author\":{\"@id\":\"https:\\\/\\\/www.sklep.demarco.pl\\\/blog\\\/#\\\/schema\\\/person\\\/38456e8269588abfbbdda5bc04dad142\"},\"description\":\"Wie kleidet man sich zu Weihnachten? De Marco elegantes Styling f\u00fcr Weihnachten Online Shop f\u00fcr Marken-Damenbekleidung.\",\"breadcrumb\":{\"@id\":\"https:\\\/\\\/www.sklep.demarco.pl\\\/blog\\\/de\\\/wie-kleidet-man-sich-zu-weihnachten-elegante-kleider-anzuge-und-damenkostume-fur-weihnachten\\\/#breadcrumb\"},\"inLanguage\":\"pl-PL\",\"potentialAction\":[{\"@type\":\"ReadAction\",\"target\":[\"https:\\\/\\\/www.sklep.demarco.pl\\\/blog\\\/de\\\/wie-kleidet-man-sich-zu-weihnachten-elegante-kleider-anzuge-und-damenkostume-fur-weihnachten\\\/\"]}]},{\"@type\":\"ImageObject\",\"inLanguage\":\"pl-PL\",\"@id\":\"https:\\\/\\\/www.sklep.demarco.pl\\\/blog\\\/de\\\/wie-kleidet-man-sich-zu-weihnachten-elegante-kleider-anzuge-und-damenkostume-fur-weihnachten\\\/#primaryimage\",\"url\":\"https:\\\/\\\/www.sklep.demarco.pl\\\/blog\\\/wp-content\\\/uploads\\\/2023\\\/10\\\/01.07.2023-Artboard13-.jpg\",\"contentUrl\":\"https:\\\/\\\/www.sklep.demarco.pl\\\/blog\\\/wp-content\\\/uploads\\\/2023\\\/10\\\/01.07.2023-Artboard13-.jpg\",\"width\":1441,\"height\":1441,\"caption\":\"Ekskluzywne nowoczesne garsonki wizytowe w kr\u00f3lewskim stylu De Marco luksusowa polska marka\"},{\"@type\":\"BreadcrumbList\",\"@id\":\"https:\\\/\\\/www.sklep.demarco.pl\\\/blog\\\/de\\\/wie-kleidet-man-sich-zu-weihnachten-elegante-kleider-anzuge-und-damenkostume-fur-weihnachten\\\/#breadcrumb\",\"itemListElement\":[{\"@type\":\"ListItem\",\"position\":1,\"name\":\"Strona g\u0142\u00f3wna\",\"item\":\"https:\\\/\\\/www.sklep.demarco.pl\\\/blog\\\/\"},{\"@type\":\"ListItem\",\"position\":2,\"name\":\"Wie kleidet man sich zu Weihnachten? Elegante Kleider, Anz\u00fcge und Damenkost\u00fcme f\u00fcr Weihnachten\"}]},{\"@type\":\"WebSite\",\"@id\":\"https:\\\/\\\/www.sklep.demarco.pl\\\/blog\\\/#website\",\"url\":\"https:\\\/\\\/www.sklep.demarco.pl\\\/blog\\\/\",\"name\":\"De Marco\",\"description\":\"The finest women&#039;s clothing manufacturer\",\"potentialAction\":[{\"@type\":\"SearchAction\",\"target\":{\"@type\":\"EntryPoint\",\"urlTemplate\":\"https:\\\/\\\/www.sklep.demarco.pl\\\/blog\\\/?s={search_term_string}\"},\"query-input\":{\"@type\":\"PropertyValueSpecification\",\"valueRequired\":true,\"valueName\":\"search_term_string\"}}],\"inLanguage\":\"pl-PL\"},{\"@type\":\"Person\",\"@id\":\"https:\\\/\\\/www.sklep.demarco.pl\\\/blog\\\/#\\\/schema\\\/person\\\/38456e8269588abfbbdda5bc04dad142\",\"name\":\"de marco\",\"image\":{\"@type\":\"ImageObject\",\"inLanguage\":\"pl-PL\",\"@id\":\"https:\\\/\\\/secure.gravatar.com\\\/avatar\\\/1d03f06a246921ea2531e9b59fe2dcd5a125b6b3339bedd531ae0d7e4bb25f99?s=96&d=mm&r=g\",\"url\":\"https:\\\/\\\/secure.gravatar.com\\\/avatar\\\/1d03f06a246921ea2531e9b59fe2dcd5a125b6b3339bedd531ae0d7e4bb25f99?s=96&d=mm&r=g\",\"contentUrl\":\"https:\\\/\\\/secure.gravatar.com\\\/avatar\\\/1d03f06a246921ea2531e9b59fe2dcd5a125b6b3339bedd531ae0d7e4bb25f99?s=96&d=mm&r=g\",\"caption\":\"de marco\"},\"url\":\"https:\\\/\\\/www.sklep.demarco.pl\\\/blog\\\/author\\\/de-marco\\\/\"}]}<\/script>\n<!-- \/ Yoast SEO plugin. -->","yoast_head_json":{"title":"Wie kleidet man sich zu Weihnachten?","description":"Wie kleidet man sich zu Weihnachten? De Marco elegantes Styling f\u00fcr Weihnachten Online Shop f\u00fcr Marken-Damenbekleidung.","robots":{"index":"index","follow":"follow","max-snippet":"max-snippet:-1","max-image-preview":"max-image-preview:large","max-video-preview":"max-video-preview:-1"},"canonical":"https:\/\/www.sklep.demarco.pl\/blog\/de\/wie-kleidet-man-sich-zu-weihnachten-elegante-kleider-anzuge-und-damenkostume-fur-weihnachten\/","og_locale":"pl_PL","og_type":"article","og_title":"Wie kleidet man sich zu Weihnachten?","og_description":"Wie kleidet man sich zu Weihnachten? De Marco elegantes Styling f\u00fcr Weihnachten Online Shop f\u00fcr Marken-Damenbekleidung.","og_url":"https:\/\/www.sklep.demarco.pl\/blog\/de\/wie-kleidet-man-sich-zu-weihnachten-elegante-kleider-anzuge-und-damenkostume-fur-weihnachten\/","og_site_name":"De Marco","article_publisher":"https:\/\/www.facebook.com\/DeMarco.Styl","article_published_time":"2023-10-25T11:36:12+00:00","article_modified_time":"2023-11-16T09:29:35+00:00","og_image":[{"width":1441,"height":1441,"url":"https:\/\/www.sklep.demarco.pl\/blog\/wp-content\/uploads\/2023\/10\/01.07.2023-Artboard13-.jpg","type":"image\/jpeg"}],"author":"de marco","twitter_misc":{"Napisane przez":"de marco","Szacowany czas czytania":"4 minuty"},"schema":{"@context":"https:\/\/schema.org","@graph":[{"@type":"Article","@id":"https:\/\/www.sklep.demarco.pl\/blog\/de\/wie-kleidet-man-sich-zu-weihnachten-elegante-kleider-anzuge-und-damenkostume-fur-weihnachten\/#article","isPartOf":{"@id":"https:\/\/www.sklep.demarco.pl\/blog\/de\/wie-kleidet-man-sich-zu-weihnachten-elegante-kleider-anzuge-und-damenkostume-fur-weihnachten\/"},"author":{"name":"de marco","@id":"https:\/\/www.sklep.demarco.pl\/blog\/#\/schema\/person\/38456e8269588abfbbdda5bc04dad142"},"headline":"Wie kleidet man sich zu Weihnachten? Elegante Kleider, Anz\u00fcge und Damenkost\u00fcme f\u00fcr Weihnachten","datePublished":"2023-10-25T11:36:12+00:00","dateModified":"2023-11-16T09:29:35+00:00","mainEntityOfPage":{"@id":"https:\/\/www.sklep.demarco.pl\/blog\/de\/wie-kleidet-man-sich-zu-weihnachten-elegante-kleider-anzuge-und-damenkostume-fur-weihnachten\/"},"wordCount":375,"image":{"@id":"https:\/\/www.sklep.demarco.pl\/blog\/de\/wie-kleidet-man-sich-zu-weihnachten-elegante-kleider-anzuge-und-damenkostume-fur-weihnachten\/#primaryimage"},"thumbnailUrl":"https:\/\/www.sklep.demarco.pl\/blog\/wp-content\/uploads\/2023\/10\/01.07.2023-Artboard13-.jpg","keywords":["De Marco","De Marco exklusive Marke","De Marco Frydrychowice","De marco shop","de marco-Kollektion","elegante Damenbekleidung","Elegante Damenkost\u00fcme mit Hosen","eleganter Anzug","Eleganter Online Shop f\u00fcr Damenbekleidung","elegantes Damen-Set","Elegantes Set mit Rock","Exklusive Damenbekleidung","Exklusive Damenbekleidung von polnischen Herstellern","Exklusive Jacken f\u00fcr Frauen","exklusive Kleider","Exklusiver Anzug","exklusiver Damenanzug","Exklusiver Hersteller von Damenbekleidung","exklusiver Rock","exklusives Kleid","First Lady Online Shop","Jacke mit Rock","Kleid f\u00fcr Weihnachten","Luxus-Politurmarke","modische kleider online shop","Online Shop f\u00fcr Damenanz\u00fcge und Kost\u00fcme","Set mit Hose","Set mit Sch\u00fcrze","Webshop","Weihnachtsausschm\u00fcckung","Weihnachtsmantel","Zarna Anzug mit Rock"],"inLanguage":"pl-PL"},{"@type":"WebPage","@id":"https:\/\/www.sklep.demarco.pl\/blog\/de\/wie-kleidet-man-sich-zu-weihnachten-elegante-kleider-anzuge-und-damenkostume-fur-weihnachten\/","url":"https:\/\/www.sklep.demarco.pl\/blog\/de\/wie-kleidet-man-sich-zu-weihnachten-elegante-kleider-anzuge-und-damenkostume-fur-weihnachten\/","name":"Wie kleidet man sich zu Weihnachten?","isPartOf":{"@id":"https:\/\/www.sklep.demarco.pl\/blog\/#website"},"primaryImageOfPage":{"@id":"https:\/\/www.sklep.demarco.pl\/blog\/de\/wie-kleidet-man-sich-zu-weihnachten-elegante-kleider-anzuge-und-damenkostume-fur-weihnachten\/#primaryimage"},"image":{"@id":"https:\/\/www.sklep.demarco.pl\/blog\/de\/wie-kleidet-man-sich-zu-weihnachten-elegante-kleider-anzuge-und-damenkostume-fur-weihnachten\/#primaryimage"},"thumbnailUrl":"https:\/\/www.sklep.demarco.pl\/blog\/wp-content\/uploads\/2023\/10\/01.07.2023-Artboard13-.jpg","datePublished":"2023-10-25T11:36:12+00:00","dateModified":"2023-11-16T09:29:35+00:00","author":{"@id":"https:\/\/www.sklep.demarco.pl\/blog\/#\/schema\/person\/38456e8269588abfbbdda5bc04dad142"},"description":"Wie kleidet man sich zu Weihnachten? De Marco elegantes Styling f\u00fcr Weihnachten Online Shop f\u00fcr Marken-Damenbekleidung.","breadcrumb":{"@id":"https:\/\/www.sklep.demarco.pl\/blog\/de\/wie-kleidet-man-sich-zu-weihnachten-elegante-kleider-anzuge-und-damenkostume-fur-weihnachten\/#breadcrumb"},"inLanguage":"pl-PL","potentialAction":[{"@type":"ReadAction","target":["https:\/\/www.sklep.demarco.pl\/blog\/de\/wie-kleidet-man-sich-zu-weihnachten-elegante-kleider-anzuge-und-damenkostume-fur-weihnachten\/"]}]},{"@type":"ImageObject","inLanguage":"pl-PL","@id":"https:\/\/www.sklep.demarco.pl\/blog\/de\/wie-kleidet-man-sich-zu-weihnachten-elegante-kleider-anzuge-und-damenkostume-fur-weihnachten\/#primaryimage","url":"https:\/\/www.sklep.demarco.pl\/blog\/wp-content\/uploads\/2023\/10\/01.07.2023-Artboard13-.jpg","contentUrl":"https:\/\/www.sklep.demarco.pl\/blog\/wp-content\/uploads\/2023\/10\/01.07.2023-Artboard13-.jpg","width":1441,"height":1441,"caption":"Ekskluzywne nowoczesne garsonki wizytowe w kr\u00f3lewskim stylu De Marco luksusowa polska marka"},{"@type":"BreadcrumbList","@id":"https:\/\/www.sklep.demarco.pl\/blog\/de\/wie-kleidet-man-sich-zu-weihnachten-elegante-kleider-anzuge-und-damenkostume-fur-weihnachten\/#breadcrumb","itemListElement":[{"@type":"ListItem","position":1,"name":"Strona g\u0142\u00f3wna","item":"https:\/\/www.sklep.demarco.pl\/blog\/"},{"@type":"ListItem","position":2,"name":"Wie kleidet man sich zu Weihnachten? Elegante Kleider, Anz\u00fcge und Damenkost\u00fcme f\u00fcr Weihnachten"}]},{"@type":"WebSite","@id":"https:\/\/www.sklep.demarco.pl\/blog\/#website","url":"https:\/\/www.sklep.demarco.pl\/blog\/","name":"De Marco","description":"The finest women&#039;s clothing manufacturer","potentialAction":[{"@type":"SearchAction","target":{"@type":"EntryPoint","urlTemplate":"https:\/\/www.sklep.demarco.pl\/blog\/?s={search_term_string}"},"query-input":{"@type":"PropertyValueSpecification","valueRequired":true,"valueName":"search_term_string"}}],"inLanguage":"pl-PL"},{"@type":"Person","@id":"https:\/\/www.sklep.demarco.pl\/blog\/#\/schema\/person\/38456e8269588abfbbdda5bc04dad142","name":"de marco","image":{"@type":"ImageObject","inLanguage":"pl-PL","@id":"https:\/\/secure.gravatar.com\/avatar\/1d03f06a246921ea2531e9b59fe2dcd5a125b6b3339bedd531ae0d7e4bb25f99?s=96&d=mm&r=g","url":"https:\/\/secure.gravatar.com\/avatar\/1d03f06a246921ea2531e9b59fe2dcd5a125b6b3339bedd531ae0d7e4bb25f99?s=96&d=mm&r=g","contentUrl":"https:\/\/secure.gravatar.com\/avatar\/1d03f06a246921ea2531e9b59fe2dcd5a125b6b3339bedd531ae0d7e4bb25f99?s=96&d=mm&r=g","caption":"de marco"},"url":"https:\/\/www.sklep.demarco.pl\/blog\/author\/de-marco\/"}]}},"builder_content":"","_links":{"self":[{"href":"https:\/\/www.sklep.demarco.pl\/blog\/wp-json\/wp\/v2\/posts\/15518","targetHints":{"allow":["GET"]}}],"collection":[{"href":"https:\/\/www.sklep.demarco.pl\/blog\/wp-json\/wp\/v2\/posts"}],"about":[{"href":"https:\/\/www.sklep.demarco.pl\/blog\/wp-json\/wp\/v2\/types\/post"}],"author":[{"embeddable":true,"href":"https:\/\/www.sklep.demarco.pl\/blog\/wp-json\/wp\/v2\/users\/1"}],"replies":[{"embeddable":true,"href":"https:\/\/www.sklep.demarco.pl\/blog\/wp-json\/wp\/v2\/comments?post=15518"}],"version-history":[{"count":1,"href":"https:\/\/www.sklep.demarco.pl\/blog\/wp-json\/wp\/v2\/posts\/15518\/revisions"}],"predecessor-version":[{"id":15519,"href":"https:\/\/www.sklep.demarco.pl\/blog\/wp-json\/wp\/v2\/posts\/15518\/revisions\/15519"}],"wp:featuredmedia":[{"embeddable":true,"href":"https:\/\/www.sklep.demarco.pl\/blog\/wp-json\/wp\/v2\/media\/15211"}],"wp:attachment":[{"href":"https:\/\/www.sklep.demarco.pl\/blog\/wp-json\/wp\/v2\/media?parent=15518"}],"wp:term":[{"taxonomy":"category","embeddable":true,"href":"https:\/\/www.sklep.demarco.pl\/blog\/wp-json\/wp\/v2\/categories?post=15518"},{"taxonomy":"post_tag","embeddable":true,"href":"https:\/\/www.sklep.demarco.pl\/blog\/wp-json\/wp\/v2\/tags?post=15518"}],"curies":[{"name":"wp","href":"https:\/\/api.w.org\/{rel}","templated":true}]}}